{"id":976,"date":"2016-06-29T15:53:01","date_gmt":"2016-06-29T13:53:01","guid":{"rendered":"https:\/\/stefanierothfotografie.de\/blog\/?p=976"},"modified":"2018-05-24T11:10:54","modified_gmt":"2018-05-24T09:10:54","slug":"hochzeitsfotograf-zuerich","status":"publish","type":"post","link":"https:\/\/stefanierothfotografie.de\/blog\/hochzeitsfotograf-zuerich\/","title":{"rendered":"Loveshoot Patricia &#038; Aleks \u2013 Hochzeitsfotograf Z\u00fcrich"},"content":{"rendered":"<p><a class=\"img\" href=\"https:\/\/stefanierothfotografie.de\/blog\/wp-content\/uploads\/2016\/06\/hochzeitsfotograf-zuerich-schweiz_001.jpg\" title=\"Hochzeitsfotograf Zuerich Schweiz 001\"><img loading=\"lazy\" decoding=\"async\" class=\"aligncenter size-full wp-image-1067\" src=\"https:\/\/stefanierothfotografie.de\/blog\/wp-content\/uploads\/2016\/06\/hochzeitsfotograf-zuerich-schweiz_001.jpg\" title=\"Hochzeitsfotograf Zuerich Schweiz 001\" alt=\"hochzeitsfotograf-zuerich-schweiz_001\" width=\"1024\" height=\"684\" srcset=\"https:\/\/stefanierothfotografie.de\/blog\/wp-content\/uploads\/2016\/06\/hochzeitsfotograf-zuerich-schweiz_001.jpg 1024w, https:\/\/stefanierothfotografie.de\/blog\/wp-content\/uploads\/2016\/06\/hochzeitsfotograf-zuerich-schweiz_001-300x200.jpg 300w, https:\/\/stefanierothfotografie.de\/blog\/wp-content\/uploads\/2016\/06\/hochzeitsfotograf-zuerich-schweiz_001-768x513.jpg 768w\" sizes=\"auto, (max-width: 1024px) 100vw, 1024px\" \/><\/a><\/p>\n<h2>Ein sch\u00f6ner Moment.<\/h2>\n<p>Ich stehe auf der M\u00fcnsterbr\u00fccke und sehe zu, wie das Wasser der Limmat leichte kleine feine Wellen schl\u00e4gt. Boote, die im Wasser liegen sind mit blauen oder wei\u00dfen Planen bedeckt und tanzen sacht in der windigen Brise. Hin und wieder f\u00e4llt die Sonne durch den bedeckten Himmel und schenkt Momente der W\u00e4rme. Als Hochzeitsfotograf in Z\u00fcrich, in einer so sch\u00f6nen Stadt \u2013 das f\u00fchlt sich gut an.<\/p>\n<p>Morgen ist es soweit, ich begleite ein wunderbares Paar an ihrem Traumtag in dieser mit knapp 400.000 Einwohnern gr\u00f6\u00dften Stadt der Schweiz. Meine Vorfreude ist riesig. Eine zauberhafte historische Altstadt. Wunderbare Br\u00fccken \u00fcber dem Fluss. Ein gl\u00fcckliches Brautpaar in einer h\u00fcbschen Kutsche, welches l\u00e4chelnd ihrem vollkommenen Gl\u00fcck entgegen f\u00e4hrt \u2013 ich liebe es einfach.<\/p>\n<h3 style=\"text-align: center;\">Das ist das Angenehme auf Reisen, dass auch<br \/>\ndas Gew\u00f6hnliche durch Neuheit und \u00dcberraschung<br \/>\ndas Ansehen eines Abenteuers gewinnt,<em><br \/>\n<\/em><em><strong>sagte einst<\/strong> <\/em>Goethe<\/h3>\n<p>Wie sch\u00f6n es ist, die Welt zu sehen. Z\u00fcrich ist neu f\u00fcr mich und voller Eindr\u00fccke und Inspirationen. In jedem Winkel der gl\u00e4nzenden Stadt am Fluss sehe ich schon das n\u00e4chste Foto; verfolge das Licht, welches immer wieder begeisternde Schatten auf das Kopfsteinpflaster zaubert. Dort sitzt ein junger Mann auf einer Bank und liest, scheint die Welt vergessen zu haben. Zwei Frauen im Caf\u00e9 lassen ihre Gl\u00e4ser klingen. Vielleicht gibt es etwas zu feiern? Es ist schon Abend, bald wird es dunkel, doch genau jetzt zeigt sich hier alles von einer \u00e4u\u00dferst charmanten Seite.<\/p>\n<p>Auf der \u00e4ltesten Br\u00fccke der Stadt warte ich auf ein wunderbares Paar. <a href=\"https:\/\/www.instagram.com\/patriciadaniela_\/\" title=\"Patricia\">Patricia<\/a> und <a href=\"https:\/\/www.instagram.com\/perpetually.beardy\/\" title=\"Aleks\">Aleks<\/a>. Zwei herzliche Schweizer, mit mir f\u00fcr ein Loveshoot in der Altstadt verabredet. Als Hochzeitsfotograf in Z\u00fcrich freue ich mich ganz besonders auf dieses Kennenlernen, welches ab dem ersten Moment so sympathisch ist, dass ich es gar nicht abwarten kann f\u00fcr das erste Foto abzudr\u00fccken.<\/p>\n<p>&nbsp;<\/p>\n<h2>Eine junge Liebe.<\/h2>\n<p>So zart und kreativ. Einfach berauschend und ehrlich. Wir laufen gemeinsam durch die Gassen, bleiben stehen, reden und fotografieren. Schon in diesem Moment freue ich mich darauf, jedes einzelne Bild zu sichten und mich immer wieder \u00fcber die kleinen Augenblicke zu freuen, die das erfrischende Gl\u00fcck von Patricia und Aleks widerspiegeln.<\/p>\n<p>Danke Euch Beiden, es war fantastisch Euch kennengelernt und vor der Kamera gehabt zu haben.<br \/>\nM\u00e4rssi, <a href=\"https:\/\/www.instagram.com\/patriciadaniela_\/\" title=\"Patricia\">Patricia<\/a> &amp; <a href=\"https:\/\/www.instagram.com\/perpetually.beardy\/\" title=\"Aleks\">Aleks<\/a>, bis glii!<\/p>\n<p><a class=\"img\" href=\"https:\/\/stefanierothfotografie.de\/blog\/wp-content\/uploads\/2016\/06\/01.jpg\" title=\"\n\"><br \/>\n<\/a><a class=\"img\" href=\"https:\/\/stefanierothfotografie.de\/blog\/wp-content\/uploads\/2016\/06\/hochzeitsfotograf-zuerich-schweiz_002.jpg\" title=\"Hochzeitsfotograf Zuerich Schweiz 002\"><img loading=\"lazy\" decoding=\"async\" class=\"aligncenter size-full wp-image-1068\" src=\"https:\/\/stefanierothfotografie.de\/blog\/wp-content\/uploads\/2016\/06\/hochzeitsfotograf-zuerich-schweiz_002.jpg\" title=\"Hochzeitsfotograf Zuerich Schweiz 002\" alt=\"hochzeitsfotograf-zuerich-schweiz_002\" width=\"1024\" height=\"684\" srcset=\"https:\/\/stefanierothfotografie.de\/blog\/wp-content\/uploads\/2016\/06\/hochzeitsfotograf-zuerich-schweiz_002.jpg 1024w, https:\/\/stefanierothfotografie.de\/blog\/wp-content\/uploads\/2016\/06\/hochzeitsfotograf-zuerich-schweiz_002-300x200.jpg 300w, https:\/\/stefanierothfotografie.de\/blog\/wp-content\/uploads\/2016\/06\/hochzeitsfotograf-zuerich-schweiz_002-768x513.jpg 768w\" sizes=\"auto, (max-width: 1024px) 100vw, 1024px\" \/><\/a> <a class=\"img\" href=\"https:\/\/stefanierothfotografie.de\/blog\/wp-content\/uploads\/2016\/06\/hochzeitsfotograf-zuerich-schweiz_003.jpg\" title=\"Hochzeitsfotograf Zuerich Schweiz 003\"><img loading=\"lazy\" decoding=\"async\" class=\"aligncenter size-full wp-image-1069\" src=\"https:\/\/stefanierothfotografie.de\/blog\/wp-content\/uploads\/2016\/06\/hochzeitsfotograf-zuerich-schweiz_003.jpg\" title=\"Hochzeitsfotograf Zuerich Schweiz 003\" alt=\"hochzeitsfotograf-zuerich-schweiz_003\" width=\"1024\" height=\"684\" srcset=\"https:\/\/stefanierothfotografie.de\/blog\/wp-content\/uploads\/2016\/06\/hochzeitsfotograf-zuerich-schweiz_003.jpg 1024w, https:\/\/stefanierothfotografie.de\/blog\/wp-content\/uploads\/2016\/06\/hochzeitsfotograf-zuerich-schweiz_003-300x200.jpg 300w, https:\/\/stefanierothfotografie.de\/blog\/wp-content\/uploads\/2016\/06\/hochzeitsfotograf-zuerich-schweiz_003-768x513.jpg 768w\" sizes=\"auto, (max-width: 1024px) 100vw, 1024px\" \/><\/a> <a class=\"img\" href=\"https:\/\/stefanierothfotografie.de\/blog\/wp-content\/uploads\/2016\/06\/hochzeitsfotograf-zuerich-schweiz_004.jpg\" title=\"Hochzeitsfotograf Zuerich Schweiz 004\"><img loading=\"lazy\" decoding=\"async\" class=\"aligncenter size-full wp-image-1070\" src=\"https:\/\/stefanierothfotografie.de\/blog\/wp-content\/uploads\/2016\/06\/hochzeitsfotograf-zuerich-schweiz_004.jpg\" title=\"Hochzeitsfotograf Zuerich Schweiz 004\" alt=\"hochzeitsfotograf-zuerich-schweiz_004\" width=\"1024\" height=\"1535\" srcset=\"https:\/\/stefanierothfotografie.de\/blog\/wp-content\/uploads\/2016\/06\/hochzeitsfotograf-zuerich-schweiz_004.jpg 1024w, https:\/\/stefanierothfotografie.de\/blog\/wp-content\/uploads\/2016\/06\/hochzeitsfotograf-zuerich-schweiz_004-200x300.jpg 200w, https:\/\/stefanierothfotografie.de\/blog\/wp-content\/uploads\/2016\/06\/hochzeitsfotograf-zuerich-schweiz_004-768x1151.jpg 768w, https:\/\/stefanierothfotografie.de\/blog\/wp-content\/uploads\/2016\/06\/hochzeitsfotograf-zuerich-schweiz_004-683x1024.jpg 683w\" sizes=\"auto, (max-width: 1024px) 100vw, 1024px\" \/><\/a> <a class=\"img\" href=\"https:\/\/stefanierothfotografie.de\/blog\/wp-content\/uploads\/2016\/06\/hochzeitsfotograf-zuerich-schweiz_005.jpg\" title=\"Hochzeitsfotograf Zuerich Schweiz 005\"><img loading=\"lazy\" decoding=\"async\" class=\"aligncenter size-full wp-image-1071\" src=\"https:\/\/stefanierothfotografie.de\/blog\/wp-content\/uploads\/2016\/06\/hochzeitsfotograf-zuerich-schweiz_005.jpg\" title=\"Hochzeitsfotograf Zuerich Schweiz 005\" alt=\"hochzeitsfotograf-zuerich-schweiz_005\" width=\"1024\" height=\"767\" srcset=\"https:\/\/stefanierothfotografie.de\/blog\/wp-content\/uploads\/2016\/06\/hochzeitsfotograf-zuerich-schweiz_005.jpg 1024w, https:\/\/stefanierothfotografie.de\/blog\/wp-content\/uploads\/2016\/06\/hochzeitsfotograf-zuerich-schweiz_005-300x225.jpg 300w, https:\/\/stefanierothfotografie.de\/blog\/wp-content\/uploads\/2016\/06\/hochzeitsfotograf-zuerich-schweiz_005-768x575.jpg 768w\" sizes=\"auto, (max-width: 1024px) 100vw, 1024px\" \/><\/a> <a class=\"img\" href=\"https:\/\/stefanierothfotografie.de\/blog\/wp-content\/uploads\/2016\/06\/hochzeitsfotograf-zuerich-schweiz_006.jpg\" title=\"Hochzeitsfotograf Zuerich Schweiz 006\"><img loading=\"lazy\" decoding=\"async\" class=\"aligncenter size-full wp-image-1072\" src=\"https:\/\/stefanierothfotografie.de\/blog\/wp-content\/uploads\/2016\/06\/hochzeitsfotograf-zuerich-schweiz_006.jpg\" title=\"Hochzeitsfotograf Zuerich Schweiz 006\" alt=\"hochzeitsfotograf-zuerich-schweiz_006\" width=\"1024\" height=\"684\" srcset=\"https:\/\/stefanierothfotografie.de\/blog\/wp-content\/uploads\/2016\/06\/hochzeitsfotograf-zuerich-schweiz_006.jpg 1024w, https:\/\/stefanierothfotografie.de\/blog\/wp-content\/uploads\/2016\/06\/hochzeitsfotograf-zuerich-schweiz_006-300x200.jpg 300w, https:\/\/stefanierothfotografie.de\/blog\/wp-content\/uploads\/2016\/06\/hochzeitsfotograf-zuerich-schweiz_006-768x513.jpg 768w\" sizes=\"auto, (max-width: 1024px) 100vw, 1024px\" \/><\/a> <a class=\"img\" href=\"https:\/\/stefanierothfotografie.de\/blog\/wp-content\/uploads\/2016\/06\/hochzeitsfotograf-zuerich-schweiz_007.jpg\" title=\"Hochzeitsfotograf Zuerich Schweiz 007\"><img loading=\"lazy\" decoding=\"async\" class=\"aligncenter size-full wp-image-1073\" src=\"https:\/\/stefanierothfotografie.de\/blog\/wp-content\/uploads\/2016\/06\/hochzeitsfotograf-zuerich-schweiz_007.jpg\" title=\"Hochzeitsfotograf Zuerich Schweiz 007\" alt=\"hochzeitsfotograf-zuerich-schweiz_007\" width=\"1024\" height=\"684\" srcset=\"https:\/\/stefanierothfotografie.de\/blog\/wp-content\/uploads\/2016\/06\/hochzeitsfotograf-zuerich-schweiz_007.jpg 1024w, https:\/\/stefanierothfotografie.de\/blog\/wp-content\/uploads\/2016\/06\/hochzeitsfotograf-zuerich-schweiz_007-300x200.jpg 300w, https:\/\/stefanierothfotografie.de\/blog\/wp-content\/uploads\/2016\/06\/hochzeitsfotograf-zuerich-schweiz_007-768x513.jpg 768w\" sizes=\"auto, (max-width: 1024px) 100vw, 1024px\" \/><\/a> <a class=\"img\" href=\"https:\/\/stefanierothfotografie.de\/blog\/wp-content\/uploads\/2016\/06\/hochzeitsfotograf-zuerich-schweiz_009.jpg\" title=\"Hochzeitsfotograf Zuerich Schweiz 009\"><img loading=\"lazy\" decoding=\"async\" class=\"aligncenter size-full wp-image-1074\" src=\"https:\/\/stefanierothfotografie.de\/blog\/wp-content\/uploads\/2016\/06\/hochzeitsfotograf-zuerich-schweiz_009.jpg\" title=\"Hochzeitsfotograf Zuerich Schweiz 009\" alt=\"hochzeitsfotograf-zuerich-schweiz_009\" width=\"1024\" height=\"1535\" srcset=\"https:\/\/stefanierothfotografie.de\/blog\/wp-content\/uploads\/2016\/06\/hochzeitsfotograf-zuerich-schweiz_009.jpg 1024w, https:\/\/stefanierothfotografie.de\/blog\/wp-content\/uploads\/2016\/06\/hochzeitsfotograf-zuerich-schweiz_009-200x300.jpg 200w, https:\/\/stefanierothfotografie.de\/blog\/wp-content\/uploads\/2016\/06\/hochzeitsfotograf-zuerich-schweiz_009-768x1151.jpg 768w, https:\/\/stefanierothfotografie.de\/blog\/wp-content\/uploads\/2016\/06\/hochzeitsfotograf-zuerich-schweiz_009-683x1024.jpg 683w\" sizes=\"auto, (max-width: 1024px) 100vw, 1024px\" \/><\/a> <a class=\"img\" href=\"https:\/\/stefanierothfotografie.de\/blog\/wp-content\/uploads\/2016\/06\/hochzeitsfotograf-zuerich-schweiz_010.jpg\" title=\"Hochzeitsfotograf Zuerich Schweiz 010\"><img loading=\"lazy\" decoding=\"async\" class=\"aligncenter size-full wp-image-1075\" src=\"https:\/\/stefanierothfotografie.de\/blog\/wp-content\/uploads\/2016\/06\/hochzeitsfotograf-zuerich-schweiz_010.jpg\" title=\"Hochzeitsfotograf Zuerich Schweiz 010\" alt=\"hochzeitsfotograf-zuerich-schweiz_010\" width=\"1024\" height=\"684\" srcset=\"https:\/\/stefanierothfotografie.de\/blog\/wp-content\/uploads\/2016\/06\/hochzeitsfotograf-zuerich-schweiz_010.jpg 1024w, https:\/\/stefanierothfotografie.de\/blog\/wp-content\/uploads\/2016\/06\/hochzeitsfotograf-zuerich-schweiz_010-300x200.jpg 300w, https:\/\/stefanierothfotografie.de\/blog\/wp-content\/uploads\/2016\/06\/hochzeitsfotograf-zuerich-schweiz_010-768x513.jpg 768w\" sizes=\"auto, (max-width: 1024px) 100vw, 1024px\" \/><\/a> <a class=\"img\" href=\"https:\/\/stefanierothfotografie.de\/blog\/wp-content\/uploads\/2016\/06\/hochzeitsfotograf-zuerich-schweiz_011.jpg\" title=\"Hochzeitsfotograf Zuerich Schweiz 011\"><img loading=\"lazy\" decoding=\"async\" class=\"aligncenter size-full wp-image-1076\" src=\"https:\/\/stefanierothfotografie.de\/blog\/wp-content\/uploads\/2016\/06\/hochzeitsfotograf-zuerich-schweiz_011.jpg\" title=\"Hochzeitsfotograf Zuerich Schweiz 011\" alt=\"hochzeitsfotograf-zuerich-schweiz_011\" width=\"1024\" height=\"767\" srcset=\"https:\/\/stefanierothfotografie.de\/blog\/wp-content\/uploads\/2016\/06\/hochzeitsfotograf-zuerich-schweiz_011.jpg 1024w, https:\/\/stefanierothfotografie.de\/blog\/wp-content\/uploads\/2016\/06\/hochzeitsfotograf-zuerich-schweiz_011-300x225.jpg 300w, https:\/\/stefanierothfotografie.de\/blog\/wp-content\/uploads\/2016\/06\/hochzeitsfotograf-zuerich-schweiz_011-768x575.jpg 768w\" sizes=\"auto, (max-width: 1024px) 100vw, 1024px\" \/><\/a> <a class=\"img\" href=\"https:\/\/stefanierothfotografie.de\/blog\/wp-content\/uploads\/2016\/06\/hochzeitsfotograf-zuerich-schweiz_012.jpg\" title=\"Hochzeitsfotograf Zuerich Schweiz 012\"><img loading=\"lazy\" decoding=\"async\" class=\"aligncenter size-full wp-image-1077\" src=\"https:\/\/stefanierothfotografie.de\/blog\/wp-content\/uploads\/2016\/06\/hochzeitsfotograf-zuerich-schweiz_012.jpg\" title=\"Hochzeitsfotograf Zuerich Schweiz 012\" alt=\"hochzeitsfotograf-zuerich-schweiz_012\" width=\"1024\" height=\"1535\" srcset=\"https:\/\/stefanierothfotografie.de\/blog\/wp-content\/uploads\/2016\/06\/hochzeitsfotograf-zuerich-schweiz_012.jpg 1024w, https:\/\/stefanierothfotografie.de\/blog\/wp-content\/uploads\/2016\/06\/hochzeitsfotograf-zuerich-schweiz_012-200x300.jpg 200w, https:\/\/stefanierothfotografie.de\/blog\/wp-content\/uploads\/2016\/06\/hochzeitsfotograf-zuerich-schweiz_012-768x1151.jpg 768w, https:\/\/stefanierothfotografie.de\/blog\/wp-content\/uploads\/2016\/06\/hochzeitsfotograf-zuerich-schweiz_012-683x1024.jpg 683w\" sizes=\"auto, (max-width: 1024px) 100vw, 1024px\" \/><\/a> <a class=\"img\" href=\"https:\/\/stefanierothfotografie.de\/blog\/wp-content\/uploads\/2016\/06\/hochzeitsfotograf-zuerich-schweiz_013.jpg\" title=\"Hochzeitsfotograf Zuerich Schweiz 013\"><img loading=\"lazy\" decoding=\"async\" class=\"aligncenter size-full wp-image-1078\" src=\"https:\/\/stefanierothfotografie.de\/blog\/wp-content\/uploads\/2016\/06\/hochzeitsfotograf-zuerich-schweiz_013.jpg\" title=\"Hochzeitsfotograf Zuerich Schweiz 013\" alt=\"hochzeitsfotograf-zuerich-schweiz_013\" width=\"1024\" height=\"767\" srcset=\"https:\/\/stefanierothfotografie.de\/blog\/wp-content\/uploads\/2016\/06\/hochzeitsfotograf-zuerich-schweiz_013.jpg 1024w, https:\/\/stefanierothfotografie.de\/blog\/wp-content\/uploads\/2016\/06\/hochzeitsfotograf-zuerich-schweiz_013-300x225.jpg 300w, https:\/\/stefanierothfotografie.de\/blog\/wp-content\/uploads\/2016\/06\/hochzeitsfotograf-zuerich-schweiz_013-768x575.jpg 768w\" sizes=\"auto, (max-width: 1024px) 100vw, 1024px\" \/><\/a> <a class=\"img\" href=\"https:\/\/stefanierothfotografie.de\/blog\/wp-content\/uploads\/2016\/06\/hochzeitsfotograf-zuerich-schweiz_014.jpg\" title=\"Hochzeitsfotograf Zuerich Schweiz 014\"><img loading=\"lazy\" decoding=\"async\" class=\"aligncenter size-full wp-image-1079\" src=\"https:\/\/stefanierothfotografie.de\/blog\/wp-content\/uploads\/2016\/06\/hochzeitsfotograf-zuerich-schweiz_014.jpg\" title=\"Hochzeitsfotograf Zuerich Schweiz 014\" alt=\"hochzeitsfotograf-zuerich-schweiz_014\" width=\"1024\" height=\"684\" srcset=\"https:\/\/stefanierothfotografie.de\/blog\/wp-content\/uploads\/2016\/06\/hochzeitsfotograf-zuerich-schweiz_014.jpg 1024w, https:\/\/stefanierothfotografie.de\/blog\/wp-content\/uploads\/2016\/06\/hochzeitsfotograf-zuerich-schweiz_014-300x200.jpg 300w, https:\/\/stefanierothfotografie.de\/blog\/wp-content\/uploads\/2016\/06\/hochzeitsfotograf-zuerich-schweiz_014-768x513.jpg 768w\" sizes=\"auto, (max-width: 1024px) 100vw, 1024px\" \/><\/a> <a class=\"img\" href=\"https:\/\/stefanierothfotografie.de\/blog\/wp-content\/uploads\/2016\/06\/hochzeitsfotograf-zuerich-schweiz_015.jpg\" title=\"Hochzeitsfotograf Zuerich Schweiz 015\"><img loading=\"lazy\" decoding=\"async\" class=\"aligncenter size-full wp-image-1080\" src=\"https:\/\/stefanierothfotografie.de\/blog\/wp-content\/uploads\/2016\/06\/hochzeitsfotograf-zuerich-schweiz_015.jpg\" title=\"Hochzeitsfotograf Zuerich Schweiz 015\" alt=\"hochzeitsfotograf-zuerich-schweiz_015\" width=\"1024\" height=\"684\" srcset=\"https:\/\/stefanierothfotografie.de\/blog\/wp-content\/uploads\/2016\/06\/hochzeitsfotograf-zuerich-schweiz_015.jpg 1024w, https:\/\/stefanierothfotografie.de\/blog\/wp-content\/uploads\/2016\/06\/hochzeitsfotograf-zuerich-schweiz_015-300x200.jpg 300w, https:\/\/stefanierothfotografie.de\/blog\/wp-content\/uploads\/2016\/06\/hochzeitsfotograf-zuerich-schweiz_015-768x513.jpg 768w\" sizes=\"auto, (max-width: 1024px) 100vw, 1024px\" \/><\/a> <a class=\"img\" href=\"https:\/\/stefanierothfotografie.de\/blog\/wp-content\/uploads\/2016\/06\/hochzeitsfotograf-zuerich-schweiz_016.jpg\" title=\"Hochzeitsfotograf Zuerich Schweiz 016\"><img loading=\"lazy\" decoding=\"async\" class=\"aligncenter size-full wp-image-1081\" src=\"https:\/\/stefanierothfotografie.de\/blog\/wp-content\/uploads\/2016\/06\/hochzeitsfotograf-zuerich-schweiz_016.jpg\" title=\"Hochzeitsfotograf Zuerich Schweiz 016\" alt=\"hochzeitsfotograf-zuerich-schweiz_016\" width=\"1024\" height=\"684\" srcset=\"https:\/\/stefanierothfotografie.de\/blog\/wp-content\/uploads\/2016\/06\/hochzeitsfotograf-zuerich-schweiz_016.jpg 1024w, https:\/\/stefanierothfotografie.de\/blog\/wp-content\/uploads\/2016\/06\/hochzeitsfotograf-zuerich-schweiz_016-300x200.jpg 300w, https:\/\/stefanierothfotografie.de\/blog\/wp-content\/uploads\/2016\/06\/hochzeitsfotograf-zuerich-schweiz_016-768x513.jpg 768w\" sizes=\"auto, (max-width: 1024px) 100vw, 1024px\" \/><\/a> <a class=\"img\" href=\"https:\/\/stefanierothfotografie.de\/blog\/wp-content\/uploads\/2016\/06\/hochzeitsfotograf-zuerich-schweiz_017.jpg\" title=\"Hochzeitsfotograf Zuerich Schweiz 017\"><img loading=\"lazy\" decoding=\"async\" class=\"aligncenter size-full wp-image-1082\" src=\"https:\/\/stefanierothfotografie.de\/blog\/wp-content\/uploads\/2016\/06\/hochzeitsfotograf-zuerich-schweiz_017.jpg\" title=\"Hochzeitsfotograf Zuerich Schweiz 017\" alt=\"hochzeitsfotograf-zuerich-schweiz_017\" width=\"1024\" height=\"1535\" srcset=\"https:\/\/stefanierothfotografie.de\/blog\/wp-content\/uploads\/2016\/06\/hochzeitsfotograf-zuerich-schweiz_017.jpg 1024w, https:\/\/stefanierothfotografie.de\/blog\/wp-content\/uploads\/2016\/06\/hochzeitsfotograf-zuerich-schweiz_017-200x300.jpg 200w, https:\/\/stefanierothfotografie.de\/blog\/wp-content\/uploads\/2016\/06\/hochzeitsfotograf-zuerich-schweiz_017-768x1151.jpg 768w, https:\/\/stefanierothfotografie.de\/blog\/wp-content\/uploads\/2016\/06\/hochzeitsfotograf-zuerich-schweiz_017-683x1024.jpg 683w\" sizes=\"auto, (max-width: 1024px) 100vw, 1024px\" \/><\/a> <a class=\"img\" href=\"https:\/\/stefanierothfotografie.de\/blog\/wp-content\/uploads\/2016\/06\/hochzeitsfotograf-zuerich-schweiz_018.jpg\" title=\"Hochzeitsfotograf Zuerich Schweiz 018\"><img loading=\"lazy\" decoding=\"async\" class=\"aligncenter size-full wp-image-1083\" src=\"https:\/\/stefanierothfotografie.de\/blog\/wp-content\/uploads\/2016\/06\/hochzeitsfotograf-zuerich-schweiz_018.jpg\" title=\"Hochzeitsfotograf Zuerich Schweiz 018\" alt=\"hochzeitsfotograf-zuerich-schweiz_018\" width=\"1024\" height=\"684\" srcset=\"https:\/\/stefanierothfotografie.de\/blog\/wp-content\/uploads\/2016\/06\/hochzeitsfotograf-zuerich-schweiz_018.jpg 1024w, https:\/\/stefanierothfotografie.de\/blog\/wp-content\/uploads\/2016\/06\/hochzeitsfotograf-zuerich-schweiz_018-300x200.jpg 300w, https:\/\/stefanierothfotografie.de\/blog\/wp-content\/uploads\/2016\/06\/hochzeitsfotograf-zuerich-schweiz_018-768x513.jpg 768w\" sizes=\"auto, (max-width: 1024px) 100vw, 1024px\" \/><\/a> <a class=\"img\" href=\"https:\/\/stefanierothfotografie.de\/blog\/wp-content\/uploads\/2016\/06\/hochzeitsfotograf-zuerich-schweiz_019.jpg\" title=\"Hochzeitsfotograf Zuerich Schweiz 019\"><img loading=\"lazy\" decoding=\"async\" class=\"aligncenter size-full wp-image-1084\" src=\"https:\/\/stefanierothfotografie.de\/blog\/wp-content\/uploads\/2016\/06\/hochzeitsfotograf-zuerich-schweiz_019.jpg\" title=\"Hochzeitsfotograf Zuerich Schweiz 019\" alt=\"hochzeitsfotograf-zuerich-schweiz_019\" width=\"1024\" height=\"684\" srcset=\"https:\/\/stefanierothfotografie.de\/blog\/wp-content\/uploads\/2016\/06\/hochzeitsfotograf-zuerich-schweiz_019.jpg 1024w, https:\/\/stefanierothfotografie.de\/blog\/wp-content\/uploads\/2016\/06\/hochzeitsfotograf-zuerich-schweiz_019-300x200.jpg 300w, https:\/\/stefanierothfotografie.de\/blog\/wp-content\/uploads\/2016\/06\/hochzeitsfotograf-zuerich-schweiz_019-768x513.jpg 768w\" sizes=\"auto, (max-width: 1024px) 100vw, 1024px\" \/><\/a> <a class=\"img\" href=\"https:\/\/stefanierothfotografie.de\/blog\/wp-content\/uploads\/2016\/06\/hochzeitsfotograf-zuerich-schweiz_020.jpg\" title=\"Hochzeitsfotograf Zuerich Schweiz 020\"><img loading=\"lazy\" decoding=\"async\" class=\"aligncenter size-full wp-image-1085\" src=\"https:\/\/stefanierothfotografie.de\/blog\/wp-content\/uploads\/2016\/06\/hochzeitsfotograf-zuerich-schweiz_020.jpg\" title=\"Hochzeitsfotograf Zuerich Schweiz 020\" alt=\"hochzeitsfotograf-zuerich-schweiz_020\" width=\"1024\" height=\"1535\" srcset=\"https:\/\/stefanierothfotografie.de\/blog\/wp-content\/uploads\/2016\/06\/hochzeitsfotograf-zuerich-schweiz_020.jpg 1024w, https:\/\/stefanierothfotografie.de\/blog\/wp-content\/uploads\/2016\/06\/hochzeitsfotograf-zuerich-schweiz_020-200x300.jpg 200w, https:\/\/stefanierothfotografie.de\/blog\/wp-content\/uploads\/2016\/06\/hochzeitsfotograf-zuerich-schweiz_020-768x1151.jpg 768w, https:\/\/stefanierothfotografie.de\/blog\/wp-content\/uploads\/2016\/06\/hochzeitsfotograf-zuerich-schweiz_020-683x1024.jpg 683w\" sizes=\"auto, (max-width: 1024px) 100vw, 1024px\" \/><\/a> <a class=\"img\" href=\"https:\/\/stefanierothfotografie.de\/blog\/wp-content\/uploads\/2016\/06\/hochzeitsfotograf-zuerich-schweiz_021.jpg\" title=\"Hochzeitsfotograf Zuerich Schweiz 021\"><img loading=\"lazy\" decoding=\"async\" class=\"aligncenter size-full wp-image-1086\" src=\"https:\/\/stefanierothfotografie.de\/blog\/wp-content\/uploads\/2016\/06\/hochzeitsfotograf-zuerich-schweiz_021.jpg\" title=\"Hochzeitsfotograf Zuerich Schweiz 021\" alt=\"hochzeitsfotograf-zuerich-schweiz_021\" width=\"1024\" height=\"767\" srcset=\"https:\/\/stefanierothfotografie.de\/blog\/wp-content\/uploads\/2016\/06\/hochzeitsfotograf-zuerich-schweiz_021.jpg 1024w, https:\/\/stefanierothfotografie.de\/blog\/wp-content\/uploads\/2016\/06\/hochzeitsfotograf-zuerich-schweiz_021-300x225.jpg 300w, https:\/\/stefanierothfotografie.de\/blog\/wp-content\/uploads\/2016\/06\/hochzeitsfotograf-zuerich-schweiz_021-768x575.jpg 768w\" sizes=\"auto, (max-width: 1024px) 100vw, 1024px\" \/><\/a> <a class=\"img\" href=\"https:\/\/stefanierothfotografie.de\/blog\/wp-content\/uploads\/2016\/06\/hochzeitsfotograf-zuerich-schweiz_022.jpg\" title=\"Hochzeitsfotograf Zuerich Schweiz 022\"><img loading=\"lazy\" decoding=\"async\" class=\"aligncenter size-full wp-image-1087\" src=\"https:\/\/stefanierothfotografie.de\/blog\/wp-content\/uploads\/2016\/06\/hochzeitsfotograf-zuerich-schweiz_022.jpg\" title=\"Hochzeitsfotograf Zuerich Schweiz 022\" alt=\"hochzeitsfotograf-zuerich-schweiz_022\" width=\"1024\" height=\"684\" srcset=\"https:\/\/stefanierothfotografie.de\/blog\/wp-content\/uploads\/2016\/06\/hochzeitsfotograf-zuerich-schweiz_022.jpg 1024w, https:\/\/stefanierothfotografie.de\/blog\/wp-content\/uploads\/2016\/06\/hochzeitsfotograf-zuerich-schweiz_022-300x200.jpg 300w, https:\/\/stefanierothfotografie.de\/blog\/wp-content\/uploads\/2016\/06\/hochzeitsfotograf-zuerich-schweiz_022-768x513.jpg 768w\" sizes=\"auto, (max-width: 1024px) 100vw, 1024px\" \/><\/a> <a class=\"img\" href=\"https:\/\/stefanierothfotografie.de\/blog\/wp-content\/uploads\/2016\/06\/hochzeitsfotograf-zuerich-schweiz_023.jpg\" title=\"Hochzeitsfotograf Zuerich Schweiz 023\"><img loading=\"lazy\" decoding=\"async\" class=\"aligncenter size-full wp-image-1088\" src=\"https:\/\/stefanierothfotografie.de\/blog\/wp-content\/uploads\/2016\/06\/hochzeitsfotograf-zuerich-schweiz_023.jpg\" title=\"Hochzeitsfotograf Zuerich Schweiz 023\" alt=\"hochzeitsfotograf-zuerich-schweiz_023\" width=\"1024\" height=\"1535\" srcset=\"https:\/\/stefanierothfotografie.de\/blog\/wp-content\/uploads\/2016\/06\/hochzeitsfotograf-zuerich-schweiz_023.jpg 1024w, https:\/\/stefanierothfotografie.de\/blog\/wp-content\/uploads\/2016\/06\/hochzeitsfotograf-zuerich-schweiz_023-200x300.jpg 200w, https:\/\/stefanierothfotografie.de\/blog\/wp-content\/uploads\/2016\/06\/hochzeitsfotograf-zuerich-schweiz_023-768x1151.jpg 768w, https:\/\/stefanierothfotografie.de\/blog\/wp-content\/uploads\/2016\/06\/hochzeitsfotograf-zuerich-schweiz_023-683x1024.jpg 683w\" sizes=\"auto, (max-width: 1024px) 100vw, 1024px\" \/><\/a> <a class=\"img\" href=\"https:\/\/stefanierothfotografie.de\/blog\/wp-content\/uploads\/2016\/06\/hochzeitsfotograf-zuerich-schweiz_024.jpg\" title=\"Hochzeitsfotograf Zuerich Schweiz 024\"><img loading=\"lazy\" decoding=\"async\" class=\"aligncenter size-full wp-image-1089\" src=\"https:\/\/stefanierothfotografie.de\/blog\/wp-content\/uploads\/2016\/06\/hochzeitsfotograf-zuerich-schweiz_024.jpg\" title=\"Hochzeitsfotograf Zuerich Schweiz 024\" alt=\"hochzeitsfotograf-zuerich-schweiz_024\" width=\"1024\" height=\"684\" srcset=\"https:\/\/stefanierothfotografie.de\/blog\/wp-content\/uploads\/2016\/06\/hochzeitsfotograf-zuerich-schweiz_024.jpg 1024w, https:\/\/stefanierothfotografie.de\/blog\/wp-content\/uploads\/2016\/06\/hochzeitsfotograf-zuerich-schweiz_024-300x200.jpg 300w, https:\/\/stefanierothfotografie.de\/blog\/wp-content\/uploads\/2016\/06\/hochzeitsfotograf-zuerich-schweiz_024-768x513.jpg 768w\" sizes=\"auto, (max-width: 1024px) 100vw, 1024px\" \/><\/a> <a class=\"img\" href=\"https:\/\/stefanierothfotografie.de\/blog\/wp-content\/uploads\/2016\/06\/hochzeitsfotograf-zuerich-schweiz_025.jpg\" title=\"Hochzeitsfotograf Zuerich Schweiz 025\"><img loading=\"lazy\" decoding=\"async\" class=\"aligncenter size-full wp-image-1090\" src=\"https:\/\/stefanierothfotografie.de\/blog\/wp-content\/uploads\/2016\/06\/hochzeitsfotograf-zuerich-schweiz_025.jpg\" title=\"Hochzeitsfotograf Zuerich Schweiz 025\" alt=\"hochzeitsfotograf-zuerich-schweiz_025\" width=\"1024\" height=\"767\" srcset=\"https:\/\/stefanierothfotografie.de\/blog\/wp-content\/uploads\/2016\/06\/hochzeitsfotograf-zuerich-schweiz_025.jpg 1024w, https:\/\/stefanierothfotografie.de\/blog\/wp-content\/uploads\/2016\/06\/hochzeitsfotograf-zuerich-schweiz_025-300x225.jpg 300w, https:\/\/stefanierothfotografie.de\/blog\/wp-content\/uploads\/2016\/06\/hochzeitsfotograf-zuerich-schweiz_025-768x575.jpg 768w\" sizes=\"auto, (max-width: 1024px) 100vw, 1024px\" \/><\/a> <a class=\"img\" href=\"https:\/\/stefanierothfotografie.de\/blog\/wp-content\/uploads\/2016\/06\/hochzeitsfotograf-zuerich-schweiz_026.jpg\" title=\"Hochzeitsfotograf Zuerich Schweiz 026\"><img loading=\"lazy\" decoding=\"async\" class=\"aligncenter size-full wp-image-1091\" src=\"https:\/\/stefanierothfotografie.de\/blog\/wp-content\/uploads\/2016\/06\/hochzeitsfotograf-zuerich-schweiz_026.jpg\" title=\"Hochzeitsfotograf Zuerich Schweiz 026\" alt=\"hochzeitsfotograf-zuerich-schweiz_026\" width=\"1024\" height=\"684\" srcset=\"https:\/\/stefanierothfotografie.de\/blog\/wp-content\/uploads\/2016\/06\/hochzeitsfotograf-zuerich-schweiz_026.jpg 1024w, https:\/\/stefanierothfotografie.de\/blog\/wp-content\/uploads\/2016\/06\/hochzeitsfotograf-zuerich-schweiz_026-300x200.jpg 300w, https:\/\/stefanierothfotografie.de\/blog\/wp-content\/uploads\/2016\/06\/hochzeitsfotograf-zuerich-schweiz_026-768x513.jpg 768w\" sizes=\"auto, (max-width: 1024px) 100vw, 1024px\" \/><\/a> <a class=\"img\" href=\"https:\/\/stefanierothfotografie.de\/blog\/wp-content\/uploads\/2016\/06\/hochzeitsfotograf-zuerich-schweiz_027.jpg\" title=\"Hochzeitsfotograf Zuerich Schweiz 027\"><img loading=\"lazy\" decoding=\"async\" class=\"aligncenter size-full wp-image-1092\" src=\"https:\/\/stefanierothfotografie.de\/blog\/wp-content\/uploads\/2016\/06\/hochzeitsfotograf-zuerich-schweiz_027.jpg\" title=\"Hochzeitsfotograf Zuerich Schweiz 027\" alt=\"hochzeitsfotograf-zuerich-schweiz_027\" width=\"1024\" height=\"684\" srcset=\"https:\/\/stefanierothfotografie.de\/blog\/wp-content\/uploads\/2016\/06\/hochzeitsfotograf-zuerich-schweiz_027.jpg 1024w, https:\/\/stefanierothfotografie.de\/blog\/wp-content\/uploads\/2016\/06\/hochzeitsfotograf-zuerich-schweiz_027-300x200.jpg 300w, https:\/\/stefanierothfotografie.de\/blog\/wp-content\/uploads\/2016\/06\/hochzeitsfotograf-zuerich-schweiz_027-768x513.jpg 768w\" sizes=\"auto, (max-width: 1024px) 100vw, 1024px\" \/><\/a> <a class=\"img\" href=\"https:\/\/stefanierothfotografie.de\/blog\/wp-content\/uploads\/2016\/06\/hochzeitsfotograf-zuerich-schweiz_028.jpg\" title=\"Hochzeitsfotograf Zuerich Schweiz 028\"><img loading=\"lazy\" decoding=\"async\" class=\"aligncenter size-full wp-image-1093\" src=\"https:\/\/stefanierothfotografie.de\/blog\/wp-content\/uploads\/2016\/06\/hochzeitsfotograf-zuerich-schweiz_028.jpg\" title=\"Hochzeitsfotograf Zuerich Schweiz 028\" alt=\"hochzeitsfotograf-zuerich-schweiz_028\" width=\"1024\" height=\"767\" srcset=\"https:\/\/stefanierothfotografie.de\/blog\/wp-content\/uploads\/2016\/06\/hochzeitsfotograf-zuerich-schweiz_028.jpg 1024w, https:\/\/stefanierothfotografie.de\/blog\/wp-content\/uploads\/2016\/06\/hochzeitsfotograf-zuerich-schweiz_028-300x225.jpg 300w, https:\/\/stefanierothfotografie.de\/blog\/wp-content\/uploads\/2016\/06\/hochzeitsfotograf-zuerich-schweiz_028-768x575.jpg 768w\" sizes=\"auto, (max-width: 1024px) 100vw, 1024px\" \/><\/a> <a class=\"img\" href=\"https:\/\/stefanierothfotografie.de\/blog\/wp-content\/uploads\/2016\/06\/hochzeitsfotograf-zuerich-schweiz_029.jpg\" title=\"Hochzeitsfotograf Zuerich Schweiz 029\"><img loading=\"lazy\" decoding=\"async\" class=\"aligncenter size-full wp-image-1094\" src=\"https:\/\/stefanierothfotografie.de\/blog\/wp-content\/uploads\/2016\/06\/hochzeitsfotograf-zuerich-schweiz_029.jpg\" title=\"Hochzeitsfotograf Zuerich Schweiz 029\" alt=\"hochzeitsfotograf-zuerich-schweiz_029\" width=\"1024\" height=\"1535\" srcset=\"https:\/\/stefanierothfotografie.de\/blog\/wp-content\/uploads\/2016\/06\/hochzeitsfotograf-zuerich-schweiz_029.jpg 1024w, https:\/\/stefanierothfotografie.de\/blog\/wp-content\/uploads\/2016\/06\/hochzeitsfotograf-zuerich-schweiz_029-200x300.jpg 200w, https:\/\/stefanierothfotografie.de\/blog\/wp-content\/uploads\/2016\/06\/hochzeitsfotograf-zuerich-schweiz_029-768x1151.jpg 768w, https:\/\/stefanierothfotografie.de\/blog\/wp-content\/uploads\/2016\/06\/hochzeitsfotograf-zuerich-schweiz_029-683x1024.jpg 683w\" sizes=\"auto, (max-width: 1024px) 100vw, 1024px\" \/><\/a> <a class=\"img\" href=\"https:\/\/stefanierothfotografie.de\/blog\/wp-content\/uploads\/2016\/06\/hochzeitsfotograf-zuerich-schweiz_030.jpg\" title=\"Hochzeitsfotograf Zuerich Schweiz 030\"><img loading=\"lazy\" decoding=\"async\" class=\"aligncenter size-full wp-image-1095\" src=\"https:\/\/stefanierothfotografie.de\/blog\/wp-content\/uploads\/2016\/06\/hochzeitsfotograf-zuerich-schweiz_030.jpg\" title=\"Hochzeitsfotograf Zuerich Schweiz 030\" alt=\"hochzeitsfotograf-zuerich-schweiz_030\" width=\"1024\" height=\"767\" srcset=\"https:\/\/stefanierothfotografie.de\/blog\/wp-content\/uploads\/2016\/06\/hochzeitsfotograf-zuerich-schweiz_030.jpg 1024w, https:\/\/stefanierothfotografie.de\/blog\/wp-content\/uploads\/2016\/06\/hochzeitsfotograf-zuerich-schweiz_030-300x225.jpg 300w, https:\/\/stefanierothfotografie.de\/blog\/wp-content\/uploads\/2016\/06\/hochzeitsfotograf-zuerich-schweiz_030-768x575.jpg 768w\" sizes=\"auto, (max-width: 1024px) 100vw, 1024px\" \/><\/a> <a class=\"img\" href=\"https:\/\/stefanierothfotografie.de\/blog\/wp-content\/uploads\/2016\/06\/hochzeitsfotograf-zuerich-schweiz_031.jpg\" title=\"Hochzeitsfotograf Zuerich Schweiz 031\"><img loading=\"lazy\" decoding=\"async\" class=\"aligncenter size-full wp-image-1096\" src=\"https:\/\/stefanierothfotografie.de\/blog\/wp-content\/uploads\/2016\/06\/hochzeitsfotograf-zuerich-schweiz_031.jpg\" title=\"Hochzeitsfotograf Zuerich Schweiz 031\" alt=\"hochzeitsfotograf-zuerich-schweiz_031\" width=\"1024\" height=\"684\" srcset=\"https:\/\/stefanierothfotografie.de\/blog\/wp-content\/uploads\/2016\/06\/hochzeitsfotograf-zuerich-schweiz_031.jpg 1024w, https:\/\/stefanierothfotografie.de\/blog\/wp-content\/uploads\/2016\/06\/hochzeitsfotograf-zuerich-schweiz_031-300x200.jpg 300w, https:\/\/stefanierothfotografie.de\/blog\/wp-content\/uploads\/2016\/06\/hochzeitsfotograf-zuerich-schweiz_031-768x513.jpg 768w\" sizes=\"auto, (max-width: 1024px) 100vw, 1024px\" \/><\/a> <a class=\"img\" href=\"https:\/\/stefanierothfotografie.de\/blog\/wp-content\/uploads\/2016\/06\/hochzeitsfotograf-zuerich-schweiz_032.jpg\" title=\"Hochzeitsfotograf Zuerich Schweiz 032\"><img loading=\"lazy\" decoding=\"async\" class=\"aligncenter size-full wp-image-1097\" src=\"https:\/\/stefanierothfotografie.de\/blog\/wp-content\/uploads\/2016\/06\/hochzeitsfotograf-zuerich-schweiz_032.jpg\" title=\"Hochzeitsfotograf Zuerich Schweiz 032\" alt=\"hochzeitsfotograf-zuerich-schweiz_032\" width=\"1024\" height=\"684\" srcset=\"https:\/\/stefanierothfotografie.de\/blog\/wp-content\/uploads\/2016\/06\/hochzeitsfotograf-zuerich-schweiz_032.jpg 1024w, https:\/\/stefanierothfotografie.de\/blog\/wp-content\/uploads\/2016\/06\/hochzeitsfotograf-zuerich-schweiz_032-300x200.jpg 300w, https:\/\/stefanierothfotografie.de\/blog\/wp-content\/uploads\/2016\/06\/hochzeitsfotograf-zuerich-schweiz_032-768x513.jpg 768w\" sizes=\"auto, (max-width: 1024px) 100vw, 1024px\" \/><\/a> <a class=\"img\" href=\"https:\/\/stefanierothfotografie.de\/blog\/wp-content\/uploads\/2016\/06\/hochzeitsfotograf-zuerich-schweiz_033.jpg\" title=\"Hochzeitsfotograf Zuerich Schweiz 033\"><img loading=\"lazy\" decoding=\"async\" class=\"aligncenter size-full wp-image-1098\" src=\"https:\/\/stefanierothfotografie.de\/blog\/wp-content\/uploads\/2016\/06\/hochzeitsfotograf-zuerich-schweiz_033.jpg\" title=\"Hochzeitsfotograf Zuerich Schweiz 033\" alt=\"hochzeitsfotograf-zuerich-schweiz_033\" width=\"1024\" height=\"1535\" srcset=\"https:\/\/stefanierothfotografie.de\/blog\/wp-content\/uploads\/2016\/06\/hochzeitsfotograf-zuerich-schweiz_033.jpg 1024w, https:\/\/stefanierothfotografie.de\/blog\/wp-content\/uploads\/2016\/06\/hochzeitsfotograf-zuerich-schweiz_033-200x300.jpg 200w, https:\/\/stefanierothfotografie.de\/blog\/wp-content\/uploads\/2016\/06\/hochzeitsfotograf-zuerich-schweiz_033-768x1151.jpg 768w, https:\/\/stefanierothfotografie.de\/blog\/wp-content\/uploads\/2016\/06\/hochzeitsfotograf-zuerich-schweiz_033-683x1024.jpg 683w\" sizes=\"auto, (max-width: 1024px) 100vw, 1024px\" \/><\/a> <a class=\"img\" href=\"https:\/\/stefanierothfotografie.de\/blog\/wp-content\/uploads\/2016\/06\/hochzeitsfotograf-zuerich-schweiz_034.jpg\" title=\"Hochzeitsfotograf Zuerich Schweiz 034\"><img loading=\"lazy\" decoding=\"async\" class=\"aligncenter size-full wp-image-1099\" src=\"https:\/\/stefanierothfotografie.de\/blog\/wp-content\/uploads\/2016\/06\/hochzeitsfotograf-zuerich-schweiz_034.jpg\" title=\"Hochzeitsfotograf Zuerich Schweiz 034\" alt=\"hochzeitsfotograf-zuerich-schweiz_034\" width=\"1024\" height=\"767\" srcset=\"https:\/\/stefanierothfotografie.de\/blog\/wp-content\/uploads\/2016\/06\/hochzeitsfotograf-zuerich-schweiz_034.jpg 1024w, https:\/\/stefanierothfotografie.de\/blog\/wp-content\/uploads\/2016\/06\/hochzeitsfotograf-zuerich-schweiz_034-300x225.jpg 300w, https:\/\/stefanierothfotografie.de\/blog\/wp-content\/uploads\/2016\/06\/hochzeitsfotograf-zuerich-schweiz_034-768x575.jpg 768w\" sizes=\"auto, (max-width: 1024px) 100vw, 1024px\" \/><\/a> <a class=\"img\" href=\"https:\/\/stefanierothfotografie.de\/blog\/wp-content\/uploads\/2016\/06\/hochzeitsfotograf-zuerich-schweiz_035.jpg\" title=\"Hochzeitsfotograf Zuerich Schweiz 035\"><img loading=\"lazy\" decoding=\"async\" class=\"aligncenter size-full wp-image-1100\" src=\"https:\/\/stefanierothfotografie.de\/blog\/wp-content\/uploads\/2016\/06\/hochzeitsfotograf-zuerich-schweiz_035.jpg\" title=\"Hochzeitsfotograf Zuerich Schweiz 035\" alt=\"hochzeitsfotograf-zuerich-schweiz_035\" width=\"1024\" height=\"1535\" srcset=\"https:\/\/stefanierothfotografie.de\/blog\/wp-content\/uploads\/2016\/06\/hochzeitsfotograf-zuerich-schweiz_035.jpg 1024w, https:\/\/stefanierothfotografie.de\/blog\/wp-content\/uploads\/2016\/06\/hochzeitsfotograf-zuerich-schweiz_035-200x300.jpg 200w, https:\/\/stefanierothfotografie.de\/blog\/wp-content\/uploads\/2016\/06\/hochzeitsfotograf-zuerich-schweiz_035-768x1151.jpg 768w, https:\/\/stefanierothfotografie.de\/blog\/wp-content\/uploads\/2016\/06\/hochzeitsfotograf-zuerich-schweiz_035-683x1024.jpg 683w\" sizes=\"auto, (max-width: 1024px) 100vw, 1024px\" \/><\/a> <a class=\"img\" href=\"https:\/\/stefanierothfotografie.de\/blog\/wp-content\/uploads\/2016\/06\/hochzeitsfotograf-zuerich-schweiz_036.jpg\" title=\"Hochzeitsfotograf Zuerich Schweiz 036\"><img loading=\"lazy\" decoding=\"async\" class=\"aligncenter size-full wp-image-1101\" src=\"https:\/\/stefanierothfotografie.de\/blog\/wp-content\/uploads\/2016\/06\/hochzeitsfotograf-zuerich-schweiz_036.jpg\" title=\"Hochzeitsfotograf Zuerich Schweiz 036\" alt=\"hochzeitsfotograf-zuerich-schweiz_036\" width=\"1024\" height=\"767\" srcset=\"https:\/\/stefanierothfotografie.de\/blog\/wp-content\/uploads\/2016\/06\/hochzeitsfotograf-zuerich-schweiz_036.jpg 1024w, https:\/\/stefanierothfotografie.de\/blog\/wp-content\/uploads\/2016\/06\/hochzeitsfotograf-zuerich-schweiz_036-300x225.jpg 300w, https:\/\/stefanierothfotografie.de\/blog\/wp-content\/uploads\/2016\/06\/hochzeitsfotograf-zuerich-schweiz_036-768x575.jpg 768w\" sizes=\"auto, (max-width: 1024px) 100vw, 1024px\" \/><\/a> <a class=\"img\" href=\"https:\/\/stefanierothfotografie.de\/blog\/wp-content\/uploads\/2016\/06\/hochzeitsfotograf-zuerich-schweiz_037.jpg\" title=\"Hochzeitsfotograf Zuerich Schweiz 037\"><img loading=\"lazy\" decoding=\"async\" class=\"aligncenter size-full wp-image-1102\" src=\"https:\/\/stefanierothfotografie.de\/blog\/wp-content\/uploads\/2016\/06\/hochzeitsfotograf-zuerich-schweiz_037.jpg\" title=\"Hochzeitsfotograf Zuerich Schweiz 037\" alt=\"hochzeitsfotograf-zuerich-schweiz_037\" width=\"1024\" height=\"684\" srcset=\"https:\/\/stefanierothfotografie.de\/blog\/wp-content\/uploads\/2016\/06\/hochzeitsfotograf-zuerich-schweiz_037.jpg 1024w, https:\/\/stefanierothfotografie.de\/blog\/wp-content\/uploads\/2016\/06\/hochzeitsfotograf-zuerich-schweiz_037-300x200.jpg 300w, https:\/\/stefanierothfotografie.de\/blog\/wp-content\/uploads\/2016\/06\/hochzeitsfotograf-zuerich-schweiz_037-768x513.jpg 768w\" sizes=\"auto, (max-width: 1024px) 100vw, 1024px\" \/><\/a><\/p>\n","protected":false},"excerpt":{"rendered":"<p>Ein sch\u00f6ner Moment. Ich stehe auf der M\u00fcnsterbr\u00fccke und sehe zu, wie das Wasser der Limmat leichte kleine feine Wellen schl\u00e4gt. Boote, die im Wasser liegen sind mit blauen oder wei\u00dfen Planen bedeckt und tanzen sacht in der windigen Brise. Hin und wieder f\u00e4llt die Sonne durch den bedeckten Himmel und schenkt Momente der W\u00e4rme.&hellip; <a class=\"more-link\" href=\"https:\/\/stefanierothfotografie.de\/blog\/hochzeitsfotograf-zuerich\/\"><span class=\"screen-reader-text\">Loveshoot Patricia &#038; Aleks \u2013 Hochzeitsfotograf Z\u00fcrich<\/span> weiterlesen<\/a><\/p>\n","protected":false},"author":1,"featured_media":1032,"comment_status":"closed","ping_status":"open","sticky":false,"template":"","format":"standard","meta":{"footnotes":""},"categories":[54],"tags":[56,58,57,55],"class_list":["post-976","post","type-post","status-publish","format-standard","has-post-thumbnail","hentry","category-loveshoot","tag-love","tag-loveshoot","tag-photoshooting","tag-zuerich","entry"],"_links":{"self":[{"href":"https:\/\/stefanierothfotografie.de\/blog\/wp-json\/wp\/v2\/posts\/976","targetHints":{"allow":["GET"]}}],"collection":[{"href":"https:\/\/stefanierothfotografie.de\/blog\/wp-json\/wp\/v2\/posts"}],"about":[{"href":"https:\/\/stefanierothfotografie.de\/blog\/wp-json\/wp\/v2\/types\/post"}],"author":[{"embeddable":true,"href":"https:\/\/stefanierothfotografie.de\/blog\/wp-json\/wp\/v2\/users\/1"}],"replies":[{"embeddable":true,"href":"https:\/\/stefanierothfotografie.de\/blog\/wp-json\/wp\/v2\/comments?post=976"}],"version-history":[{"count":4,"href":"https:\/\/stefanierothfotografie.de\/blog\/wp-json\/wp\/v2\/posts\/976\/revisions"}],"predecessor-version":[{"id":1104,"href":"https:\/\/stefanierothfotografie.de\/blog\/wp-json\/wp\/v2\/posts\/976\/revisions\/1104"}],"wp:featuredmedia":[{"embeddable":true,"href":"https:\/\/stefanierothfotografie.de\/blog\/wp-json\/wp\/v2\/media\/1032"}],"wp:attachment":[{"href":"https:\/\/stefanierothfotografie.de\/blog\/wp-json\/wp\/v2\/media?parent=976"}],"wp:term":[{"taxonomy":"category","embeddable":true,"href":"https:\/\/stefanierothfotografie.de\/blog\/wp-json\/wp\/v2\/categories?post=976"},{"taxonomy":"post_tag","embeddable":true,"href":"https:\/\/stefanierothfotografie.de\/blog\/wp-json\/wp\/v2\/tags?post=976"}],"curies":[{"name":"wp","href":"https:\/\/api.w.org\/{rel}","templated":true}]}}