{"id":3611,"date":"2021-04-07T13:28:35","date_gmt":"2021-04-07T11:28:35","guid":{"rendered":"https:\/\/stefanierothfotografie.de\/blog\/?p=3611"},"modified":"2025-08-08T15:32:25","modified_gmt":"2025-08-08T13:32:25","slug":"gartenhochzeit-hochzeitsfotograf-attendorn","status":"publish","type":"post","link":"https:\/\/stefanierothfotografie.de\/blog\/gartenhochzeit-hochzeitsfotograf-attendorn\/","title":{"rendered":"Liebevolle Gartenhochzeit in Attendorn"},"content":{"rendered":"\n<p>&#8222;Hochzeitsfotograf Attendorn&#8220; \u2013 diesen Google-Suchbegriff hatten Anna und Stefan gar nicht eintippen m\u00fcssen, um mich zu finden. Wir kannten uns schon von der Hochzeit von Stefans Bruder und ich f\u00fchlte direkt gr\u00f6\u00dfte Freude, als die Mail der Beiden in meinen Posteingang flatterte.<br><br>Damals hatte noch niemand gedacht, dass Anna und Stefans Hochzeit zu einer Corona-Hochzeit im Sauerland wird und auch mir als Hochzeitsfotograf Attendorn einige Herausforderungen bevorstehen.<\/p>\n\n\n\n<h4 class=\"wp-block-heading\"><strong>Mut&nbsp;steht am Anfang des Handelns, Gl\u00fcck am Ende.&nbsp;<\/strong><\/h4>\n\n\n\n<p>Doch wer Mut beweist, wird belohnt: Im letzten September konnten Anna und Stefan ihre ganz besondere Hochzeit feiern. Anders als geplant, aber mit so viel Liebe, einem &#8222;Ja-Wort&#8220; unter freiem Himmel an der Kapelle Waldenburg in Attendorn und einer erf\u00fcllten Gartenparty, die wohl sch\u00f6ner nicht h\u00e4tte sein k\u00f6nnen.<\/p>\n\n\n\n<p>Aber sieh selbst, wie liebevoll der Tag verlief und lies unten selbst, was Anna selbst r\u00fcckblickend sagt.<\/p>\n\n\n\n<figure class=\"wp-block-image size-large\"><img loading=\"lazy\" decoding=\"async\" width=\"700\" height=\"468\" src=\"https:\/\/stefanierothfotografie.de\/blog\/wp-content\/uploads\/2021\/04\/stefanierothfotografie.de_Anna-Stefan_009-700x468.jpg\" alt=\"\" class=\"wp-image-3614\" srcset=\"https:\/\/stefanierothfotografie.de\/blog\/wp-content\/uploads\/2021\/04\/stefanierothfotografie.de_Anna-Stefan_009-700x468.jpg 700w, https:\/\/stefanierothfotografie.de\/blog\/wp-content\/uploads\/2021\/04\/stefanierothfotografie.de_Anna-Stefan_009-300x200.jpg 300w, https:\/\/stefanierothfotografie.de\/blog\/wp-content\/uploads\/2021\/04\/stefanierothfotografie.de_Anna-Stefan_009-768x513.jpg 768w, https:\/\/stefanierothfotografie.de\/blog\/wp-content\/uploads\/2021\/04\/stefanierothfotografie.de_Anna-Stefan_009.jpg 1024w\" sizes=\"auto, (max-width: 700px) 100vw, 700px\" \/><\/figure>\n\n\n\n<figure class=\"wp-block-image size-large\"><img loading=\"lazy\" decoding=\"async\" width=\"700\" height=\"468\" src=\"https:\/\/stefanierothfotografie.de\/blog\/wp-content\/uploads\/2021\/04\/stefanierothfotografie.de_Anna-Stefan_004-1-700x468.jpg\" alt=\"\" class=\"wp-image-3746\" srcset=\"https:\/\/stefanierothfotografie.de\/blog\/wp-content\/uploads\/2021\/04\/stefanierothfotografie.de_Anna-Stefan_004-1-700x468.jpg 700w, https:\/\/stefanierothfotografie.de\/blog\/wp-content\/uploads\/2021\/04\/stefanierothfotografie.de_Anna-Stefan_004-1-300x200.jpg 300w, https:\/\/stefanierothfotografie.de\/blog\/wp-content\/uploads\/2021\/04\/stefanierothfotografie.de_Anna-Stefan_004-1-768x513.jpg 768w, https:\/\/stefanierothfotografie.de\/blog\/wp-content\/uploads\/2021\/04\/stefanierothfotografie.de_Anna-Stefan_004-1.jpg 1024w\" sizes=\"auto, (max-width: 700px) 100vw, 700px\" \/><\/figure>\n\n\n\n<figure class=\"wp-block-image size-large\"><img loading=\"lazy\" decoding=\"async\" width=\"700\" height=\"468\" src=\"https:\/\/stefanierothfotografie.de\/blog\/wp-content\/uploads\/2021\/04\/stefanierothfotografie.de_Anna-Stefan_012-2-700x468.jpg\" alt=\"\" class=\"wp-image-3750\" srcset=\"https:\/\/stefanierothfotografie.de\/blog\/wp-content\/uploads\/2021\/04\/stefanierothfotografie.de_Anna-Stefan_012-2-700x468.jpg 700w, https:\/\/stefanierothfotografie.de\/blog\/wp-content\/uploads\/2021\/04\/stefanierothfotografie.de_Anna-Stefan_012-2-300x200.jpg 300w, https:\/\/stefanierothfotografie.de\/blog\/wp-content\/uploads\/2021\/04\/stefanierothfotografie.de_Anna-Stefan_012-2-768x513.jpg 768w, https:\/\/stefanierothfotografie.de\/blog\/wp-content\/uploads\/2021\/04\/stefanierothfotografie.de_Anna-Stefan_012-2.jpg 1024w\" sizes=\"auto, (max-width: 700px) 100vw, 700px\" \/><\/figure>\n\n\n\n<figure class=\"wp-block-image size-large\"><img loading=\"lazy\" decoding=\"async\" width=\"700\" height=\"1049\" src=\"https:\/\/stefanierothfotografie.de\/blog\/wp-content\/uploads\/2021\/04\/stefanierothfotografie.de_Anna-Stefan_014-1-700x1049.jpg\" alt=\"\" class=\"wp-image-3752\" srcset=\"https:\/\/stefanierothfotografie.de\/blog\/wp-content\/uploads\/2021\/04\/stefanierothfotografie.de_Anna-Stefan_014-1-700x1049.jpg 700w, https:\/\/stefanierothfotografie.de\/blog\/wp-content\/uploads\/2021\/04\/stefanierothfotografie.de_Anna-Stefan_014-1-200x300.jpg 200w, https:\/\/stefanierothfotografie.de\/blog\/wp-content\/uploads\/2021\/04\/stefanierothfotografie.de_Anna-Stefan_014-1-768x1151.jpg 768w, https:\/\/stefanierothfotografie.de\/blog\/wp-content\/uploads\/2021\/04\/stefanierothfotografie.de_Anna-Stefan_014-1.jpg 1024w\" sizes=\"auto, (max-width: 700px) 100vw, 700px\" \/><\/figure>\n\n\n\n<h4 class=\"wp-block-heading\"><strong>Stefanie:<\/strong> Erz\u00e4hle etwas von Dir. Wer bist Du? Was macht Dich aus? Meine zuk\u00fcnftigen Br\u00e4ute m\u00f6chten auch Dich besser kennenlernen.<\/h4>\n\n\n\n<p><strong>Anna: <\/strong>Mein Name ist Anna und ich wohne mit meiner kleinen Familie im sch\u00f6nen Sauerland. Unsere Tochter kam im Mai 2019 zur Welt und macht unser Leben seitdem noch bunter und sch\u00f6ner. Wir lieben es mit ihr die Welt neu zu entdecken und freuen uns auf noch viele Reisen und spannende Abenteuer mit ihr.<\/p>\n\n\n\n<figure class=\"wp-block-image size-large\"><img loading=\"lazy\" decoding=\"async\" width=\"700\" height=\"1049\" src=\"https:\/\/stefanierothfotografie.de\/blog\/wp-content\/uploads\/2021\/04\/stefanierothfotografie.de_Anna-Stefan_015-1-700x1049.jpg\" alt=\"\" class=\"wp-image-3758\" srcset=\"https:\/\/stefanierothfotografie.de\/blog\/wp-content\/uploads\/2021\/04\/stefanierothfotografie.de_Anna-Stefan_015-1-700x1049.jpg 700w, https:\/\/stefanierothfotografie.de\/blog\/wp-content\/uploads\/2021\/04\/stefanierothfotografie.de_Anna-Stefan_015-1-200x300.jpg 200w, https:\/\/stefanierothfotografie.de\/blog\/wp-content\/uploads\/2021\/04\/stefanierothfotografie.de_Anna-Stefan_015-1-768x1151.jpg 768w, https:\/\/stefanierothfotografie.de\/blog\/wp-content\/uploads\/2021\/04\/stefanierothfotografie.de_Anna-Stefan_015-1.jpg 1024w\" sizes=\"auto, (max-width: 700px) 100vw, 700px\" \/><\/figure>\n\n\n\n<figure class=\"wp-block-image size-large\"><img loading=\"lazy\" decoding=\"async\" width=\"700\" height=\"1049\" src=\"https:\/\/stefanierothfotografie.de\/blog\/wp-content\/uploads\/2021\/04\/stefanierothfotografie.de_Anna-Stefan_019-2-700x1049.jpg\" alt=\"Stefanie Roth Fotografie in Attendorn\" class=\"wp-image-3757\" srcset=\"https:\/\/stefanierothfotografie.de\/blog\/wp-content\/uploads\/2021\/04\/stefanierothfotografie.de_Anna-Stefan_019-2-700x1049.jpg 700w, https:\/\/stefanierothfotografie.de\/blog\/wp-content\/uploads\/2021\/04\/stefanierothfotografie.de_Anna-Stefan_019-2-200x300.jpg 200w, https:\/\/stefanierothfotografie.de\/blog\/wp-content\/uploads\/2021\/04\/stefanierothfotografie.de_Anna-Stefan_019-2-768x1151.jpg 768w, https:\/\/stefanierothfotografie.de\/blog\/wp-content\/uploads\/2021\/04\/stefanierothfotografie.de_Anna-Stefan_019-2.jpg 1024w\" sizes=\"auto, (max-width: 700px) 100vw, 700px\" \/><\/figure>\n\n\n\n<figure class=\"wp-block-image size-large\"><img loading=\"lazy\" decoding=\"async\" width=\"700\" height=\"468\" src=\"https:\/\/stefanierothfotografie.de\/blog\/wp-content\/uploads\/2021\/04\/stefanierothfotografie.de_Anna-Stefan_021-2-700x468.jpg\" alt=\"\" class=\"wp-image-3753\" srcset=\"https:\/\/stefanierothfotografie.de\/blog\/wp-content\/uploads\/2021\/04\/stefanierothfotografie.de_Anna-Stefan_021-2-700x468.jpg 700w, https:\/\/stefanierothfotografie.de\/blog\/wp-content\/uploads\/2021\/04\/stefanierothfotografie.de_Anna-Stefan_021-2-300x200.jpg 300w, https:\/\/stefanierothfotografie.de\/blog\/wp-content\/uploads\/2021\/04\/stefanierothfotografie.de_Anna-Stefan_021-2-768x513.jpg 768w, https:\/\/stefanierothfotografie.de\/blog\/wp-content\/uploads\/2021\/04\/stefanierothfotografie.de_Anna-Stefan_021-2.jpg 1024w\" sizes=\"auto, (max-width: 700px) 100vw, 700px\" \/><\/figure>\n\n\n\n<h4 class=\"wp-block-heading\">S: Ein Brautkleid ist ein Statement. Wie und wo hast Du Dein Brautkleid entdeckt und was gef\u00e4llt Dir an dem Kleid besonders gut?<\/h4>\n\n\n\n<p>A: Da unsere Tochter zu dem Zeitpunkt noch recht klein war, musste sie zur Suche nach einem Brautkleid mit. Aus diesem Grund wollte ich auch erst einmal Brautmodegesch\u00e4fte in unsere N\u00e4he aufsuchen. So bin ich auf \u201eLieblingskleid\u201c in Olpe gesto\u00dfen. Ich habe mir immer ein Hochzeitskleid mit feiner Spitze vorgestellt, f\u00fcr den Rest war ich relativ offen und wollte mir erst einmal einen Eindruck verschaffen. Ich habe mein Kleid direkt bei dem ersten Termin gesehen, anprobiert und war mir direkt sicher, dass es das ist.<\/p>\n\n\n\n<figure class=\"wp-block-image size-large\"><img loading=\"lazy\" decoding=\"async\" width=\"700\" height=\"1049\" src=\"https:\/\/stefanierothfotografie.de\/blog\/wp-content\/uploads\/2021\/04\/stefanierothfotografie.de_Anna-Stefan_024-2-700x1049.jpg\" alt=\"\" class=\"wp-image-3755\" srcset=\"https:\/\/stefanierothfotografie.de\/blog\/wp-content\/uploads\/2021\/04\/stefanierothfotografie.de_Anna-Stefan_024-2-700x1049.jpg 700w, https:\/\/stefanierothfotografie.de\/blog\/wp-content\/uploads\/2021\/04\/stefanierothfotografie.de_Anna-Stefan_024-2-200x300.jpg 200w, https:\/\/stefanierothfotografie.de\/blog\/wp-content\/uploads\/2021\/04\/stefanierothfotografie.de_Anna-Stefan_024-2-768x1151.jpg 768w, https:\/\/stefanierothfotografie.de\/blog\/wp-content\/uploads\/2021\/04\/stefanierothfotografie.de_Anna-Stefan_024-2.jpg 1024w\" sizes=\"auto, (max-width: 700px) 100vw, 700px\" \/><\/figure>\n\n\n\n<figure class=\"wp-block-image size-large\"><img loading=\"lazy\" decoding=\"async\" width=\"700\" height=\"468\" src=\"https:\/\/stefanierothfotografie.de\/blog\/wp-content\/uploads\/2021\/04\/stefanierothfotografie.de_Anna-Stefan_027-2-700x468.jpg\" alt=\"\" class=\"wp-image-3751\" srcset=\"https:\/\/stefanierothfotografie.de\/blog\/wp-content\/uploads\/2021\/04\/stefanierothfotografie.de_Anna-Stefan_027-2-700x468.jpg 700w, https:\/\/stefanierothfotografie.de\/blog\/wp-content\/uploads\/2021\/04\/stefanierothfotografie.de_Anna-Stefan_027-2-300x200.jpg 300w, https:\/\/stefanierothfotografie.de\/blog\/wp-content\/uploads\/2021\/04\/stefanierothfotografie.de_Anna-Stefan_027-2-768x513.jpg 768w, https:\/\/stefanierothfotografie.de\/blog\/wp-content\/uploads\/2021\/04\/stefanierothfotografie.de_Anna-Stefan_027-2.jpg 1024w\" sizes=\"auto, (max-width: 700px) 100vw, 700px\" \/><\/figure>\n\n\n\n<figure class=\"wp-block-image size-large\"><img loading=\"lazy\" decoding=\"async\" width=\"700\" height=\"468\" src=\"https:\/\/stefanierothfotografie.de\/blog\/wp-content\/uploads\/2021\/04\/stefanierothfotografie.de_Anna-Stefan_031-2-700x468.jpg\" alt=\"\" class=\"wp-image-3759\" srcset=\"https:\/\/stefanierothfotografie.de\/blog\/wp-content\/uploads\/2021\/04\/stefanierothfotografie.de_Anna-Stefan_031-2-700x468.jpg 700w, https:\/\/stefanierothfotografie.de\/blog\/wp-content\/uploads\/2021\/04\/stefanierothfotografie.de_Anna-Stefan_031-2-300x200.jpg 300w, https:\/\/stefanierothfotografie.de\/blog\/wp-content\/uploads\/2021\/04\/stefanierothfotografie.de_Anna-Stefan_031-2-768x513.jpg 768w, https:\/\/stefanierothfotografie.de\/blog\/wp-content\/uploads\/2021\/04\/stefanierothfotografie.de_Anna-Stefan_031-2.jpg 1024w\" sizes=\"auto, (max-width: 700px) 100vw, 700px\" \/><\/figure>\n\n\n\n<figure class=\"wp-block-image size-large\"><img loading=\"lazy\" decoding=\"async\" width=\"700\" height=\"468\" src=\"https:\/\/stefanierothfotografie.de\/blog\/wp-content\/uploads\/2021\/04\/stefanierothfotografie.de_Anna-Stefan_039-2-700x468.jpg\" alt=\"\" class=\"wp-image-3754\" srcset=\"https:\/\/stefanierothfotografie.de\/blog\/wp-content\/uploads\/2021\/04\/stefanierothfotografie.de_Anna-Stefan_039-2-700x468.jpg 700w, https:\/\/stefanierothfotografie.de\/blog\/wp-content\/uploads\/2021\/04\/stefanierothfotografie.de_Anna-Stefan_039-2-300x200.jpg 300w, https:\/\/stefanierothfotografie.de\/blog\/wp-content\/uploads\/2021\/04\/stefanierothfotografie.de_Anna-Stefan_039-2-768x513.jpg 768w, https:\/\/stefanierothfotografie.de\/blog\/wp-content\/uploads\/2021\/04\/stefanierothfotografie.de_Anna-Stefan_039-2.jpg 1024w\" sizes=\"auto, (max-width: 700px) 100vw, 700px\" \/><\/figure>\n\n\n\n<figure class=\"wp-block-image size-large\"><img loading=\"lazy\" decoding=\"async\" width=\"700\" height=\"468\" src=\"https:\/\/stefanierothfotografie.de\/blog\/wp-content\/uploads\/2021\/04\/stefanierothfotografie.de_Anna-Stefan_045-2-700x468.jpg\" alt=\"\" class=\"wp-image-3756\" srcset=\"https:\/\/stefanierothfotografie.de\/blog\/wp-content\/uploads\/2021\/04\/stefanierothfotografie.de_Anna-Stefan_045-2-700x468.jpg 700w, https:\/\/stefanierothfotografie.de\/blog\/wp-content\/uploads\/2021\/04\/stefanierothfotografie.de_Anna-Stefan_045-2-300x200.jpg 300w, https:\/\/stefanierothfotografie.de\/blog\/wp-content\/uploads\/2021\/04\/stefanierothfotografie.de_Anna-Stefan_045-2-768x513.jpg 768w, https:\/\/stefanierothfotografie.de\/blog\/wp-content\/uploads\/2021\/04\/stefanierothfotografie.de_Anna-Stefan_045-2.jpg 1024w\" sizes=\"auto, (max-width: 700px) 100vw, 700px\" \/><\/figure>\n\n\n\n<figure class=\"wp-block-image size-large\"><img loading=\"lazy\" decoding=\"async\" width=\"700\" height=\"1049\" src=\"https:\/\/stefanierothfotografie.de\/blog\/wp-content\/uploads\/2021\/04\/stefanierothfotografie.de_Anna-Stefan_048-2-700x1049.jpg\" alt=\"\" class=\"wp-image-3762\" srcset=\"https:\/\/stefanierothfotografie.de\/blog\/wp-content\/uploads\/2021\/04\/stefanierothfotografie.de_Anna-Stefan_048-2-700x1049.jpg 700w, https:\/\/stefanierothfotografie.de\/blog\/wp-content\/uploads\/2021\/04\/stefanierothfotografie.de_Anna-Stefan_048-2-200x300.jpg 200w, https:\/\/stefanierothfotografie.de\/blog\/wp-content\/uploads\/2021\/04\/stefanierothfotografie.de_Anna-Stefan_048-2-768x1151.jpg 768w, https:\/\/stefanierothfotografie.de\/blog\/wp-content\/uploads\/2021\/04\/stefanierothfotografie.de_Anna-Stefan_048-2.jpg 1024w\" sizes=\"auto, (max-width: 700px) 100vw, 700px\" \/><\/figure>\n\n\n\n<figure class=\"wp-block-image size-large\"><img loading=\"lazy\" decoding=\"async\" width=\"700\" height=\"1049\" src=\"https:\/\/stefanierothfotografie.de\/blog\/wp-content\/uploads\/2021\/04\/stefanierothfotografie.de_Anna-Stefan_051-2-700x1049.jpg\" alt=\"\" class=\"wp-image-3766\" srcset=\"https:\/\/stefanierothfotografie.de\/blog\/wp-content\/uploads\/2021\/04\/stefanierothfotografie.de_Anna-Stefan_051-2-700x1049.jpg 700w, https:\/\/stefanierothfotografie.de\/blog\/wp-content\/uploads\/2021\/04\/stefanierothfotografie.de_Anna-Stefan_051-2-200x300.jpg 200w, https:\/\/stefanierothfotografie.de\/blog\/wp-content\/uploads\/2021\/04\/stefanierothfotografie.de_Anna-Stefan_051-2-768x1151.jpg 768w, https:\/\/stefanierothfotografie.de\/blog\/wp-content\/uploads\/2021\/04\/stefanierothfotografie.de_Anna-Stefan_051-2.jpg 1024w\" sizes=\"auto, (max-width: 700px) 100vw, 700px\" \/><\/figure>\n\n\n\n<figure class=\"wp-block-image size-large\"><img loading=\"lazy\" decoding=\"async\" width=\"700\" height=\"468\" src=\"https:\/\/stefanierothfotografie.de\/blog\/wp-content\/uploads\/2021\/04\/stefanierothfotografie.de_Anna-Stefan_058-2-700x468.jpg\" alt=\"\" class=\"wp-image-3764\" srcset=\"https:\/\/stefanierothfotografie.de\/blog\/wp-content\/uploads\/2021\/04\/stefanierothfotografie.de_Anna-Stefan_058-2-700x468.jpg 700w, https:\/\/stefanierothfotografie.de\/blog\/wp-content\/uploads\/2021\/04\/stefanierothfotografie.de_Anna-Stefan_058-2-300x200.jpg 300w, https:\/\/stefanierothfotografie.de\/blog\/wp-content\/uploads\/2021\/04\/stefanierothfotografie.de_Anna-Stefan_058-2-768x513.jpg 768w, https:\/\/stefanierothfotografie.de\/blog\/wp-content\/uploads\/2021\/04\/stefanierothfotografie.de_Anna-Stefan_058-2.jpg 1024w\" sizes=\"auto, (max-width: 700px) 100vw, 700px\" \/><\/figure>\n\n\n\n<figure class=\"wp-block-image size-large\"><img loading=\"lazy\" decoding=\"async\" width=\"700\" height=\"468\" src=\"https:\/\/stefanierothfotografie.de\/blog\/wp-content\/uploads\/2021\/04\/stefanierothfotografie.de_Anna-Stefan_085-2-700x468.jpg\" alt=\"Stefanie Roth Fotografie in Attendorn\" class=\"wp-image-3770\" srcset=\"https:\/\/stefanierothfotografie.de\/blog\/wp-content\/uploads\/2021\/04\/stefanierothfotografie.de_Anna-Stefan_085-2-700x468.jpg 700w, https:\/\/stefanierothfotografie.de\/blog\/wp-content\/uploads\/2021\/04\/stefanierothfotografie.de_Anna-Stefan_085-2-300x200.jpg 300w, https:\/\/stefanierothfotografie.de\/blog\/wp-content\/uploads\/2021\/04\/stefanierothfotografie.de_Anna-Stefan_085-2-768x513.jpg 768w, https:\/\/stefanierothfotografie.de\/blog\/wp-content\/uploads\/2021\/04\/stefanierothfotografie.de_Anna-Stefan_085-2.jpg 1024w\" sizes=\"auto, (max-width: 700px) 100vw, 700px\" \/><\/figure>\n\n\n\n<figure class=\"wp-block-image size-large\"><img loading=\"lazy\" decoding=\"async\" width=\"700\" height=\"468\" src=\"https:\/\/stefanierothfotografie.de\/blog\/wp-content\/uploads\/2021\/04\/stefanierothfotografie.de_Anna-Stefan_088-2-700x468.jpg\" alt=\"\" class=\"wp-image-3772\" srcset=\"https:\/\/stefanierothfotografie.de\/blog\/wp-content\/uploads\/2021\/04\/stefanierothfotografie.de_Anna-Stefan_088-2-700x468.jpg 700w, https:\/\/stefanierothfotografie.de\/blog\/wp-content\/uploads\/2021\/04\/stefanierothfotografie.de_Anna-Stefan_088-2-300x200.jpg 300w, https:\/\/stefanierothfotografie.de\/blog\/wp-content\/uploads\/2021\/04\/stefanierothfotografie.de_Anna-Stefan_088-2-768x513.jpg 768w, https:\/\/stefanierothfotografie.de\/blog\/wp-content\/uploads\/2021\/04\/stefanierothfotografie.de_Anna-Stefan_088-2.jpg 1024w\" sizes=\"auto, (max-width: 700px) 100vw, 700px\" \/><\/figure>\n\n\n\n<h2 class=\"wp-block-heading\">Hochzeitsfotograf Attendorn: Ich liebe die wilden und nat\u00fcrlichen W\u00e4lder.<\/h2>\n\n\n\n<figure class=\"wp-block-image size-large\"><img loading=\"lazy\" decoding=\"async\" width=\"700\" height=\"1049\" src=\"https:\/\/stefanierothfotografie.de\/blog\/wp-content\/uploads\/2021\/04\/stefanierothfotografie.de_Anna-Stefan_091-2-700x1049.jpg\" alt=\"\" class=\"wp-image-3773\" srcset=\"https:\/\/stefanierothfotografie.de\/blog\/wp-content\/uploads\/2021\/04\/stefanierothfotografie.de_Anna-Stefan_091-2-700x1049.jpg 700w, https:\/\/stefanierothfotografie.de\/blog\/wp-content\/uploads\/2021\/04\/stefanierothfotografie.de_Anna-Stefan_091-2-200x300.jpg 200w, https:\/\/stefanierothfotografie.de\/blog\/wp-content\/uploads\/2021\/04\/stefanierothfotografie.de_Anna-Stefan_091-2-768x1151.jpg 768w, https:\/\/stefanierothfotografie.de\/blog\/wp-content\/uploads\/2021\/04\/stefanierothfotografie.de_Anna-Stefan_091-2.jpg 1024w\" sizes=\"auto, (max-width: 700px) 100vw, 700px\" \/><\/figure>\n\n\n\n<figure class=\"wp-block-image size-large\"><img loading=\"lazy\" decoding=\"async\" width=\"700\" height=\"468\" src=\"https:\/\/stefanierothfotografie.de\/blog\/wp-content\/uploads\/2021\/04\/stefanierothfotografie.de_Anna-Stefan_093-2-700x468.jpg\" alt=\"\" class=\"wp-image-3768\" srcset=\"https:\/\/stefanierothfotografie.de\/blog\/wp-content\/uploads\/2021\/04\/stefanierothfotografie.de_Anna-Stefan_093-2-700x468.jpg 700w, https:\/\/stefanierothfotografie.de\/blog\/wp-content\/uploads\/2021\/04\/stefanierothfotografie.de_Anna-Stefan_093-2-300x200.jpg 300w, https:\/\/stefanierothfotografie.de\/blog\/wp-content\/uploads\/2021\/04\/stefanierothfotografie.de_Anna-Stefan_093-2-768x513.jpg 768w, https:\/\/stefanierothfotografie.de\/blog\/wp-content\/uploads\/2021\/04\/stefanierothfotografie.de_Anna-Stefan_093-2.jpg 1024w\" sizes=\"auto, (max-width: 700px) 100vw, 700px\" \/><\/figure>\n\n\n\n<figure class=\"wp-block-image size-large\"><img loading=\"lazy\" decoding=\"async\" width=\"700\" height=\"468\" src=\"https:\/\/stefanierothfotografie.de\/blog\/wp-content\/uploads\/2021\/04\/stefanierothfotografie.de_Anna-Stefan_104-2-700x468.jpg\" alt=\"\" class=\"wp-image-3771\" srcset=\"https:\/\/stefanierothfotografie.de\/blog\/wp-content\/uploads\/2021\/04\/stefanierothfotografie.de_Anna-Stefan_104-2-700x468.jpg 700w, https:\/\/stefanierothfotografie.de\/blog\/wp-content\/uploads\/2021\/04\/stefanierothfotografie.de_Anna-Stefan_104-2-300x200.jpg 300w, https:\/\/stefanierothfotografie.de\/blog\/wp-content\/uploads\/2021\/04\/stefanierothfotografie.de_Anna-Stefan_104-2-768x513.jpg 768w, https:\/\/stefanierothfotografie.de\/blog\/wp-content\/uploads\/2021\/04\/stefanierothfotografie.de_Anna-Stefan_104-2.jpg 1024w\" sizes=\"auto, (max-width: 700px) 100vw, 700px\" \/><\/figure>\n\n\n\n<figure class=\"wp-block-image size-large\"><img loading=\"lazy\" decoding=\"async\" width=\"700\" height=\"468\" src=\"https:\/\/stefanierothfotografie.de\/blog\/wp-content\/uploads\/2021\/04\/stefanierothfotografie.de_Anna-Stefan_105-2-700x468.jpg\" alt=\"\" class=\"wp-image-3769\" srcset=\"https:\/\/stefanierothfotografie.de\/blog\/wp-content\/uploads\/2021\/04\/stefanierothfotografie.de_Anna-Stefan_105-2-700x468.jpg 700w, https:\/\/stefanierothfotografie.de\/blog\/wp-content\/uploads\/2021\/04\/stefanierothfotografie.de_Anna-Stefan_105-2-300x200.jpg 300w, https:\/\/stefanierothfotografie.de\/blog\/wp-content\/uploads\/2021\/04\/stefanierothfotografie.de_Anna-Stefan_105-2-768x513.jpg 768w, https:\/\/stefanierothfotografie.de\/blog\/wp-content\/uploads\/2021\/04\/stefanierothfotografie.de_Anna-Stefan_105-2.jpg 1024w\" sizes=\"auto, (max-width: 700px) 100vw, 700px\" \/><\/figure>\n\n\n\n<figure class=\"wp-block-image size-large\"><img loading=\"lazy\" decoding=\"async\" width=\"700\" height=\"468\" src=\"https:\/\/stefanierothfotografie.de\/blog\/wp-content\/uploads\/2021\/04\/stefanierothfotografie.de_Anna-Stefan_111-2-700x468.jpg\" alt=\"\" class=\"wp-image-3774\" srcset=\"https:\/\/stefanierothfotografie.de\/blog\/wp-content\/uploads\/2021\/04\/stefanierothfotografie.de_Anna-Stefan_111-2-700x468.jpg 700w, https:\/\/stefanierothfotografie.de\/blog\/wp-content\/uploads\/2021\/04\/stefanierothfotografie.de_Anna-Stefan_111-2-300x200.jpg 300w, https:\/\/stefanierothfotografie.de\/blog\/wp-content\/uploads\/2021\/04\/stefanierothfotografie.de_Anna-Stefan_111-2-768x513.jpg 768w, https:\/\/stefanierothfotografie.de\/blog\/wp-content\/uploads\/2021\/04\/stefanierothfotografie.de_Anna-Stefan_111-2.jpg 1024w\" sizes=\"auto, (max-width: 700px) 100vw, 700px\" \/><\/figure>\n\n\n\n<figure class=\"wp-block-image size-large\"><img loading=\"lazy\" decoding=\"async\" width=\"700\" height=\"468\" src=\"https:\/\/stefanierothfotografie.de\/blog\/wp-content\/uploads\/2021\/04\/stefanierothfotografie.de_Anna-Stefan_112-2-700x468.jpg\" alt=\"\" class=\"wp-image-3775\" srcset=\"https:\/\/stefanierothfotografie.de\/blog\/wp-content\/uploads\/2021\/04\/stefanierothfotografie.de_Anna-Stefan_112-2-700x468.jpg 700w, https:\/\/stefanierothfotografie.de\/blog\/wp-content\/uploads\/2021\/04\/stefanierothfotografie.de_Anna-Stefan_112-2-300x200.jpg 300w, https:\/\/stefanierothfotografie.de\/blog\/wp-content\/uploads\/2021\/04\/stefanierothfotografie.de_Anna-Stefan_112-2-768x513.jpg 768w, https:\/\/stefanierothfotografie.de\/blog\/wp-content\/uploads\/2021\/04\/stefanierothfotografie.de_Anna-Stefan_112-2.jpg 1024w\" sizes=\"auto, (max-width: 700px) 100vw, 700px\" \/><\/figure>\n\n\n\n<figure class=\"wp-block-image size-large\"><img loading=\"lazy\" decoding=\"async\" width=\"700\" height=\"468\" src=\"https:\/\/stefanierothfotografie.de\/blog\/wp-content\/uploads\/2021\/04\/stefanierothfotografie.de_Anna-Stefan_119-2-700x468.jpg\" alt=\"\" class=\"wp-image-3776\" srcset=\"https:\/\/stefanierothfotografie.de\/blog\/wp-content\/uploads\/2021\/04\/stefanierothfotografie.de_Anna-Stefan_119-2-700x468.jpg 700w, https:\/\/stefanierothfotografie.de\/blog\/wp-content\/uploads\/2021\/04\/stefanierothfotografie.de_Anna-Stefan_119-2-300x200.jpg 300w, https:\/\/stefanierothfotografie.de\/blog\/wp-content\/uploads\/2021\/04\/stefanierothfotografie.de_Anna-Stefan_119-2-768x513.jpg 768w, https:\/\/stefanierothfotografie.de\/blog\/wp-content\/uploads\/2021\/04\/stefanierothfotografie.de_Anna-Stefan_119-2.jpg 1024w\" sizes=\"auto, (max-width: 700px) 100vw, 700px\" \/><\/figure>\n\n\n\n<figure class=\"wp-block-image size-large\"><img loading=\"lazy\" decoding=\"async\" width=\"700\" height=\"468\" src=\"https:\/\/stefanierothfotografie.de\/blog\/wp-content\/uploads\/2021\/04\/stefanierothfotografie.de_Anna-Stefan_126-2-700x468.jpg\" alt=\"\" class=\"wp-image-3777\" srcset=\"https:\/\/stefanierothfotografie.de\/blog\/wp-content\/uploads\/2021\/04\/stefanierothfotografie.de_Anna-Stefan_126-2-700x468.jpg 700w, https:\/\/stefanierothfotografie.de\/blog\/wp-content\/uploads\/2021\/04\/stefanierothfotografie.de_Anna-Stefan_126-2-300x200.jpg 300w, https:\/\/stefanierothfotografie.de\/blog\/wp-content\/uploads\/2021\/04\/stefanierothfotografie.de_Anna-Stefan_126-2-768x513.jpg 768w, https:\/\/stefanierothfotografie.de\/blog\/wp-content\/uploads\/2021\/04\/stefanierothfotografie.de_Anna-Stefan_126-2.jpg 1024w\" sizes=\"auto, (max-width: 700px) 100vw, 700px\" \/><\/figure>\n\n\n\n<figure class=\"wp-block-image size-large\"><img loading=\"lazy\" decoding=\"async\" width=\"700\" height=\"468\" src=\"https:\/\/stefanierothfotografie.de\/blog\/wp-content\/uploads\/2021\/04\/stefanierothfotografie.de_Anna-Stefan_127-2-700x468.jpg\" alt=\"\" class=\"wp-image-3778\" srcset=\"https:\/\/stefanierothfotografie.de\/blog\/wp-content\/uploads\/2021\/04\/stefanierothfotografie.de_Anna-Stefan_127-2-700x468.jpg 700w, https:\/\/stefanierothfotografie.de\/blog\/wp-content\/uploads\/2021\/04\/stefanierothfotografie.de_Anna-Stefan_127-2-300x200.jpg 300w, https:\/\/stefanierothfotografie.de\/blog\/wp-content\/uploads\/2021\/04\/stefanierothfotografie.de_Anna-Stefan_127-2-768x513.jpg 768w, https:\/\/stefanierothfotografie.de\/blog\/wp-content\/uploads\/2021\/04\/stefanierothfotografie.de_Anna-Stefan_127-2.jpg 1024w\" sizes=\"auto, (max-width: 700px) 100vw, 700px\" \/><\/figure>\n\n\n\n<figure class=\"wp-block-image size-large\"><img loading=\"lazy\" decoding=\"async\" width=\"700\" height=\"1049\" src=\"https:\/\/stefanierothfotografie.de\/blog\/wp-content\/uploads\/2021\/04\/stefanierothfotografie.de_Anna-Stefan_131-2-700x1049.jpg\" alt=\"\" class=\"wp-image-3779\" srcset=\"https:\/\/stefanierothfotografie.de\/blog\/wp-content\/uploads\/2021\/04\/stefanierothfotografie.de_Anna-Stefan_131-2-700x1049.jpg 700w, https:\/\/stefanierothfotografie.de\/blog\/wp-content\/uploads\/2021\/04\/stefanierothfotografie.de_Anna-Stefan_131-2-200x300.jpg 200w, https:\/\/stefanierothfotografie.de\/blog\/wp-content\/uploads\/2021\/04\/stefanierothfotografie.de_Anna-Stefan_131-2-768x1151.jpg 768w, https:\/\/stefanierothfotografie.de\/blog\/wp-content\/uploads\/2021\/04\/stefanierothfotografie.de_Anna-Stefan_131-2.jpg 1024w\" sizes=\"auto, (max-width: 700px) 100vw, 700px\" \/><\/figure>\n\n\n\n<figure class=\"wp-block-image size-large\"><img loading=\"lazy\" decoding=\"async\" width=\"700\" height=\"468\" src=\"https:\/\/stefanierothfotografie.de\/blog\/wp-content\/uploads\/2021\/04\/stefanierothfotografie.de_Anna-Stefan_135-2-700x468.jpg\" alt=\"\" class=\"wp-image-3781\" srcset=\"https:\/\/stefanierothfotografie.de\/blog\/wp-content\/uploads\/2021\/04\/stefanierothfotografie.de_Anna-Stefan_135-2-700x468.jpg 700w, https:\/\/stefanierothfotografie.de\/blog\/wp-content\/uploads\/2021\/04\/stefanierothfotografie.de_Anna-Stefan_135-2-300x200.jpg 300w, https:\/\/stefanierothfotografie.de\/blog\/wp-content\/uploads\/2021\/04\/stefanierothfotografie.de_Anna-Stefan_135-2-768x513.jpg 768w, https:\/\/stefanierothfotografie.de\/blog\/wp-content\/uploads\/2021\/04\/stefanierothfotografie.de_Anna-Stefan_135-2.jpg 1024w\" sizes=\"auto, (max-width: 700px) 100vw, 700px\" \/><\/figure>\n\n\n\n<h3 class=\"wp-block-heading\">Eine Hochzeit in der Kapelle Waldenburg in der Waldenburger Bucht Attendorn.<\/h3>\n\n\n\n<h4 class=\"wp-block-heading\">S: Eure Hochzeit war gro\u00dfartig. Was hat Eure Hochzeit f\u00fcr Dich zu einer echten Herzenshochzeit gemacht?<\/h4>\n\n\n\n<p>A: Unser Traum war es immer in der Kapelle Waldenburg zu heiraten, weil es f\u00fcr uns immer ein besonderer Ort war. Nat\u00fcrlich hatten wir anfangs auch Zweifel, weil das Wetter eine gro\u00dfe Rolle spielt. Aber wir hatten einen Plan B, falls das Wetter nicht mitgespielt h\u00e4tte. Am Tag unserer Hochzeit hatten wir aber das gro\u00dfe Gl\u00fcck, dass es nachmittags trocken war und sich sogar einige Sonnenstrahlen zur Trauung gezeigt haben. Man muss manchmal nur Mut haben \ud83d\ude42<\/p>\n\n\n\n<figure class=\"wp-block-image size-large\"><img loading=\"lazy\" decoding=\"async\" width=\"700\" height=\"468\" src=\"https:\/\/stefanierothfotografie.de\/blog\/wp-content\/uploads\/2021\/04\/stefanierothfotografie.de_Anna-Stefan_149-4-700x468.jpg\" alt=\"\" class=\"wp-image-3884\" srcset=\"https:\/\/stefanierothfotografie.de\/blog\/wp-content\/uploads\/2021\/04\/stefanierothfotografie.de_Anna-Stefan_149-4-700x468.jpg 700w, https:\/\/stefanierothfotografie.de\/blog\/wp-content\/uploads\/2021\/04\/stefanierothfotografie.de_Anna-Stefan_149-4-300x200.jpg 300w, https:\/\/stefanierothfotografie.de\/blog\/wp-content\/uploads\/2021\/04\/stefanierothfotografie.de_Anna-Stefan_149-4-768x513.jpg 768w, https:\/\/stefanierothfotografie.de\/blog\/wp-content\/uploads\/2021\/04\/stefanierothfotografie.de_Anna-Stefan_149-4.jpg 1024w\" sizes=\"auto, (max-width: 700px) 100vw, 700px\" \/><\/figure>\n\n\n\n<figure class=\"wp-block-image size-large\"><img loading=\"lazy\" decoding=\"async\" width=\"700\" height=\"468\" src=\"https:\/\/stefanierothfotografie.de\/blog\/wp-content\/uploads\/2021\/04\/stefanierothfotografie.de_Anna-Stefan_161-2-700x468.jpg\" alt=\"\" class=\"wp-image-3784\" srcset=\"https:\/\/stefanierothfotografie.de\/blog\/wp-content\/uploads\/2021\/04\/stefanierothfotografie.de_Anna-Stefan_161-2-700x468.jpg 700w, https:\/\/stefanierothfotografie.de\/blog\/wp-content\/uploads\/2021\/04\/stefanierothfotografie.de_Anna-Stefan_161-2-300x200.jpg 300w, https:\/\/stefanierothfotografie.de\/blog\/wp-content\/uploads\/2021\/04\/stefanierothfotografie.de_Anna-Stefan_161-2-768x513.jpg 768w, https:\/\/stefanierothfotografie.de\/blog\/wp-content\/uploads\/2021\/04\/stefanierothfotografie.de_Anna-Stefan_161-2.jpg 1024w\" sizes=\"auto, (max-width: 700px) 100vw, 700px\" \/><\/figure>\n\n\n\n<figure class=\"wp-block-image size-large\"><img loading=\"lazy\" decoding=\"async\" width=\"700\" height=\"1049\" src=\"https:\/\/stefanierothfotografie.de\/blog\/wp-content\/uploads\/2021\/04\/stefanierothfotografie.de_Anna-Stefan_165-2-700x1049.jpg\" alt=\"\" class=\"wp-image-3785\" srcset=\"https:\/\/stefanierothfotografie.de\/blog\/wp-content\/uploads\/2021\/04\/stefanierothfotografie.de_Anna-Stefan_165-2-700x1049.jpg 700w, https:\/\/stefanierothfotografie.de\/blog\/wp-content\/uploads\/2021\/04\/stefanierothfotografie.de_Anna-Stefan_165-2-200x300.jpg 200w, https:\/\/stefanierothfotografie.de\/blog\/wp-content\/uploads\/2021\/04\/stefanierothfotografie.de_Anna-Stefan_165-2-768x1151.jpg 768w, https:\/\/stefanierothfotografie.de\/blog\/wp-content\/uploads\/2021\/04\/stefanierothfotografie.de_Anna-Stefan_165-2.jpg 1024w\" sizes=\"auto, (max-width: 700px) 100vw, 700px\" \/><\/figure>\n\n\n\n<figure class=\"wp-block-image size-large\"><img loading=\"lazy\" decoding=\"async\" width=\"700\" height=\"468\" src=\"https:\/\/stefanierothfotografie.de\/blog\/wp-content\/uploads\/2021\/04\/stefanierothfotografie.de_Anna-Stefan_166-2-700x468.jpg\" alt=\"\" class=\"wp-image-3786\" srcset=\"https:\/\/stefanierothfotografie.de\/blog\/wp-content\/uploads\/2021\/04\/stefanierothfotografie.de_Anna-Stefan_166-2-700x468.jpg 700w, https:\/\/stefanierothfotografie.de\/blog\/wp-content\/uploads\/2021\/04\/stefanierothfotografie.de_Anna-Stefan_166-2-300x200.jpg 300w, https:\/\/stefanierothfotografie.de\/blog\/wp-content\/uploads\/2021\/04\/stefanierothfotografie.de_Anna-Stefan_166-2-768x513.jpg 768w, https:\/\/stefanierothfotografie.de\/blog\/wp-content\/uploads\/2021\/04\/stefanierothfotografie.de_Anna-Stefan_166-2.jpg 1024w\" sizes=\"auto, (max-width: 700px) 100vw, 700px\" \/><\/figure>\n\n\n\n<figure class=\"wp-block-image size-large\"><img loading=\"lazy\" decoding=\"async\" width=\"700\" height=\"468\" src=\"https:\/\/stefanierothfotografie.de\/blog\/wp-content\/uploads\/2021\/04\/stefanierothfotografie.de_Anna-Stefan_183-2-700x468.jpg\" alt=\"\" class=\"wp-image-3787\" srcset=\"https:\/\/stefanierothfotografie.de\/blog\/wp-content\/uploads\/2021\/04\/stefanierothfotografie.de_Anna-Stefan_183-2-700x468.jpg 700w, https:\/\/stefanierothfotografie.de\/blog\/wp-content\/uploads\/2021\/04\/stefanierothfotografie.de_Anna-Stefan_183-2-300x200.jpg 300w, https:\/\/stefanierothfotografie.de\/blog\/wp-content\/uploads\/2021\/04\/stefanierothfotografie.de_Anna-Stefan_183-2-768x513.jpg 768w, https:\/\/stefanierothfotografie.de\/blog\/wp-content\/uploads\/2021\/04\/stefanierothfotografie.de_Anna-Stefan_183-2.jpg 1024w\" sizes=\"auto, (max-width: 700px) 100vw, 700px\" \/><\/figure>\n\n\n\n<figure class=\"wp-block-image size-large\"><img loading=\"lazy\" decoding=\"async\" width=\"700\" height=\"468\" src=\"https:\/\/stefanierothfotografie.de\/blog\/wp-content\/uploads\/2021\/04\/stefanierothfotografie.de_Anna-Stefan_191-2-700x468.jpg\" alt=\"\" class=\"wp-image-3789\" srcset=\"https:\/\/stefanierothfotografie.de\/blog\/wp-content\/uploads\/2021\/04\/stefanierothfotografie.de_Anna-Stefan_191-2-700x468.jpg 700w, https:\/\/stefanierothfotografie.de\/blog\/wp-content\/uploads\/2021\/04\/stefanierothfotografie.de_Anna-Stefan_191-2-300x200.jpg 300w, https:\/\/stefanierothfotografie.de\/blog\/wp-content\/uploads\/2021\/04\/stefanierothfotografie.de_Anna-Stefan_191-2-768x513.jpg 768w, https:\/\/stefanierothfotografie.de\/blog\/wp-content\/uploads\/2021\/04\/stefanierothfotografie.de_Anna-Stefan_191-2.jpg 1024w\" sizes=\"auto, (max-width: 700px) 100vw, 700px\" \/><\/figure>\n\n\n\n<figure class=\"wp-block-image size-large\"><img loading=\"lazy\" decoding=\"async\" width=\"700\" height=\"1049\" src=\"https:\/\/stefanierothfotografie.de\/blog\/wp-content\/uploads\/2021\/04\/stefanierothfotografie.de_Anna-Stefan_199-2-700x1049.jpg\" alt=\"\" class=\"wp-image-3791\" srcset=\"https:\/\/stefanierothfotografie.de\/blog\/wp-content\/uploads\/2021\/04\/stefanierothfotografie.de_Anna-Stefan_199-2-700x1049.jpg 700w, https:\/\/stefanierothfotografie.de\/blog\/wp-content\/uploads\/2021\/04\/stefanierothfotografie.de_Anna-Stefan_199-2-200x300.jpg 200w, https:\/\/stefanierothfotografie.de\/blog\/wp-content\/uploads\/2021\/04\/stefanierothfotografie.de_Anna-Stefan_199-2-768x1151.jpg 768w, https:\/\/stefanierothfotografie.de\/blog\/wp-content\/uploads\/2021\/04\/stefanierothfotografie.de_Anna-Stefan_199-2.jpg 1024w\" sizes=\"auto, (max-width: 700px) 100vw, 700px\" \/><\/figure>\n\n\n\n<figure class=\"wp-block-image size-large\"><img loading=\"lazy\" decoding=\"async\" width=\"700\" height=\"468\" src=\"https:\/\/stefanierothfotografie.de\/blog\/wp-content\/uploads\/2021\/04\/stefanierothfotografie.de_Anna-Stefan_205-2-700x468.jpg\" alt=\"\" class=\"wp-image-3792\" srcset=\"https:\/\/stefanierothfotografie.de\/blog\/wp-content\/uploads\/2021\/04\/stefanierothfotografie.de_Anna-Stefan_205-2-700x468.jpg 700w, https:\/\/stefanierothfotografie.de\/blog\/wp-content\/uploads\/2021\/04\/stefanierothfotografie.de_Anna-Stefan_205-2-300x200.jpg 300w, https:\/\/stefanierothfotografie.de\/blog\/wp-content\/uploads\/2021\/04\/stefanierothfotografie.de_Anna-Stefan_205-2-768x513.jpg 768w, https:\/\/stefanierothfotografie.de\/blog\/wp-content\/uploads\/2021\/04\/stefanierothfotografie.de_Anna-Stefan_205-2.jpg 1024w\" sizes=\"auto, (max-width: 700px) 100vw, 700px\" \/><\/figure>\n\n\n\n<figure class=\"wp-block-image size-large\"><img loading=\"lazy\" decoding=\"async\" width=\"700\" height=\"468\" src=\"https:\/\/stefanierothfotografie.de\/blog\/wp-content\/uploads\/2021\/04\/stefanierothfotografie.de_Anna-Stefan_220-2-700x468.jpg\" alt=\"\" class=\"wp-image-3794\" srcset=\"https:\/\/stefanierothfotografie.de\/blog\/wp-content\/uploads\/2021\/04\/stefanierothfotografie.de_Anna-Stefan_220-2-700x468.jpg 700w, https:\/\/stefanierothfotografie.de\/blog\/wp-content\/uploads\/2021\/04\/stefanierothfotografie.de_Anna-Stefan_220-2-300x200.jpg 300w, https:\/\/stefanierothfotografie.de\/blog\/wp-content\/uploads\/2021\/04\/stefanierothfotografie.de_Anna-Stefan_220-2-768x513.jpg 768w, https:\/\/stefanierothfotografie.de\/blog\/wp-content\/uploads\/2021\/04\/stefanierothfotografie.de_Anna-Stefan_220-2.jpg 1024w\" sizes=\"auto, (max-width: 700px) 100vw, 700px\" \/><\/figure>\n\n\n\n<figure class=\"wp-block-image size-large\"><img loading=\"lazy\" decoding=\"async\" width=\"700\" height=\"468\" src=\"https:\/\/stefanierothfotografie.de\/blog\/wp-content\/uploads\/2021\/04\/stefanierothfotografie.de_Anna-Stefan_270-700x468.jpg\" alt=\"\" class=\"wp-image-3796\" srcset=\"https:\/\/stefanierothfotografie.de\/blog\/wp-content\/uploads\/2021\/04\/stefanierothfotografie.de_Anna-Stefan_270-700x468.jpg 700w, https:\/\/stefanierothfotografie.de\/blog\/wp-content\/uploads\/2021\/04\/stefanierothfotografie.de_Anna-Stefan_270-300x200.jpg 300w, https:\/\/stefanierothfotografie.de\/blog\/wp-content\/uploads\/2021\/04\/stefanierothfotografie.de_Anna-Stefan_270-768x513.jpg 768w, https:\/\/stefanierothfotografie.de\/blog\/wp-content\/uploads\/2021\/04\/stefanierothfotografie.de_Anna-Stefan_270.jpg 1024w\" sizes=\"auto, (max-width: 700px) 100vw, 700px\" \/><\/figure>\n\n\n\n<h4 class=\"wp-block-heading\">S: Beschreibe Eure Hochzeitslocation.<\/h4>\n\n\n\n<p>A: Aufgrund der Corona Pandemie und der immer wieder steigenden Zahlen hatten wir uns bereits im Fr\u00fchjahr dazu entschieden, dass wir die gemeinsame Feier am Abend verschieben werden. Urspr\u00fcnglich sollte die Feier in einer Scheune in der N\u00e4he von Olpe stattfinden. Nach langem hin und her haben wir uns dann dazu entschieden einen kleinen Umtrunk mit den Trauzeugen und unseren Familien zu machen, um wenigstens mit einem kleinen Teil der G\u00e4ste auf die Hochzeit anzusto\u00dfen.<\/p>\n\n\n\n<figure class=\"wp-block-image size-large\"><img loading=\"lazy\" decoding=\"async\" width=\"700\" height=\"468\" src=\"https:\/\/stefanierothfotografie.de\/blog\/wp-content\/uploads\/2021\/04\/stefanierothfotografie.de_Anna-Stefan_272-2-700x468.jpg\" alt=\"\" class=\"wp-image-3797\" srcset=\"https:\/\/stefanierothfotografie.de\/blog\/wp-content\/uploads\/2021\/04\/stefanierothfotografie.de_Anna-Stefan_272-2-700x468.jpg 700w, https:\/\/stefanierothfotografie.de\/blog\/wp-content\/uploads\/2021\/04\/stefanierothfotografie.de_Anna-Stefan_272-2-300x200.jpg 300w, https:\/\/stefanierothfotografie.de\/blog\/wp-content\/uploads\/2021\/04\/stefanierothfotografie.de_Anna-Stefan_272-2-768x513.jpg 768w, https:\/\/stefanierothfotografie.de\/blog\/wp-content\/uploads\/2021\/04\/stefanierothfotografie.de_Anna-Stefan_272-2.jpg 1024w\" sizes=\"auto, (max-width: 700px) 100vw, 700px\" \/><\/figure>\n\n\n\n<figure class=\"wp-block-image size-large\"><img loading=\"lazy\" decoding=\"async\" width=\"700\" height=\"1049\" src=\"https:\/\/stefanierothfotografie.de\/blog\/wp-content\/uploads\/2021\/04\/stefanierothfotografie.de_Anna-Stefan_273-2-700x1049.jpg\" alt=\"\" class=\"wp-image-3798\" srcset=\"https:\/\/stefanierothfotografie.de\/blog\/wp-content\/uploads\/2021\/04\/stefanierothfotografie.de_Anna-Stefan_273-2-700x1049.jpg 700w, https:\/\/stefanierothfotografie.de\/blog\/wp-content\/uploads\/2021\/04\/stefanierothfotografie.de_Anna-Stefan_273-2-200x300.jpg 200w, https:\/\/stefanierothfotografie.de\/blog\/wp-content\/uploads\/2021\/04\/stefanierothfotografie.de_Anna-Stefan_273-2-768x1151.jpg 768w, https:\/\/stefanierothfotografie.de\/blog\/wp-content\/uploads\/2021\/04\/stefanierothfotografie.de_Anna-Stefan_273-2.jpg 1024w\" sizes=\"auto, (max-width: 700px) 100vw, 700px\" \/><\/figure>\n\n\n\n<figure class=\"wp-block-image size-large\"><img loading=\"lazy\" decoding=\"async\" width=\"700\" height=\"1049\" src=\"https:\/\/stefanierothfotografie.de\/blog\/wp-content\/uploads\/2021\/04\/stefanierothfotografie.de_Anna-Stefan_278-2-700x1049.jpg\" alt=\"\" class=\"wp-image-3799\" srcset=\"https:\/\/stefanierothfotografie.de\/blog\/wp-content\/uploads\/2021\/04\/stefanierothfotografie.de_Anna-Stefan_278-2-700x1049.jpg 700w, https:\/\/stefanierothfotografie.de\/blog\/wp-content\/uploads\/2021\/04\/stefanierothfotografie.de_Anna-Stefan_278-2-200x300.jpg 200w, https:\/\/stefanierothfotografie.de\/blog\/wp-content\/uploads\/2021\/04\/stefanierothfotografie.de_Anna-Stefan_278-2-768x1151.jpg 768w, https:\/\/stefanierothfotografie.de\/blog\/wp-content\/uploads\/2021\/04\/stefanierothfotografie.de_Anna-Stefan_278-2.jpg 1024w\" sizes=\"auto, (max-width: 700px) 100vw, 700px\" \/><\/figure>\n\n\n\n<figure class=\"wp-block-image size-large\"><img loading=\"lazy\" decoding=\"async\" width=\"700\" height=\"468\" src=\"https:\/\/stefanierothfotografie.de\/blog\/wp-content\/uploads\/2021\/04\/stefanierothfotografie.de_Anna-Stefan_282-2-700x468.jpg\" alt=\"\" class=\"wp-image-3800\" srcset=\"https:\/\/stefanierothfotografie.de\/blog\/wp-content\/uploads\/2021\/04\/stefanierothfotografie.de_Anna-Stefan_282-2-700x468.jpg 700w, https:\/\/stefanierothfotografie.de\/blog\/wp-content\/uploads\/2021\/04\/stefanierothfotografie.de_Anna-Stefan_282-2-300x200.jpg 300w, https:\/\/stefanierothfotografie.de\/blog\/wp-content\/uploads\/2021\/04\/stefanierothfotografie.de_Anna-Stefan_282-2-768x513.jpg 768w, https:\/\/stefanierothfotografie.de\/blog\/wp-content\/uploads\/2021\/04\/stefanierothfotografie.de_Anna-Stefan_282-2.jpg 1024w\" sizes=\"auto, (max-width: 700px) 100vw, 700px\" \/><\/figure>\n\n\n\n<figure class=\"wp-block-image size-large\"><img loading=\"lazy\" decoding=\"async\" width=\"700\" height=\"1049\" src=\"https:\/\/stefanierothfotografie.de\/blog\/wp-content\/uploads\/2021\/04\/stefanierothfotografie.de_Anna-Stefan_285-2-700x1049.jpg\" alt=\"\" class=\"wp-image-3801\" srcset=\"https:\/\/stefanierothfotografie.de\/blog\/wp-content\/uploads\/2021\/04\/stefanierothfotografie.de_Anna-Stefan_285-2-700x1049.jpg 700w, https:\/\/stefanierothfotografie.de\/blog\/wp-content\/uploads\/2021\/04\/stefanierothfotografie.de_Anna-Stefan_285-2-200x300.jpg 200w, https:\/\/stefanierothfotografie.de\/blog\/wp-content\/uploads\/2021\/04\/stefanierothfotografie.de_Anna-Stefan_285-2-768x1151.jpg 768w, https:\/\/stefanierothfotografie.de\/blog\/wp-content\/uploads\/2021\/04\/stefanierothfotografie.de_Anna-Stefan_285-2.jpg 1024w\" sizes=\"auto, (max-width: 700px) 100vw, 700px\" \/><\/figure>\n\n\n\n<h4 class=\"wp-block-heading\">S: Planung ist das A und O. Hast Du einen Tipp f\u00fcr zuk\u00fcnftige Stefanie Roth Br\u00e4ute?<\/h4>\n\n\n\n<p>A: Habt Mut! Es ist eure Hochzeit und ihr entscheidet, wie ihr den Tag gestalten und feiert wollt.<\/p>\n\n\n\n<figure class=\"wp-block-image size-large\"><img loading=\"lazy\" decoding=\"async\" width=\"700\" height=\"468\" src=\"https:\/\/stefanierothfotografie.de\/blog\/wp-content\/uploads\/2021\/04\/stefanierothfotografie.de_Anna-Stefan_297-2-700x468.jpg\" alt=\"\" class=\"wp-image-3803\" srcset=\"https:\/\/stefanierothfotografie.de\/blog\/wp-content\/uploads\/2021\/04\/stefanierothfotografie.de_Anna-Stefan_297-2-700x468.jpg 700w, https:\/\/stefanierothfotografie.de\/blog\/wp-content\/uploads\/2021\/04\/stefanierothfotografie.de_Anna-Stefan_297-2-300x200.jpg 300w, https:\/\/stefanierothfotografie.de\/blog\/wp-content\/uploads\/2021\/04\/stefanierothfotografie.de_Anna-Stefan_297-2-768x513.jpg 768w, https:\/\/stefanierothfotografie.de\/blog\/wp-content\/uploads\/2021\/04\/stefanierothfotografie.de_Anna-Stefan_297-2.jpg 1024w\" sizes=\"auto, (max-width: 700px) 100vw, 700px\" \/><\/figure>\n\n\n\n<figure class=\"wp-block-image size-large\"><img loading=\"lazy\" decoding=\"async\" width=\"700\" height=\"468\" src=\"https:\/\/stefanierothfotografie.de\/blog\/wp-content\/uploads\/2021\/04\/stefanierothfotografie.de_Anna-Stefan_298-2-700x468.jpg\" alt=\"\" class=\"wp-image-3804\" srcset=\"https:\/\/stefanierothfotografie.de\/blog\/wp-content\/uploads\/2021\/04\/stefanierothfotografie.de_Anna-Stefan_298-2-700x468.jpg 700w, https:\/\/stefanierothfotografie.de\/blog\/wp-content\/uploads\/2021\/04\/stefanierothfotografie.de_Anna-Stefan_298-2-300x200.jpg 300w, https:\/\/stefanierothfotografie.de\/blog\/wp-content\/uploads\/2021\/04\/stefanierothfotografie.de_Anna-Stefan_298-2-768x513.jpg 768w, https:\/\/stefanierothfotografie.de\/blog\/wp-content\/uploads\/2021\/04\/stefanierothfotografie.de_Anna-Stefan_298-2.jpg 1024w\" sizes=\"auto, (max-width: 700px) 100vw, 700px\" \/><\/figure>\n\n\n\n<figure class=\"wp-block-image size-large\"><img loading=\"lazy\" decoding=\"async\" width=\"700\" height=\"1049\" src=\"https:\/\/stefanierothfotografie.de\/blog\/wp-content\/uploads\/2021\/04\/stefanierothfotografie.de_Anna-Stefan_301-2-700x1049.jpg\" alt=\"\" class=\"wp-image-3805\" srcset=\"https:\/\/stefanierothfotografie.de\/blog\/wp-content\/uploads\/2021\/04\/stefanierothfotografie.de_Anna-Stefan_301-2-700x1049.jpg 700w, https:\/\/stefanierothfotografie.de\/blog\/wp-content\/uploads\/2021\/04\/stefanierothfotografie.de_Anna-Stefan_301-2-200x300.jpg 200w, https:\/\/stefanierothfotografie.de\/blog\/wp-content\/uploads\/2021\/04\/stefanierothfotografie.de_Anna-Stefan_301-2-768x1151.jpg 768w, https:\/\/stefanierothfotografie.de\/blog\/wp-content\/uploads\/2021\/04\/stefanierothfotografie.de_Anna-Stefan_301-2.jpg 1024w\" sizes=\"auto, (max-width: 700px) 100vw, 700px\" \/><\/figure>\n\n\n\n<figure class=\"wp-block-image size-large\"><img loading=\"lazy\" decoding=\"async\" width=\"700\" height=\"468\" src=\"https:\/\/stefanierothfotografie.de\/blog\/wp-content\/uploads\/2021\/04\/stefanierothfotografie.de_Anna-Stefan_310-700x468.jpg\" alt=\"\" class=\"wp-image-3807\" srcset=\"https:\/\/stefanierothfotografie.de\/blog\/wp-content\/uploads\/2021\/04\/stefanierothfotografie.de_Anna-Stefan_310-700x468.jpg 700w, https:\/\/stefanierothfotografie.de\/blog\/wp-content\/uploads\/2021\/04\/stefanierothfotografie.de_Anna-Stefan_310-300x200.jpg 300w, https:\/\/stefanierothfotografie.de\/blog\/wp-content\/uploads\/2021\/04\/stefanierothfotografie.de_Anna-Stefan_310-768x513.jpg 768w, https:\/\/stefanierothfotografie.de\/blog\/wp-content\/uploads\/2021\/04\/stefanierothfotografie.de_Anna-Stefan_310.jpg 1024w\" sizes=\"auto, (max-width: 700px) 100vw, 700px\" \/><\/figure>\n\n\n\n<figure class=\"wp-block-image size-large\"><img loading=\"lazy\" decoding=\"async\" width=\"700\" height=\"468\" src=\"https:\/\/stefanierothfotografie.de\/blog\/wp-content\/uploads\/2021\/04\/stefanierothfotografie.de_Anna-Stefan_316-2-700x468.jpg\" alt=\"\" class=\"wp-image-3808\" srcset=\"https:\/\/stefanierothfotografie.de\/blog\/wp-content\/uploads\/2021\/04\/stefanierothfotografie.de_Anna-Stefan_316-2-700x468.jpg 700w, https:\/\/stefanierothfotografie.de\/blog\/wp-content\/uploads\/2021\/04\/stefanierothfotografie.de_Anna-Stefan_316-2-300x200.jpg 300w, https:\/\/stefanierothfotografie.de\/blog\/wp-content\/uploads\/2021\/04\/stefanierothfotografie.de_Anna-Stefan_316-2-768x513.jpg 768w, https:\/\/stefanierothfotografie.de\/blog\/wp-content\/uploads\/2021\/04\/stefanierothfotografie.de_Anna-Stefan_316-2.jpg 1024w\" sizes=\"auto, (max-width: 700px) 100vw, 700px\" \/><\/figure>\n\n\n\n<figure class=\"wp-block-image size-large\"><img loading=\"lazy\" decoding=\"async\" width=\"700\" height=\"468\" src=\"https:\/\/stefanierothfotografie.de\/blog\/wp-content\/uploads\/2021\/04\/stefanierothfotografie.de_Anna-Stefan_339-2-700x468.jpg\" alt=\"\" class=\"wp-image-3809\" srcset=\"https:\/\/stefanierothfotografie.de\/blog\/wp-content\/uploads\/2021\/04\/stefanierothfotografie.de_Anna-Stefan_339-2-700x468.jpg 700w, https:\/\/stefanierothfotografie.de\/blog\/wp-content\/uploads\/2021\/04\/stefanierothfotografie.de_Anna-Stefan_339-2-300x200.jpg 300w, https:\/\/stefanierothfotografie.de\/blog\/wp-content\/uploads\/2021\/04\/stefanierothfotografie.de_Anna-Stefan_339-2-768x513.jpg 768w, https:\/\/stefanierothfotografie.de\/blog\/wp-content\/uploads\/2021\/04\/stefanierothfotografie.de_Anna-Stefan_339-2.jpg 1024w\" sizes=\"auto, (max-width: 700px) 100vw, 700px\" \/><\/figure>\n\n\n\n<figure class=\"wp-block-image size-large\"><img loading=\"lazy\" decoding=\"async\" width=\"700\" height=\"468\" src=\"https:\/\/stefanierothfotografie.de\/blog\/wp-content\/uploads\/2021\/04\/stefanierothfotografie.de_Anna-Stefan_340-2-700x468.jpg\" alt=\"\" class=\"wp-image-3810\" srcset=\"https:\/\/stefanierothfotografie.de\/blog\/wp-content\/uploads\/2021\/04\/stefanierothfotografie.de_Anna-Stefan_340-2-700x468.jpg 700w, https:\/\/stefanierothfotografie.de\/blog\/wp-content\/uploads\/2021\/04\/stefanierothfotografie.de_Anna-Stefan_340-2-300x200.jpg 300w, https:\/\/stefanierothfotografie.de\/blog\/wp-content\/uploads\/2021\/04\/stefanierothfotografie.de_Anna-Stefan_340-2-768x513.jpg 768w, https:\/\/stefanierothfotografie.de\/blog\/wp-content\/uploads\/2021\/04\/stefanierothfotografie.de_Anna-Stefan_340-2.jpg 1024w\" sizes=\"auto, (max-width: 700px) 100vw, 700px\" \/><\/figure>\n\n\n\n<figure class=\"wp-block-image size-large\"><img loading=\"lazy\" decoding=\"async\" width=\"700\" height=\"468\" src=\"https:\/\/stefanierothfotografie.de\/blog\/wp-content\/uploads\/2021\/04\/stefanierothfotografie.de_Anna-Stefan_344-2-700x468.jpg\" alt=\"\" class=\"wp-image-3811\" srcset=\"https:\/\/stefanierothfotografie.de\/blog\/wp-content\/uploads\/2021\/04\/stefanierothfotografie.de_Anna-Stefan_344-2-700x468.jpg 700w, https:\/\/stefanierothfotografie.de\/blog\/wp-content\/uploads\/2021\/04\/stefanierothfotografie.de_Anna-Stefan_344-2-300x200.jpg 300w, https:\/\/stefanierothfotografie.de\/blog\/wp-content\/uploads\/2021\/04\/stefanierothfotografie.de_Anna-Stefan_344-2-768x513.jpg 768w, https:\/\/stefanierothfotografie.de\/blog\/wp-content\/uploads\/2021\/04\/stefanierothfotografie.de_Anna-Stefan_344-2.jpg 1024w\" sizes=\"auto, (max-width: 700px) 100vw, 700px\" \/><\/figure>\n\n\n\n<figure class=\"wp-block-image size-large\"><img loading=\"lazy\" decoding=\"async\" width=\"700\" height=\"1049\" src=\"https:\/\/stefanierothfotografie.de\/blog\/wp-content\/uploads\/2021\/04\/stefanierothfotografie.de_Anna-Stefan_345-2-700x1049.jpg\" alt=\"\" class=\"wp-image-3812\" srcset=\"https:\/\/stefanierothfotografie.de\/blog\/wp-content\/uploads\/2021\/04\/stefanierothfotografie.de_Anna-Stefan_345-2-700x1049.jpg 700w, https:\/\/stefanierothfotografie.de\/blog\/wp-content\/uploads\/2021\/04\/stefanierothfotografie.de_Anna-Stefan_345-2-200x300.jpg 200w, https:\/\/stefanierothfotografie.de\/blog\/wp-content\/uploads\/2021\/04\/stefanierothfotografie.de_Anna-Stefan_345-2-768x1151.jpg 768w, https:\/\/stefanierothfotografie.de\/blog\/wp-content\/uploads\/2021\/04\/stefanierothfotografie.de_Anna-Stefan_345-2.jpg 1024w\" sizes=\"auto, (max-width: 700px) 100vw, 700px\" \/><\/figure>\n\n\n\n<h2 class=\"wp-block-heading\">Hochzeitsfotograf Attendorn  und Olpe im Sauerland<\/h2>\n\n\n\n<h4 class=\"wp-block-heading\">S: Wie empfandet ihr den Tag mit mir als Eure Hochzeitsfotografin?<\/h4>\n\n\n\n<p><em>Anna &amp; Stefan haben eine wunderbare Google-Rezension geschrieben, f\u00fcr die ich sehr dankbar bin und die ich hier mit Dir teilen m\u00f6chte:<\/em><\/p>\n\n\n\n<p>&#8222;Steffi kannten wir schon von der Hochzeit meines Bruders, wo wir sie als super sympathische Fotografin kennengelernt haben. Da uns die Fotos au\u00dferdem sehr gut gefallen haben, war es f\u00fcr uns klar, dass sie uns auch bei unserer Hochzeit im September 2020 begleiten soll.<\/p>\n\n\n\n<p>Steffi hat dazu beigetragen, dass wir trotz Corona eine wundersch\u00f6ne Hochzeit und einen unvergesslichen Tag (wenn auch im kleinen Kreis) erleben durften.<br><br>Die Kommunikation vor der Hochzeit war sehr angenehm und Steffi hat sich sehr flexibel gezeigt, als wir unsere Pl\u00e4ne notgedrungen \u00e4ndern mussten.<\/p>\n\n\n\n<p>Auch der Tag der Hochzeit lief genau wie wir uns das vorgestellt haben. Steffi ist einfach eine so angenehme Begleiterin und man merkt ihr die Freude an ihrem Job in jedem Moment an. Sie hat immer wieder tolle Ideen und schafft es dabei, die Pers\u00f6nlichkeit und Individualit\u00e4t eines jeden in den Bildern festzuhalten.<br><br>Au\u00dferdem wirkt sie niemals aufdringlich und schafft es durch ihre Art definitiv die Aufregung an einem solchen Tag ein wenig zu senken.<br><br>Und nat\u00fcrlich nicht zu vergessen, die Fotos sind einfach wundersch\u00f6n geworden und werden uns immer an unseren Tag erinnern.<\/p>\n\n\n\n<p>Wir freuen uns schon, wenn wir Steffi mal wieder sehen und wenn es sich nochmal ergibt, werden wir sie definitiv wieder buchen.<\/p>\n\n\n\n<p>Viele liebe Gr\u00fc\u00dfe<br>Stefan und Anna mit Ida&#8220;<\/p>\n\n\n\n<figure class=\"wp-block-image size-large\"><img loading=\"lazy\" decoding=\"async\" width=\"700\" height=\"468\" src=\"https:\/\/stefanierothfotografie.de\/blog\/wp-content\/uploads\/2021\/04\/stefanierothfotografie.de_Anna-Stefan_349-2-700x468.jpg\" alt=\"\" class=\"wp-image-3813\" srcset=\"https:\/\/stefanierothfotografie.de\/blog\/wp-content\/uploads\/2021\/04\/stefanierothfotografie.de_Anna-Stefan_349-2-700x468.jpg 700w, https:\/\/stefanierothfotografie.de\/blog\/wp-content\/uploads\/2021\/04\/stefanierothfotografie.de_Anna-Stefan_349-2-300x200.jpg 300w, https:\/\/stefanierothfotografie.de\/blog\/wp-content\/uploads\/2021\/04\/stefanierothfotografie.de_Anna-Stefan_349-2-768x513.jpg 768w, https:\/\/stefanierothfotografie.de\/blog\/wp-content\/uploads\/2021\/04\/stefanierothfotografie.de_Anna-Stefan_349-2.jpg 1024w\" sizes=\"auto, (max-width: 700px) 100vw, 700px\" \/><\/figure>\n\n\n\n<figure class=\"wp-block-image size-large\"><img loading=\"lazy\" decoding=\"async\" width=\"700\" height=\"1049\" src=\"https:\/\/stefanierothfotografie.de\/blog\/wp-content\/uploads\/2021\/04\/stefanierothfotografie.de_Anna-Stefan_350-2-700x1049.jpg\" alt=\"\" class=\"wp-image-3814\" srcset=\"https:\/\/stefanierothfotografie.de\/blog\/wp-content\/uploads\/2021\/04\/stefanierothfotografie.de_Anna-Stefan_350-2-700x1049.jpg 700w, https:\/\/stefanierothfotografie.de\/blog\/wp-content\/uploads\/2021\/04\/stefanierothfotografie.de_Anna-Stefan_350-2-200x300.jpg 200w, https:\/\/stefanierothfotografie.de\/blog\/wp-content\/uploads\/2021\/04\/stefanierothfotografie.de_Anna-Stefan_350-2-768x1151.jpg 768w, https:\/\/stefanierothfotografie.de\/blog\/wp-content\/uploads\/2021\/04\/stefanierothfotografie.de_Anna-Stefan_350-2.jpg 1024w\" sizes=\"auto, (max-width: 700px) 100vw, 700px\" \/><\/figure>\n\n\n\n<figure class=\"wp-block-image size-large\"><img loading=\"lazy\" decoding=\"async\" width=\"700\" height=\"1049\" src=\"https:\/\/stefanierothfotografie.de\/blog\/wp-content\/uploads\/2021\/04\/stefanierothfotografie.de_Anna-Stefan_352-2-700x1049.jpg\" alt=\"\" class=\"wp-image-3815\" srcset=\"https:\/\/stefanierothfotografie.de\/blog\/wp-content\/uploads\/2021\/04\/stefanierothfotografie.de_Anna-Stefan_352-2-700x1049.jpg 700w, https:\/\/stefanierothfotografie.de\/blog\/wp-content\/uploads\/2021\/04\/stefanierothfotografie.de_Anna-Stefan_352-2-200x300.jpg 200w, https:\/\/stefanierothfotografie.de\/blog\/wp-content\/uploads\/2021\/04\/stefanierothfotografie.de_Anna-Stefan_352-2-768x1151.jpg 768w, https:\/\/stefanierothfotografie.de\/blog\/wp-content\/uploads\/2021\/04\/stefanierothfotografie.de_Anna-Stefan_352-2.jpg 1024w\" sizes=\"auto, (max-width: 700px) 100vw, 700px\" \/><\/figure>\n\n\n\n<figure class=\"wp-block-image size-large\"><img loading=\"lazy\" decoding=\"async\" width=\"700\" height=\"468\" src=\"https:\/\/stefanierothfotografie.de\/blog\/wp-content\/uploads\/2021\/04\/stefanierothfotografie.de_Anna-Stefan_354-2-700x468.jpg\" alt=\"\" class=\"wp-image-3816\" srcset=\"https:\/\/stefanierothfotografie.de\/blog\/wp-content\/uploads\/2021\/04\/stefanierothfotografie.de_Anna-Stefan_354-2-700x468.jpg 700w, https:\/\/stefanierothfotografie.de\/blog\/wp-content\/uploads\/2021\/04\/stefanierothfotografie.de_Anna-Stefan_354-2-300x200.jpg 300w, https:\/\/stefanierothfotografie.de\/blog\/wp-content\/uploads\/2021\/04\/stefanierothfotografie.de_Anna-Stefan_354-2-768x513.jpg 768w, https:\/\/stefanierothfotografie.de\/blog\/wp-content\/uploads\/2021\/04\/stefanierothfotografie.de_Anna-Stefan_354-2.jpg 1024w\" sizes=\"auto, (max-width: 700px) 100vw, 700px\" \/><\/figure>\n\n\n\n<figure class=\"wp-block-image size-large\"><img loading=\"lazy\" decoding=\"async\" width=\"700\" height=\"468\" src=\"https:\/\/stefanierothfotografie.de\/blog\/wp-content\/uploads\/2021\/04\/stefanierothfotografie.de_Anna-Stefan_357-2-700x468.jpg\" alt=\"\" class=\"wp-image-3817\" srcset=\"https:\/\/stefanierothfotografie.de\/blog\/wp-content\/uploads\/2021\/04\/stefanierothfotografie.de_Anna-Stefan_357-2-700x468.jpg 700w, https:\/\/stefanierothfotografie.de\/blog\/wp-content\/uploads\/2021\/04\/stefanierothfotografie.de_Anna-Stefan_357-2-300x200.jpg 300w, https:\/\/stefanierothfotografie.de\/blog\/wp-content\/uploads\/2021\/04\/stefanierothfotografie.de_Anna-Stefan_357-2-768x513.jpg 768w, https:\/\/stefanierothfotografie.de\/blog\/wp-content\/uploads\/2021\/04\/stefanierothfotografie.de_Anna-Stefan_357-2.jpg 1024w\" sizes=\"auto, (max-width: 700px) 100vw, 700px\" \/><\/figure>\n\n\n\n<h2 class=\"wp-block-heading\">Wer war an Eurer Hochzeit in Attendorn beteiligt?<\/h2>\n\n\n\n<p>Ort Der Trauung: Waldenburger Kapelle in Attendorn<br>Location der Feier: eigener Garten<br>Haare &amp; Make-up: <a rel=\"noreferrer noopener nofollow\" href=\"https:\/\/vgny.de\/\" title=\"VGNY Hair & Makeup Studio In Attendorn\" target=\"_blank\">VGNY Hair &amp; Makeup Studio in Attendorn<\/a><br>Papeterie: <a rel=\"noreferrer noopener\" href=\"https:\/\/www.cottonbird.de\/\" title=\"Cottonbird\" target=\"_blank\">Cottonbird<\/a><br>Floristik: Floristik Witt in Finnentrop<br>Dekoration: mit Unterst\u00fctzung von Familie und Freunden<br>Hochzeitstransport: privat organisiert<br><strong>Hochzeitsfotograf Attendorn<\/strong>: <a href=\"http:\/\/stefanierotgfotografie.de\" title=\"Stefanie Roth\">Stefanie Roth<\/a><\/p>\n\n\n\n<p><em>Ihr Lieben, es war mir eine so gro\u00dfe Freude als Hochzeitsfotograf Attendorn Eure Hochzeit im Sauerland, die Trauung in der Kapelle Waldenburg und die liebevollen Momente der Gartenparty f\u00fcr Euch zu fotografieren. Danke, dass ich dabei sein durfte. Ich bin sicher, wir sehen und h\u00f6ren uns wieder.<\/em><\/p>\n\n\n\n<p><em><strong>Weitere Hochzeiten im Sauerland findest Du hier:<br><\/strong><\/em><a href=\"https:\/\/stefanierothfotografie.de\/blog\/hochzeitsfotograf-olpe-sauerland\/\" title=\"Caro & Dennis: Ein Sommer Ohne Ende\" target=\"_blank\" rel=\"noreferrer noopener\">Caro &amp; Dennis: Ein Sommer ohne Ende<\/a><br><a href=\"https:\/\/stefanierothfotografie.de\/blog\/scheunenhochzeit-sauerland-hochzeitsfotograf\/\" title=\"Julia & Ren\u00e9: Eine Lebendige Scheunenhochzeit Im Sauerland\" target=\"_blank\" rel=\"noreferrer noopener\">Julia &amp; Ren\u00e9: Eine lebendige Scheunenhochzeit im Sauerland<\/a><\/p>\n\n\n\n<p><br><\/p>\n","protected":false},"excerpt":{"rendered":"<p>&#8222;Hochzeitsfotograf Attendorn&#8220; \u2013 diesen Google-Suchbegriff hatten Anna und Stefan gar nicht eintippen m\u00fcssen, um mich zu finden. Wir kannten uns schon von der Hochzeit von Stefans Bruder und ich f\u00fchlte direkt gr\u00f6\u00dfte Freude, als die Mail der Beiden in meinen Posteingang flatterte. Damals hatte noch niemand gedacht, dass Anna und Stefans Hochzeit zu einer Corona-Hochzeit&hellip; <a class=\"more-link\" href=\"https:\/\/stefanierothfotografie.de\/blog\/gartenhochzeit-hochzeitsfotograf-attendorn\/\"><span class=\"screen-reader-text\">Liebevolle Gartenhochzeit in Attendorn<\/span> weiterlesen<\/a><\/p>\n","protected":false},"author":1,"featured_media":3836,"comment_status":"closed","ping_status":"open","sticky":false,"template":"","format":"standard","meta":{"footnotes":""},"categories":[45],"tags":[89,125,126,71,88,87,122,25,60,59,67,124,121,123,97],"class_list":["post-3611","post","type-post","status-publish","format-standard","has-post-thumbnail","hentry","category-real-wedding","tag-attendorn","tag-brautpaarfotos-sauerland","tag-garden-wedding-sauerland","tag-gartenhochzeit","tag-hochzeit-attendorn","tag-hochzeit-olpe","tag-hochzeit-waldenburger-bucht","tag-hochzeitsfotograf","tag-hochzeitsfotograf-attendorn","tag-hochzeitsfotograf-olpe","tag-hochzeitsfotograf-sauerland","tag-hochzeitsreportage-attendorn","tag-kapelle-waldenburg-hochzeit","tag-natuerliche-hochzeitsfotos-sauerland","tag-stefanie-roth-fotografie","entry"],"_links":{"self":[{"href":"https:\/\/stefanierothfotografie.de\/blog\/wp-json\/wp\/v2\/posts\/3611","targetHints":{"allow":["GET"]}}],"collection":[{"href":"https:\/\/stefanierothfotografie.de\/blog\/wp-json\/wp\/v2\/posts"}],"about":[{"href":"https:\/\/stefanierothfotografie.de\/blog\/wp-json\/wp\/v2\/types\/post"}],"author":[{"embeddable":true,"href":"https:\/\/stefanierothfotografie.de\/blog\/wp-json\/wp\/v2\/users\/1"}],"replies":[{"embeddable":true,"href":"https:\/\/stefanierothfotografie.de\/blog\/wp-json\/wp\/v2\/comments?post=3611"}],"version-history":[{"count":3,"href":"https:\/\/stefanierothfotografie.de\/blog\/wp-json\/wp\/v2\/posts\/3611\/revisions"}],"predecessor-version":[{"id":4451,"href":"https:\/\/stefanierothfotografie.de\/blog\/wp-json\/wp\/v2\/posts\/3611\/revisions\/4451"}],"wp:featuredmedia":[{"embeddable":true,"href":"https:\/\/stefanierothfotografie.de\/blog\/wp-json\/wp\/v2\/media\/3836"}],"wp:attachment":[{"href":"https:\/\/stefanierothfotografie.de\/blog\/wp-json\/wp\/v2\/media?parent=3611"}],"wp:term":[{"taxonomy":"category","embeddable":true,"href":"https:\/\/stefanierothfotografie.de\/blog\/wp-json\/wp\/v2\/categories?post=3611"},{"taxonomy":"post_tag","embeddable":true,"href":"https:\/\/stefanierothfotografie.de\/blog\/wp-json\/wp\/v2\/tags?post=3611"}],"curies":[{"name":"wp","href":"https:\/\/api.w.org\/{rel}","templated":true}]}}