{"id":3580,"date":"2020-07-20T16:22:47","date_gmt":"2020-07-20T14:22:47","guid":{"rendered":"https:\/\/stefanierothfotografie.de\/blog\/?p=3580"},"modified":"2025-08-08T15:35:24","modified_gmt":"2025-08-08T13:35:24","slug":"hochzeit-auf-schlossgut-gross-schwansee","status":"publish","type":"post","link":"https:\/\/stefanierothfotografie.de\/blog\/hochzeit-auf-schlossgut-gross-schwansee\/","title":{"rendered":"Hochzeit auf Schlossgut Gro\u00df Schwansee"},"content":{"rendered":"\n<p>Noch so genau erinnere ich mich an meine erste gemeinsame Hochzeit mit Linda. Sie als Hochzeitsplanerin und Inhaberin der Hochzeitsagentur <a href=\"https:\/\/www.schlipsundschleier.de\/\" title=\"Schlips+Schleier\" target=\"_blank\" rel=\"noreferrer noopener\">Schlips+Schleier<\/a> und ich als Fotografin. Der Tag war so unfassbar hei\u00df, dass wir in einer kurzen Pause gemeinsam in den Schatten fl\u00fcchteten und \u00fcberlegten, welches Kleidungsst\u00fcck wir jetzt am liebsten ablegen w\u00fcrden.<\/p>\n\n\n\n<h3 class=\"wp-block-heading\">Schlossgut Gro\u00df Schwansee: eine kleine feine Hochzeit wartet<\/h3>\n\n\n\n<p>Damals hatte ich noch nicht gedacht, dass ich es sein w\u00fcrde, der Linda ihre eigenen Hochzeitsfotos anvertraut.<\/p>\n\n\n\n<p>Einige Jahre sp\u00e4ter sitze ich aber nun im Auto, auf dem Weg nach Kalkhorst in Mecklenburg-Vorpommern. Als Hochzeitsfotografin an der Ostsee begleite ich also nun den Tag von Linda und Simon, der ein ganz besonderer werden sollte. <\/p>\n\n\n\n<p>Wie vor jeder Hochzeit ist die Vorfreude und auch ein wenig Aufregung in mir sp\u00fcrbar. Eine Hochzeit mit nur 13 G\u00e4sten auf Schlossgut Gross Schwansee hatte sich das Brautpaar gew\u00fcnscht \u2013 und als ich Lindas ansteckendes liebenswertes Lachen schon im Hotelflur h\u00f6re, wei\u00df ich, es wird ein wunderbarer Tag.<\/p>\n\n\n\n<figure class=\"wp-block-image size-large\"><img loading=\"lazy\" decoding=\"async\" width=\"1024\" height=\"684\" src=\"https:\/\/stefanierothfotografie.de\/blog\/wp-content\/uploads\/2020\/07\/stefanie-roth-hochzeitsfotograf-ostsee-001.jpg\" alt=\"\" class=\"wp-image-3431\" srcset=\"https:\/\/stefanierothfotografie.de\/blog\/wp-content\/uploads\/2020\/07\/stefanie-roth-hochzeitsfotograf-ostsee-001.jpg 1024w, https:\/\/stefanierothfotografie.de\/blog\/wp-content\/uploads\/2020\/07\/stefanie-roth-hochzeitsfotograf-ostsee-001-300x200.jpg 300w, https:\/\/stefanierothfotografie.de\/blog\/wp-content\/uploads\/2020\/07\/stefanie-roth-hochzeitsfotograf-ostsee-001-768x513.jpg 768w\" sizes=\"auto, (max-width: 1024px) 100vw, 1024px\" \/><\/figure>\n\n\n\n<figure class=\"wp-block-image size-large\"><img loading=\"lazy\" decoding=\"async\" width=\"1024\" height=\"684\" src=\"https:\/\/stefanierothfotografie.de\/blog\/wp-content\/uploads\/2020\/07\/stefanie-roth-hochzeitsfotograf-ostsee-002.jpg\" alt=\"\" class=\"wp-image-3432\" srcset=\"https:\/\/stefanierothfotografie.de\/blog\/wp-content\/uploads\/2020\/07\/stefanie-roth-hochzeitsfotograf-ostsee-002.jpg 1024w, https:\/\/stefanierothfotografie.de\/blog\/wp-content\/uploads\/2020\/07\/stefanie-roth-hochzeitsfotograf-ostsee-002-300x200.jpg 300w, https:\/\/stefanierothfotografie.de\/blog\/wp-content\/uploads\/2020\/07\/stefanie-roth-hochzeitsfotograf-ostsee-002-768x513.jpg 768w\" sizes=\"auto, (max-width: 1024px) 100vw, 1024px\" \/><\/figure>\n\n\n\n<p><em>Linda ist als Hochzeitsplanerin und Traurednerin schon \u00fcber 8 Jahre in der Hochzeitsbranche pr\u00e4sent. So war ihre eigene Hochzeit ganz sicher eine ganz besondere, aber ganz sicher auch einmalig sch\u00f6ne Herausforderung. <\/em><\/p>\n\n\n\n<p><em>Nur eine kleine Hochzeitsgesellschaft, immer wieder ruhige Momente der Zweisamkeit zwischendurch und trotzdem eine standesamtliche und kirchliche Trauung an einem Tag \u2013 das waren einige der Ziele der Beiden. Ob der Plan auf ging?<\/em><\/p>\n\n\n\n<p><strong><em>Linda, berichte mir doch mal etwas von Deiner und Simons Geschichte.<\/em><\/strong><\/p>\n\n\n\n<p>L: Ich bin sicher, der Zufall schreibt die sch\u00f6nsten Geschichten. Und so war ich im Mai 2018 im Auftrag der Liebe auf Mallorca, um zwei ganz besonders liebenswerte Herzen auf einer Finca zu trauen.<\/p>\n\n\n\n<p>Am Abend nach der Trauung habe ich leider eine b\u00f6se \u00dcberraschung in dem von mir gebuchten Hotel erlebt, so dass ich schon kurz nach der Ankunft mit Sack und Pack wieder abgereist bin.<\/p>\n\n\n\n<p>Verschlagen hat es mich dann, ziemlich wutentbrannt, nach Port Andratx.<\/p>\n\n\n\n<p>Traukleidchen aus, Sneakers an und ab in den Hafen.<\/p>\n\n\n\n<p>Vor Ort habe ich mir dann ein Restaurant ausgesucht.<\/p>\n\n\n\n<p>Da alle Pl\u00e4tze restlos ausgebucht waren, brachte die Kellnerin mich an einen Tisch, an dem ein junger super attraktiver Mann mit Sommersprossen sa\u00df, mein Simon.&nbsp;<\/p>\n\n\n\n<p>Wir haben uns auf Anhieb super verstanden und zusammen zu Abend gegessen. Wir waren im Anschluss an das Essen noch in einer Bar und unabh\u00e4ngig voneinander, haben wir uns im Nachgang berichtet, dass wir uns beide gefragt haben, was hier gerade Abgefahrenes, Wundervolles passiert.<\/p>\n\n\n\n<p>Man kann sagen, dass es Liebe auf den ersten Blick war. &nbsp;<\/p>\n\n\n\n<p>Und von dem Tag an waren wir als Team unzertrennlich.<\/p>\n\n\n\n<figure class=\"wp-block-image size-large\"><img loading=\"lazy\" decoding=\"async\" width=\"1024\" height=\"684\" src=\"https:\/\/stefanierothfotografie.de\/blog\/wp-content\/uploads\/2020\/07\/stefanie-roth-hochzeitsfotograf-ostsee-003.jpg\" alt=\"\" class=\"wp-image-3433\" srcset=\"https:\/\/stefanierothfotografie.de\/blog\/wp-content\/uploads\/2020\/07\/stefanie-roth-hochzeitsfotograf-ostsee-003.jpg 1024w, https:\/\/stefanierothfotografie.de\/blog\/wp-content\/uploads\/2020\/07\/stefanie-roth-hochzeitsfotograf-ostsee-003-300x200.jpg 300w, https:\/\/stefanierothfotografie.de\/blog\/wp-content\/uploads\/2020\/07\/stefanie-roth-hochzeitsfotograf-ostsee-003-768x513.jpg 768w\" sizes=\"auto, (max-width: 1024px) 100vw, 1024px\" \/><\/figure>\n\n\n\n<figure class=\"wp-block-image size-large\"><img loading=\"lazy\" decoding=\"async\" width=\"1024\" height=\"767\" src=\"https:\/\/stefanierothfotografie.de\/blog\/wp-content\/uploads\/2020\/07\/stefanie-roth-hochzeitsfotograf-ostsee-071.jpg\" alt=\"\" class=\"wp-image-3594\" srcset=\"https:\/\/stefanierothfotografie.de\/blog\/wp-content\/uploads\/2020\/07\/stefanie-roth-hochzeitsfotograf-ostsee-071.jpg 1024w, https:\/\/stefanierothfotografie.de\/blog\/wp-content\/uploads\/2020\/07\/stefanie-roth-hochzeitsfotograf-ostsee-071-300x225.jpg 300w, https:\/\/stefanierothfotografie.de\/blog\/wp-content\/uploads\/2020\/07\/stefanie-roth-hochzeitsfotograf-ostsee-071-768x575.jpg 768w\" sizes=\"auto, (max-width: 1024px) 100vw, 1024px\" \/><\/figure>\n\n\n\n<figure class=\"wp-block-image size-large\"><img loading=\"lazy\" decoding=\"async\" width=\"1024\" height=\"684\" src=\"https:\/\/stefanierothfotografie.de\/blog\/wp-content\/uploads\/2020\/07\/stefanie-roth-hochzeitsfotograf-ostsee-005.jpg\" alt=\"\" class=\"wp-image-3435\" srcset=\"https:\/\/stefanierothfotografie.de\/blog\/wp-content\/uploads\/2020\/07\/stefanie-roth-hochzeitsfotograf-ostsee-005.jpg 1024w, https:\/\/stefanierothfotografie.de\/blog\/wp-content\/uploads\/2020\/07\/stefanie-roth-hochzeitsfotograf-ostsee-005-300x200.jpg 300w, https:\/\/stefanierothfotografie.de\/blog\/wp-content\/uploads\/2020\/07\/stefanie-roth-hochzeitsfotograf-ostsee-005-768x513.jpg 768w\" sizes=\"auto, (max-width: 1024px) 100vw, 1024px\" \/><\/figure>\n\n\n\n<figure class=\"wp-block-image size-large\"><img loading=\"lazy\" decoding=\"async\" width=\"1024\" height=\"767\" src=\"https:\/\/stefanierothfotografie.de\/blog\/wp-content\/uploads\/2020\/07\/stefanie-roth-hochzeitsfotograf-ostsee-006.jpg\" alt=\"\" class=\"wp-image-3436\" srcset=\"https:\/\/stefanierothfotografie.de\/blog\/wp-content\/uploads\/2020\/07\/stefanie-roth-hochzeitsfotograf-ostsee-006.jpg 1024w, https:\/\/stefanierothfotografie.de\/blog\/wp-content\/uploads\/2020\/07\/stefanie-roth-hochzeitsfotograf-ostsee-006-300x225.jpg 300w, https:\/\/stefanierothfotografie.de\/blog\/wp-content\/uploads\/2020\/07\/stefanie-roth-hochzeitsfotograf-ostsee-006-768x575.jpg 768w\" sizes=\"auto, (max-width: 1024px) 100vw, 1024px\" \/><\/figure>\n\n\n\n<figure class=\"wp-block-image size-large\"><img loading=\"lazy\" decoding=\"async\" width=\"1024\" height=\"684\" src=\"https:\/\/stefanierothfotografie.de\/blog\/wp-content\/uploads\/2020\/07\/stefanie-roth-hochzeitsfotograf-ostsee-007.jpg\" alt=\"\" class=\"wp-image-3437\" srcset=\"https:\/\/stefanierothfotografie.de\/blog\/wp-content\/uploads\/2020\/07\/stefanie-roth-hochzeitsfotograf-ostsee-007.jpg 1024w, https:\/\/stefanierothfotografie.de\/blog\/wp-content\/uploads\/2020\/07\/stefanie-roth-hochzeitsfotograf-ostsee-007-300x200.jpg 300w, https:\/\/stefanierothfotografie.de\/blog\/wp-content\/uploads\/2020\/07\/stefanie-roth-hochzeitsfotograf-ostsee-007-768x513.jpg 768w\" sizes=\"auto, (max-width: 1024px) 100vw, 1024px\" \/><\/figure>\n\n\n\n<figure class=\"wp-block-image size-large\"><img loading=\"lazy\" decoding=\"async\" width=\"1024\" height=\"767\" src=\"https:\/\/stefanierothfotografie.de\/blog\/wp-content\/uploads\/2020\/07\/stefanie-roth-hochzeitsfotograf-ostsee-008.jpg\" alt=\"\" class=\"wp-image-3438\" srcset=\"https:\/\/stefanierothfotografie.de\/blog\/wp-content\/uploads\/2020\/07\/stefanie-roth-hochzeitsfotograf-ostsee-008.jpg 1024w, https:\/\/stefanierothfotografie.de\/blog\/wp-content\/uploads\/2020\/07\/stefanie-roth-hochzeitsfotograf-ostsee-008-300x225.jpg 300w, https:\/\/stefanierothfotografie.de\/blog\/wp-content\/uploads\/2020\/07\/stefanie-roth-hochzeitsfotograf-ostsee-008-768x575.jpg 768w\" sizes=\"auto, (max-width: 1024px) 100vw, 1024px\" \/><\/figure>\n\n\n\n<figure class=\"wp-block-image size-large\"><img loading=\"lazy\" decoding=\"async\" width=\"1024\" height=\"684\" src=\"https:\/\/stefanierothfotografie.de\/blog\/wp-content\/uploads\/2020\/07\/stefanie-roth-hochzeitsfotograf-ostsee-009.jpg\" alt=\"\" class=\"wp-image-3439\" srcset=\"https:\/\/stefanierothfotografie.de\/blog\/wp-content\/uploads\/2020\/07\/stefanie-roth-hochzeitsfotograf-ostsee-009.jpg 1024w, https:\/\/stefanierothfotografie.de\/blog\/wp-content\/uploads\/2020\/07\/stefanie-roth-hochzeitsfotograf-ostsee-009-300x200.jpg 300w, https:\/\/stefanierothfotografie.de\/blog\/wp-content\/uploads\/2020\/07\/stefanie-roth-hochzeitsfotograf-ostsee-009-768x513.jpg 768w\" sizes=\"auto, (max-width: 1024px) 100vw, 1024px\" \/><\/figure>\n\n\n\n<p><strong><em>Und wie ging es dann weiter? Kam dann schon der Heiratsantrag?<\/em><\/strong><\/p>\n\n\n\n<p>L: Schon im Oktober 2018, knapp 6 Monate nach unserem Kennenlernen, bin ich zu Simon an die wundersch\u00f6ne Ostsee nach <a href=\"https:\/\/www.travemuende-tourismus.de\/\" title=\"Travem\u00fcnde\" target=\"_blank\" rel=\"noreferrer noopener\">Travem\u00fcnde<\/a> gezogen, mit mir, nat\u00fcrlich auch meine gro\u00dfe Leidenschaft, meine Agentur <a href=\"https:\/\/www.schlipsundschleier.de\/\" title=\"Schlips+Schleier\" target=\"_blank\" rel=\"noreferrer noopener\">Schlips+Schleier<\/a>.<\/p>\n\n\n\n<p>Den Antrag gab es nach einem romantischen Candle Light Dinner in der Hochzeitssuite im Schlossgut Gross Schwansee, unser absoluter Happy-Romantik-Wohlf\u00fchl-Place.<\/p>\n\n\n\n<p>Und mit dem JA Wort war uns beiden direkt klar, hier wollen wir heiraten!<\/p>\n\n\n\n<figure class=\"wp-block-image size-large\"><img loading=\"lazy\" decoding=\"async\" width=\"1024\" height=\"684\" src=\"https:\/\/stefanierothfotografie.de\/blog\/wp-content\/uploads\/2020\/07\/stefanie-roth-hochzeitsfotograf-ostsee-010.jpg\" alt=\"\" class=\"wp-image-3440\" srcset=\"https:\/\/stefanierothfotografie.de\/blog\/wp-content\/uploads\/2020\/07\/stefanie-roth-hochzeitsfotograf-ostsee-010.jpg 1024w, https:\/\/stefanierothfotografie.de\/blog\/wp-content\/uploads\/2020\/07\/stefanie-roth-hochzeitsfotograf-ostsee-010-300x200.jpg 300w, https:\/\/stefanierothfotografie.de\/blog\/wp-content\/uploads\/2020\/07\/stefanie-roth-hochzeitsfotograf-ostsee-010-768x513.jpg 768w\" sizes=\"auto, (max-width: 1024px) 100vw, 1024px\" \/><\/figure>\n\n\n\n<figure class=\"wp-block-image size-large\"><img loading=\"lazy\" decoding=\"async\" width=\"1024\" height=\"684\" src=\"https:\/\/stefanierothfotografie.de\/blog\/wp-content\/uploads\/2020\/07\/stefanie-roth-hochzeitsfotograf-ostsee-011.jpg\" alt=\"Getting Ready im Schlossgut Gro\u00df Schwansee\" class=\"wp-image-3441\" srcset=\"https:\/\/stefanierothfotografie.de\/blog\/wp-content\/uploads\/2020\/07\/stefanie-roth-hochzeitsfotograf-ostsee-011.jpg 1024w, https:\/\/stefanierothfotografie.de\/blog\/wp-content\/uploads\/2020\/07\/stefanie-roth-hochzeitsfotograf-ostsee-011-300x200.jpg 300w, https:\/\/stefanierothfotografie.de\/blog\/wp-content\/uploads\/2020\/07\/stefanie-roth-hochzeitsfotograf-ostsee-011-768x513.jpg 768w\" sizes=\"auto, (max-width: 1024px) 100vw, 1024px\" \/><\/figure>\n\n\n\n<figure class=\"wp-block-image size-large\"><img loading=\"lazy\" decoding=\"async\" width=\"1024\" height=\"684\" src=\"https:\/\/stefanierothfotografie.de\/blog\/wp-content\/uploads\/2020\/07\/stefanie-roth-hochzeitsfotograf-ostsee-012.jpg\" alt=\"Ankleiden des Brautkleids im Schlossgut Gro\u00df Schwansee\" class=\"wp-image-3442\" srcset=\"https:\/\/stefanierothfotografie.de\/blog\/wp-content\/uploads\/2020\/07\/stefanie-roth-hochzeitsfotograf-ostsee-012.jpg 1024w, https:\/\/stefanierothfotografie.de\/blog\/wp-content\/uploads\/2020\/07\/stefanie-roth-hochzeitsfotograf-ostsee-012-300x200.jpg 300w, https:\/\/stefanierothfotografie.de\/blog\/wp-content\/uploads\/2020\/07\/stefanie-roth-hochzeitsfotograf-ostsee-012-768x513.jpg 768w\" sizes=\"auto, (max-width: 1024px) 100vw, 1024px\" \/><\/figure>\n\n\n\n<figure class=\"wp-block-image size-large\"><img loading=\"lazy\" decoding=\"async\" width=\"1024\" height=\"684\" src=\"https:\/\/stefanierothfotografie.de\/blog\/wp-content\/uploads\/2020\/07\/stefanie-roth-hochzeitsfotograf-ostsee-013.jpg\" alt=\"Ankleiden des Brautkleids im Schlossgut Gro\u00df Schwansee\" class=\"wp-image-3443\" srcset=\"https:\/\/stefanierothfotografie.de\/blog\/wp-content\/uploads\/2020\/07\/stefanie-roth-hochzeitsfotograf-ostsee-013.jpg 1024w, https:\/\/stefanierothfotografie.de\/blog\/wp-content\/uploads\/2020\/07\/stefanie-roth-hochzeitsfotograf-ostsee-013-300x200.jpg 300w, https:\/\/stefanierothfotografie.de\/blog\/wp-content\/uploads\/2020\/07\/stefanie-roth-hochzeitsfotograf-ostsee-013-768x513.jpg 768w\" sizes=\"auto, (max-width: 1024px) 100vw, 1024px\" \/><\/figure>\n\n\n\n<figure class=\"wp-block-image size-large\"><img loading=\"lazy\" decoding=\"async\" width=\"1024\" height=\"767\" src=\"https:\/\/stefanierothfotografie.de\/blog\/wp-content\/uploads\/2020\/07\/stefanie-roth-hochzeitsfotograf-ostsee-014.jpg\" alt=\"\" class=\"wp-image-3444\" srcset=\"https:\/\/stefanierothfotografie.de\/blog\/wp-content\/uploads\/2020\/07\/stefanie-roth-hochzeitsfotograf-ostsee-014.jpg 1024w, https:\/\/stefanierothfotografie.de\/blog\/wp-content\/uploads\/2020\/07\/stefanie-roth-hochzeitsfotograf-ostsee-014-300x225.jpg 300w, https:\/\/stefanierothfotografie.de\/blog\/wp-content\/uploads\/2020\/07\/stefanie-roth-hochzeitsfotograf-ostsee-014-768x575.jpg 768w\" sizes=\"auto, (max-width: 1024px) 100vw, 1024px\" \/><\/figure>\n\n\n\n<figure class=\"wp-block-image size-large\"><img loading=\"lazy\" decoding=\"async\" width=\"1024\" height=\"684\" src=\"https:\/\/stefanierothfotografie.de\/blog\/wp-content\/uploads\/2020\/07\/stefanie-roth-hochzeitsfotograf-ostsee-015.jpg\" alt=\"\" class=\"wp-image-3445\" srcset=\"https:\/\/stefanierothfotografie.de\/blog\/wp-content\/uploads\/2020\/07\/stefanie-roth-hochzeitsfotograf-ostsee-015.jpg 1024w, https:\/\/stefanierothfotografie.de\/blog\/wp-content\/uploads\/2020\/07\/stefanie-roth-hochzeitsfotograf-ostsee-015-300x200.jpg 300w, https:\/\/stefanierothfotografie.de\/blog\/wp-content\/uploads\/2020\/07\/stefanie-roth-hochzeitsfotograf-ostsee-015-768x513.jpg 768w\" sizes=\"auto, (max-width: 1024px) 100vw, 1024px\" \/><\/figure>\n\n\n\n<figure class=\"wp-block-image size-large\"><img loading=\"lazy\" decoding=\"async\" width=\"1024\" height=\"684\" src=\"https:\/\/stefanierothfotografie.de\/blog\/wp-content\/uploads\/2020\/07\/stefanie-roth-hochzeitsfotograf-ostsee-016.jpg\" alt=\"First Look am Strand vor der Hochzeit Schlossgut Gro\u00df Schwansee\" class=\"wp-image-3446\" srcset=\"https:\/\/stefanierothfotografie.de\/blog\/wp-content\/uploads\/2020\/07\/stefanie-roth-hochzeitsfotograf-ostsee-016.jpg 1024w, https:\/\/stefanierothfotografie.de\/blog\/wp-content\/uploads\/2020\/07\/stefanie-roth-hochzeitsfotograf-ostsee-016-300x200.jpg 300w, https:\/\/stefanierothfotografie.de\/blog\/wp-content\/uploads\/2020\/07\/stefanie-roth-hochzeitsfotograf-ostsee-016-768x513.jpg 768w\" sizes=\"auto, (max-width: 1024px) 100vw, 1024px\" \/><\/figure>\n\n\n\n<figure class=\"wp-block-image size-large\"><img loading=\"lazy\" decoding=\"async\" width=\"1024\" height=\"684\" src=\"https:\/\/stefanierothfotografie.de\/blog\/wp-content\/uploads\/2020\/07\/stefanie-roth-hochzeitsfotograf-ostsee-017.jpg\" alt=\"\" class=\"wp-image-3447\" srcset=\"https:\/\/stefanierothfotografie.de\/blog\/wp-content\/uploads\/2020\/07\/stefanie-roth-hochzeitsfotograf-ostsee-017.jpg 1024w, https:\/\/stefanierothfotografie.de\/blog\/wp-content\/uploads\/2020\/07\/stefanie-roth-hochzeitsfotograf-ostsee-017-300x200.jpg 300w, https:\/\/stefanierothfotografie.de\/blog\/wp-content\/uploads\/2020\/07\/stefanie-roth-hochzeitsfotograf-ostsee-017-768x513.jpg 768w\" sizes=\"auto, (max-width: 1024px) 100vw, 1024px\" \/><\/figure>\n\n\n\n<figure class=\"wp-block-image size-large\"><img loading=\"lazy\" decoding=\"async\" width=\"1024\" height=\"684\" src=\"https:\/\/stefanierothfotografie.de\/blog\/wp-content\/uploads\/2020\/07\/stefanie-roth-hochzeitsfotograf-ostsee-018.jpg\" alt=\"\" class=\"wp-image-3448\" srcset=\"https:\/\/stefanierothfotografie.de\/blog\/wp-content\/uploads\/2020\/07\/stefanie-roth-hochzeitsfotograf-ostsee-018.jpg 1024w, https:\/\/stefanierothfotografie.de\/blog\/wp-content\/uploads\/2020\/07\/stefanie-roth-hochzeitsfotograf-ostsee-018-300x200.jpg 300w, https:\/\/stefanierothfotografie.de\/blog\/wp-content\/uploads\/2020\/07\/stefanie-roth-hochzeitsfotograf-ostsee-018-768x513.jpg 768w\" sizes=\"auto, (max-width: 1024px) 100vw, 1024px\" \/><\/figure>\n\n\n\n<figure class=\"wp-block-image size-large\"><img loading=\"lazy\" decoding=\"async\" width=\"1024\" height=\"684\" src=\"https:\/\/stefanierothfotografie.de\/blog\/wp-content\/uploads\/2020\/07\/stefanie-roth-hochzeitsfotograf-ostsee-019.jpg\" alt=\"First-Look am Strand Schlossgut Gro\u00df Schwansee\" class=\"wp-image-3449\" srcset=\"https:\/\/stefanierothfotografie.de\/blog\/wp-content\/uploads\/2020\/07\/stefanie-roth-hochzeitsfotograf-ostsee-019.jpg 1024w, https:\/\/stefanierothfotografie.de\/blog\/wp-content\/uploads\/2020\/07\/stefanie-roth-hochzeitsfotograf-ostsee-019-300x200.jpg 300w, https:\/\/stefanierothfotografie.de\/blog\/wp-content\/uploads\/2020\/07\/stefanie-roth-hochzeitsfotograf-ostsee-019-768x513.jpg 768w\" sizes=\"auto, (max-width: 1024px) 100vw, 1024px\" \/><\/figure>\n\n\n\n<figure class=\"wp-block-image size-large\"><img loading=\"lazy\" decoding=\"async\" width=\"1024\" height=\"684\" src=\"https:\/\/stefanierothfotografie.de\/blog\/wp-content\/uploads\/2020\/07\/stefanie-roth-hochzeitsfotograf-ostsee-020.jpg\" alt=\"\" class=\"wp-image-3450\" srcset=\"https:\/\/stefanierothfotografie.de\/blog\/wp-content\/uploads\/2020\/07\/stefanie-roth-hochzeitsfotograf-ostsee-020.jpg 1024w, https:\/\/stefanierothfotografie.de\/blog\/wp-content\/uploads\/2020\/07\/stefanie-roth-hochzeitsfotograf-ostsee-020-300x200.jpg 300w, https:\/\/stefanierothfotografie.de\/blog\/wp-content\/uploads\/2020\/07\/stefanie-roth-hochzeitsfotograf-ostsee-020-768x513.jpg 768w\" sizes=\"auto, (max-width: 1024px) 100vw, 1024px\" \/><\/figure>\n\n\n\n<figure class=\"wp-block-image size-large\"><img loading=\"lazy\" decoding=\"async\" width=\"1024\" height=\"684\" src=\"https:\/\/stefanierothfotografie.de\/blog\/wp-content\/uploads\/2020\/07\/stefanie-roth-hochzeitsfotograf-ostsee-021.jpg\" alt=\"\" class=\"wp-image-3451\" srcset=\"https:\/\/stefanierothfotografie.de\/blog\/wp-content\/uploads\/2020\/07\/stefanie-roth-hochzeitsfotograf-ostsee-021.jpg 1024w, https:\/\/stefanierothfotografie.de\/blog\/wp-content\/uploads\/2020\/07\/stefanie-roth-hochzeitsfotograf-ostsee-021-300x200.jpg 300w, https:\/\/stefanierothfotografie.de\/blog\/wp-content\/uploads\/2020\/07\/stefanie-roth-hochzeitsfotograf-ostsee-021-768x513.jpg 768w\" sizes=\"auto, (max-width: 1024px) 100vw, 1024px\" \/><\/figure>\n\n\n\n<figure class=\"wp-block-image size-large\"><img loading=\"lazy\" decoding=\"async\" width=\"1024\" height=\"767\" src=\"https:\/\/stefanierothfotografie.de\/blog\/wp-content\/uploads\/2020\/07\/stefanie-roth-hochzeitsfotograf-ostsee-022.jpg\" alt=\"\" class=\"wp-image-3452\" srcset=\"https:\/\/stefanierothfotografie.de\/blog\/wp-content\/uploads\/2020\/07\/stefanie-roth-hochzeitsfotograf-ostsee-022.jpg 1024w, https:\/\/stefanierothfotografie.de\/blog\/wp-content\/uploads\/2020\/07\/stefanie-roth-hochzeitsfotograf-ostsee-022-300x225.jpg 300w, https:\/\/stefanierothfotografie.de\/blog\/wp-content\/uploads\/2020\/07\/stefanie-roth-hochzeitsfotograf-ostsee-022-768x575.jpg 768w\" sizes=\"auto, (max-width: 1024px) 100vw, 1024px\" \/><\/figure>\n\n\n\n<p><strong><em>Erz\u00e4hl etwas zu Eurem Styling.<\/em><\/strong> <em><strong>Wie hast Du Dein Kleid gefunden?<\/strong><\/em><\/p>\n\n\n\n<p>L: Simon hat sich f\u00fcr ein ma\u00dfgeschneiderten Anzug des Hamburger Ma\u00dfschneiders <a href=\"https:\/\/www.rooks-rocks.com\/\" title=\"Rooks&Rocks\" title=\"S\" title=\"K\" title=\"Rooks&Roc\">Rooks&amp;Roc<\/a><a href=\"https:\/\/www.rooks-rocks.com\/\" title=\"Rooks&Rocks\" title=\"S\" title=\"K\" title=\"Rooks&Roc\" target=\"_blank\" rel=\"noreferrer noopener\">k<\/a><a href=\"https:\/\/www.rooks-rocks.com\/\" title=\"Rooks&Rocks\" title=\"S\" title=\"K\" title=\"Rooks&Roc\">s<\/a> entschieden. Vor der kirchlichen Trauung hat er seine Sneakers in schicke Wildledertreter mit Tassel getauscht.<\/p>\n\n\n\n<p>F\u00fcr meine Kleidersuche bin ich extra 500 km in die Heimat zur <a href=\"https:\/\/herzbraut.de\/\" title=\"Herzbraut\" target=\"_blank\" rel=\"noreferrer noopener\">Herzbraut<\/a> Boutique gefahren. Entschieden habe ich mich f\u00fcr das erste Kleid, welches ich anprobiert habe.<\/p>\n\n\n\n<p>In \u201eHearst Gown\u201c von <a href=\"https:\/\/www.watters.com\/willowby\/willowby-brides\/\" title=\"Willowby By Watters\" target=\"_blank\" rel=\"noreferrer noopener\">Willowby by Watters<\/a> habe ich mich auf Anhieb wohlgef\u00fchlt.<\/p>\n\n\n\n<p>F\u00fcr die Trauungen habe ich einen langen mit 3D Blumen bestickten Schleier getragen den ich vor dem Kaffee trinken gegen einen h\u00fcbschen Haarkranz ausgetauscht habe.<\/p>\n\n\n\n<p>F\u00fcr den Tag als Braut habe ich drei Paar Schuhe vorbereitet, die ich auch alle samt, High Heel, Flat Heel und Sandale, abwechselnd getragen habe.<\/p>\n\n\n\n<p>Bei meinem Ohrschmuck war es auch direkt Liebe auf den ersten Blick. Die Herzen von <a href=\"https:\/\/ninakastens.com\/\" title=\"Nina Kastens\" target=\"_blank\" rel=\"noreferrer noopener\">Nina Kastens<\/a> haben einfach perfekt zu mir gepasst.<\/p>\n\n\n\n<p>Das Make up &amp; Hair Styling hat die liebe <a href=\"https:\/\/www.brautstylistin-krystina.com\/\" title=\"Brautstylistin Krystina\" title=\"Krystina\" target=\"_blank\" rel=\"noreferrer noopener\">Krystina<\/a> \u00fcbernommen, die es sicher nicht leicht mit mir hatte. Da ich alles, nur nicht zu doll geschminkt und zu doll fertig gemacht aussehen wollte, war es auch f\u00fcr mich gar nicht so einfach den finalen Look zu finden. Krystina, hat den nat\u00fcrlichen Look aber genau so hinbekommen, wie ich es mir vorgestellt habe. Die kleine 80\u2019s Tolle haben wir ganz spontan beim Styling am Hochzeitstag dazu gezaubert.<\/p>\n\n\n\n<figure class=\"wp-block-image size-large\"><img loading=\"lazy\" decoding=\"async\" width=\"1024\" height=\"684\" src=\"https:\/\/stefanierothfotografie.de\/blog\/wp-content\/uploads\/2020\/07\/stefanie-roth-hochzeitsfotograf-ostsee-023.jpg\" alt=\"Brautpaar am Strand bei Schlossgut Gro\u00df Schwansee\" class=\"wp-image-3453\" srcset=\"https:\/\/stefanierothfotografie.de\/blog\/wp-content\/uploads\/2020\/07\/stefanie-roth-hochzeitsfotograf-ostsee-023.jpg 1024w, https:\/\/stefanierothfotografie.de\/blog\/wp-content\/uploads\/2020\/07\/stefanie-roth-hochzeitsfotograf-ostsee-023-300x200.jpg 300w, https:\/\/stefanierothfotografie.de\/blog\/wp-content\/uploads\/2020\/07\/stefanie-roth-hochzeitsfotograf-ostsee-023-768x513.jpg 768w\" sizes=\"auto, (max-width: 1024px) 100vw, 1024px\" \/><\/figure>\n\n\n\n<figure class=\"wp-block-image size-large\"><img loading=\"lazy\" decoding=\"async\" width=\"1024\" height=\"684\" src=\"https:\/\/stefanierothfotografie.de\/blog\/wp-content\/uploads\/2020\/07\/stefanie-roth-hochzeitsfotograf-ostsee-024.jpg\" alt=\"Brautpaar am Strand beim Schlossgut Gro\u00df Schwansee\" class=\"wp-image-3454\" srcset=\"https:\/\/stefanierothfotografie.de\/blog\/wp-content\/uploads\/2020\/07\/stefanie-roth-hochzeitsfotograf-ostsee-024.jpg 1024w, https:\/\/stefanierothfotografie.de\/blog\/wp-content\/uploads\/2020\/07\/stefanie-roth-hochzeitsfotograf-ostsee-024-300x200.jpg 300w, https:\/\/stefanierothfotografie.de\/blog\/wp-content\/uploads\/2020\/07\/stefanie-roth-hochzeitsfotograf-ostsee-024-768x513.jpg 768w\" sizes=\"auto, (max-width: 1024px) 100vw, 1024px\" \/><\/figure>\n\n\n\n<figure class=\"wp-block-image size-large\"><img loading=\"lazy\" decoding=\"async\" width=\"1024\" height=\"684\" src=\"https:\/\/stefanierothfotografie.de\/blog\/wp-content\/uploads\/2020\/07\/stefanie-roth-hochzeitsfotograf-ostsee-025-1.jpg\" alt=\"Schlossgut Gro\u00df Schwansee\" class=\"wp-image-3457\" srcset=\"https:\/\/stefanierothfotografie.de\/blog\/wp-content\/uploads\/2020\/07\/stefanie-roth-hochzeitsfotograf-ostsee-025-1.jpg 1024w, https:\/\/stefanierothfotografie.de\/blog\/wp-content\/uploads\/2020\/07\/stefanie-roth-hochzeitsfotograf-ostsee-025-1-300x200.jpg 300w, https:\/\/stefanierothfotografie.de\/blog\/wp-content\/uploads\/2020\/07\/stefanie-roth-hochzeitsfotograf-ostsee-025-1-768x513.jpg 768w\" sizes=\"auto, (max-width: 1024px) 100vw, 1024px\" \/><\/figure>\n\n\n\n<figure class=\"wp-block-image size-large\"><img loading=\"lazy\" decoding=\"async\" width=\"1024\" height=\"767\" src=\"https:\/\/stefanierothfotografie.de\/blog\/wp-content\/uploads\/2020\/07\/stefanie-roth-hochzeitsfotograf-ostsee-026.jpg\" alt=\"\" class=\"wp-image-3459\" srcset=\"https:\/\/stefanierothfotografie.de\/blog\/wp-content\/uploads\/2020\/07\/stefanie-roth-hochzeitsfotograf-ostsee-026.jpg 1024w, https:\/\/stefanierothfotografie.de\/blog\/wp-content\/uploads\/2020\/07\/stefanie-roth-hochzeitsfotograf-ostsee-026-300x225.jpg 300w, https:\/\/stefanierothfotografie.de\/blog\/wp-content\/uploads\/2020\/07\/stefanie-roth-hochzeitsfotograf-ostsee-026-768x575.jpg 768w\" sizes=\"auto, (max-width: 1024px) 100vw, 1024px\" \/><\/figure>\n\n\n\n<figure class=\"wp-block-image size-large\"><img loading=\"lazy\" decoding=\"async\" width=\"1024\" height=\"684\" src=\"https:\/\/stefanierothfotografie.de\/blog\/wp-content\/uploads\/2020\/07\/stefanie-roth-hochzeitsfotograf-ostsee-027.jpg\" alt=\"\" class=\"wp-image-3456\" srcset=\"https:\/\/stefanierothfotografie.de\/blog\/wp-content\/uploads\/2020\/07\/stefanie-roth-hochzeitsfotograf-ostsee-027.jpg 1024w, https:\/\/stefanierothfotografie.de\/blog\/wp-content\/uploads\/2020\/07\/stefanie-roth-hochzeitsfotograf-ostsee-027-300x200.jpg 300w, https:\/\/stefanierothfotografie.de\/blog\/wp-content\/uploads\/2020\/07\/stefanie-roth-hochzeitsfotograf-ostsee-027-768x513.jpg 768w\" sizes=\"auto, (max-width: 1024px) 100vw, 1024px\" \/><\/figure>\n\n\n\n<figure class=\"wp-block-image size-large\"><img loading=\"lazy\" decoding=\"async\" width=\"1024\" height=\"684\" src=\"https:\/\/stefanierothfotografie.de\/blog\/wp-content\/uploads\/2020\/07\/stefanie-roth-hochzeitsfotograf-ostsee-028.jpg\" alt=\"\" class=\"wp-image-3462\" srcset=\"https:\/\/stefanierothfotografie.de\/blog\/wp-content\/uploads\/2020\/07\/stefanie-roth-hochzeitsfotograf-ostsee-028.jpg 1024w, https:\/\/stefanierothfotografie.de\/blog\/wp-content\/uploads\/2020\/07\/stefanie-roth-hochzeitsfotograf-ostsee-028-300x200.jpg 300w, https:\/\/stefanierothfotografie.de\/blog\/wp-content\/uploads\/2020\/07\/stefanie-roth-hochzeitsfotograf-ostsee-028-768x513.jpg 768w\" sizes=\"auto, (max-width: 1024px) 100vw, 1024px\" \/><\/figure>\n\n\n\n<figure class=\"wp-block-image size-large\"><img loading=\"lazy\" decoding=\"async\" width=\"1024\" height=\"684\" src=\"https:\/\/stefanierothfotografie.de\/blog\/wp-content\/uploads\/2020\/07\/stefanie-roth-hochzeitsfotograf-ostsee-029.jpg\" alt=\"Standesamtliche Trauung im Saal vom Schlossgut Gro\u00df Schwansee\" class=\"wp-image-3463\" srcset=\"https:\/\/stefanierothfotografie.de\/blog\/wp-content\/uploads\/2020\/07\/stefanie-roth-hochzeitsfotograf-ostsee-029.jpg 1024w, https:\/\/stefanierothfotografie.de\/blog\/wp-content\/uploads\/2020\/07\/stefanie-roth-hochzeitsfotograf-ostsee-029-300x200.jpg 300w, https:\/\/stefanierothfotografie.de\/blog\/wp-content\/uploads\/2020\/07\/stefanie-roth-hochzeitsfotograf-ostsee-029-768x513.jpg 768w\" sizes=\"auto, (max-width: 1024px) 100vw, 1024px\" \/><\/figure>\n\n\n\n<figure class=\"wp-block-image size-large\"><img loading=\"lazy\" decoding=\"async\" width=\"1024\" height=\"767\" src=\"https:\/\/stefanierothfotografie.de\/blog\/wp-content\/uploads\/2020\/07\/stefanie-roth-hochzeitsfotograf-ostsee-030.jpg\" alt=\"\" class=\"wp-image-3461\" srcset=\"https:\/\/stefanierothfotografie.de\/blog\/wp-content\/uploads\/2020\/07\/stefanie-roth-hochzeitsfotograf-ostsee-030.jpg 1024w, https:\/\/stefanierothfotografie.de\/blog\/wp-content\/uploads\/2020\/07\/stefanie-roth-hochzeitsfotograf-ostsee-030-300x225.jpg 300w, https:\/\/stefanierothfotografie.de\/blog\/wp-content\/uploads\/2020\/07\/stefanie-roth-hochzeitsfotograf-ostsee-030-768x575.jpg 768w\" sizes=\"auto, (max-width: 1024px) 100vw, 1024px\" \/><\/figure>\n\n\n\n<p><strong><em>Ein besonderer Moment w\u00e4hrend der standesamtlichen Trauung?<\/em><\/strong><\/p>\n\n\n\n<p>L: Ein f\u00fcr mich pers\u00f6nliches Highlight habe ich in der Trauung meinem Simon gewidmet.<\/p>\n\n\n\n<p>Obwohl ich nicht singen kann und keinerlei Erfahrung in dem Bereich habe, habe ich heimlich in der Musik Pop Schule ein Liedeinstudiert, welches ich ihm mit weichen Knien, zittriger Stimme und einem Puls im Turbogang vorgesungenhabe.&nbsp;<\/p>\n\n\n\n<p>Das Vortragen war eine gro\u00dfe \u00dcberwindung f\u00fcr mich und hat mir einmal mehr gezeigt, wie sehr die Liebe von Simon mich befl\u00fcgelt und was dadurch alles m\u00f6glich ist.<\/p>\n\n\n\n<figure class=\"wp-block-image size-large\"><img loading=\"lazy\" decoding=\"async\" width=\"1024\" height=\"767\" src=\"https:\/\/stefanierothfotografie.de\/blog\/wp-content\/uploads\/2020\/07\/stefanie-roth-hochzeitsfotograf-ostsee-031.jpg\" alt=\"\" class=\"wp-image-3465\" srcset=\"https:\/\/stefanierothfotografie.de\/blog\/wp-content\/uploads\/2020\/07\/stefanie-roth-hochzeitsfotograf-ostsee-031.jpg 1024w, https:\/\/stefanierothfotografie.de\/blog\/wp-content\/uploads\/2020\/07\/stefanie-roth-hochzeitsfotograf-ostsee-031-300x225.jpg 300w, https:\/\/stefanierothfotografie.de\/blog\/wp-content\/uploads\/2020\/07\/stefanie-roth-hochzeitsfotograf-ostsee-031-768x575.jpg 768w\" sizes=\"auto, (max-width: 1024px) 100vw, 1024px\" \/><\/figure>\n\n\n\n<figure class=\"wp-block-image size-large\"><img loading=\"lazy\" decoding=\"async\" width=\"1024\" height=\"684\" src=\"https:\/\/stefanierothfotografie.de\/blog\/wp-content\/uploads\/2020\/07\/stefanie-roth-hochzeitsfotograf-ostsee-032.jpg\" alt=\"\" class=\"wp-image-3460\" srcset=\"https:\/\/stefanierothfotografie.de\/blog\/wp-content\/uploads\/2020\/07\/stefanie-roth-hochzeitsfotograf-ostsee-032.jpg 1024w, https:\/\/stefanierothfotografie.de\/blog\/wp-content\/uploads\/2020\/07\/stefanie-roth-hochzeitsfotograf-ostsee-032-300x200.jpg 300w, https:\/\/stefanierothfotografie.de\/blog\/wp-content\/uploads\/2020\/07\/stefanie-roth-hochzeitsfotograf-ostsee-032-768x513.jpg 768w\" sizes=\"auto, (max-width: 1024px) 100vw, 1024px\" \/><\/figure>\n\n\n\n<figure class=\"wp-block-image size-large\"><img loading=\"lazy\" decoding=\"async\" width=\"1024\" height=\"767\" src=\"https:\/\/stefanierothfotografie.de\/blog\/wp-content\/uploads\/2020\/07\/stefanie-roth-hochzeitsfotograf-ostsee-033.jpg\" alt=\"\" class=\"wp-image-3458\" srcset=\"https:\/\/stefanierothfotografie.de\/blog\/wp-content\/uploads\/2020\/07\/stefanie-roth-hochzeitsfotograf-ostsee-033.jpg 1024w, https:\/\/stefanierothfotografie.de\/blog\/wp-content\/uploads\/2020\/07\/stefanie-roth-hochzeitsfotograf-ostsee-033-300x225.jpg 300w, https:\/\/stefanierothfotografie.de\/blog\/wp-content\/uploads\/2020\/07\/stefanie-roth-hochzeitsfotograf-ostsee-033-768x575.jpg 768w\" sizes=\"auto, (max-width: 1024px) 100vw, 1024px\" \/><\/figure>\n\n\n\n<figure class=\"wp-block-image size-large\"><img loading=\"lazy\" decoding=\"async\" width=\"1024\" height=\"684\" src=\"https:\/\/stefanierothfotografie.de\/blog\/wp-content\/uploads\/2020\/07\/stefanie-roth-hochzeitsfotograf-ostsee-035.jpg\" alt=\"\" class=\"wp-image-3466\" srcset=\"https:\/\/stefanierothfotografie.de\/blog\/wp-content\/uploads\/2020\/07\/stefanie-roth-hochzeitsfotograf-ostsee-035.jpg 1024w, https:\/\/stefanierothfotografie.de\/blog\/wp-content\/uploads\/2020\/07\/stefanie-roth-hochzeitsfotograf-ostsee-035-300x200.jpg 300w, https:\/\/stefanierothfotografie.de\/blog\/wp-content\/uploads\/2020\/07\/stefanie-roth-hochzeitsfotograf-ostsee-035-768x513.jpg 768w\" sizes=\"auto, (max-width: 1024px) 100vw, 1024px\" \/><\/figure>\n\n\n\n<div class=\"wp-block-image\"><figure class=\"aligncenter size-large\"><img loading=\"lazy\" decoding=\"async\" width=\"1024\" height=\"767\" src=\"https:\/\/stefanierothfotografie.de\/blog\/wp-content\/uploads\/2020\/07\/stefanie-roth-hochzeitsfotograf-ostsee-067.jpg\" alt=\"\" class=\"wp-image-3570\" srcset=\"https:\/\/stefanierothfotografie.de\/blog\/wp-content\/uploads\/2020\/07\/stefanie-roth-hochzeitsfotograf-ostsee-067.jpg 1024w, https:\/\/stefanierothfotografie.de\/blog\/wp-content\/uploads\/2020\/07\/stefanie-roth-hochzeitsfotograf-ostsee-067-300x225.jpg 300w, https:\/\/stefanierothfotografie.de\/blog\/wp-content\/uploads\/2020\/07\/stefanie-roth-hochzeitsfotograf-ostsee-067-768x575.jpg 768w\" sizes=\"auto, (max-width: 1024px) 100vw, 1024px\" \/><\/figure><\/div>\n\n\n\n<figure class=\"wp-block-image size-large\"><img loading=\"lazy\" decoding=\"async\" width=\"1024\" height=\"684\" src=\"https:\/\/stefanierothfotografie.de\/blog\/wp-content\/uploads\/2020\/07\/stefanie-roth-hochzeitsfotograf-ostsee-036.jpg\" alt=\"\" class=\"wp-image-3464\" srcset=\"https:\/\/stefanierothfotografie.de\/blog\/wp-content\/uploads\/2020\/07\/stefanie-roth-hochzeitsfotograf-ostsee-036.jpg 1024w, https:\/\/stefanierothfotografie.de\/blog\/wp-content\/uploads\/2020\/07\/stefanie-roth-hochzeitsfotograf-ostsee-036-300x200.jpg 300w, https:\/\/stefanierothfotografie.de\/blog\/wp-content\/uploads\/2020\/07\/stefanie-roth-hochzeitsfotograf-ostsee-036-768x513.jpg 768w\" sizes=\"auto, (max-width: 1024px) 100vw, 1024px\" \/><\/figure>\n\n\n\n<figure class=\"wp-block-image size-large\"><img loading=\"lazy\" decoding=\"async\" width=\"1024\" height=\"767\" src=\"https:\/\/stefanierothfotografie.de\/blog\/wp-content\/uploads\/2020\/07\/stefanie-roth-hochzeitsfotograf-ostsee-037.jpg\" alt=\"\" class=\"wp-image-3468\" srcset=\"https:\/\/stefanierothfotografie.de\/blog\/wp-content\/uploads\/2020\/07\/stefanie-roth-hochzeitsfotograf-ostsee-037.jpg 1024w, https:\/\/stefanierothfotografie.de\/blog\/wp-content\/uploads\/2020\/07\/stefanie-roth-hochzeitsfotograf-ostsee-037-300x225.jpg 300w, https:\/\/stefanierothfotografie.de\/blog\/wp-content\/uploads\/2020\/07\/stefanie-roth-hochzeitsfotograf-ostsee-037-768x575.jpg 768w\" sizes=\"auto, (max-width: 1024px) 100vw, 1024px\" \/><\/figure>\n\n\n\n<figure class=\"wp-block-image size-large\"><img loading=\"lazy\" decoding=\"async\" width=\"1024\" height=\"684\" src=\"https:\/\/stefanierothfotografie.de\/blog\/wp-content\/uploads\/2020\/07\/stefanie-roth-hochzeitsfotograf-ostsee-038.jpg\" alt=\"\" class=\"wp-image-3470\" srcset=\"https:\/\/stefanierothfotografie.de\/blog\/wp-content\/uploads\/2020\/07\/stefanie-roth-hochzeitsfotograf-ostsee-038.jpg 1024w, https:\/\/stefanierothfotografie.de\/blog\/wp-content\/uploads\/2020\/07\/stefanie-roth-hochzeitsfotograf-ostsee-038-300x200.jpg 300w, https:\/\/stefanierothfotografie.de\/blog\/wp-content\/uploads\/2020\/07\/stefanie-roth-hochzeitsfotograf-ostsee-038-768x513.jpg 768w\" sizes=\"auto, (max-width: 1024px) 100vw, 1024px\" \/><\/figure>\n\n\n\n<figure class=\"wp-block-image size-large\"><img loading=\"lazy\" decoding=\"async\" width=\"1024\" height=\"684\" src=\"https:\/\/stefanierothfotografie.de\/blog\/wp-content\/uploads\/2020\/07\/stefanie-roth-hochzeitsfotograf-ostsee-039.jpg\" alt=\"\" class=\"wp-image-3469\" srcset=\"https:\/\/stefanierothfotografie.de\/blog\/wp-content\/uploads\/2020\/07\/stefanie-roth-hochzeitsfotograf-ostsee-039.jpg 1024w, https:\/\/stefanierothfotografie.de\/blog\/wp-content\/uploads\/2020\/07\/stefanie-roth-hochzeitsfotograf-ostsee-039-300x200.jpg 300w, https:\/\/stefanierothfotografie.de\/blog\/wp-content\/uploads\/2020\/07\/stefanie-roth-hochzeitsfotograf-ostsee-039-768x513.jpg 768w\" sizes=\"auto, (max-width: 1024px) 100vw, 1024px\" \/><\/figure>\n\n\n\n<figure class=\"wp-block-image size-large\"><img loading=\"lazy\" decoding=\"async\" width=\"1024\" height=\"684\" src=\"https:\/\/stefanierothfotografie.de\/blog\/wp-content\/uploads\/2020\/07\/stefanie-roth-hochzeitsfotograf-ostsee-040.jpg\" alt=\"\" class=\"wp-image-3472\" srcset=\"https:\/\/stefanierothfotografie.de\/blog\/wp-content\/uploads\/2020\/07\/stefanie-roth-hochzeitsfotograf-ostsee-040.jpg 1024w, https:\/\/stefanierothfotografie.de\/blog\/wp-content\/uploads\/2020\/07\/stefanie-roth-hochzeitsfotograf-ostsee-040-300x200.jpg 300w, https:\/\/stefanierothfotografie.de\/blog\/wp-content\/uploads\/2020\/07\/stefanie-roth-hochzeitsfotograf-ostsee-040-768x513.jpg 768w\" sizes=\"auto, (max-width: 1024px) 100vw, 1024px\" \/><\/figure>\n\n\n\n<figure class=\"wp-block-image size-large\"><img loading=\"lazy\" decoding=\"async\" width=\"1024\" height=\"684\" src=\"https:\/\/stefanierothfotografie.de\/blog\/wp-content\/uploads\/2020\/07\/stefanie-roth-hochzeitsfotograf-ostsee-041.jpg\" alt=\"\" class=\"wp-image-3471\" srcset=\"https:\/\/stefanierothfotografie.de\/blog\/wp-content\/uploads\/2020\/07\/stefanie-roth-hochzeitsfotograf-ostsee-041.jpg 1024w, https:\/\/stefanierothfotografie.de\/blog\/wp-content\/uploads\/2020\/07\/stefanie-roth-hochzeitsfotograf-ostsee-041-300x200.jpg 300w, https:\/\/stefanierothfotografie.de\/blog\/wp-content\/uploads\/2020\/07\/stefanie-roth-hochzeitsfotograf-ostsee-041-768x513.jpg 768w\" sizes=\"auto, (max-width: 1024px) 100vw, 1024px\" \/><\/figure>\n\n\n\n<figure class=\"wp-block-image size-large\"><img loading=\"lazy\" decoding=\"async\" width=\"1024\" height=\"767\" src=\"https:\/\/stefanierothfotografie.de\/blog\/wp-content\/uploads\/2020\/07\/stefanie-roth-hochzeitsfotograf-ostsee-069.jpg\" alt=\"\" class=\"wp-image-3572\" srcset=\"https:\/\/stefanierothfotografie.de\/blog\/wp-content\/uploads\/2020\/07\/stefanie-roth-hochzeitsfotograf-ostsee-069.jpg 1024w, https:\/\/stefanierothfotografie.de\/blog\/wp-content\/uploads\/2020\/07\/stefanie-roth-hochzeitsfotograf-ostsee-069-300x225.jpg 300w, https:\/\/stefanierothfotografie.de\/blog\/wp-content\/uploads\/2020\/07\/stefanie-roth-hochzeitsfotograf-ostsee-069-768x575.jpg 768w\" sizes=\"auto, (max-width: 1024px) 100vw, 1024px\" \/><\/figure>\n\n\n\n<p><strong>Es gab eine kleine Panne auf dem Weg zur Kirche, richtig?<\/strong><\/p>\n\n\n\n<p>L: Auf dem Weg zur Kirche habe ich festgestellt, dass mein Brautstrau\u00df fehlt. Wir mussten umdrehen und circa 6 km wieder zur\u00fcckfahren.<\/p>\n\n\n\n<p>Dank Papas schnellem Auto und dem Fu\u00df auf dem Gas, haben wir aber alles just-good-in-time relativ entspannt geschafft.<\/p>\n\n\n\n<figure class=\"wp-block-image size-large\"><img loading=\"lazy\" decoding=\"async\" width=\"1024\" height=\"684\" src=\"https:\/\/stefanierothfotografie.de\/blog\/wp-content\/uploads\/2020\/07\/stefanie-roth-hochzeitsfotograf-ostsee-044.jpg\" alt=\"\" class=\"wp-image-3473\" srcset=\"https:\/\/stefanierothfotografie.de\/blog\/wp-content\/uploads\/2020\/07\/stefanie-roth-hochzeitsfotograf-ostsee-044.jpg 1024w, https:\/\/stefanierothfotografie.de\/blog\/wp-content\/uploads\/2020\/07\/stefanie-roth-hochzeitsfotograf-ostsee-044-300x200.jpg 300w, https:\/\/stefanierothfotografie.de\/blog\/wp-content\/uploads\/2020\/07\/stefanie-roth-hochzeitsfotograf-ostsee-044-768x513.jpg 768w\" sizes=\"auto, (max-width: 1024px) 100vw, 1024px\" \/><\/figure>\n\n\n\n<figure class=\"wp-block-image size-large\"><img loading=\"lazy\" decoding=\"async\" width=\"1024\" height=\"684\" src=\"https:\/\/stefanierothfotografie.de\/blog\/wp-content\/uploads\/2020\/07\/stefanie-roth-hochzeitsfotograf-ostsee-070.jpg\" alt=\"\" class=\"wp-image-3573\" srcset=\"https:\/\/stefanierothfotografie.de\/blog\/wp-content\/uploads\/2020\/07\/stefanie-roth-hochzeitsfotograf-ostsee-070.jpg 1024w, https:\/\/stefanierothfotografie.de\/blog\/wp-content\/uploads\/2020\/07\/stefanie-roth-hochzeitsfotograf-ostsee-070-300x200.jpg 300w, https:\/\/stefanierothfotografie.de\/blog\/wp-content\/uploads\/2020\/07\/stefanie-roth-hochzeitsfotograf-ostsee-070-768x513.jpg 768w\" sizes=\"auto, (max-width: 1024px) 100vw, 1024px\" \/><\/figure>\n\n\n\n<figure class=\"wp-block-image size-large\"><img loading=\"lazy\" decoding=\"async\" width=\"1024\" height=\"684\" src=\"https:\/\/stefanierothfotografie.de\/blog\/wp-content\/uploads\/2020\/07\/stefanie-roth-hochzeitsfotograf-ostsee-045.jpg\" alt=\"\" class=\"wp-image-3476\" srcset=\"https:\/\/stefanierothfotografie.de\/blog\/wp-content\/uploads\/2020\/07\/stefanie-roth-hochzeitsfotograf-ostsee-045.jpg 1024w, https:\/\/stefanierothfotografie.de\/blog\/wp-content\/uploads\/2020\/07\/stefanie-roth-hochzeitsfotograf-ostsee-045-300x200.jpg 300w, https:\/\/stefanierothfotografie.de\/blog\/wp-content\/uploads\/2020\/07\/stefanie-roth-hochzeitsfotograf-ostsee-045-768x513.jpg 768w\" sizes=\"auto, (max-width: 1024px) 100vw, 1024px\" \/><\/figure>\n\n\n\n<figure class=\"wp-block-image size-large\"><img loading=\"lazy\" decoding=\"async\" width=\"1024\" height=\"767\" src=\"https:\/\/stefanierothfotografie.de\/blog\/wp-content\/uploads\/2020\/07\/stefanie-roth-hochzeitsfotograf-ostsee-068.jpg\" alt=\"\" class=\"wp-image-3571\" srcset=\"https:\/\/stefanierothfotografie.de\/blog\/wp-content\/uploads\/2020\/07\/stefanie-roth-hochzeitsfotograf-ostsee-068.jpg 1024w, https:\/\/stefanierothfotografie.de\/blog\/wp-content\/uploads\/2020\/07\/stefanie-roth-hochzeitsfotograf-ostsee-068-300x225.jpg 300w, https:\/\/stefanierothfotografie.de\/blog\/wp-content\/uploads\/2020\/07\/stefanie-roth-hochzeitsfotograf-ostsee-068-768x575.jpg 768w\" sizes=\"auto, (max-width: 1024px) 100vw, 1024px\" \/><\/figure>\n\n\n\n<figure class=\"wp-block-image size-large\"><img loading=\"lazy\" decoding=\"async\" width=\"1024\" height=\"684\" src=\"https:\/\/stefanierothfotografie.de\/blog\/wp-content\/uploads\/2020\/07\/stefanie-roth-hochzeitsfotograf-ostsee-046.jpg\" alt=\"\" class=\"wp-image-3477\" srcset=\"https:\/\/stefanierothfotografie.de\/blog\/wp-content\/uploads\/2020\/07\/stefanie-roth-hochzeitsfotograf-ostsee-046.jpg 1024w, https:\/\/stefanierothfotografie.de\/blog\/wp-content\/uploads\/2020\/07\/stefanie-roth-hochzeitsfotograf-ostsee-046-300x200.jpg 300w, https:\/\/stefanierothfotografie.de\/blog\/wp-content\/uploads\/2020\/07\/stefanie-roth-hochzeitsfotograf-ostsee-046-768x513.jpg 768w\" sizes=\"auto, (max-width: 1024px) 100vw, 1024px\" \/><\/figure>\n\n\n\n<figure class=\"wp-block-image size-large\"><img loading=\"lazy\" decoding=\"async\" width=\"1024\" height=\"767\" src=\"https:\/\/stefanierothfotografie.de\/blog\/wp-content\/uploads\/2020\/07\/stefanie-roth-hochzeitsfotograf-ostsee-048.jpg\" alt=\"Schlossgut Gro\u00df Schwansee Kaffeetrinken auf der Wiese \" class=\"wp-image-3480\" srcset=\"https:\/\/stefanierothfotografie.de\/blog\/wp-content\/uploads\/2020\/07\/stefanie-roth-hochzeitsfotograf-ostsee-048.jpg 1024w, https:\/\/stefanierothfotografie.de\/blog\/wp-content\/uploads\/2020\/07\/stefanie-roth-hochzeitsfotograf-ostsee-048-300x225.jpg 300w, https:\/\/stefanierothfotografie.de\/blog\/wp-content\/uploads\/2020\/07\/stefanie-roth-hochzeitsfotograf-ostsee-048-768x575.jpg 768w\" sizes=\"auto, (max-width: 1024px) 100vw, 1024px\" \/><\/figure>\n\n\n\n<figure class=\"wp-block-image size-large\"><img loading=\"lazy\" decoding=\"async\" width=\"1024\" height=\"684\" src=\"https:\/\/stefanierothfotografie.de\/blog\/wp-content\/uploads\/2020\/07\/stefanie-roth-hochzeitsfotograf-ostsee-050.jpg\" alt=\"Schlossgut Gro\u00df Schwansee Kaffeetrinken auf der Wiese \" class=\"wp-image-3479\" srcset=\"https:\/\/stefanierothfotografie.de\/blog\/wp-content\/uploads\/2020\/07\/stefanie-roth-hochzeitsfotograf-ostsee-050.jpg 1024w, https:\/\/stefanierothfotografie.de\/blog\/wp-content\/uploads\/2020\/07\/stefanie-roth-hochzeitsfotograf-ostsee-050-300x200.jpg 300w, https:\/\/stefanierothfotografie.de\/blog\/wp-content\/uploads\/2020\/07\/stefanie-roth-hochzeitsfotograf-ostsee-050-768x513.jpg 768w\" sizes=\"auto, (max-width: 1024px) 100vw, 1024px\" \/><\/figure>\n\n\n\n<figure class=\"wp-block-image size-large\"><img loading=\"lazy\" decoding=\"async\" width=\"1024\" height=\"767\" src=\"https:\/\/stefanierothfotografie.de\/blog\/wp-content\/uploads\/2020\/07\/stefanie-roth-hochzeitsfotograf-ostsee-049.jpg\" alt=\"Anschnitt der Hochzeitstorte im Garten des Schlossgut Gro\u00df Schwansee\" class=\"wp-image-3478\" srcset=\"https:\/\/stefanierothfotografie.de\/blog\/wp-content\/uploads\/2020\/07\/stefanie-roth-hochzeitsfotograf-ostsee-049.jpg 1024w, https:\/\/stefanierothfotografie.de\/blog\/wp-content\/uploads\/2020\/07\/stefanie-roth-hochzeitsfotograf-ostsee-049-300x225.jpg 300w, https:\/\/stefanierothfotografie.de\/blog\/wp-content\/uploads\/2020\/07\/stefanie-roth-hochzeitsfotograf-ostsee-049-768x575.jpg 768w\" sizes=\"auto, (max-width: 1024px) 100vw, 1024px\" \/><\/figure>\n\n\n\n<figure class=\"wp-block-image size-large\"><img loading=\"lazy\" decoding=\"async\" width=\"1024\" height=\"684\" src=\"https:\/\/stefanierothfotografie.de\/blog\/wp-content\/uploads\/2020\/07\/stefanie-roth-hochzeitsfotograf-ostsee-051.jpg\" alt=\"Hochzeitstorte im Garten des Schlossgut Gro\u00df Schwansee\" class=\"wp-image-3481\" srcset=\"https:\/\/stefanierothfotografie.de\/blog\/wp-content\/uploads\/2020\/07\/stefanie-roth-hochzeitsfotograf-ostsee-051.jpg 1024w, https:\/\/stefanierothfotografie.de\/blog\/wp-content\/uploads\/2020\/07\/stefanie-roth-hochzeitsfotograf-ostsee-051-300x200.jpg 300w, https:\/\/stefanierothfotografie.de\/blog\/wp-content\/uploads\/2020\/07\/stefanie-roth-hochzeitsfotograf-ostsee-051-768x513.jpg 768w\" sizes=\"auto, (max-width: 1024px) 100vw, 1024px\" \/><\/figure>\n\n\n\n<figure class=\"wp-block-image size-large\"><img loading=\"lazy\" decoding=\"async\" width=\"1024\" height=\"767\" src=\"https:\/\/stefanierothfotografie.de\/blog\/wp-content\/uploads\/2020\/07\/stefanie-roth-hochzeitsfotograf-ostsee-052.jpg\" alt=\"Hochzeit auf Schlossgut Gro\u00df Schwansee\" class=\"wp-image-3487\" srcset=\"https:\/\/stefanierothfotografie.de\/blog\/wp-content\/uploads\/2020\/07\/stefanie-roth-hochzeitsfotograf-ostsee-052.jpg 1024w, https:\/\/stefanierothfotografie.de\/blog\/wp-content\/uploads\/2020\/07\/stefanie-roth-hochzeitsfotograf-ostsee-052-300x225.jpg 300w, https:\/\/stefanierothfotografie.de\/blog\/wp-content\/uploads\/2020\/07\/stefanie-roth-hochzeitsfotograf-ostsee-052-768x575.jpg 768w\" sizes=\"auto, (max-width: 1024px) 100vw, 1024px\" \/><\/figure>\n\n\n\n<figure class=\"wp-block-image size-large\"><img loading=\"lazy\" decoding=\"async\" width=\"1024\" height=\"684\" src=\"https:\/\/stefanierothfotografie.de\/blog\/wp-content\/uploads\/2020\/07\/stefanie-roth-hochzeitsfotograf-ostsee-053.jpg\" alt=\"Schlossgut Gro\u00df Schwansee in der Abendsonne\" class=\"wp-image-3482\" srcset=\"https:\/\/stefanierothfotografie.de\/blog\/wp-content\/uploads\/2020\/07\/stefanie-roth-hochzeitsfotograf-ostsee-053.jpg 1024w, https:\/\/stefanierothfotografie.de\/blog\/wp-content\/uploads\/2020\/07\/stefanie-roth-hochzeitsfotograf-ostsee-053-300x200.jpg 300w, https:\/\/stefanierothfotografie.de\/blog\/wp-content\/uploads\/2020\/07\/stefanie-roth-hochzeitsfotograf-ostsee-053-768x513.jpg 768w\" sizes=\"auto, (max-width: 1024px) 100vw, 1024px\" \/><\/figure>\n\n\n\n<figure class=\"wp-block-video\"><video controls src=\"https:\/\/stefanierothfotografie.de\/blog\/wp-content\/uploads\/2020\/07\/schlossgut-gross-schwansee-hochzeit-720p-1.mp4\"><\/video><\/figure>\n\n\n\n<div class=\"wp-block-group\"><div class=\"wp-block-group__inner-container is-layout-flow wp-block-group-is-layout-flow\">\n<hr class=\"wp-block-separator\"\/>\n<\/div><\/div>\n\n\n\n<h2 class=\"wp-block-heading\">Hochzeit auf Schlossgut Gro\u00df Schwansee<\/h2>\n\n\n\n<p><strong>Und dann war es Zeit f\u00fcr das Dinner. Wie war das?<\/strong><\/p>\n\n\n\n<p>L: Circa 15 Minuten vor der verabredeten Zeit haben wir uns die Zeit genommen, den Dinner-Raum ganz allein, nur f\u00fcr uns zu betrachten, denn das Schlossgut und die Florale Werkstatt haben in Zusammenarbeit die R\u00e4umlichkeiten f\u00fcr unser Abendessen umgeschm\u00fcckt.<\/p>\n\n\n\n<p>Laut meiner Planung wusste ich, da kommt ein Kerzen- und Blumen-Meer auf uns zu.<\/p>\n\n\n\n<p>Das Ganze dann aber live zu sehen, ganz exklusiv nur f\u00fcr uns, war unbeschreiblich sch\u00f6n.<\/p>\n\n\n\n<p>Wir haben die Pforten des Raums ge\u00f6ffnet und sind Hand in Hand ganz romantisch in den Raum voller Blumen und Kerzen geschritten.<\/p>\n\n\n\n<p>Wohin das Auge sah, \u00fcberall war etwas Wundersch\u00f6nes zu entdecken, ganz so wie ich es mir ertr\u00e4umt habe. \u00dcber 100 Kerzen haben die lange Tafel und den Raum gef\u00fcllt. Blumen soweit das Auge reicht.<\/p>\n\n\n\n<p>Wow, dass es so sch\u00f6n sein w\u00fcrde, damit hatten wir nicht gerechnet.<\/p>\n\n\n\n<figure class=\"wp-block-image size-large\"><img loading=\"lazy\" decoding=\"async\" width=\"1024\" height=\"684\" src=\"https:\/\/stefanierothfotografie.de\/blog\/wp-content\/uploads\/2020\/07\/stefanie-roth-hochzeitsfotograf-ostsee-054.jpg\" alt=\"\" class=\"wp-image-3489\" srcset=\"https:\/\/stefanierothfotografie.de\/blog\/wp-content\/uploads\/2020\/07\/stefanie-roth-hochzeitsfotograf-ostsee-054.jpg 1024w, https:\/\/stefanierothfotografie.de\/blog\/wp-content\/uploads\/2020\/07\/stefanie-roth-hochzeitsfotograf-ostsee-054-300x200.jpg 300w, https:\/\/stefanierothfotografie.de\/blog\/wp-content\/uploads\/2020\/07\/stefanie-roth-hochzeitsfotograf-ostsee-054-768x513.jpg 768w\" sizes=\"auto, (max-width: 1024px) 100vw, 1024px\" \/><\/figure>\n\n\n\n<figure class=\"wp-block-image size-large\"><img loading=\"lazy\" decoding=\"async\" width=\"1024\" height=\"767\" src=\"https:\/\/stefanierothfotografie.de\/blog\/wp-content\/uploads\/2020\/07\/stefanie-roth-hochzeitsfotograf-ostsee-055.jpg\" alt=\"Dekorationen im Saal vom Schlossgut Gro\u00df Schwansee\" class=\"wp-image-3485\" srcset=\"https:\/\/stefanierothfotografie.de\/blog\/wp-content\/uploads\/2020\/07\/stefanie-roth-hochzeitsfotograf-ostsee-055.jpg 1024w, https:\/\/stefanierothfotografie.de\/blog\/wp-content\/uploads\/2020\/07\/stefanie-roth-hochzeitsfotograf-ostsee-055-300x225.jpg 300w, https:\/\/stefanierothfotografie.de\/blog\/wp-content\/uploads\/2020\/07\/stefanie-roth-hochzeitsfotograf-ostsee-055-768x575.jpg 768w\" sizes=\"auto, (max-width: 1024px) 100vw, 1024px\" \/><\/figure>\n\n\n\n<figure class=\"wp-block-image size-large\"><img loading=\"lazy\" decoding=\"async\" width=\"1024\" height=\"684\" src=\"https:\/\/stefanierothfotografie.de\/blog\/wp-content\/uploads\/2020\/07\/stefanie-roth-hochzeitsfotograf-ostsee-056.jpg\" alt=\"Hochzeitsdinner im Schlossgut Gro\u00df Schwansee\" class=\"wp-image-3486\" srcset=\"https:\/\/stefanierothfotografie.de\/blog\/wp-content\/uploads\/2020\/07\/stefanie-roth-hochzeitsfotograf-ostsee-056.jpg 1024w, https:\/\/stefanierothfotografie.de\/blog\/wp-content\/uploads\/2020\/07\/stefanie-roth-hochzeitsfotograf-ostsee-056-300x200.jpg 300w, https:\/\/stefanierothfotografie.de\/blog\/wp-content\/uploads\/2020\/07\/stefanie-roth-hochzeitsfotograf-ostsee-056-768x513.jpg 768w\" sizes=\"auto, (max-width: 1024px) 100vw, 1024px\" \/><\/figure>\n\n\n\n<figure class=\"wp-block-image size-large\"><img loading=\"lazy\" decoding=\"async\" width=\"1024\" height=\"767\" src=\"https:\/\/stefanierothfotografie.de\/blog\/wp-content\/uploads\/2020\/07\/stefanie-roth-hochzeitsfotograf-ostsee-057.jpg\" alt=\"\" class=\"wp-image-3483\" srcset=\"https:\/\/stefanierothfotografie.de\/blog\/wp-content\/uploads\/2020\/07\/stefanie-roth-hochzeitsfotograf-ostsee-057.jpg 1024w, https:\/\/stefanierothfotografie.de\/blog\/wp-content\/uploads\/2020\/07\/stefanie-roth-hochzeitsfotograf-ostsee-057-300x225.jpg 300w, https:\/\/stefanierothfotografie.de\/blog\/wp-content\/uploads\/2020\/07\/stefanie-roth-hochzeitsfotograf-ostsee-057-768x575.jpg 768w\" sizes=\"auto, (max-width: 1024px) 100vw, 1024px\" \/><\/figure>\n\n\n\n<figure class=\"wp-block-image size-large\"><img loading=\"lazy\" decoding=\"async\" width=\"1024\" height=\"767\" src=\"https:\/\/stefanierothfotografie.de\/blog\/wp-content\/uploads\/2020\/07\/stefanie-roth-hochzeitsfotograf-ostsee-058.jpg\" alt=\"\" class=\"wp-image-3488\" srcset=\"https:\/\/stefanierothfotografie.de\/blog\/wp-content\/uploads\/2020\/07\/stefanie-roth-hochzeitsfotograf-ostsee-058.jpg 1024w, https:\/\/stefanierothfotografie.de\/blog\/wp-content\/uploads\/2020\/07\/stefanie-roth-hochzeitsfotograf-ostsee-058-300x225.jpg 300w, https:\/\/stefanierothfotografie.de\/blog\/wp-content\/uploads\/2020\/07\/stefanie-roth-hochzeitsfotograf-ostsee-058-768x575.jpg 768w\" sizes=\"auto, (max-width: 1024px) 100vw, 1024px\" \/><\/figure>\n\n\n\n<figure class=\"wp-block-image size-large\"><img loading=\"lazy\" decoding=\"async\" width=\"1024\" height=\"684\" src=\"https:\/\/stefanierothfotografie.de\/blog\/wp-content\/uploads\/2020\/07\/stefanie-roth-hochzeitsfotograf-ostsee-059.jpg\" alt=\"Fotoshooting am Strand hinter dem Schlossgut Gro\u00df Schwansee\" class=\"wp-image-3490\" srcset=\"https:\/\/stefanierothfotografie.de\/blog\/wp-content\/uploads\/2020\/07\/stefanie-roth-hochzeitsfotograf-ostsee-059.jpg 1024w, https:\/\/stefanierothfotografie.de\/blog\/wp-content\/uploads\/2020\/07\/stefanie-roth-hochzeitsfotograf-ostsee-059-300x200.jpg 300w, https:\/\/stefanierothfotografie.de\/blog\/wp-content\/uploads\/2020\/07\/stefanie-roth-hochzeitsfotograf-ostsee-059-768x513.jpg 768w\" sizes=\"auto, (max-width: 1024px) 100vw, 1024px\" \/><\/figure>\n\n\n\n<figure class=\"wp-block-image size-large\"><img loading=\"lazy\" decoding=\"async\" width=\"1024\" height=\"767\" src=\"https:\/\/stefanierothfotografie.de\/blog\/wp-content\/uploads\/2020\/07\/stefanie-roth-hochzeitsfotograf-ostsee-060.jpg\" alt=\"Fotoshooting am Strand hinter dem Schlossgut Gro\u00df Schwansee\" class=\"wp-image-3494\" srcset=\"https:\/\/stefanierothfotografie.de\/blog\/wp-content\/uploads\/2020\/07\/stefanie-roth-hochzeitsfotograf-ostsee-060.jpg 1024w, https:\/\/stefanierothfotografie.de\/blog\/wp-content\/uploads\/2020\/07\/stefanie-roth-hochzeitsfotograf-ostsee-060-300x225.jpg 300w, https:\/\/stefanierothfotografie.de\/blog\/wp-content\/uploads\/2020\/07\/stefanie-roth-hochzeitsfotograf-ostsee-060-768x575.jpg 768w\" sizes=\"auto, (max-width: 1024px) 100vw, 1024px\" \/><\/figure>\n\n\n\n<figure class=\"wp-block-image size-large\"><img loading=\"lazy\" decoding=\"async\" width=\"1024\" height=\"684\" src=\"https:\/\/stefanierothfotografie.de\/blog\/wp-content\/uploads\/2020\/07\/stefanie-roth-hochzeitsfotograf-ostsee-061.jpg\" alt=\"Fotoshooting am Strand hinter dem Schlossgut Gro\u00df Schwansee\" class=\"wp-image-3493\" srcset=\"https:\/\/stefanierothfotografie.de\/blog\/wp-content\/uploads\/2020\/07\/stefanie-roth-hochzeitsfotograf-ostsee-061.jpg 1024w, https:\/\/stefanierothfotografie.de\/blog\/wp-content\/uploads\/2020\/07\/stefanie-roth-hochzeitsfotograf-ostsee-061-300x200.jpg 300w, https:\/\/stefanierothfotografie.de\/blog\/wp-content\/uploads\/2020\/07\/stefanie-roth-hochzeitsfotograf-ostsee-061-768x513.jpg 768w\" sizes=\"auto, (max-width: 1024px) 100vw, 1024px\" \/><\/figure>\n\n\n\n<figure class=\"wp-block-image size-large\"><img loading=\"lazy\" decoding=\"async\" width=\"1024\" height=\"684\" src=\"https:\/\/stefanierothfotografie.de\/blog\/wp-content\/uploads\/2020\/07\/stefanie-roth-hochzeitsfotograf-ostsee-062.jpg\" alt=\"\" class=\"wp-image-3491\" srcset=\"https:\/\/stefanierothfotografie.de\/blog\/wp-content\/uploads\/2020\/07\/stefanie-roth-hochzeitsfotograf-ostsee-062.jpg 1024w, https:\/\/stefanierothfotografie.de\/blog\/wp-content\/uploads\/2020\/07\/stefanie-roth-hochzeitsfotograf-ostsee-062-300x200.jpg 300w, https:\/\/stefanierothfotografie.de\/blog\/wp-content\/uploads\/2020\/07\/stefanie-roth-hochzeitsfotograf-ostsee-062-768x513.jpg 768w\" sizes=\"auto, (max-width: 1024px) 100vw, 1024px\" \/><\/figure>\n\n\n\n<figure class=\"wp-block-image size-large\"><img loading=\"lazy\" decoding=\"async\" width=\"1024\" height=\"767\" src=\"https:\/\/stefanierothfotografie.de\/blog\/wp-content\/uploads\/2020\/07\/stefanie-roth-hochzeitsfotograf-ostsee-063.jpg\" alt=\"\" class=\"wp-image-3492\" srcset=\"https:\/\/stefanierothfotografie.de\/blog\/wp-content\/uploads\/2020\/07\/stefanie-roth-hochzeitsfotograf-ostsee-063.jpg 1024w, https:\/\/stefanierothfotografie.de\/blog\/wp-content\/uploads\/2020\/07\/stefanie-roth-hochzeitsfotograf-ostsee-063-300x225.jpg 300w, https:\/\/stefanierothfotografie.de\/blog\/wp-content\/uploads\/2020\/07\/stefanie-roth-hochzeitsfotograf-ostsee-063-768x575.jpg 768w\" sizes=\"auto, (max-width: 1024px) 100vw, 1024px\" \/><\/figure>\n\n\n\n<h3 class=\"wp-block-heading\">Ein Hochzeitstanz unter freiem Himmel<\/h3>\n\n\n\n<p><strong><em>Zum Abschluss des Tages gab es dann Euren Tanz, denn ihr hattet beschlossen, dass ihr Euch keine gro\u00dfe Party bis tief in die Nacht w\u00fcnscht.<\/em><\/strong><\/p>\n\n\n\n<p>L: Genau, f\u00fcr den Hochzeitstanz haben wir uns bei Dunkelheit wieder auf den Weg in den Schlossgarten gemacht.<\/p>\n\n\n\n<p>Unsere Boho-Wolke und zahlreiche Lichterketten leuchteten im Mondschein.<\/p>\n\n\n\n<p>Unsere G\u00e4ste haben sich versammelt, die Musik fing an und wir haben zu unserem spanischen Lieblingslied eine Rumba getanzt.<\/p>\n\n\n\n<p>Der Tanz war so sch\u00f6n, so echt, und so unperfekt, genau so wie wir es uns vorgestellt hatten.&nbsp;<\/p>\n\n\n\n<p>Vorab haben wir \u00fcbrigens eine Tanzstunde am Strand genommen, aus Spa\u00df und f\u00fcr\u2018s ganz besondere Feeling. Das war super lustig und eine tolle Erinnerung mitten am Tag, unter Urlaubern und Passanten eine Rumba am Strand von Travem\u00fcnde zu tanzen.<\/p>\n\n\n\n<p>Insgesamt haben wir uns an dem Abend f\u00fcr nur drei Lieder entschieden. Eine richtige Party wollten wir nicht.<\/p>\n\n\n\n<figure class=\"wp-block-image size-large\"><img loading=\"lazy\" decoding=\"async\" width=\"1024\" height=\"684\" src=\"https:\/\/stefanierothfotografie.de\/blog\/wp-content\/uploads\/2020\/07\/stefanie-roth-hochzeitsfotograf-ostsee-064.jpg\" alt=\"Hochzeitstanz im Garten vom Schlossgut Gro\u00df Schwansee\" class=\"wp-image-3495\" srcset=\"https:\/\/stefanierothfotografie.de\/blog\/wp-content\/uploads\/2020\/07\/stefanie-roth-hochzeitsfotograf-ostsee-064.jpg 1024w, https:\/\/stefanierothfotografie.de\/blog\/wp-content\/uploads\/2020\/07\/stefanie-roth-hochzeitsfotograf-ostsee-064-300x200.jpg 300w, https:\/\/stefanierothfotografie.de\/blog\/wp-content\/uploads\/2020\/07\/stefanie-roth-hochzeitsfotograf-ostsee-064-768x513.jpg 768w\" sizes=\"auto, (max-width: 1024px) 100vw, 1024px\" \/><\/figure>\n\n\n\n<figure class=\"wp-block-image size-large\"><img loading=\"lazy\" decoding=\"async\" width=\"1024\" height=\"684\" src=\"https:\/\/stefanierothfotografie.de\/blog\/wp-content\/uploads\/2020\/07\/stefanie-roth-hochzeitsfotograf-ostsee-065.jpg\" alt=\"Tanz im Garten beim Schlossgut Gro\u00df Schwansee\" class=\"wp-image-3496\" srcset=\"https:\/\/stefanierothfotografie.de\/blog\/wp-content\/uploads\/2020\/07\/stefanie-roth-hochzeitsfotograf-ostsee-065.jpg 1024w, https:\/\/stefanierothfotografie.de\/blog\/wp-content\/uploads\/2020\/07\/stefanie-roth-hochzeitsfotograf-ostsee-065-300x200.jpg 300w, https:\/\/stefanierothfotografie.de\/blog\/wp-content\/uploads\/2020\/07\/stefanie-roth-hochzeitsfotograf-ostsee-065-768x513.jpg 768w\" sizes=\"auto, (max-width: 1024px) 100vw, 1024px\" \/><\/figure>\n\n\n\n<hr class=\"wp-block-separator\"\/>\n\n\n\n<h4 class=\"has-text-align-center wp-block-heading\"><span style=\"color:#559a7f\" class=\"has-inline-color\">Noch mehr \u00fcber diese Hochzeit erfahren<\/span><\/h4>\n\n\n\n<p class=\"has-text-align-center\"><span style=\"color:#559a7f\" class=\"has-inline-color\"><em>Liebe Braut, <br>bist Du neugierig geworden und m\u00f6chtest noch mehr <\/em><br><em>\u00fcber die Hochzeit von Linda und Simon erfahren?<\/em> <br><em>Dann h\u00f6r unbedingt in den <strong>Brautpodcast<\/strong> rein.<\/em><\/span><\/p>\n\n\n\n<p class=\"has-text-align-center\"><span style=\"color:#559a7f\" class=\"has-inline-color\"><a href=\"https:\/\/open.spotify.com\/episode\/4MnWlpFpO2wfRj8KDJhjuL\" title=\"Folge 036: Was Du Von Dieser Kleinen Hochzeit Lernen Kannst\" target=\"_blank\" rel=\"noreferrer noopener\"><strong>Folge 036<\/strong>: Was Du von dieser kleinen Hochzeit lernen kannst<\/a><br><a href=\"https:\/\/open.spotify.com\/episode\/6U824Koo2Y4LirLr1KhnhD\" title=\"Folge 083: Brautinterview Mit Linda ? Als Hochzeitsplanerin Heiraten\" target=\"_blank\" aria-label=\"undefined (opens in a new tab)\" rel=\"noreferrer noopener\"><strong>Folge 083<\/strong>: Brautinterview mit Linda \u2013 Als Hochzeitsplanerin heiraten<\/a><\/span><\/p>\n\n\n\n<hr class=\"wp-block-separator\"\/>\n\n\n\n<ul class=\"wp-block-list\"><li>Hochzeitsplanung Ostsee: <a href=\"https:\/\/www.schlipsundschleier.de\/\" title=\"Schlips+Schleier\" target=\"_blank\" rel=\"noreferrer noopener\">Schlips+Schleier<\/a><\/li><li>Location: <a href=\"https:\/\/www.schwansee.de\/\" title=\"Schlossgut Gross Schwansee\" target=\"_blank\" rel=\"noreferrer noopener\">Schlossgut Gross Schwansee<\/a><\/li><li>Floristik: <a href=\"https:\/\/www.die-florale-werkstatt.de\/\" title=\"Florale Werkstatt\">Florale Werkstatt<\/a><\/li><li>Papeterie: <a href=\"https:\/\/tuell-tassel.de\/\" title=\"T\u00fcll & Tassel\" target=\"_blank\" rel=\"noreferrer noopener\">T\u00fcll &amp; Tassel<\/a><\/li><li>Styling: <a href=\"https:\/\/www.brautstylistin-krystina.com\/\" title=\"Brautstylistin Krystina\" title=\"Krystina\" target=\"_blank\" rel=\"noreferrer noopener\">Brautstylistin Krystina<\/a><\/li><li>Kleid &amp; Schleier: <a href=\"https:\/\/herzbraut.de\/\" title=\"Herzbraut\" target=\"_blank\" rel=\"noreferrer noopener\">Herzbraut<\/a><\/li><li>Ohrringe Braut: <a href=\"https:\/\/ninakastens.com\/\" title=\"Nina Kastens\" target=\"_blank\" rel=\"noreferrer noopener\">Nina Kastens<\/a><\/li><li>Anzug Br\u00e4utigam: <a href=\"https:\/\/www.rooks-rocks.com\/\" title=\"Rooks&Rocks\" title=\"S\" title=\"K\" title=\"Rooks&Roc\" target=\"_blank\" rel=\"noreferrer noopener\">Rooks&amp;Rocks<\/a><\/li><li>Hochzeitsfotograf Gro\u00df Schwansee: <a href=\"http:\/\/stefanierothfotografie.de\" title=\"Stefanie Roth\" target=\"_blank\" rel=\"noreferrer noopener\">Stefanie Roth<\/a><\/li><\/ul>\n\n\n\n<hr class=\"wp-block-separator\"\/>\n\n\n\n<p><em>Meine liebe Linda, lieber Simon, auch wenn wir schon vor der Hochzeit gro\u00dfe Sympathien f\u00fcreinander sp\u00fcrten und schon reichlich Spa\u00df beim <a rel=\"noreferrer noopener\" href=\"https:\/\/stefanierothfotografie.de\/blog\/paarshooting-mit-fotograf-ludenscheid\/\" title=\"Verlobungsshooting\" target=\"_blank\">Verlobungsshooting<\/a> hatten, war dieser Tag wohl der Beginn einer neuen Freundschaft. <\/em><br><br><em>Ich war so gern Teil Eurer <strong>Hochzeit im Schlossgut Gro\u00df Schwansee<\/strong>.<\/em> <em>F\u00fcr all Euer Vertrauen, die gemeinsamen Erlebnisse bisher danke ich Euch \u2013 die Vorfreude auf all die Abenteuer die noch kommen steigt schon jetzt gewaltig<\/em>. <\/p>\n","protected":false},"excerpt":{"rendered":"<p>Noch so genau erinnere ich mich an meine erste gemeinsame Hochzeit mit Linda. Sie als Hochzeitsplanerin und Inhaberin der Hochzeitsagentur Schlips+Schleier und ich als Fotografin. Der Tag war so unfassbar hei\u00df, dass wir in einer kurzen Pause gemeinsam in den Schatten fl\u00fcchteten und \u00fcberlegten, welches Kleidungsst\u00fcck wir jetzt am liebsten ablegen w\u00fcrden. Schlossgut Gro\u00df Schwansee:&hellip; <a class=\"more-link\" href=\"https:\/\/stefanierothfotografie.de\/blog\/hochzeit-auf-schlossgut-gross-schwansee\/\"><span class=\"screen-reader-text\">Hochzeit auf Schlossgut Gro\u00df Schwansee<\/span> weiterlesen<\/a><\/p>\n","protected":false},"author":1,"featured_media":3453,"comment_status":"closed","ping_status":"open","sticky":false,"template":"","format":"standard","meta":{"footnotes":""},"categories":[45],"tags":[135,84,82,127,98,132,131,130,133,129,83,128,52,134],"class_list":["post-3580","post","type-post","status-publish","format-standard","has-post-thumbnail","hentry","category-real-wedding","tag-boho-hochzeit-ostsee","tag-hochzeit-am-meer","tag-hochzeit-an-der-ostsee","tag-hochzeitsfotograf-gross-schwansee","tag-hochzeitsfotograf-ostsee","tag-hochzeitsplanerin-ostsee","tag-hochzeitsreportage-ostsee","tag-intime-hochzeit","tag-kalkhorst-hochzeit","tag-kleine-hochzeit-ostsee","tag-schlossgut-gross-schwansee","tag-schlossgut-gross-schwansee-hochzeit","tag-strandhochzeit","tag-travemuende-hochzeit","entry"],"_links":{"self":[{"href":"https:\/\/stefanierothfotografie.de\/blog\/wp-json\/wp\/v2\/posts\/3580","targetHints":{"allow":["GET"]}}],"collection":[{"href":"https:\/\/stefanierothfotografie.de\/blog\/wp-json\/wp\/v2\/posts"}],"about":[{"href":"https:\/\/stefanierothfotografie.de\/blog\/wp-json\/wp\/v2\/types\/post"}],"author":[{"embeddable":true,"href":"https:\/\/stefanierothfotografie.de\/blog\/wp-json\/wp\/v2\/users\/1"}],"replies":[{"embeddable":true,"href":"https:\/\/stefanierothfotografie.de\/blog\/wp-json\/wp\/v2\/comments?post=3580"}],"version-history":[{"count":3,"href":"https:\/\/stefanierothfotografie.de\/blog\/wp-json\/wp\/v2\/posts\/3580\/revisions"}],"predecessor-version":[{"id":3603,"href":"https:\/\/stefanierothfotografie.de\/blog\/wp-json\/wp\/v2\/posts\/3580\/revisions\/3603"}],"wp:featuredmedia":[{"embeddable":true,"href":"https:\/\/stefanierothfotografie.de\/blog\/wp-json\/wp\/v2\/media\/3453"}],"wp:attachment":[{"href":"https:\/\/stefanierothfotografie.de\/blog\/wp-json\/wp\/v2\/media?parent=3580"}],"wp:term":[{"taxonomy":"category","embeddable":true,"href":"https:\/\/stefanierothfotografie.de\/blog\/wp-json\/wp\/v2\/categories?post=3580"},{"taxonomy":"post_tag","embeddable":true,"href":"https:\/\/stefanierothfotografie.de\/blog\/wp-json\/wp\/v2\/tags?post=3580"}],"curies":[{"name":"wp","href":"https:\/\/api.w.org\/{rel}","templated":true}]}}