{"id":3372,"date":"2020-02-12T18:13:12","date_gmt":"2020-02-12T17:13:12","guid":{"rendered":"https:\/\/stefanierothfotografie.de\/blog\/?p=3372"},"modified":"2025-08-08T15:37:57","modified_gmt":"2025-08-08T13:37:57","slug":"paarshooting-mit-fotograf-ludenscheid","status":"publish","type":"post","link":"https:\/\/stefanierothfotografie.de\/blog\/paarshooting-mit-fotograf-ludenscheid\/","title":{"rendered":"Bei bestem Sommerwetter &#8211; Fotograf L\u00fcdenscheid"},"content":{"rendered":"\n<p class=\"has-text-align-left\">Wenn sich sauerl\u00e4ndische und nordische DNA mit ein wenig Mallorca-Vibes vermischt werden, dann entsteht solch eine prickelnde Liebesgeschichte, wie bei Linda und Simon.<\/p>\n\n\n\n<p>Linda hatte an diesem Tag als freie Traurednerin eine Hochzeit auf Mallorca begleitet. Nach den sch\u00f6nen, aber auch anstrengenden Stunden knurrte der Magen und sie beschloss dem Grummeln ein Ende zu setzen. Doch das ausgew\u00e4hlte Restaurant war bis auf den letzten Tisch belegt.<\/p>\n\n\n\n<p>Zum Gl\u00fcck aber nicht bis auf den letzten Stuhl, denn der Kellner setze Linda kurzerhand an Simons Tisch, der ebenfalls alleine unterwegs war.<\/p>\n\n\n\n<h3 class=\"wp-block-heading\">Als Hochzeitsfotograf Sauerland oder an der Ostsee<\/h3>\n\n\n\n<p>Genau hier, in diesem Moment, begann die aufregende Geschichte von Linda uns Simon. <\/p>\n\n\n\n<p>Als mir Linda dann voller Euphorie von der geplanten, so besonderen <strong>Hochzeit an der Ostsee<\/strong> berichtete, war ich direkt ganz Feuer und Flamme. Eine Ostseehochzeit im <a href=\"https:\/\/www.schwansee.de\" title=\"Schlossgut Gro\u00df Schwansee\">Schlossgut Gro\u00df Schwansee<\/a> &#8211; das konnte nur unglaublich werden.<\/p>\n\n\n\n<figure class=\"wp-block-gallery aligncenter columns-1 wp-block-gallery-1 is-layout-flex wp-block-gallery-is-layout-flex\"><ul class=\"blocks-gallery-grid\"><li class=\"blocks-gallery-item\"><figure><img loading=\"lazy\" decoding=\"async\" width=\"1024\" height=\"684\" src=\"https:\/\/stefanierothfotografie.de\/blog\/wp-content\/uploads\/2020\/01\/fotograf_luedenscheid_paarshooting_002.jpg\" alt=\"Paar l\u00e4uft \u00fcber Feldweg in L\u00fcdenscheid\" data-id=\"3341\" data-link=\"https:\/\/stefanierothfotografie.de\/blog\/__trashed-2\/fotograf_luedenscheid_paarshooting_002\/\" class=\"wp-image-3341\"\/><\/figure><\/li><li class=\"blocks-gallery-item\"><figure><img loading=\"lazy\" decoding=\"async\" width=\"1024\" height=\"767\" src=\"https:\/\/stefanierothfotografie.de\/blog\/wp-content\/uploads\/2020\/01\/fotograf_luedenscheid_paarshooting_003.jpg\" alt=\"\" data-id=\"3342\" data-link=\"https:\/\/stefanierothfotografie.de\/blog\/__trashed-2\/fotograf_luedenscheid_paarshooting_003\/\" class=\"wp-image-3342\"\/><\/figure><\/li><li class=\"blocks-gallery-item\"><figure><img loading=\"lazy\" decoding=\"async\" width=\"1024\" height=\"684\" src=\"https:\/\/stefanierothfotografie.de\/blog\/wp-content\/uploads\/2020\/01\/fotograf_luedenscheid_paarshooting_004.jpg\" alt=\"\" data-id=\"3343\" data-link=\"https:\/\/stefanierothfotografie.de\/blog\/__trashed-2\/fotograf_luedenscheid_paarshooting_004\/\" class=\"wp-image-3343\"\/><\/figure><\/li><li class=\"blocks-gallery-item\"><figure><img loading=\"lazy\" decoding=\"async\" width=\"1024\" height=\"684\" src=\"https:\/\/stefanierothfotografie.de\/blog\/wp-content\/uploads\/2020\/01\/fotograf_luedenscheid_paarshooting_005.jpg\" alt=\"\" data-id=\"3344\" data-link=\"https:\/\/stefanierothfotografie.de\/blog\/__trashed-2\/fotograf_luedenscheid_paarshooting_005\/\" class=\"wp-image-3344\"\/><\/figure><\/li><\/ul><\/figure>\n\n\n\n<p class=\"has-text-align-left\">Linda kenne ich jetzt schon fast 6 Jahre. Simon jedoch war mir noch unbekannt. Genau um das zu \u00e4ndern, war das geplante Fotoshooting in L\u00fcdenscheid perfekt.<\/p>\n\n\n\n<h3 class=\"wp-block-heading\">Als Fotograf L\u00fcdenscheid unterwegs<\/h3>\n\n\n\n<p>Das gemeinsame Gef\u00fchl war direkt wahnsinnig gut und das Wetter, mit der sch\u00f6nsten Abendsonne, lie\u00df das gute Gef\u00fchl noch weiter gen Himmel wachsen.<\/p>\n\n\n<figure class=\"wp-block-image\"><img loading=\"lazy\" decoding=\"async\" width=\"1024\" height=\"684\" class=\"wp-image-3345\" src=\"https:\/\/stefanierothfotografie.de\/blog\/wp-content\/uploads\/2020\/01\/fotograf_luedenscheid_paarshooting_006.jpg\" alt=\"\"><\/figure>\n<figure class=\"wp-block-image\"><img loading=\"lazy\" decoding=\"async\" width=\"1024\" height=\"684\" class=\"wp-image-3346\" src=\"https:\/\/stefanierothfotografie.de\/blog\/wp-content\/uploads\/2020\/01\/fotograf_luedenscheid_paarshooting_007.jpg\" alt=\"\"><\/figure>\n<figure class=\"wp-block-image\"><img loading=\"lazy\" decoding=\"async\" width=\"1024\" height=\"1535\" class=\"wp-image-3347\" src=\"https:\/\/stefanierothfotografie.de\/blog\/wp-content\/uploads\/2020\/01\/fotograf_luedenscheid_paarshooting_008.jpg\" alt=\"\"><\/figure>\n<figure class=\"wp-block-image\"><img loading=\"lazy\" decoding=\"async\" width=\"1024\" height=\"684\" class=\"wp-image-3348\" src=\"https:\/\/stefanierothfotografie.de\/blog\/wp-content\/uploads\/2020\/01\/fotograf_luedenscheid_paarshooting_009.jpg\" alt=\"\"><\/figure>\n\n\n<figure class=\"wp-block-image\"><img loading=\"lazy\" decoding=\"async\" width=\"1024\" height=\"684\" src=\"https:\/\/stefanierothfotografie.de\/blog\/wp-content\/uploads\/2020\/01\/fotograf_luedenscheid_paarshooting_010-3.jpg\" alt=\"stefanie roth fotografiert als fotograf l\u00fcdenscheid ein liebespaar\" class=\"wp-image-3392\"\/><\/figure>\n\n\n\n<p class=\"has-text-align-left\">Gef\u00fchlvolle Momente wechselten sich mich wahnsinnig lustigen Augenblicke ab. Mit diesen beiden Lovebirds ging es beim Shooting zu, wie auf einer Achterbahn. Die Freude, der Spa\u00df und die Liebe war den beiden von Beginn an ins Gesicht geschrieben. <br><br>So hat man es als Fotograf in L\u00fcdenscheid, im Sauerland oder anderswo unglaublich leicht. <\/p>\n\n\n\n<p>Gerade, w\u00e4hrend ich die Zeilen tippe, h\u00f6re ich Linda lachen und Simon kichern. Und ich glaube, im Hintergrund schlagen schon die sanften Wellen an den Strand, denn auch die Bilder der einmaligen Ostseehochzeit werde ich Dir ganz sicher schon bald zeigen k\u00f6nnen. Du darfst riesig gespannt sein.<\/p>\n\n\n\n<figure class=\"wp-block-image\"><img loading=\"lazy\" decoding=\"async\" width=\"1024\" height=\"684\" src=\"https:\/\/stefanierothfotografie.de\/blog\/wp-content\/uploads\/2020\/01\/fotograf_luedenscheid_paarshooting_011.jpg\" alt=\"\" class=\"wp-image-3350\"\/><\/figure>\n\n\n\n<figure class=\"wp-block-image\"><img loading=\"lazy\" decoding=\"async\" width=\"1024\" height=\"767\" src=\"https:\/\/stefanierothfotografie.de\/blog\/wp-content\/uploads\/2020\/01\/fotograf_luedenscheid_paarshooting_012.jpg\" alt=\"\" class=\"wp-image-3351\"\/><\/figure>\n\n\n\n<figure class=\"wp-block-image\"><img loading=\"lazy\" decoding=\"async\" width=\"1024\" height=\"684\" src=\"https:\/\/stefanierothfotografie.de\/blog\/wp-content\/uploads\/2020\/01\/fotograf_luedenscheid_paarshooting_013.jpg\" alt=\"\" class=\"wp-image-3352\"\/><\/figure>\n\n\n\n<blockquote class=\"wp-block-quote is-layout-flow wp-block-quote-is-layout-flow\"><p>Und ich lauf&#8216; und ich lauf&#8216; und ich lauf&#8216; und ich lauf&#8216; dir entgegen<br> Auch wenn so manch ein Schritt echt schwer war, f\u00fchlt es sich jetzt an wie Schweben<br> Und ich lauf&#8216; und ich spring&#8216; und ich flieg&#8216; f\u00fcr dich durch den Regen<br> Denn erst durch dich hab&#8216; ich gemerkt, wie&#8217;s sich anf\u00fchlt wirklich zu leben<br> Jeder Moment ist mit dir<br> Wie auf Wolken<br> Jede Sekunde verspricht mehr als<br> Wir jemals wollten<\/p><p>&#8211; Carina Spoon &#8211;<\/p><\/blockquote>\n\n\n\n<figure class=\"wp-block-image\"><img loading=\"lazy\" decoding=\"async\" width=\"1024\" height=\"684\" src=\"https:\/\/stefanierothfotografie.de\/blog\/wp-content\/uploads\/2020\/01\/fotograf_luedenscheid_paarshooting_014.jpg\" alt=\"\" class=\"wp-image-3353\"\/><\/figure>\n\n\n\n<figure class=\"wp-block-image\"><img loading=\"lazy\" decoding=\"async\" width=\"1024\" height=\"684\" src=\"https:\/\/stefanierothfotografie.de\/blog\/wp-content\/uploads\/2020\/01\/fotograf_luedenscheid_paarshooting_015.jpg\" alt=\"\" class=\"wp-image-3354\"\/><\/figure>\n\n\n\n<p>Wenn Du mehr \u00fcber Linda als Traurednerin oder Hochzeitsplanerin erfahren magst, dann findest Du hier die Links zu ihr:<br><br><em>Linda Seifried,<\/em> Trauredner Ostsee: <a href=\"https:\/\/www.lindaseifried.de\" title=\"Lindaseifried.de\">lindaseifried.de<\/a><br><em>Schlips &amp; Schleier,<\/em> Heiraten an der Ostsee: <a href=\"https:\/\/www.schlipsundschleier.de\" title=\"Schlips&schleier.de\">schlips&amp;schleier.de<\/a> <\/p>\n\n\n\n<p><em>Fotos von Stefanie Roth, Fotograf in L\u00fcdenscheid<\/em><\/p>\n","protected":false},"excerpt":{"rendered":"<p>Wenn sich sauerl\u00e4ndische und nordische DNA mit ein wenig Mallorca-Vibes vermischt werden, dann entsteht solch eine prickelnde Liebesgeschichte, wie bei Linda und Simon. Linda hatte an diesem Tag als freie Traurednerin eine Hochzeit auf Mallorca begleitet. Nach den sch\u00f6nen, aber auch anstrengenden Stunden knurrte der Magen und sie beschloss dem Grummeln ein Ende zu setzen.&hellip; <a class=\"more-link\" href=\"https:\/\/stefanierothfotografie.de\/blog\/paarshooting-mit-fotograf-ludenscheid\/\"><span class=\"screen-reader-text\">Bei bestem Sommerwetter &#8211; Fotograf L\u00fcdenscheid<\/span> weiterlesen<\/a><\/p>\n","protected":false},"author":1,"featured_media":3373,"comment_status":"closed","ping_status":"open","sticky":false,"template":"","format":"standard","meta":{"footnotes":""},"categories":[54],"tags":[79,139,136,98,67,140,131,137,85,138,128],"class_list":["post-3372","post","type-post","status-publish","format-standard","has-post-thumbnail","hentry","category-loveshoot","tag-fotograf-luedenscheid","tag-freie-trauung-ostsee","tag-hochzeitsfotograf-luedenscheid","tag-hochzeitsfotograf-ostsee","tag-hochzeitsfotograf-sauerland","tag-hochzeitsfotos-ostsee","tag-hochzeitsreportage-ostsee","tag-ostseehochzeit","tag-paarshooting","tag-paarshooting-luedenscheid","tag-schlossgut-gross-schwansee-hochzeit","entry"],"_links":{"self":[{"href":"https:\/\/stefanierothfotografie.de\/blog\/wp-json\/wp\/v2\/posts\/3372","targetHints":{"allow":["GET"]}}],"collection":[{"href":"https:\/\/stefanierothfotografie.de\/blog\/wp-json\/wp\/v2\/posts"}],"about":[{"href":"https:\/\/stefanierothfotografie.de\/blog\/wp-json\/wp\/v2\/types\/post"}],"author":[{"embeddable":true,"href":"https:\/\/stefanierothfotografie.de\/blog\/wp-json\/wp\/v2\/users\/1"}],"replies":[{"embeddable":true,"href":"https:\/\/stefanierothfotografie.de\/blog\/wp-json\/wp\/v2\/comments?post=3372"}],"version-history":[{"count":3,"href":"https:\/\/stefanierothfotografie.de\/blog\/wp-json\/wp\/v2\/posts\/3372\/revisions"}],"predecessor-version":[{"id":3604,"href":"https:\/\/stefanierothfotografie.de\/blog\/wp-json\/wp\/v2\/posts\/3372\/revisions\/3604"}],"wp:featuredmedia":[{"embeddable":true,"href":"https:\/\/stefanierothfotografie.de\/blog\/wp-json\/wp\/v2\/media\/3373"}],"wp:attachment":[{"href":"https:\/\/stefanierothfotografie.de\/blog\/wp-json\/wp\/v2\/media?parent=3372"}],"wp:term":[{"taxonomy":"category","embeddable":true,"href":"https:\/\/stefanierothfotografie.de\/blog\/wp-json\/wp\/v2\/categories?post=3372"},{"taxonomy":"post_tag","embeddable":true,"href":"https:\/\/stefanierothfotografie.de\/blog\/wp-json\/wp\/v2\/tags?post=3372"}],"curies":[{"name":"wp","href":"https:\/\/api.w.org\/{rel}","templated":true}]}}