{"id":3195,"date":"2020-01-14T16:56:37","date_gmt":"2020-01-14T15:56:37","guid":{"rendered":"https:\/\/stefanierothfotografie.de\/blog\/?p=3195"},"modified":"2025-08-08T15:40:09","modified_gmt":"2025-08-08T13:40:09","slug":"hochzeitsfotograf-mosel-burg-landshut","status":"publish","type":"post","link":"https:\/\/stefanierothfotografie.de\/blog\/hochzeitsfotograf-mosel-burg-landshut\/","title":{"rendered":"Hochzeit auf Burg Landshut &#8211; Hochzeitsfotograf Mosel"},"content":{"rendered":"<p><a class=\"img\" href=\"https:\/\/stefanierothfotografie.de\/blog\/wp-content\/uploads\/2019\/11\/hochzeitsfotograf_mosel_bernkastel-kues_000.jpg\" title=\"\n\" title=\"Brautpaar Tanzt Oberhalb Der Mosel\"><img loading=\"lazy\" decoding=\"async\" class=\"aligncenter size-full wp-image-3196\" src=\"https:\/\/stefanierothfotografie.de\/blog\/wp-content\/uploads\/2019\/11\/hochzeitsfotograf_mosel_bernkastel-kues_000.jpg\" title=\"\n\" title=\"Brautpaar Tanzt Oberhalb Der Mosel\" alt=\"Brautpaar tanzt oberhalb der Mosel\" width=\"1024\" height=\"684\" \/><\/a><\/p>\n<h4>Hochzeitsfotograf an der Mosel<\/h4>\n<p>Obwohl ich ja viel als Hochzeitsfotograf im Sauerland und in Norddeutschland unterwegs bin, erkunde ich genauso h\u00e4ufig Gegenden au\u00dferhalb des Landes mit den 1000 Bergen. Julia und Dennis hatten sich f\u00fcr ihre Hochzeitsfeier Bernkastel-Kues und die besondere Burgruine Landshut ausgew\u00e4hlt.<\/p>\n<p>Julia wollte ich am Hochzeitsmorgen im <a href=\"https:\/\/www.bellevue-hotel.de\/\" title=\"Jugendstilhotel Bellevue In Traben-Trarbach\">Jugendstilhotel Bellevue in Traben-Trarbach<\/a> treffen. Es war noch fr\u00fch am Tag, als ich aus dem Auto stieg und doch schlug mir direkt eine ungeheure Hitze entgegen.<\/p>\n<p><strong>&#8222;Wenn das mal nicht \u00b4nen Gewitter gibt.&#8220;<\/strong> h\u00f6rte ich einen Mann hinter mir sagen. Doch ich bin Optimist und l\u00e4chelte Julia zu, als ich in ihrem Zimmer ankam. Regen? Ach, mach Dir keine Sorgen.<\/p>\n<h2>Es sieht nach Gewitter aus \u2013 Regenerprobt als Hochzeitsfotograf Sauerland<\/h2>\n<p>Als Hochzeitsfotograf Sauerland, bin ich erprobt bei Regenwetter. Doch wichtig ist, dass man einfach immer erstmal vom Besten ausgeht (und trotzdem den Plan B in der Hinterhand hat).<\/p>\n<p>Der weitere Tag mit Julia und Dennis verlief einfach wunderbar: Vom First Look direkt an der Mosel, \u00fcber die Trauung in Wittlich, bis hin zum Empfang der G\u00e4ste mit Blick \u00fcber die Weinberge: Die Burgruine Landshut hie\u00df alle in dramatischer Kulisse Willkommen. Ob es wohl doch einen Regenguss geben w\u00fcrde?<\/p>\n<p>Pl\u00f6tzlich wurde der Himmel rabenschwarz und von einer Sekunde auf die n\u00e4chste fielen erbsengro\u00dfe Hagelk\u00f6rner vom Himmel.<\/p>\n<p>Standen gerade noch die G\u00e4ste mit Sekt im Burghof, flohen sie jetzt in die Innenr\u00e4ume oder retteten sich unter die gro\u00dfen Sonnenschirme.<\/p>\n<p>Und Julia und Dennis? Ich entdeckte sie auf der anderen Seite. L\u00e4chelnd standen sie dort unter dem Dach. Wenn das mal keine Geschichte ist, die sie sich noch in vielen vielen Jahren lachend erz\u00e4hlen werden.<\/p>\n<p><strong><span style=\"color: #999999;\"><em>(\u00dcbrigens: Im Laufe des Blogbeitrags stelle ich Julia, aber auch Dennis einige Fragen. Also scroll weiter runter, welche Tipps sie Dir mitgeben.)<\/em><\/span><\/strong><\/p>\n<p><a class=\"img\" href=\"https:\/\/stefanierothfotografie.de\/blog\/wp-content\/uploads\/2019\/11\/hochzeitsfotograf_mosel_bernkastel-kues_000.jpg\" title=\"\n\" title=\"Brautpaar Tanzt Oberhalb Der Mosel\"><br \/>\n<\/a><a class=\"img\" href=\"https:\/\/stefanierothfotografie.de\/blog\/wp-content\/uploads\/2019\/11\/hochzeitsfotograf_mosel_bernkastel-kues_001.jpg\"><img loading=\"lazy\" decoding=\"async\" class=\"aligncenter wp-image-3197 size-full\" src=\"https:\/\/stefanierothfotografie.de\/blog\/wp-content\/uploads\/2019\/11\/hochzeitsfotograf_mosel_bernkastel-kues_001.jpg\" alt=\"Hochzeitsfotograf Sauerland\" width=\"1024\" height=\"684\" \/><\/a> <a class=\"img\" href=\"https:\/\/stefanierothfotografie.de\/blog\/wp-content\/uploads\/2019\/11\/hochzeitsfotograf_mosel_bernkastel-kues_002.jpg\"><img loading=\"lazy\" decoding=\"async\" class=\"aligncenter size-full wp-image-3198\" src=\"https:\/\/stefanierothfotografie.de\/blog\/wp-content\/uploads\/2019\/11\/hochzeitsfotograf_mosel_bernkastel-kues_002.jpg\" alt=\"\" width=\"1024\" height=\"767\" \/><\/a> <a class=\"img\" href=\"https:\/\/stefanierothfotografie.de\/blog\/wp-content\/uploads\/2019\/11\/hochzeitsfotograf_mosel_bernkastel-kues_003.jpg\"><img loading=\"lazy\" decoding=\"async\" class=\"aligncenter size-full wp-image-3199\" src=\"https:\/\/stefanierothfotografie.de\/blog\/wp-content\/uploads\/2019\/11\/hochzeitsfotograf_mosel_bernkastel-kues_003.jpg\" alt=\"\" width=\"1024\" height=\"684\" \/><\/a><\/p>\n<h3>Liebe Julia, erz\u00e4hle etwas von Dir. Wer bist Du? Was macht Dich aus? Meine zuk\u00fcnftigen Br\u00e4ute m\u00f6chten Dich sicher besser kennenlernen.<\/h3>\n<p>J: Ich bin Julia, 31 Jahre alt und Lehrerin f\u00fcr die F\u00e4cher Deutsch, Franz\u00f6sisch und Philosophie. Meine gro\u00dfe Leidenschaft ist das Reisen, ich koche sehr gerne und verbringe gerne Zeit in der Natur, zum Beispiel bei einer Wanderung oder einer Radtour oder einfach so bei einem Sonntagnachmittagsspaziergang.<\/p>\n<p><a class=\"img\" href=\"https:\/\/stefanierothfotografie.de\/blog\/wp-content\/uploads\/2019\/11\/hochzeitsfotograf_mosel_bernkastel-kues_004.jpg\"><img loading=\"lazy\" decoding=\"async\" class=\"aligncenter size-full wp-image-3200\" src=\"https:\/\/stefanierothfotografie.de\/blog\/wp-content\/uploads\/2019\/11\/hochzeitsfotograf_mosel_bernkastel-kues_004.jpg\" alt=\"\" width=\"1024\" height=\"684\" \/><\/a> <a class=\"img\" href=\"https:\/\/stefanierothfotografie.de\/blog\/wp-content\/uploads\/2019\/11\/hochzeitsfotograf_mosel_bernkastel-kues_005.jpg\"><img loading=\"lazy\" decoding=\"async\" class=\"aligncenter size-full wp-image-3201\" src=\"https:\/\/stefanierothfotografie.de\/blog\/wp-content\/uploads\/2019\/11\/hochzeitsfotograf_mosel_bernkastel-kues_005.jpg\" alt=\"\" width=\"1024\" height=\"767\" \/><\/a> <a class=\"img\" href=\"https:\/\/stefanierothfotografie.de\/blog\/wp-content\/uploads\/2019\/11\/hochzeitsfotograf_mosel_bernkastel-kues_006.jpg\"><img loading=\"lazy\" decoding=\"async\" class=\"aligncenter size-full wp-image-3202\" src=\"https:\/\/stefanierothfotografie.de\/blog\/wp-content\/uploads\/2019\/11\/hochzeitsfotograf_mosel_bernkastel-kues_006.jpg\" alt=\"\" width=\"1024\" height=\"684\" \/><\/a> <a class=\"img\" href=\"https:\/\/stefanierothfotografie.de\/blog\/wp-content\/uploads\/2019\/11\/hochzeitsfotograf_mosel_bernkastel-kues_007.jpg\" title=\"Hochzeitsfotograf Sauerland\"><img loading=\"lazy\" decoding=\"async\" class=\"aligncenter wp-image-3203 size-full\" src=\"https:\/\/stefanierothfotografie.de\/blog\/wp-content\/uploads\/2019\/11\/hochzeitsfotograf_mosel_bernkastel-kues_007.jpg\" title=\"Hochzeitsfotograf Sauerland\" alt=\"Hochzeitsfotograf Sauerland\" width=\"1024\" height=\"684\" \/><\/a> <a class=\"img\" href=\"https:\/\/stefanierothfotografie.de\/blog\/wp-content\/uploads\/2019\/11\/hochzeitsfotograf_mosel_bernkastel-kues_008.jpg\"><img loading=\"lazy\" decoding=\"async\" class=\"aligncenter size-full wp-image-3204\" src=\"https:\/\/stefanierothfotografie.de\/blog\/wp-content\/uploads\/2019\/11\/hochzeitsfotograf_mosel_bernkastel-kues_008.jpg\" alt=\"\" width=\"1024\" height=\"767\" \/><\/a> <a class=\"img\" href=\"https:\/\/stefanierothfotografie.de\/blog\/wp-content\/uploads\/2019\/11\/hochzeitsfotograf_mosel_bernkastel-kues_009.jpg\"><img loading=\"lazy\" decoding=\"async\" class=\"aligncenter size-full wp-image-3205\" src=\"https:\/\/stefanierothfotografie.de\/blog\/wp-content\/uploads\/2019\/11\/hochzeitsfotograf_mosel_bernkastel-kues_009.jpg\" alt=\"\" width=\"1024\" height=\"684\" \/><\/a> <a class=\"img\" href=\"https:\/\/stefanierothfotografie.de\/blog\/wp-content\/uploads\/2019\/11\/hochzeitsfotograf_mosel_bernkastel-kues_010.jpg\"><img loading=\"lazy\" decoding=\"async\" class=\"aligncenter size-full wp-image-3206\" src=\"https:\/\/stefanierothfotografie.de\/blog\/wp-content\/uploads\/2019\/11\/hochzeitsfotograf_mosel_bernkastel-kues_010.jpg\" alt=\"\" width=\"1024\" height=\"684\" \/><\/a> <a class=\"img\" href=\"https:\/\/stefanierothfotografie.de\/blog\/wp-content\/uploads\/2019\/11\/hochzeitsfotograf_mosel_bernkastel-kues_011.jpg\"><img loading=\"lazy\" decoding=\"async\" class=\"aligncenter size-full wp-image-3207\" src=\"https:\/\/stefanierothfotografie.de\/blog\/wp-content\/uploads\/2019\/11\/hochzeitsfotograf_mosel_bernkastel-kues_011.jpg\" alt=\"\" width=\"1024\" height=\"767\" \/><\/a> <a class=\"img\" href=\"https:\/\/stefanierothfotografie.de\/blog\/wp-content\/uploads\/2019\/11\/hochzeitsfotograf_mosel_bernkastel-kues_012.jpg\"><img loading=\"lazy\" decoding=\"async\" class=\"aligncenter size-full wp-image-3208\" src=\"https:\/\/stefanierothfotografie.de\/blog\/wp-content\/uploads\/2019\/11\/hochzeitsfotograf_mosel_bernkastel-kues_012.jpg\" alt=\"\" width=\"1024\" height=\"684\" \/><\/a> <a class=\"img\" href=\"https:\/\/stefanierothfotografie.de\/blog\/wp-content\/uploads\/2019\/11\/hochzeitsfotograf_mosel_bernkastel-kues_013.jpg\"><img loading=\"lazy\" decoding=\"async\" class=\"aligncenter size-full wp-image-3209\" src=\"https:\/\/stefanierothfotografie.de\/blog\/wp-content\/uploads\/2019\/11\/hochzeitsfotograf_mosel_bernkastel-kues_013.jpg\" alt=\"\" width=\"1024\" height=\"684\" \/><\/a> <a class=\"img\" href=\"https:\/\/stefanierothfotografie.de\/blog\/wp-content\/uploads\/2019\/11\/hochzeitsfotograf_mosel_bernkastel-kues_014.jpg\"><img loading=\"lazy\" decoding=\"async\" class=\"aligncenter size-full wp-image-3210\" src=\"https:\/\/stefanierothfotografie.de\/blog\/wp-content\/uploads\/2019\/11\/hochzeitsfotograf_mosel_bernkastel-kues_014.jpg\" alt=\"\" width=\"1024\" height=\"684\" \/><\/a><\/p>\n<h3>Wie w\u00fcrdest Du Deinen Ehemann beschreiben? Was macht ihn zu dem, was Du auf ewig lieben wirst?<\/h3>\n<p>J: Dennis ist wahnsinnig liebevoll und f\u00fcrsorglich. Er zeigt mir jeden Tag, dass er mich so liebt wie ich bin. Ich liebe seine positive Lebenseinstellung, seine F\u00e4higkeit, aus allem das Beste zu machen, seine Ausgeglichenheit und Begeisterungsf\u00e4higkeit f\u00fcr alles Neue.<\/p>\n<h3>Wie und wo hast Du Deinen Ehemann kennengelernt?<\/h3>\n<p>J: Wir haben uns im Februar 2015 \u00fcber einen gemeinsamen Freund kennengelernt. Er hat unsere Kontaktdaten ausgetauscht und auf einige Nachrichten, die ich mit Dennis hin und her geschickt hatte, folgte am 17. M\u00e4rz 2015 unser erstes (Blind)Date. Wir waren an diesem Abend in Essen arabisch essen.<\/p>\n<p><a class=\"img\" href=\"https:\/\/stefanierothfotografie.de\/blog\/wp-content\/uploads\/2019\/11\/hochzeitsfotograf_mosel_bernkastel-kues_015.jpg\"><img loading=\"lazy\" decoding=\"async\" class=\"aligncenter size-full wp-image-3211\" src=\"https:\/\/stefanierothfotografie.de\/blog\/wp-content\/uploads\/2019\/11\/hochzeitsfotograf_mosel_bernkastel-kues_015.jpg\" alt=\"\" width=\"1024\" height=\"684\" \/><\/a> <a class=\"img\" href=\"https:\/\/stefanierothfotografie.de\/blog\/wp-content\/uploads\/2019\/11\/hochzeitsfotograf_mosel_bernkastel-kues_016.jpg\" title=\"Brautpaar Kennengelernt Als Hochzeitsfotograf Sauerland\"><img loading=\"lazy\" decoding=\"async\" class=\"aligncenter wp-image-3212 size-full\" src=\"https:\/\/stefanierothfotografie.de\/blog\/wp-content\/uploads\/2019\/11\/hochzeitsfotograf_mosel_bernkastel-kues_016.jpg\" title=\"Brautpaar Kennengelernt Als Hochzeitsfotograf Sauerland\" alt=\"Brautpaar kennengelernt als Hochzeitsfotograf Sauerland\" width=\"1024\" height=\"684\" \/><\/a> <a class=\"img\" href=\"https:\/\/stefanierothfotografie.de\/blog\/wp-content\/uploads\/2019\/11\/hochzeitsfotograf_mosel_bernkastel-kues_017.jpg\"><img loading=\"lazy\" decoding=\"async\" class=\"aligncenter size-full wp-image-3213\" src=\"https:\/\/stefanierothfotografie.de\/blog\/wp-content\/uploads\/2019\/11\/hochzeitsfotograf_mosel_bernkastel-kues_017.jpg\" alt=\"\" width=\"1024\" height=\"684\" \/><\/a> <a class=\"img\" href=\"https:\/\/stefanierothfotografie.de\/blog\/wp-content\/uploads\/2019\/11\/hochzeitsfotograf_mosel_bernkastel-kues_018.jpg\"><img loading=\"lazy\" decoding=\"async\" class=\"aligncenter size-full wp-image-3214\" src=\"https:\/\/stefanierothfotografie.de\/blog\/wp-content\/uploads\/2019\/11\/hochzeitsfotograf_mosel_bernkastel-kues_018.jpg\" alt=\"\" width=\"1024\" height=\"684\" \/><\/a> <a class=\"img\" href=\"https:\/\/stefanierothfotografie.de\/blog\/wp-content\/uploads\/2019\/11\/hochzeitsfotograf_mosel_bernkastel-kues_019.jpg\"><img loading=\"lazy\" decoding=\"async\" class=\"aligncenter size-full wp-image-3215\" src=\"https:\/\/stefanierothfotografie.de\/blog\/wp-content\/uploads\/2019\/11\/hochzeitsfotograf_mosel_bernkastel-kues_019.jpg\" alt=\"\" width=\"1024\" height=\"767\" \/><\/a><\/p>\n<h3>Ein Brautkleid ist ein Statement. Wie und wo hast Du Dein Brautkleid entdeckt und was gef\u00e4llt Dir an dem Kleid besonders gut?<\/h3>\n<p>J: Mein Brautkleid habe ich im Oktober zusammen mit meiner Mama, meiner Schwester und meiner besten Freundin in K\u00f6ln bei <a href=\"https:\/\/anna-moda.com\/\" title=\"Anna Moda\">Anna Moda<\/a> ausgesucht. An dem Kleid liebe ich besonders den R\u00fcckenausschnitt.<\/p>\n<h3>Welches war f\u00fcr Dich der sch\u00f6nste Hochzeitsmoment?<\/h3>\n<p>J: Das Eheversprechen in der Kirche war f\u00fcr mich der sch\u00f6nste Hochzeitsmoment, den ich mir im Voraus schon oft in Gedanken so ausgemalt habe und der sch\u00f6ner nicht h\u00e4tte sein k\u00f6nnen. Ein ganz besonderer Moment war au\u00dferdem unser First-Look in Traben-Trarbach.<\/p>\n<p><a class=\"img\" href=\"https:\/\/stefanierothfotografie.de\/blog\/wp-content\/uploads\/2019\/11\/hochzeitsfotograf_mosel_bernkastel-kues_020.jpg\"><img loading=\"lazy\" decoding=\"async\" class=\"aligncenter size-full wp-image-3216\" src=\"https:\/\/stefanierothfotografie.de\/blog\/wp-content\/uploads\/2019\/11\/hochzeitsfotograf_mosel_bernkastel-kues_020.jpg\" alt=\"\" width=\"1024\" height=\"684\" \/><\/a> <a class=\"img\" href=\"https:\/\/stefanierothfotografie.de\/blog\/wp-content\/uploads\/2019\/11\/hochzeitsfotograf_mosel_bernkastel-kues_021.jpg\"><img loading=\"lazy\" decoding=\"async\" class=\"aligncenter size-full wp-image-3217\" src=\"https:\/\/stefanierothfotografie.de\/blog\/wp-content\/uploads\/2019\/11\/hochzeitsfotograf_mosel_bernkastel-kues_021.jpg\" alt=\"\" width=\"1024\" height=\"684\" \/><\/a> <a class=\"img\" href=\"https:\/\/stefanierothfotografie.de\/blog\/wp-content\/uploads\/2019\/11\/hochzeitsfotograf_mosel_bernkastel-kues_022.jpg\"><img loading=\"lazy\" decoding=\"async\" class=\"aligncenter size-full wp-image-3218\" src=\"https:\/\/stefanierothfotografie.de\/blog\/wp-content\/uploads\/2019\/11\/hochzeitsfotograf_mosel_bernkastel-kues_022.jpg\" alt=\"\" width=\"1024\" height=\"684\" \/><\/a> <a class=\"img\" href=\"https:\/\/stefanierothfotografie.de\/blog\/wp-content\/uploads\/2019\/11\/hochzeitsfotograf_mosel_bernkastel-kues_023.jpg\"><img loading=\"lazy\" decoding=\"async\" class=\"aligncenter size-full wp-image-3219\" src=\"https:\/\/stefanierothfotografie.de\/blog\/wp-content\/uploads\/2019\/11\/hochzeitsfotograf_mosel_bernkastel-kues_023.jpg\" alt=\"\" width=\"1024\" height=\"767\" \/><\/a> <a class=\"img\" href=\"https:\/\/stefanierothfotografie.de\/blog\/wp-content\/uploads\/2019\/11\/hochzeitsfotograf_mosel_bernkastel-kues_024.jpg\"><img loading=\"lazy\" decoding=\"async\" class=\"aligncenter size-full wp-image-3220\" src=\"https:\/\/stefanierothfotografie.de\/blog\/wp-content\/uploads\/2019\/11\/hochzeitsfotograf_mosel_bernkastel-kues_024.jpg\" alt=\"\" width=\"1024\" height=\"684\" \/><\/a> <a class=\"img\" href=\"https:\/\/stefanierothfotografie.de\/blog\/wp-content\/uploads\/2019\/11\/hochzeitsfotograf_mosel_bernkastel-kues_025.jpg\"><img loading=\"lazy\" decoding=\"async\" class=\"aligncenter size-full wp-image-3221\" src=\"https:\/\/stefanierothfotografie.de\/blog\/wp-content\/uploads\/2019\/11\/hochzeitsfotograf_mosel_bernkastel-kues_025.jpg\" alt=\"\" width=\"1024\" height=\"684\" \/><\/a> <a class=\"img\" href=\"https:\/\/stefanierothfotografie.de\/blog\/wp-content\/uploads\/2019\/11\/hochzeitsfotograf_mosel_bernkastel-kues_026.jpg\"><img loading=\"lazy\" decoding=\"async\" class=\"aligncenter size-full wp-image-3222\" src=\"https:\/\/stefanierothfotografie.de\/blog\/wp-content\/uploads\/2019\/11\/hochzeitsfotograf_mosel_bernkastel-kues_026.jpg\" alt=\"\" width=\"1024\" height=\"767\" \/><\/a> <a class=\"img\" href=\"https:\/\/stefanierothfotografie.de\/blog\/wp-content\/uploads\/2019\/11\/hochzeitsfotograf_mosel_bernkastel-kues_027.jpg\"><img loading=\"lazy\" decoding=\"async\" class=\"aligncenter size-full wp-image-3223\" src=\"https:\/\/stefanierothfotografie.de\/blog\/wp-content\/uploads\/2019\/11\/hochzeitsfotograf_mosel_bernkastel-kues_027.jpg\" alt=\"\" width=\"1024\" height=\"1535\" \/><\/a> <a class=\"img\" href=\"https:\/\/stefanierothfotografie.de\/blog\/wp-content\/uploads\/2019\/11\/hochzeitsfotograf_mosel_bernkastel-kues_028.jpg\"><img loading=\"lazy\" decoding=\"async\" class=\"aligncenter size-full wp-image-3224\" src=\"https:\/\/stefanierothfotografie.de\/blog\/wp-content\/uploads\/2019\/11\/hochzeitsfotograf_mosel_bernkastel-kues_028.jpg\" alt=\"\" width=\"1024\" height=\"684\" \/><\/a> <a class=\"img\" href=\"https:\/\/stefanierothfotografie.de\/blog\/wp-content\/uploads\/2019\/11\/hochzeitsfotograf_mosel_bernkastel-kues_029.jpg\" title=\"Gl\u00fcckliches Brautpaar Vor Der Kirche\"><img loading=\"lazy\" decoding=\"async\" class=\"aligncenter wp-image-3225 size-full\" src=\"https:\/\/stefanierothfotografie.de\/blog\/wp-content\/uploads\/2019\/11\/hochzeitsfotograf_mosel_bernkastel-kues_029.jpg\" title=\"Gl\u00fcckliches Brautpaar Vor Der Kirche\" alt=\"Gl\u00fcckliches Brautpaar vor der Kirche\" width=\"1024\" height=\"684\" \/><\/a> <a class=\"img\" href=\"https:\/\/stefanierothfotografie.de\/blog\/wp-content\/uploads\/2019\/11\/hochzeitsfotograf_mosel_bernkastel-kues_030.jpg\"><img loading=\"lazy\" decoding=\"async\" class=\"aligncenter size-full wp-image-3226\" src=\"https:\/\/stefanierothfotografie.de\/blog\/wp-content\/uploads\/2019\/11\/hochzeitsfotograf_mosel_bernkastel-kues_030.jpg\" alt=\"\" width=\"1024\" height=\"684\" \/><\/a> <a class=\"img\" href=\"https:\/\/stefanierothfotografie.de\/blog\/wp-content\/uploads\/2019\/11\/hochzeitsfotograf_mosel_bernkastel-kues_031.jpg\"><img loading=\"lazy\" decoding=\"async\" class=\"aligncenter size-full wp-image-3227\" src=\"https:\/\/stefanierothfotografie.de\/blog\/wp-content\/uploads\/2019\/11\/hochzeitsfotograf_mosel_bernkastel-kues_031.jpg\" alt=\"\" width=\"1024\" height=\"684\" \/><\/a> <a class=\"img\" href=\"https:\/\/stefanierothfotografie.de\/blog\/wp-content\/uploads\/2019\/11\/hochzeitsfotograf_mosel_bernkastel-kues_032.jpg\"><img loading=\"lazy\" decoding=\"async\" class=\"aligncenter size-full wp-image-3228\" src=\"https:\/\/stefanierothfotografie.de\/blog\/wp-content\/uploads\/2019\/11\/hochzeitsfotograf_mosel_bernkastel-kues_032.jpg\" alt=\"\" width=\"1024\" height=\"767\" \/><\/a><\/p>\n<h6><em>Als Hochzeitsfotograf Mosel: Viele tolle Locations habe ich als Hochzeitsfotograf deutschlandweit gesehen &#8211; die Burg Landshut ist aber besonders.<\/em><\/h6>\n<h3>Beschreibe Eure Hochzeitslocation? Warum habt ihr Euch genau f\u00fcr diese Location entschieden, was m\u00f6gt ihr im Speziellen daran?<\/h3>\n<p>J: Unsere Hochzeitslocation war die Burg Landshut, die inmitten der Weinberge von Bernkastel-Kues liegt. Da ich aus Wittlich komme, kennen wir die Gegend an der Mosel sehr gut und haben schon viele gemeinsame Wanderungen (u.a. den Moselsteig) dort unternommen. Begeistert hat uns die Burg mit der gro\u00dfen Glasfassade, da man so vom Inneren aus einen wundersch\u00f6nen Blick \u00fcber das Moseltal hat.<\/p>\n<h3>Eure Hochzeit war wunderbar. Was hat Eure Hochzeit f\u00fcr Dich zu einer echten Herzenshochzeit gemacht?<\/h3>\n<p>J: Zu sehen, wie viele liebe Menschen sich an diesem Tag mit einem freuen und die Liebe feiern, das hat es f\u00fcr uns zu dem besonderen Tag gemacht.<\/p>\n<p><a class=\"img\" href=\"https:\/\/stefanierothfotografie.de\/blog\/wp-content\/uploads\/2019\/11\/hochzeitsfotograf_mosel_bernkastel-kues_033.jpg\"><img loading=\"lazy\" decoding=\"async\" class=\"aligncenter size-full wp-image-3229\" src=\"https:\/\/stefanierothfotografie.de\/blog\/wp-content\/uploads\/2019\/11\/hochzeitsfotograf_mosel_bernkastel-kues_033.jpg\" alt=\"\" width=\"1024\" height=\"684\" \/><\/a> <a class=\"img\" href=\"https:\/\/stefanierothfotografie.de\/blog\/wp-content\/uploads\/2019\/11\/hochzeitsfotograf_mosel_bernkastel-kues_034.jpg\"><img loading=\"lazy\" decoding=\"async\" class=\"aligncenter size-full wp-image-3230\" src=\"https:\/\/stefanierothfotografie.de\/blog\/wp-content\/uploads\/2019\/11\/hochzeitsfotograf_mosel_bernkastel-kues_034.jpg\" alt=\"\" width=\"1024\" height=\"767\" \/><\/a> <a class=\"img\" href=\"https:\/\/stefanierothfotografie.de\/blog\/wp-content\/uploads\/2019\/11\/hochzeitsfotograf_mosel_bernkastel-kues_035.jpg\"><img loading=\"lazy\" decoding=\"async\" class=\"aligncenter size-full wp-image-3231\" src=\"https:\/\/stefanierothfotografie.de\/blog\/wp-content\/uploads\/2019\/11\/hochzeitsfotograf_mosel_bernkastel-kues_035.jpg\" alt=\"\" width=\"1024\" height=\"684\" \/><\/a> <a class=\"img\" href=\"https:\/\/stefanierothfotografie.de\/blog\/wp-content\/uploads\/2019\/11\/hochzeitsfotograf_mosel_bernkastel-kues_036.jpg\"><img loading=\"lazy\" decoding=\"async\" class=\"aligncenter size-full wp-image-3232\" src=\"https:\/\/stefanierothfotografie.de\/blog\/wp-content\/uploads\/2019\/11\/hochzeitsfotograf_mosel_bernkastel-kues_036.jpg\" alt=\"\" width=\"1024\" height=\"684\" \/><\/a> <a class=\"img\" href=\"https:\/\/stefanierothfotografie.de\/blog\/wp-content\/uploads\/2019\/11\/hochzeitsfotograf_mosel_bernkastel-kues_037.jpg\"><img loading=\"lazy\" decoding=\"async\" class=\"aligncenter size-full wp-image-3233\" src=\"https:\/\/stefanierothfotografie.de\/blog\/wp-content\/uploads\/2019\/11\/hochzeitsfotograf_mosel_bernkastel-kues_037.jpg\" alt=\"\" width=\"1024\" height=\"767\" \/><\/a><\/p>\n<h3>Planung ist das A und O. Hast Du einen Tipp f\u00fcr zuk\u00fcnftige Stefanie Roth Br\u00e4ute?<\/h3>\n<p>J: Ich fand es sehr gut, schon fr\u00fchzeitig mit der Planung der Hochzeit zu beginnen, zum einen weil es einem viel Stress in den letzten Wochen vor dem gro\u00dfen Tag erspart und zum anderen weil jeder Schritt hin zur Hochzeit so etwas ganz besonderes ist. F\u00fcr mich waren die Wahl des Kleides, der Dekoration, der Blumen, die Gespr\u00e4che mit den verschiedenen Dienstleistern, die Planung des Gottesdienstes usw. Teil dieses ganz besonderen Festes.<\/p>\n<h3><a class=\"img\" href=\"https:\/\/stefanierothfotografie.de\/blog\/wp-content\/uploads\/2019\/11\/hochzeitsfotograf_mosel_bernkastel-kues_038.jpg\"><img loading=\"lazy\" decoding=\"async\" class=\"aligncenter size-full wp-image-3234\" src=\"https:\/\/stefanierothfotografie.de\/blog\/wp-content\/uploads\/2019\/11\/hochzeitsfotograf_mosel_bernkastel-kues_038.jpg\" alt=\"\" width=\"1024\" height=\"684\" \/><\/a> <a class=\"img\" href=\"https:\/\/stefanierothfotografie.de\/blog\/wp-content\/uploads\/2019\/11\/hochzeitsfotograf_mosel_bernkastel-kues_039.jpg\"><img loading=\"lazy\" decoding=\"async\" class=\"aligncenter size-full wp-image-3235\" src=\"https:\/\/stefanierothfotografie.de\/blog\/wp-content\/uploads\/2019\/11\/hochzeitsfotograf_mosel_bernkastel-kues_039.jpg\" alt=\"\" width=\"1024\" height=\"767\" \/><\/a> <a class=\"img\" href=\"https:\/\/stefanierothfotografie.de\/blog\/wp-content\/uploads\/2019\/11\/hochzeitsfotograf_mosel_bernkastel-kues_040.jpg\"><img loading=\"lazy\" decoding=\"async\" class=\"aligncenter size-full wp-image-3236\" src=\"https:\/\/stefanierothfotografie.de\/blog\/wp-content\/uploads\/2019\/11\/hochzeitsfotograf_mosel_bernkastel-kues_040.jpg\" alt=\"\" width=\"1024\" height=\"767\" \/><\/a> <a class=\"img\" href=\"https:\/\/stefanierothfotografie.de\/blog\/wp-content\/uploads\/2019\/11\/hochzeitsfotograf_mosel_bernkastel-kues_041.jpg\"><img loading=\"lazy\" decoding=\"async\" class=\"aligncenter size-full wp-image-3237\" src=\"https:\/\/stefanierothfotografie.de\/blog\/wp-content\/uploads\/2019\/11\/hochzeitsfotograf_mosel_bernkastel-kues_041.jpg\" alt=\"\" width=\"1024\" height=\"684\" \/><\/a> <a class=\"img\" href=\"https:\/\/stefanierothfotografie.de\/blog\/wp-content\/uploads\/2019\/11\/hochzeitsfotograf_mosel_bernkastel-kues_042.jpg\"><img loading=\"lazy\" decoding=\"async\" class=\"aligncenter size-full wp-image-3238\" src=\"https:\/\/stefanierothfotografie.de\/blog\/wp-content\/uploads\/2019\/11\/hochzeitsfotograf_mosel_bernkastel-kues_042.jpg\" alt=\"\" width=\"1024\" height=\"767\" \/><\/a> <a class=\"img\" href=\"https:\/\/stefanierothfotografie.de\/blog\/wp-content\/uploads\/2019\/11\/hochzeitsfotograf_mosel_bernkastel-kues_043.jpg\"><img loading=\"lazy\" decoding=\"async\" class=\"aligncenter size-full wp-image-3239\" src=\"https:\/\/stefanierothfotografie.de\/blog\/wp-content\/uploads\/2019\/11\/hochzeitsfotograf_mosel_bernkastel-kues_043.jpg\" alt=\"\" width=\"1024\" height=\"684\" \/><\/a> <a class=\"img\" href=\"https:\/\/stefanierothfotografie.de\/blog\/wp-content\/uploads\/2019\/11\/hochzeitsfotograf_mosel_bernkastel-kues_044.jpg\"><img loading=\"lazy\" decoding=\"async\" class=\"aligncenter size-full wp-image-3240\" src=\"https:\/\/stefanierothfotografie.de\/blog\/wp-content\/uploads\/2019\/11\/hochzeitsfotograf_mosel_bernkastel-kues_044.jpg\" alt=\"\" width=\"1024\" height=\"684\" \/><\/a><\/h3>\n<figure id=\"attachment_3241\" aria-describedby=\"caption-attachment-3241\" style=\"width: 1024px\" class=\"wp-caption aligncenter\"><a class=\"img\" href=\"https:\/\/stefanierothfotografie.de\/blog\/wp-content\/uploads\/2019\/11\/hochzeitsfotograf_mosel_bernkastel-kues_045.jpg\"><img loading=\"lazy\" decoding=\"async\" class=\"wp-image-3241 size-full\" src=\"https:\/\/stefanierothfotografie.de\/blog\/wp-content\/uploads\/2019\/11\/hochzeitsfotograf_mosel_bernkastel-kues_045.jpg\" alt=\"\" width=\"1024\" height=\"684\" \/><\/a><figcaption id=\"caption-attachment-3241\" class=\"wp-caption-text\">Linda Seifried, Dennis\u00b4 Schwester, <a href=\"https:\/\/www.lindaseifried.de\/\" title=\"Traurednerin\">Traurednerin<\/a> und Hochzeitsplanerin \u00fcberraschte mit ganz besonderen Worten.<\/figcaption><\/figure>\n<h3>Wie stellst Du Dir Eure gemeinsame Zukunft vor?<\/h3>\n<p>J: Ich sehe uns im Garten unseres kleinen Hauses in einem kleinen Ort in der N\u00e4he von Bonn. Wir sitzen auf der Terrasse und unsere Kinder spielen auf der Wiese.<\/p>\n<h3>Habt ihr ein gemeinsames Lied \u2013 was ber\u00fchrt es in Dir?<\/h3>\n<p>J: Wir lieben beide das Lied \u201eEin Teil von meinem Herzen\u201c von Jonathan Zelter, auf dieses Lied haben wir auch unseren Hochzeitstanz getanzt.<\/p>\n<h3><a class=\"img\" href=\"https:\/\/stefanierothfotografie.de\/blog\/wp-content\/uploads\/2019\/11\/hochzeitsfotograf_mosel_bernkastel-kues_046.jpg\"><img loading=\"lazy\" decoding=\"async\" class=\"aligncenter size-full wp-image-3242\" src=\"https:\/\/stefanierothfotografie.de\/blog\/wp-content\/uploads\/2019\/11\/hochzeitsfotograf_mosel_bernkastel-kues_046.jpg\" alt=\"\" width=\"1024\" height=\"767\" \/><\/a> <a class=\"img\" href=\"https:\/\/stefanierothfotografie.de\/blog\/wp-content\/uploads\/2019\/11\/hochzeitsfotograf_mosel_bernkastel-kues_047.jpg\"><img loading=\"lazy\" decoding=\"async\" class=\"aligncenter size-full wp-image-3243\" src=\"https:\/\/stefanierothfotografie.de\/blog\/wp-content\/uploads\/2019\/11\/hochzeitsfotograf_mosel_bernkastel-kues_047.jpg\" alt=\"\" width=\"1024\" height=\"684\" \/><\/a> <a class=\"img\" href=\"https:\/\/stefanierothfotografie.de\/blog\/wp-content\/uploads\/2019\/11\/hochzeitsfotograf_mosel_bernkastel-kues_048.jpg\"><img loading=\"lazy\" decoding=\"async\" class=\"aligncenter size-full wp-image-3244\" src=\"https:\/\/stefanierothfotografie.de\/blog\/wp-content\/uploads\/2019\/11\/hochzeitsfotograf_mosel_bernkastel-kues_048.jpg\" alt=\"\" width=\"1024\" height=\"684\" \/><\/a> <a class=\"img\" href=\"https:\/\/stefanierothfotografie.de\/blog\/wp-content\/uploads\/2019\/11\/hochzeitsfotograf_mosel_bernkastel-kues_049.jpg\"><img loading=\"lazy\" decoding=\"async\" class=\"aligncenter size-full wp-image-3245\" src=\"https:\/\/stefanierothfotografie.de\/blog\/wp-content\/uploads\/2019\/11\/hochzeitsfotograf_mosel_bernkastel-kues_049.jpg\" alt=\"\" width=\"1024\" height=\"684\" \/><\/a> Wie empfandet ihr den Tag mit mir als Eure Fotografin und m\u00f6chtest Du mir noch etwas mit auf den Weg geben?<\/h3>\n<p>J: Der Tag unserer Hochzeit, wie auch schon die vorbereitenden Treffen, mit dir als unsere Fotografin waren einfach super, denn wir haben uns auf Anhieb gut verstanden. Durch deine lockere, aber auch bestimmte Art, hatten wir stets das Gef\u00fchl, dass du alles im Griff hast, ohne uns davon gestresst zu f\u00fchlen. Wie alle an unserer Hochzeit Beteiligten sind wir begeistert, wie unauff\u00e4llig du diese ganzen tollen Fotos geschossen hast. Besonders hervorzuheben ist auch, dass du so top organisiert bist und wir immer genau wussten, was wann auf uns zukommt &#8211; das war gerade am Tag der gro\u00dfen Feier sehr beruhigend. Wir danken dir f\u00fcr die gro\u00dfartigen Erinnerungen, die du mit deinen Fotos f\u00fcr uns geschaffen hast!<\/p>\n<h3>Habt ihr ein Lieblingsfoto?<\/h3>\n<p>J: Wir lieben die Paarfotos, die wir beim Sonnenuntergang in den Weinbergen gemacht haben.<\/p>\n<h3>Eure Hochzeit in einem Satz?<\/h3>\n<p>J: In jeder Hinsicht eine hei\u00dfe Angelegenheit.<\/p>\n<p><a class=\"img\" href=\"https:\/\/stefanierothfotografie.de\/blog\/wp-content\/uploads\/2019\/11\/hochzeitsfotograf_mosel_bernkastel-kues_050.jpg\"><img loading=\"lazy\" decoding=\"async\" class=\"aligncenter size-full wp-image-3246\" src=\"https:\/\/stefanierothfotografie.de\/blog\/wp-content\/uploads\/2019\/11\/hochzeitsfotograf_mosel_bernkastel-kues_050.jpg\" alt=\"\" width=\"1024\" height=\"684\" \/><\/a> <a class=\"img\" href=\"https:\/\/stefanierothfotografie.de\/blog\/wp-content\/uploads\/2019\/11\/hochzeitsfotograf_mosel_bernkastel-kues_051.jpg\"><img loading=\"lazy\" decoding=\"async\" class=\"aligncenter size-full wp-image-3247\" src=\"https:\/\/stefanierothfotografie.de\/blog\/wp-content\/uploads\/2019\/11\/hochzeitsfotograf_mosel_bernkastel-kues_051.jpg\" alt=\"\" width=\"1024\" height=\"684\" \/><\/a> <a class=\"img\" href=\"https:\/\/stefanierothfotografie.de\/blog\/wp-content\/uploads\/2019\/11\/hochzeitsfotograf_mosel_bernkastel-kues_052.jpg\"><img loading=\"lazy\" decoding=\"async\" class=\"aligncenter size-full wp-image-3248\" src=\"https:\/\/stefanierothfotografie.de\/blog\/wp-content\/uploads\/2019\/11\/hochzeitsfotograf_mosel_bernkastel-kues_052.jpg\" alt=\"\" width=\"1024\" height=\"684\" \/><\/a> <a class=\"img\" href=\"https:\/\/stefanierothfotografie.de\/blog\/wp-content\/uploads\/2019\/11\/hochzeitsfotograf_mosel_bernkastel-kues_053.jpg\"><img loading=\"lazy\" decoding=\"async\" class=\"aligncenter size-full wp-image-3249\" src=\"https:\/\/stefanierothfotografie.de\/blog\/wp-content\/uploads\/2019\/11\/hochzeitsfotograf_mosel_bernkastel-kues_053.jpg\" alt=\"\" width=\"1024\" height=\"684\" \/><\/a> <a class=\"img\" href=\"https:\/\/stefanierothfotografie.de\/blog\/wp-content\/uploads\/2019\/11\/hochzeitsfotograf_mosel_bernkastel-kues_054.jpg\"><img loading=\"lazy\" decoding=\"async\" class=\"aligncenter size-full wp-image-3250\" src=\"https:\/\/stefanierothfotografie.de\/blog\/wp-content\/uploads\/2019\/11\/hochzeitsfotograf_mosel_bernkastel-kues_054.jpg\" alt=\"\" width=\"1024\" height=\"684\" \/><\/a><\/p>\n<h4>Dennis, zwei Fragen habe ich aber auch an Dich.<\/h4>\n<h4>Wo kommt Dein Anzug her? Hast Du ihn alleine gekauft oder hattest Du Unterst\u00fctzung?<\/h4>\n<p>D: Ich habe den Anzug, das Hemd und die Accessoires bei <a href=\"http:\/\/www.the-bloke.de\/\" title=\"The Bloke\">The Bloke<\/a> in K\u00f6ln gekauft. Mein Vater war bei der Auswahl der Stoffe dabei und hat mich beraten.<\/p>\n<h3>Und hast Du einen Tipp f\u00fcr jeden zuk\u00fcnftigen Br\u00e4utigam?<\/h3>\n<p>D: Lass deiner Braut freie Hand, wenn sie auch das kleinste Detail planen und vorbereiten will. Sucht euch Leute, denen ihr vertraut und die am Tag der Feier daf\u00fcr sorgen, dass ihr euch um nichts k\u00fcmmern m\u00fcsst. Sei kompromissbereit, aber lass dich in Grundsatzentscheidungen nicht \u00fcberreden.<em>\u00a0<\/em><\/p>\n<p><a class=\"img\" href=\"https:\/\/stefanierothfotografie.de\/blog\/wp-content\/uploads\/2019\/11\/hochzeitsfotograf_mosel_bernkastel-kues_055.jpg\"><img loading=\"lazy\" decoding=\"async\" class=\"aligncenter size-full wp-image-3251\" src=\"https:\/\/stefanierothfotografie.de\/blog\/wp-content\/uploads\/2019\/11\/hochzeitsfotograf_mosel_bernkastel-kues_055.jpg\" alt=\"\" width=\"1024\" height=\"684\" \/><\/a> <a class=\"img\" href=\"https:\/\/stefanierothfotografie.de\/blog\/wp-content\/uploads\/2019\/11\/hochzeitsfotograf_mosel_bernkastel-kues_056.jpg\"><img loading=\"lazy\" decoding=\"async\" class=\"aligncenter size-full wp-image-3252\" src=\"https:\/\/stefanierothfotografie.de\/blog\/wp-content\/uploads\/2019\/11\/hochzeitsfotograf_mosel_bernkastel-kues_056.jpg\" alt=\"\" width=\"1024\" height=\"684\" \/><\/a> <a class=\"img\" href=\"https:\/\/stefanierothfotografie.de\/blog\/wp-content\/uploads\/2019\/11\/hochzeitsfotograf_mosel_bernkastel-kues_057.jpg\"><img loading=\"lazy\" decoding=\"async\" class=\"aligncenter size-full wp-image-3253\" src=\"https:\/\/stefanierothfotografie.de\/blog\/wp-content\/uploads\/2019\/11\/hochzeitsfotograf_mosel_bernkastel-kues_057.jpg\" alt=\"\" width=\"1024\" height=\"767\" \/><\/a> <a class=\"img\" href=\"https:\/\/stefanierothfotografie.de\/blog\/wp-content\/uploads\/2019\/11\/hochzeitsfotograf_mosel_bernkastel-kues_058.jpg\"><img loading=\"lazy\" decoding=\"async\" class=\"aligncenter size-full wp-image-3254\" src=\"https:\/\/stefanierothfotografie.de\/blog\/wp-content\/uploads\/2019\/11\/hochzeitsfotograf_mosel_bernkastel-kues_058.jpg\" alt=\"\" width=\"1024\" height=\"684\" \/><\/a><\/p>\n<p>Hochzeits-Planer:<a href=\"https:\/\/www.schlipsundschleier.de\/\" title=\"Schlips & Schleier\" title=\" Dennis? Schwester Linda Seifried, Schlips & Schleier\"> Dennis\u2019 Schwester Linda Seifried, Schlips &amp; Schleier<\/a><br \/>\nLocation der Feier: Burg Landshut in Bernkastel-Kues<br \/>\nHaare &amp; Make-up: Susanne Stock<br \/>\nPapeterie: <a href=\"https:\/\/www.cottonbird.de\/\" title=\"Cottonbird\">Cottonbird<\/a><br \/>\nFloristik: <a href=\"https:\/\/www.sonjas-bluetentraeume.de\/\" title=\"Bl\u00fctentr\u00e4ume Bausendorf\">Bl\u00fctentr\u00e4ume Bausendorf<\/a><br \/>\nDekoration &amp; Dekoverleih: <a href=\"https:\/\/www.schlipsundschleier.de\/\" title=\"Schlips & Schleier\" title=\" Dennis? Schwester Linda Seifried, Schlips & Schleier\">Schlips &amp; Schleier<\/a><br \/>\nBrautkleid (Marke\/Designer): <a href=\"https:\/\/www.rosaclara.es\/de\/\" title=\"Rosa Clara\">Rosa Clara<\/a> (gekauft bei Anna Moda in K\u00f6ln)<br \/>\nDJ\/Musiker: <a href=\"http:\/\/www.evt-much.de\/\" title=\"DJ Bobby Rox\">DJ Bobby Rox<\/a><br \/>\n<em>Hochzeitsfotograf Mosel:<\/em> <a href=\"http:\/\/www.stefanierothfotografie.de\" title=\"Stefanie Roth\">Stefanie Roth<\/a><\/p>\n<p><em>Liebe Julia, lieber Dennis, ich danke Euch, f\u00fcr diese fr\u00f6hliche Zeit <strong>voller Lachen<\/strong> und gutem Gef\u00fchl. Es war mir eine gro\u00dfe Freude. Ein Tag, der fest in meiner Erinnerung bleibt.<br \/>\n<\/em><\/p>\n","protected":false},"excerpt":{"rendered":"<p>Hochzeitsfotograf an der Mosel Obwohl ich ja viel als Hochzeitsfotograf im Sauerland und in Norddeutschland unterwegs bin, erkunde ich genauso h\u00e4ufig Gegenden au\u00dferhalb des Landes mit den 1000 Bergen. Julia und Dennis hatten sich f\u00fcr ihre Hochzeitsfeier Bernkastel-Kues und die besondere Burgruine Landshut ausgew\u00e4hlt. Julia wollte ich am Hochzeitsmorgen im Jugendstilhotel Bellevue in Traben-Trarbach treffen.&hellip; <a class=\"more-link\" href=\"https:\/\/stefanierothfotografie.de\/blog\/hochzeitsfotograf-mosel-burg-landshut\/\"><span class=\"screen-reader-text\">Hochzeit auf Burg Landshut &#8211; Hochzeitsfotograf Mosel<\/span> weiterlesen<\/a><\/p>\n","protected":false},"author":1,"featured_media":3250,"comment_status":"closed","ping_status":"open","sticky":false,"template":"","format":"standard","meta":{"footnotes":""},"categories":[45],"tags":[143,147,13,145,25,86,142,141,144,148,146,149,113],"class_list":["post-3195","post","type-post","status-publish","format-standard","has-post-thumbnail","hentry","category-real-wedding","tag-burg-landshut-hochzeit","tag-fotograf-burg-landshut","tag-hochzeit","tag-hochzeit-mosel","tag-hochzeitsfotograf","tag-hochzeitsfotograf-an-der-mosel","tag-hochzeitsfotograf-bernkastel-kues","tag-hochzeitsfotograf-mosel","tag-hochzeitsfotograf-traben-trarbach","tag-hochzeitsfotograf-wittlich","tag-hochzeitsreportage-mosel","tag-mosel-hochzeitsfotograf","tag-natuerliche-hochzeitsfotos","entry"],"_links":{"self":[{"href":"https:\/\/stefanierothfotografie.de\/blog\/wp-json\/wp\/v2\/posts\/3195","targetHints":{"allow":["GET"]}}],"collection":[{"href":"https:\/\/stefanierothfotografie.de\/blog\/wp-json\/wp\/v2\/posts"}],"about":[{"href":"https:\/\/stefanierothfotografie.de\/blog\/wp-json\/wp\/v2\/types\/post"}],"author":[{"embeddable":true,"href":"https:\/\/stefanierothfotografie.de\/blog\/wp-json\/wp\/v2\/users\/1"}],"replies":[{"embeddable":true,"href":"https:\/\/stefanierothfotografie.de\/blog\/wp-json\/wp\/v2\/comments?post=3195"}],"version-history":[{"count":2,"href":"https:\/\/stefanierothfotografie.de\/blog\/wp-json\/wp\/v2\/posts\/3195\/revisions"}],"predecessor-version":[{"id":3899,"href":"https:\/\/stefanierothfotografie.de\/blog\/wp-json\/wp\/v2\/posts\/3195\/revisions\/3899"}],"wp:featuredmedia":[{"embeddable":true,"href":"https:\/\/stefanierothfotografie.de\/blog\/wp-json\/wp\/v2\/media\/3250"}],"wp:attachment":[{"href":"https:\/\/stefanierothfotografie.de\/blog\/wp-json\/wp\/v2\/media?parent=3195"}],"wp:term":[{"taxonomy":"category","embeddable":true,"href":"https:\/\/stefanierothfotografie.de\/blog\/wp-json\/wp\/v2\/categories?post=3195"},{"taxonomy":"post_tag","embeddable":true,"href":"https:\/\/stefanierothfotografie.de\/blog\/wp-json\/wp\/v2\/tags?post=3195"}],"curies":[{"name":"wp","href":"https:\/\/api.w.org\/{rel}","templated":true}]}}