{"id":3089,"date":"2019-07-12T11:39:00","date_gmt":"2019-07-12T09:39:00","guid":{"rendered":"https:\/\/stefanierothfotografie.de\/blog\/?p=3089"},"modified":"2025-08-08T15:48:39","modified_gmt":"2025-08-08T13:48:39","slug":"hochzeitsfotograf-sauerland-brilon","status":"publish","type":"post","link":"https:\/\/stefanierothfotografie.de\/blog\/hochzeitsfotograf-sauerland-brilon\/","title":{"rendered":"Landhochzeit in Brilon"},"content":{"rendered":"<p><img loading=\"lazy\" decoding=\"async\" class=\"aligncenter size-full wp-image-3090\" src=\"https:\/\/stefanierothfotografie.de\/blog\/wp-content\/uploads\/2019\/07\/hochzeitsfotograf_sauerland_fotograf_luedenscheid_001.jpg\" alt=\"\" width=\"1024\" height=\"684\" srcset=\"https:\/\/stefanierothfotografie.de\/blog\/wp-content\/uploads\/2019\/07\/hochzeitsfotograf_sauerland_fotograf_luedenscheid_001.jpg 1024w, https:\/\/stefanierothfotografie.de\/blog\/wp-content\/uploads\/2019\/07\/hochzeitsfotograf_sauerland_fotograf_luedenscheid_001-300x200.jpg 300w, https:\/\/stefanierothfotografie.de\/blog\/wp-content\/uploads\/2019\/07\/hochzeitsfotograf_sauerland_fotograf_luedenscheid_001-768x513.jpg 768w\" sizes=\"auto, (max-width: 1024px) 100vw, 1024px\" \/>Wenn Du nicht selbst aus dem Sauerland kommst und jemand fragt Dich &#8222;Wie stellst Du Dir eigentlich das Sauerland vor?&#8220;, dann w\u00fcrdest Du vermutlich den kleinen Ort Alme bei Brilon beschreiben. Ein Schloss, viel Wasser, viel Gr\u00fcn, W\u00e4lder, kleine gem\u00fctliche H\u00e4user mit sch\u00f6nen Vorg\u00e4rten und jeder kennt wohl jeden.<\/p>\n<p>In diesem Ort Alme, der zu Brilon geh\u00f6rt, beginnt mein Tag als Hochzeitsfotograf im Sauerland. Ich war schonmal in der Gegend, vor einigen Monaten, als Linda und Marcel schon im Standesamt in Brilon &#8222;Ja&#8220; sagten. Heute folgt Teil zwei und schon auf der Fahrt von L\u00fcdenscheid nach Brilon bin ich voller Vorfreude auf diesen Hochzeitstag.<\/p>\n<h4>Das Hochsauerland bietet so viel \u2013 wie sch\u00f6n wieder als Hochzeitsfotograf im Sauerland zu sein<\/h4>\n<p>Entspannter kann es wohl nicht zugehen. Sowohl Marcel, als auch Linda sind v\u00f6llig relaxt, als ich die beiden nacheinander zum Getting Ready treffe. Beruhigende Worte sind fast nicht n\u00f6tig und auch meine kleinen Atem-Tricks um die Aufregung zu Stoppen brauche ich nicht heraus kramen.<\/p>\n<p>Als dann der First-Look an den Alme-Quellen kurz bevor steht steigt die Aufregung dann doch etwas. Aufregung die der sch\u00f6nsten Vorfreude \u00e4hnelt und als die beiden sich ihren ersten Blick zuwerfen flie\u00dfen zarte Freudentr\u00e4nen \u2013 ich glaube auch bei mir. Ein unglaublich tiefer Moment, den die beiden in der Kirche wiederholen.<\/p>\n<p>Ja, den First-Look doppelt genie\u00dfen \u2013 was kann es denn Sch\u00f6neres geben. Und auch beim zweiten Mal in der herrlichen Kirche in Brilon wird es emotional. Was ein Start in in diesen Tag, ein Tag im September als Hochzeitsfotograf Sauerland.\u00a0<a class=\"img\" href=\"https:\/\/stefanierothfotografie.de\/blog\/wp-content\/uploads\/2019\/07\/hochzeitsfotograf_sauerland_fotograf_luedenscheid_002.jpg\" title=\"\n\"><br \/>\n<img loading=\"lazy\" decoding=\"async\" class=\"aligncenter wp-image-3091 size-full\" src=\"https:\/\/stefanierothfotografie.de\/blog\/wp-content\/uploads\/2019\/07\/hochzeitsfotograf_sauerland_fotograf_luedenscheid_002.jpg\" title=\"\n\" alt=\"hochzeitsfotograf sauerland\" width=\"1024\" height=\"767\" srcset=\"https:\/\/stefanierothfotografie.de\/blog\/wp-content\/uploads\/2019\/07\/hochzeitsfotograf_sauerland_fotograf_luedenscheid_002.jpg 1024w, https:\/\/stefanierothfotografie.de\/blog\/wp-content\/uploads\/2019\/07\/hochzeitsfotograf_sauerland_fotograf_luedenscheid_002-300x225.jpg 300w, https:\/\/stefanierothfotografie.de\/blog\/wp-content\/uploads\/2019\/07\/hochzeitsfotograf_sauerland_fotograf_luedenscheid_002-768x575.jpg 768w\" sizes=\"auto, (max-width: 1024px) 100vw, 1024px\" \/><\/a><strong>Linda, erz\u00e4hle etwas von Dir. Wer bist Du? Was macht Dich aus? Meine zuk\u00fcnftigen Br\u00e4ute m\u00f6chten Dich besser kennenlernen.<\/strong><\/p>\n<p>Ich bin Linda und komme aus dem wundersch\u00f6nen Dorf Alme am Rande des Sauerlands. Ich arbeite im Marketing und bin eine absolute Planerin. Ich habe Spa\u00df am Designen und Organisieren und hab mich bei unseren Hochzeiten wirklich absolut selbstverwirklichen k\u00f6nnen. Meine Familie und Freunde sind ein wichtiger Bestandteil meines Lebens und ich reise gerne mit meinen Mann Marcel durch die Welt.<\/p>\n<p><strong>Wie w\u00fcrdest Du Deinen Ehemann beschreiben? Was macht ihn zu dem, was Du auf ewig lieben wirst?<\/strong><\/p>\n<p>Mein Ehemann hei\u00dft Marcel und ohne \u00fcbertreiben zu wollen, kann ich sagen, dass er der liebste Mensch auf Erden ist. Bei uns beiden gilt das Motto \u201eGegens\u00e4tze ziehen sich an\u201c: er ist mein Ruhepol, der Platz an dem ich mich am wohlsten auf dieser Welt f\u00fchle und ich freue mich jeden Tag, in nach der Arbeit in die Arme nehmen zu k\u00f6nnen.<\/p>\n<h2><a class=\"img\" href=\"https:\/\/stefanierothfotografie.de\/blog\/wp-content\/uploads\/2019\/07\/hochzeitsfotograf_sauerland_fotograf_luedenscheid_003.jpg\"><img loading=\"lazy\" decoding=\"async\" class=\"aligncenter size-full wp-image-3092\" src=\"https:\/\/stefanierothfotografie.de\/blog\/wp-content\/uploads\/2019\/07\/hochzeitsfotograf_sauerland_fotograf_luedenscheid_003.jpg\" alt=\"\" width=\"1024\" height=\"767\" srcset=\"https:\/\/stefanierothfotografie.de\/blog\/wp-content\/uploads\/2019\/07\/hochzeitsfotograf_sauerland_fotograf_luedenscheid_003.jpg 1024w, https:\/\/stefanierothfotografie.de\/blog\/wp-content\/uploads\/2019\/07\/hochzeitsfotograf_sauerland_fotograf_luedenscheid_003-300x225.jpg 300w, https:\/\/stefanierothfotografie.de\/blog\/wp-content\/uploads\/2019\/07\/hochzeitsfotograf_sauerland_fotograf_luedenscheid_003-768x575.jpg 768w\" sizes=\"auto, (max-width: 1024px) 100vw, 1024px\" \/><\/a> <a class=\"img\" href=\"https:\/\/stefanierothfotografie.de\/blog\/wp-content\/uploads\/2019\/07\/hochzeitsfotograf_sauerland_fotograf_luedenscheid_004.jpg\"><img loading=\"lazy\" decoding=\"async\" class=\"aligncenter size-full wp-image-3093\" src=\"https:\/\/stefanierothfotografie.de\/blog\/wp-content\/uploads\/2019\/07\/hochzeitsfotograf_sauerland_fotograf_luedenscheid_004.jpg\" alt=\"\" width=\"1024\" height=\"684\" srcset=\"https:\/\/stefanierothfotografie.de\/blog\/wp-content\/uploads\/2019\/07\/hochzeitsfotograf_sauerland_fotograf_luedenscheid_004.jpg 1024w, https:\/\/stefanierothfotografie.de\/blog\/wp-content\/uploads\/2019\/07\/hochzeitsfotograf_sauerland_fotograf_luedenscheid_004-300x200.jpg 300w, https:\/\/stefanierothfotografie.de\/blog\/wp-content\/uploads\/2019\/07\/hochzeitsfotograf_sauerland_fotograf_luedenscheid_004-768x513.jpg 768w\" sizes=\"auto, (max-width: 1024px) 100vw, 1024px\" \/><\/a>Der Dorfkind-Klassiker &#8211; wir kennen uns schon seit der Kindheit im gleichen Dorf im Sauerland<\/h2>\n<p><strong>Wie und wo hast Du Deinen Ehemann kennengelernt? \u2013 Erz\u00e4hle uns Eure Liebesgeschichte<\/strong><\/p>\n<p>Unsere Liebesgeschichte ist eigentlich der \u201eDorfkind-Klassiker\u201c: wir sind beide im gleichen Dorf aufgewachsen und kannten uns schon als Kinder. Da Marcel j\u00fcnger ist als ich, hatten wir nicht sehr viel miteinander zu tun. Als Kind fand ich Marcel nicht ganz so klasse, aber das hat sich im Jahr 2010 ins komplette (wunderbare) Gegenteil verkehrt und so sind wir seit M\u00e4rz des Jahres ein Paar.<\/p>\n<p><a class=\"img\" href=\"https:\/\/stefanierothfotografie.de\/blog\/wp-content\/uploads\/2019\/07\/hochzeitsfotograf_sauerland_fotograf_luedenscheid_006.jpg\"><img loading=\"lazy\" decoding=\"async\" class=\"aligncenter size-full wp-image-3095\" src=\"https:\/\/stefanierothfotografie.de\/blog\/wp-content\/uploads\/2019\/07\/hochzeitsfotograf_sauerland_fotograf_luedenscheid_006.jpg\" alt=\"\" width=\"1024\" height=\"684\" srcset=\"https:\/\/stefanierothfotografie.de\/blog\/wp-content\/uploads\/2019\/07\/hochzeitsfotograf_sauerland_fotograf_luedenscheid_006.jpg 1024w, https:\/\/stefanierothfotografie.de\/blog\/wp-content\/uploads\/2019\/07\/hochzeitsfotograf_sauerland_fotograf_luedenscheid_006-300x200.jpg 300w, https:\/\/stefanierothfotografie.de\/blog\/wp-content\/uploads\/2019\/07\/hochzeitsfotograf_sauerland_fotograf_luedenscheid_006-768x513.jpg 768w\" sizes=\"auto, (max-width: 1024px) 100vw, 1024px\" \/><\/a> <a class=\"img\" href=\"https:\/\/stefanierothfotografie.de\/blog\/wp-content\/uploads\/2019\/07\/hochzeitsfotograf_sauerland_fotograf_luedenscheid_007.jpg\"><img loading=\"lazy\" decoding=\"async\" class=\"aligncenter size-full wp-image-3096\" src=\"https:\/\/stefanierothfotografie.de\/blog\/wp-content\/uploads\/2019\/07\/hochzeitsfotograf_sauerland_fotograf_luedenscheid_007.jpg\" alt=\"\" width=\"1024\" height=\"684\" srcset=\"https:\/\/stefanierothfotografie.de\/blog\/wp-content\/uploads\/2019\/07\/hochzeitsfotograf_sauerland_fotograf_luedenscheid_007.jpg 1024w, https:\/\/stefanierothfotografie.de\/blog\/wp-content\/uploads\/2019\/07\/hochzeitsfotograf_sauerland_fotograf_luedenscheid_007-300x200.jpg 300w, https:\/\/stefanierothfotografie.de\/blog\/wp-content\/uploads\/2019\/07\/hochzeitsfotograf_sauerland_fotograf_luedenscheid_007-768x513.jpg 768w\" sizes=\"auto, (max-width: 1024px) 100vw, 1024px\" \/><\/a> <a class=\"img\" href=\"https:\/\/stefanierothfotografie.de\/blog\/wp-content\/uploads\/2019\/07\/hochzeitsfotograf_sauerland_fotograf_luedenscheid_008.jpg\"><img loading=\"lazy\" decoding=\"async\" class=\"aligncenter size-full wp-image-3097\" src=\"https:\/\/stefanierothfotografie.de\/blog\/wp-content\/uploads\/2019\/07\/hochzeitsfotograf_sauerland_fotograf_luedenscheid_008.jpg\" alt=\"\" width=\"1024\" height=\"684\" srcset=\"https:\/\/stefanierothfotografie.de\/blog\/wp-content\/uploads\/2019\/07\/hochzeitsfotograf_sauerland_fotograf_luedenscheid_008.jpg 1024w, https:\/\/stefanierothfotografie.de\/blog\/wp-content\/uploads\/2019\/07\/hochzeitsfotograf_sauerland_fotograf_luedenscheid_008-300x200.jpg 300w, https:\/\/stefanierothfotografie.de\/blog\/wp-content\/uploads\/2019\/07\/hochzeitsfotograf_sauerland_fotograf_luedenscheid_008-768x513.jpg 768w\" sizes=\"auto, (max-width: 1024px) 100vw, 1024px\" \/><\/a><strong>Wo kommt der Anzug her? Hat Dein Ehemann ihn alleine gekauft, hatte er Unterst\u00fctzung?<\/strong><\/p>\n<p>Da es meinem Schwiegervater vor seiner Hochzeit nicht verg\u00f6nnt war, gemeinsam mit seinem Vater den Hochzeitsanzug auszusuchen, lag es ihm sehr am Herzen, eben dies zusammen mit Marcel zu machen. Marcels Bruder, dessen Freundin und ich durften auch mit und so haben wir zusammen mit der hervorragenden Beratung im <a href=\"https:\/\/www.vockeroth.com\/\" title=\"Bekleidungshaus Vockeroth In Melsungen\">Bekleidungshaus Vockeroth in Melsungen<\/a> zwei gro\u00dfartige Outfits f\u00fcr Marcel gefunden.<\/p>\n<p><a class=\"img\" href=\"https:\/\/stefanierothfotografie.de\/blog\/wp-content\/uploads\/2019\/07\/hochzeitsfotograf_sauerland_fotograf_luedenscheid_009.jpg\"><img loading=\"lazy\" decoding=\"async\" class=\"aligncenter size-full wp-image-3098\" src=\"https:\/\/stefanierothfotografie.de\/blog\/wp-content\/uploads\/2019\/07\/hochzeitsfotograf_sauerland_fotograf_luedenscheid_009.jpg\" alt=\"\" width=\"1024\" height=\"684\" srcset=\"https:\/\/stefanierothfotografie.de\/blog\/wp-content\/uploads\/2019\/07\/hochzeitsfotograf_sauerland_fotograf_luedenscheid_009.jpg 1024w, https:\/\/stefanierothfotografie.de\/blog\/wp-content\/uploads\/2019\/07\/hochzeitsfotograf_sauerland_fotograf_luedenscheid_009-300x200.jpg 300w, https:\/\/stefanierothfotografie.de\/blog\/wp-content\/uploads\/2019\/07\/hochzeitsfotograf_sauerland_fotograf_luedenscheid_009-768x513.jpg 768w\" sizes=\"auto, (max-width: 1024px) 100vw, 1024px\" \/><\/a> <a class=\"img\" href=\"https:\/\/stefanierothfotografie.de\/blog\/wp-content\/uploads\/2019\/07\/hochzeitsfotograf_sauerland_fotograf_luedenscheid_010.jpg\"><img loading=\"lazy\" decoding=\"async\" class=\"aligncenter size-full wp-image-3099\" src=\"https:\/\/stefanierothfotografie.de\/blog\/wp-content\/uploads\/2019\/07\/hochzeitsfotograf_sauerland_fotograf_luedenscheid_010.jpg\" alt=\"\" width=\"1024\" height=\"684\" srcset=\"https:\/\/stefanierothfotografie.de\/blog\/wp-content\/uploads\/2019\/07\/hochzeitsfotograf_sauerland_fotograf_luedenscheid_010.jpg 1024w, https:\/\/stefanierothfotografie.de\/blog\/wp-content\/uploads\/2019\/07\/hochzeitsfotograf_sauerland_fotograf_luedenscheid_010-300x200.jpg 300w, https:\/\/stefanierothfotografie.de\/blog\/wp-content\/uploads\/2019\/07\/hochzeitsfotograf_sauerland_fotograf_luedenscheid_010-768x513.jpg 768w\" sizes=\"auto, (max-width: 1024px) 100vw, 1024px\" \/><\/a> <a class=\"img\" href=\"https:\/\/stefanierothfotografie.de\/blog\/wp-content\/uploads\/2019\/07\/hochzeitsfotograf_sauerland_fotograf_luedenscheid_011.jpg\"><img loading=\"lazy\" decoding=\"async\" class=\"aligncenter size-full wp-image-3100\" src=\"https:\/\/stefanierothfotografie.de\/blog\/wp-content\/uploads\/2019\/07\/hochzeitsfotograf_sauerland_fotograf_luedenscheid_011.jpg\" alt=\"\" width=\"1024\" height=\"684\" srcset=\"https:\/\/stefanierothfotografie.de\/blog\/wp-content\/uploads\/2019\/07\/hochzeitsfotograf_sauerland_fotograf_luedenscheid_011.jpg 1024w, https:\/\/stefanierothfotografie.de\/blog\/wp-content\/uploads\/2019\/07\/hochzeitsfotograf_sauerland_fotograf_luedenscheid_011-300x200.jpg 300w, https:\/\/stefanierothfotografie.de\/blog\/wp-content\/uploads\/2019\/07\/hochzeitsfotograf_sauerland_fotograf_luedenscheid_011-768x513.jpg 768w\" sizes=\"auto, (max-width: 1024px) 100vw, 1024px\" \/><\/a> <a class=\"img\" href=\"https:\/\/stefanierothfotografie.de\/blog\/wp-content\/uploads\/2019\/07\/hochzeitsfotograf_sauerland_fotograf_luedenscheid_012.jpg\"><img loading=\"lazy\" decoding=\"async\" class=\"aligncenter size-full wp-image-3101\" src=\"https:\/\/stefanierothfotografie.de\/blog\/wp-content\/uploads\/2019\/07\/hochzeitsfotograf_sauerland_fotograf_luedenscheid_012.jpg\" alt=\"\" width=\"1024\" height=\"684\" srcset=\"https:\/\/stefanierothfotografie.de\/blog\/wp-content\/uploads\/2019\/07\/hochzeitsfotograf_sauerland_fotograf_luedenscheid_012.jpg 1024w, https:\/\/stefanierothfotografie.de\/blog\/wp-content\/uploads\/2019\/07\/hochzeitsfotograf_sauerland_fotograf_luedenscheid_012-300x200.jpg 300w, https:\/\/stefanierothfotografie.de\/blog\/wp-content\/uploads\/2019\/07\/hochzeitsfotograf_sauerland_fotograf_luedenscheid_012-768x513.jpg 768w\" sizes=\"auto, (max-width: 1024px) 100vw, 1024px\" \/><\/a> <a class=\"img\" href=\"https:\/\/stefanierothfotografie.de\/blog\/wp-content\/uploads\/2019\/07\/hochzeitsfotograf_sauerland_fotograf_luedenscheid_013.jpg\"><img loading=\"lazy\" decoding=\"async\" class=\"aligncenter size-full wp-image-3102\" src=\"https:\/\/stefanierothfotografie.de\/blog\/wp-content\/uploads\/2019\/07\/hochzeitsfotograf_sauerland_fotograf_luedenscheid_013.jpg\" alt=\"\" width=\"1024\" height=\"767\" srcset=\"https:\/\/stefanierothfotografie.de\/blog\/wp-content\/uploads\/2019\/07\/hochzeitsfotograf_sauerland_fotograf_luedenscheid_013.jpg 1024w, https:\/\/stefanierothfotografie.de\/blog\/wp-content\/uploads\/2019\/07\/hochzeitsfotograf_sauerland_fotograf_luedenscheid_013-300x225.jpg 300w, https:\/\/stefanierothfotografie.de\/blog\/wp-content\/uploads\/2019\/07\/hochzeitsfotograf_sauerland_fotograf_luedenscheid_013-768x575.jpg 768w\" sizes=\"auto, (max-width: 1024px) 100vw, 1024px\" \/><\/a> <a class=\"img\" href=\"https:\/\/stefanierothfotografie.de\/blog\/wp-content\/uploads\/2019\/07\/hochzeitsfotograf_sauerland_fotograf_luedenscheid_014.jpg\"><img loading=\"lazy\" decoding=\"async\" class=\"aligncenter size-full wp-image-3103\" src=\"https:\/\/stefanierothfotografie.de\/blog\/wp-content\/uploads\/2019\/07\/hochzeitsfotograf_sauerland_fotograf_luedenscheid_014.jpg\" alt=\"\" width=\"1024\" height=\"684\" srcset=\"https:\/\/stefanierothfotografie.de\/blog\/wp-content\/uploads\/2019\/07\/hochzeitsfotograf_sauerland_fotograf_luedenscheid_014.jpg 1024w, https:\/\/stefanierothfotografie.de\/blog\/wp-content\/uploads\/2019\/07\/hochzeitsfotograf_sauerland_fotograf_luedenscheid_014-300x200.jpg 300w, https:\/\/stefanierothfotografie.de\/blog\/wp-content\/uploads\/2019\/07\/hochzeitsfotograf_sauerland_fotograf_luedenscheid_014-768x513.jpg 768w\" sizes=\"auto, (max-width: 1024px) 100vw, 1024px\" \/><\/a> <a class=\"img\" href=\"https:\/\/stefanierothfotografie.de\/blog\/wp-content\/uploads\/2019\/07\/hochzeitsfotograf_sauerland_fotograf_luedenscheid_015.jpg\"><img loading=\"lazy\" decoding=\"async\" class=\"aligncenter size-full wp-image-3104\" src=\"https:\/\/stefanierothfotografie.de\/blog\/wp-content\/uploads\/2019\/07\/hochzeitsfotograf_sauerland_fotograf_luedenscheid_015.jpg\" alt=\"\" width=\"1024\" height=\"684\" srcset=\"https:\/\/stefanierothfotografie.de\/blog\/wp-content\/uploads\/2019\/07\/hochzeitsfotograf_sauerland_fotograf_luedenscheid_015.jpg 1024w, https:\/\/stefanierothfotografie.de\/blog\/wp-content\/uploads\/2019\/07\/hochzeitsfotograf_sauerland_fotograf_luedenscheid_015-300x200.jpg 300w, https:\/\/stefanierothfotografie.de\/blog\/wp-content\/uploads\/2019\/07\/hochzeitsfotograf_sauerland_fotograf_luedenscheid_015-768x513.jpg 768w\" sizes=\"auto, (max-width: 1024px) 100vw, 1024px\" \/><\/a><strong>Ein Brautkleid ist ein Statement. Wie und wo hast Du Dein Brautkleid entdeckt und was gef\u00e4llt Dir an dem Kleid besonders gut?<\/strong><\/p>\n<p>F\u00fcr Outfit f\u00fcr die standesamtliche Trauung habe ich mich im Internet umgesehen und es war schnell klar, dass es kein einfaches, wei\u00dfes Kleid werden w\u00fcrde. Eine Zalando-Bestellungen sp\u00e4ter hatte ich dann die perfekte Kombination aus rosa T\u00fcllrock, Spitzenoberteil und Schuhe.<\/p>\n<h4 style=\"text-align: left;\"><strong>Ein Einblick in die standesamtliche Trauung &#8211; Winterhochzeit im Sauerland:<br \/>\nHochzeitsfotograf Sauerland im Winter<\/strong><\/h4>\n<h4 style=\"text-align: left;\"><a class=\"img\" href=\"https:\/\/stefanierothfotografie.de\/blog\/wp-content\/uploads\/2019\/07\/hochzeitsfotograf_sauerland_fotograf_luedenscheid_061.jpg\"><img loading=\"lazy\" decoding=\"async\" class=\"aligncenter wp-image-3159 size-full\" src=\"https:\/\/stefanierothfotografie.de\/blog\/wp-content\/uploads\/2019\/07\/hochzeitsfotograf_sauerland_fotograf_luedenscheid_061.jpg\" alt=\"hochzeitsfotograf sauerland\" width=\"1024\" height=\"684\" srcset=\"https:\/\/stefanierothfotografie.de\/blog\/wp-content\/uploads\/2019\/07\/hochzeitsfotograf_sauerland_fotograf_luedenscheid_061.jpg 1024w, https:\/\/stefanierothfotografie.de\/blog\/wp-content\/uploads\/2019\/07\/hochzeitsfotograf_sauerland_fotograf_luedenscheid_061-300x200.jpg 300w, https:\/\/stefanierothfotografie.de\/blog\/wp-content\/uploads\/2019\/07\/hochzeitsfotograf_sauerland_fotograf_luedenscheid_061-768x513.jpg 768w\" sizes=\"auto, (max-width: 1024px) 100vw, 1024px\" \/><\/a><\/h4>\n<p>Ich habe mein Kleid f\u00fcr die kirchliche Trauung beim <a href=\"https:\/\/www.starp.org\/\" title=\"Modehaus Starp In Kaunitz\">Modehaus Starp in Kaunitz<\/a> entdeckt. Zusammen mit meiner Mutter, meiner zuk\u00fcnftigen Schwiegermutter und meinen beiden Schwestern, die auch meine Trauzeuginnen waren, bin ich auf einer Hochzeitsmesse auf dieses Gesch\u00e4ft aufmerksam geworden. Die vier haben mir dann im Dezember 2017 geholfen das passende Kleid zu finden. Mir war vorher schon klar, dass es in die Richtung Boho gehen sollte und mit meiner Namensvetterin Linda hatte ich auch gleich die perfekte Beratung an meiner Seite. Nach gef\u00fchlt 20 verschiedensten Kleider bin ich dann doch auf Kleid Nr. 2 zur\u00fcckgekommen, weil es voll und ganz meinen Vorstellungen entsprochen hat. Es war im Boho-Stil, mit leichtem Rosa unterlegt, viel Spitze, war leicht, hatte keinen gro\u00dfen Umfang (ich wollte schlie\u00dflich ohne Probleme feiern) und hatte einen traumhaften R\u00fcckenausschnitt. Wobei mein Blumenkranz im Haar das Outfit erst komplett gemacht hat.<\/p>\n<p><a class=\"img\" href=\"https:\/\/stefanierothfotografie.de\/blog\/wp-content\/uploads\/2019\/07\/hochzeitsfotograf_sauerland_fotograf_luedenscheid_016.jpg\"><img loading=\"lazy\" decoding=\"async\" class=\"aligncenter size-full wp-image-3105\" src=\"https:\/\/stefanierothfotografie.de\/blog\/wp-content\/uploads\/2019\/07\/hochzeitsfotograf_sauerland_fotograf_luedenscheid_016.jpg\" alt=\"\" width=\"1024\" height=\"767\" srcset=\"https:\/\/stefanierothfotografie.de\/blog\/wp-content\/uploads\/2019\/07\/hochzeitsfotograf_sauerland_fotograf_luedenscheid_016.jpg 1024w, https:\/\/stefanierothfotografie.de\/blog\/wp-content\/uploads\/2019\/07\/hochzeitsfotograf_sauerland_fotograf_luedenscheid_016-300x225.jpg 300w, https:\/\/stefanierothfotografie.de\/blog\/wp-content\/uploads\/2019\/07\/hochzeitsfotograf_sauerland_fotograf_luedenscheid_016-768x575.jpg 768w\" sizes=\"auto, (max-width: 1024px) 100vw, 1024px\" \/><\/a> <a class=\"img\" href=\"https:\/\/stefanierothfotografie.de\/blog\/wp-content\/uploads\/2019\/07\/hochzeitsfotograf_sauerland_fotograf_luedenscheid_017.jpg\"><img loading=\"lazy\" decoding=\"async\" class=\"aligncenter size-full wp-image-3106\" src=\"https:\/\/stefanierothfotografie.de\/blog\/wp-content\/uploads\/2019\/07\/hochzeitsfotograf_sauerland_fotograf_luedenscheid_017.jpg\" alt=\"\" width=\"1024\" height=\"684\" srcset=\"https:\/\/stefanierothfotografie.de\/blog\/wp-content\/uploads\/2019\/07\/hochzeitsfotograf_sauerland_fotograf_luedenscheid_017.jpg 1024w, https:\/\/stefanierothfotografie.de\/blog\/wp-content\/uploads\/2019\/07\/hochzeitsfotograf_sauerland_fotograf_luedenscheid_017-300x200.jpg 300w, https:\/\/stefanierothfotografie.de\/blog\/wp-content\/uploads\/2019\/07\/hochzeitsfotograf_sauerland_fotograf_luedenscheid_017-768x513.jpg 768w\" sizes=\"auto, (max-width: 1024px) 100vw, 1024px\" \/><\/a> <a class=\"img\" href=\"https:\/\/stefanierothfotografie.de\/blog\/wp-content\/uploads\/2019\/07\/hochzeitsfotograf_sauerland_fotograf_luedenscheid_018.jpg\"><img loading=\"lazy\" decoding=\"async\" class=\"aligncenter size-full wp-image-3107\" src=\"https:\/\/stefanierothfotografie.de\/blog\/wp-content\/uploads\/2019\/07\/hochzeitsfotograf_sauerland_fotograf_luedenscheid_018.jpg\" alt=\"\" width=\"1024\" height=\"684\" srcset=\"https:\/\/stefanierothfotografie.de\/blog\/wp-content\/uploads\/2019\/07\/hochzeitsfotograf_sauerland_fotograf_luedenscheid_018.jpg 1024w, https:\/\/stefanierothfotografie.de\/blog\/wp-content\/uploads\/2019\/07\/hochzeitsfotograf_sauerland_fotograf_luedenscheid_018-300x200.jpg 300w, https:\/\/stefanierothfotografie.de\/blog\/wp-content\/uploads\/2019\/07\/hochzeitsfotograf_sauerland_fotograf_luedenscheid_018-768x513.jpg 768w\" sizes=\"auto, (max-width: 1024px) 100vw, 1024px\" \/><\/a> <a class=\"img\" href=\"https:\/\/stefanierothfotografie.de\/blog\/wp-content\/uploads\/2019\/07\/hochzeitsfotograf_sauerland_fotograf_luedenscheid_019.jpg\"><img loading=\"lazy\" decoding=\"async\" class=\"aligncenter size-full wp-image-3108\" src=\"https:\/\/stefanierothfotografie.de\/blog\/wp-content\/uploads\/2019\/07\/hochzeitsfotograf_sauerland_fotograf_luedenscheid_019.jpg\" alt=\"\" width=\"1024\" height=\"684\" srcset=\"https:\/\/stefanierothfotografie.de\/blog\/wp-content\/uploads\/2019\/07\/hochzeitsfotograf_sauerland_fotograf_luedenscheid_019.jpg 1024w, https:\/\/stefanierothfotografie.de\/blog\/wp-content\/uploads\/2019\/07\/hochzeitsfotograf_sauerland_fotograf_luedenscheid_019-300x200.jpg 300w, https:\/\/stefanierothfotografie.de\/blog\/wp-content\/uploads\/2019\/07\/hochzeitsfotograf_sauerland_fotograf_luedenscheid_019-768x513.jpg 768w\" sizes=\"auto, (max-width: 1024px) 100vw, 1024px\" \/><\/a> <a class=\"img\" href=\"https:\/\/stefanierothfotografie.de\/blog\/wp-content\/uploads\/2019\/07\/hochzeitsfotograf_sauerland_fotograf_luedenscheid_020.jpg\"><img loading=\"lazy\" decoding=\"async\" class=\"aligncenter size-full wp-image-3109\" src=\"https:\/\/stefanierothfotografie.de\/blog\/wp-content\/uploads\/2019\/07\/hochzeitsfotograf_sauerland_fotograf_luedenscheid_020.jpg\" alt=\"\" width=\"1024\" height=\"684\" srcset=\"https:\/\/stefanierothfotografie.de\/blog\/wp-content\/uploads\/2019\/07\/hochzeitsfotograf_sauerland_fotograf_luedenscheid_020.jpg 1024w, https:\/\/stefanierothfotografie.de\/blog\/wp-content\/uploads\/2019\/07\/hochzeitsfotograf_sauerland_fotograf_luedenscheid_020-300x200.jpg 300w, https:\/\/stefanierothfotografie.de\/blog\/wp-content\/uploads\/2019\/07\/hochzeitsfotograf_sauerland_fotograf_luedenscheid_020-768x513.jpg 768w\" sizes=\"auto, (max-width: 1024px) 100vw, 1024px\" \/><\/a><strong>Welches war f\u00fcr Dich der sch\u00f6nste Hochzeitsmoment?<\/strong><\/p>\n<p>Bei beiden Hochzeiten gab es ganz viele besondere Momente, aber mir ist immer der Er\u00f6ffnungstanz im Kopf geblieben. Einmal haben wir unter Regenschirmen und Lichtern getanzt und beim zweiten Mal dann in mitten unserer wichtigsten Menschen, umgeben von funkelnden Wunderkerzen. Das war ein unbeschreibliches Gef\u00fchl!<\/p>\n<p>Emotional war auch der Frist Look, da sind bei mir alle D\u00e4mme gebrochen und es war noch viel emotionaler als die Trauung selbst.<\/p>\n<p><a class=\"img\" href=\"https:\/\/stefanierothfotografie.de\/blog\/wp-content\/uploads\/2019\/07\/hochzeitsfotograf_sauerland_fotograf_luedenscheid_021.jpg\"><img loading=\"lazy\" decoding=\"async\" class=\"aligncenter size-full wp-image-3110\" src=\"https:\/\/stefanierothfotografie.de\/blog\/wp-content\/uploads\/2019\/07\/hochzeitsfotograf_sauerland_fotograf_luedenscheid_021.jpg\" alt=\"\" width=\"1024\" height=\"684\" srcset=\"https:\/\/stefanierothfotografie.de\/blog\/wp-content\/uploads\/2019\/07\/hochzeitsfotograf_sauerland_fotograf_luedenscheid_021.jpg 1024w, https:\/\/stefanierothfotografie.de\/blog\/wp-content\/uploads\/2019\/07\/hochzeitsfotograf_sauerland_fotograf_luedenscheid_021-300x200.jpg 300w, https:\/\/stefanierothfotografie.de\/blog\/wp-content\/uploads\/2019\/07\/hochzeitsfotograf_sauerland_fotograf_luedenscheid_021-768x513.jpg 768w\" sizes=\"auto, (max-width: 1024px) 100vw, 1024px\" \/><\/a> <a class=\"img\" href=\"https:\/\/stefanierothfotografie.de\/blog\/wp-content\/uploads\/2019\/07\/hochzeitsfotograf_sauerland_fotograf_luedenscheid_022.jpg\"><img loading=\"lazy\" decoding=\"async\" class=\"aligncenter size-full wp-image-3111\" src=\"https:\/\/stefanierothfotografie.de\/blog\/wp-content\/uploads\/2019\/07\/hochzeitsfotograf_sauerland_fotograf_luedenscheid_022.jpg\" alt=\"\" width=\"1024\" height=\"1535\" srcset=\"https:\/\/stefanierothfotografie.de\/blog\/wp-content\/uploads\/2019\/07\/hochzeitsfotograf_sauerland_fotograf_luedenscheid_022.jpg 1024w, https:\/\/stefanierothfotografie.de\/blog\/wp-content\/uploads\/2019\/07\/hochzeitsfotograf_sauerland_fotograf_luedenscheid_022-200x300.jpg 200w, https:\/\/stefanierothfotografie.de\/blog\/wp-content\/uploads\/2019\/07\/hochzeitsfotograf_sauerland_fotograf_luedenscheid_022-768x1151.jpg 768w, https:\/\/stefanierothfotografie.de\/blog\/wp-content\/uploads\/2019\/07\/hochzeitsfotograf_sauerland_fotograf_luedenscheid_022-683x1024.jpg 683w\" sizes=\"auto, (max-width: 1024px) 100vw, 1024px\" \/><\/a> <a class=\"img\" href=\"https:\/\/stefanierothfotografie.de\/blog\/wp-content\/uploads\/2019\/07\/hochzeitsfotograf_sauerland_fotograf_luedenscheid_023.jpg\"><img loading=\"lazy\" decoding=\"async\" class=\"aligncenter wp-image-3112 size-full\" src=\"https:\/\/stefanierothfotografie.de\/blog\/wp-content\/uploads\/2019\/07\/hochzeitsfotograf_sauerland_fotograf_luedenscheid_023.jpg\" alt=\"hochzeitsfotograf sauerland\" width=\"1024\" height=\"684\" srcset=\"https:\/\/stefanierothfotografie.de\/blog\/wp-content\/uploads\/2019\/07\/hochzeitsfotograf_sauerland_fotograf_luedenscheid_023.jpg 1024w, https:\/\/stefanierothfotografie.de\/blog\/wp-content\/uploads\/2019\/07\/hochzeitsfotograf_sauerland_fotograf_luedenscheid_023-300x200.jpg 300w, https:\/\/stefanierothfotografie.de\/blog\/wp-content\/uploads\/2019\/07\/hochzeitsfotograf_sauerland_fotograf_luedenscheid_023-768x513.jpg 768w\" sizes=\"auto, (max-width: 1024px) 100vw, 1024px\" \/><\/a> <a class=\"img\" href=\"https:\/\/stefanierothfotografie.de\/blog\/wp-content\/uploads\/2019\/07\/hochzeitsfotograf_sauerland_fotograf_luedenscheid_024.jpg\"><img loading=\"lazy\" decoding=\"async\" class=\"aligncenter size-full wp-image-3113\" src=\"https:\/\/stefanierothfotografie.de\/blog\/wp-content\/uploads\/2019\/07\/hochzeitsfotograf_sauerland_fotograf_luedenscheid_024.jpg\" alt=\"\" width=\"1024\" height=\"684\" srcset=\"https:\/\/stefanierothfotografie.de\/blog\/wp-content\/uploads\/2019\/07\/hochzeitsfotograf_sauerland_fotograf_luedenscheid_024.jpg 1024w, https:\/\/stefanierothfotografie.de\/blog\/wp-content\/uploads\/2019\/07\/hochzeitsfotograf_sauerland_fotograf_luedenscheid_024-300x200.jpg 300w, https:\/\/stefanierothfotografie.de\/blog\/wp-content\/uploads\/2019\/07\/hochzeitsfotograf_sauerland_fotograf_luedenscheid_024-768x513.jpg 768w\" sizes=\"auto, (max-width: 1024px) 100vw, 1024px\" \/><\/a> <a class=\"img\" href=\"https:\/\/stefanierothfotografie.de\/blog\/wp-content\/uploads\/2019\/07\/hochzeitsfotograf_sauerland_fotograf_luedenscheid_025.jpg\"><img loading=\"lazy\" decoding=\"async\" class=\"aligncenter wp-image-3114 size-full\" src=\"https:\/\/stefanierothfotografie.de\/blog\/wp-content\/uploads\/2019\/07\/hochzeitsfotograf_sauerland_fotograf_luedenscheid_025.jpg\" alt=\"hochzeitsfotograf sauerland\" width=\"1024\" height=\"684\" srcset=\"https:\/\/stefanierothfotografie.de\/blog\/wp-content\/uploads\/2019\/07\/hochzeitsfotograf_sauerland_fotograf_luedenscheid_025.jpg 1024w, https:\/\/stefanierothfotografie.de\/blog\/wp-content\/uploads\/2019\/07\/hochzeitsfotograf_sauerland_fotograf_luedenscheid_025-300x200.jpg 300w, https:\/\/stefanierothfotografie.de\/blog\/wp-content\/uploads\/2019\/07\/hochzeitsfotograf_sauerland_fotograf_luedenscheid_025-768x513.jpg 768w\" sizes=\"auto, (max-width: 1024px) 100vw, 1024px\" \/><\/a> <strong>Wie stellst Du Dir Eure Zukunft vor?<\/strong><\/p>\n<p>Da wir beide absolute Familienmenschen sind, w\u00fcnschen wir uns f\u00fcr die Zukunft auf jeden Fall Kinder und ein sch\u00f6nes Heim. Aber auch der Wunsch die Welt zu entdecken spielt in bei uns eine gro\u00dfe Rolle. Egal, was kommt, wir wollen irgendwann im hohen Alter nebeneinandersitzen und sagen k\u00f6nnen: <em>Das war ein sch\u00f6nes Leben mir dir an meiner Seite.<\/em><\/p>\n<p><a class=\"img\" href=\"https:\/\/stefanierothfotografie.de\/blog\/wp-content\/uploads\/2019\/07\/hochzeitsfotograf_sauerland_fotograf_luedenscheid_026.jpg\"><img loading=\"lazy\" decoding=\"async\" class=\"aligncenter size-full wp-image-3115\" src=\"https:\/\/stefanierothfotografie.de\/blog\/wp-content\/uploads\/2019\/07\/hochzeitsfotograf_sauerland_fotograf_luedenscheid_026.jpg\" alt=\"\" width=\"1024\" height=\"684\" srcset=\"https:\/\/stefanierothfotografie.de\/blog\/wp-content\/uploads\/2019\/07\/hochzeitsfotograf_sauerland_fotograf_luedenscheid_026.jpg 1024w, https:\/\/stefanierothfotografie.de\/blog\/wp-content\/uploads\/2019\/07\/hochzeitsfotograf_sauerland_fotograf_luedenscheid_026-300x200.jpg 300w, https:\/\/stefanierothfotografie.de\/blog\/wp-content\/uploads\/2019\/07\/hochzeitsfotograf_sauerland_fotograf_luedenscheid_026-768x513.jpg 768w\" sizes=\"auto, (max-width: 1024px) 100vw, 1024px\" \/><\/a> <a class=\"img\" href=\"https:\/\/stefanierothfotografie.de\/blog\/wp-content\/uploads\/2019\/07\/hochzeitsfotograf_sauerland_fotograf_luedenscheid_027.jpg\"><img loading=\"lazy\" decoding=\"async\" class=\"aligncenter size-full wp-image-3116\" src=\"https:\/\/stefanierothfotografie.de\/blog\/wp-content\/uploads\/2019\/07\/hochzeitsfotograf_sauerland_fotograf_luedenscheid_027.jpg\" alt=\"\" width=\"1024\" height=\"684\" srcset=\"https:\/\/stefanierothfotografie.de\/blog\/wp-content\/uploads\/2019\/07\/hochzeitsfotograf_sauerland_fotograf_luedenscheid_027.jpg 1024w, https:\/\/stefanierothfotografie.de\/blog\/wp-content\/uploads\/2019\/07\/hochzeitsfotograf_sauerland_fotograf_luedenscheid_027-300x200.jpg 300w, https:\/\/stefanierothfotografie.de\/blog\/wp-content\/uploads\/2019\/07\/hochzeitsfotograf_sauerland_fotograf_luedenscheid_027-768x513.jpg 768w\" sizes=\"auto, (max-width: 1024px) 100vw, 1024px\" \/><\/a><a class=\"img\" href=\"https:\/\/stefanierothfotografie.de\/blog\/wp-content\/uploads\/2019\/07\/hochzeitsfotograf_sauerland_fotograf_luedenscheid_028.jpg\"><img loading=\"lazy\" decoding=\"async\" class=\"aligncenter size-full wp-image-3117\" src=\"https:\/\/stefanierothfotografie.de\/blog\/wp-content\/uploads\/2019\/07\/hochzeitsfotograf_sauerland_fotograf_luedenscheid_028.jpg\" alt=\"\" width=\"1024\" height=\"1535\" srcset=\"https:\/\/stefanierothfotografie.de\/blog\/wp-content\/uploads\/2019\/07\/hochzeitsfotograf_sauerland_fotograf_luedenscheid_028.jpg 1024w, https:\/\/stefanierothfotografie.de\/blog\/wp-content\/uploads\/2019\/07\/hochzeitsfotograf_sauerland_fotograf_luedenscheid_028-200x300.jpg 200w, https:\/\/stefanierothfotografie.de\/blog\/wp-content\/uploads\/2019\/07\/hochzeitsfotograf_sauerland_fotograf_luedenscheid_028-768x1151.jpg 768w, https:\/\/stefanierothfotografie.de\/blog\/wp-content\/uploads\/2019\/07\/hochzeitsfotograf_sauerland_fotograf_luedenscheid_028-683x1024.jpg 683w\" sizes=\"auto, (max-width: 1024px) 100vw, 1024px\" \/><\/a> <a class=\"img\" href=\"https:\/\/stefanierothfotografie.de\/blog\/wp-content\/uploads\/2019\/07\/hochzeitsfotograf_sauerland_fotograf_luedenscheid_029.jpg\"><img loading=\"lazy\" decoding=\"async\" class=\"aligncenter size-full wp-image-3118\" src=\"https:\/\/stefanierothfotografie.de\/blog\/wp-content\/uploads\/2019\/07\/hochzeitsfotograf_sauerland_fotograf_luedenscheid_029.jpg\" alt=\"\" width=\"1024\" height=\"684\" srcset=\"https:\/\/stefanierothfotografie.de\/blog\/wp-content\/uploads\/2019\/07\/hochzeitsfotograf_sauerland_fotograf_luedenscheid_029.jpg 1024w, https:\/\/stefanierothfotografie.de\/blog\/wp-content\/uploads\/2019\/07\/hochzeitsfotograf_sauerland_fotograf_luedenscheid_029-300x200.jpg 300w, https:\/\/stefanierothfotografie.de\/blog\/wp-content\/uploads\/2019\/07\/hochzeitsfotograf_sauerland_fotograf_luedenscheid_029-768x513.jpg 768w\" sizes=\"auto, (max-width: 1024px) 100vw, 1024px\" \/><\/a> <a class=\"img\" href=\"https:\/\/stefanierothfotografie.de\/blog\/wp-content\/uploads\/2019\/07\/hochzeitsfotograf_sauerland_fotograf_luedenscheid_030.jpg\"><img loading=\"lazy\" decoding=\"async\" class=\"aligncenter size-full wp-image-3119\" src=\"https:\/\/stefanierothfotografie.de\/blog\/wp-content\/uploads\/2019\/07\/hochzeitsfotograf_sauerland_fotograf_luedenscheid_030.jpg\" alt=\"\" width=\"1024\" height=\"684\" srcset=\"https:\/\/stefanierothfotografie.de\/blog\/wp-content\/uploads\/2019\/07\/hochzeitsfotograf_sauerland_fotograf_luedenscheid_030.jpg 1024w, https:\/\/stefanierothfotografie.de\/blog\/wp-content\/uploads\/2019\/07\/hochzeitsfotograf_sauerland_fotograf_luedenscheid_030-300x200.jpg 300w, https:\/\/stefanierothfotografie.de\/blog\/wp-content\/uploads\/2019\/07\/hochzeitsfotograf_sauerland_fotograf_luedenscheid_030-768x513.jpg 768w\" sizes=\"auto, (max-width: 1024px) 100vw, 1024px\" \/><\/a> <a class=\"img\" href=\"https:\/\/stefanierothfotografie.de\/blog\/wp-content\/uploads\/2019\/07\/hochzeitsfotograf_sauerland_fotograf_luedenscheid_031.jpg\"><img loading=\"lazy\" decoding=\"async\" class=\"aligncenter size-full wp-image-3120\" src=\"https:\/\/stefanierothfotografie.de\/blog\/wp-content\/uploads\/2019\/07\/hochzeitsfotograf_sauerland_fotograf_luedenscheid_031.jpg\" alt=\"\" width=\"1024\" height=\"684\" srcset=\"https:\/\/stefanierothfotografie.de\/blog\/wp-content\/uploads\/2019\/07\/hochzeitsfotograf_sauerland_fotograf_luedenscheid_031.jpg 1024w, https:\/\/stefanierothfotografie.de\/blog\/wp-content\/uploads\/2019\/07\/hochzeitsfotograf_sauerland_fotograf_luedenscheid_031-300x200.jpg 300w, https:\/\/stefanierothfotografie.de\/blog\/wp-content\/uploads\/2019\/07\/hochzeitsfotograf_sauerland_fotograf_luedenscheid_031-768x513.jpg 768w\" sizes=\"auto, (max-width: 1024px) 100vw, 1024px\" \/><\/a> <a class=\"img\" href=\"https:\/\/stefanierothfotografie.de\/blog\/wp-content\/uploads\/2019\/07\/hochzeitsfotograf_sauerland_fotograf_luedenscheid_032.jpg\"><img loading=\"lazy\" decoding=\"async\" class=\"aligncenter size-full wp-image-3121\" src=\"https:\/\/stefanierothfotografie.de\/blog\/wp-content\/uploads\/2019\/07\/hochzeitsfotograf_sauerland_fotograf_luedenscheid_032.jpg\" alt=\"\" width=\"1024\" height=\"684\" srcset=\"https:\/\/stefanierothfotografie.de\/blog\/wp-content\/uploads\/2019\/07\/hochzeitsfotograf_sauerland_fotograf_luedenscheid_032.jpg 1024w, https:\/\/stefanierothfotografie.de\/blog\/wp-content\/uploads\/2019\/07\/hochzeitsfotograf_sauerland_fotograf_luedenscheid_032-300x200.jpg 300w, https:\/\/stefanierothfotografie.de\/blog\/wp-content\/uploads\/2019\/07\/hochzeitsfotograf_sauerland_fotograf_luedenscheid_032-768x513.jpg 768w\" sizes=\"auto, (max-width: 1024px) 100vw, 1024px\" \/><\/a> <a class=\"img\" href=\"https:\/\/stefanierothfotografie.de\/blog\/wp-content\/uploads\/2019\/07\/hochzeitsfotograf_sauerland_fotograf_luedenscheid_033.jpg\"><img loading=\"lazy\" decoding=\"async\" class=\"aligncenter size-full wp-image-3122\" src=\"https:\/\/stefanierothfotografie.de\/blog\/wp-content\/uploads\/2019\/07\/hochzeitsfotograf_sauerland_fotograf_luedenscheid_033.jpg\" alt=\"\" width=\"1024\" height=\"684\" srcset=\"https:\/\/stefanierothfotografie.de\/blog\/wp-content\/uploads\/2019\/07\/hochzeitsfotograf_sauerland_fotograf_luedenscheid_033.jpg 1024w, https:\/\/stefanierothfotografie.de\/blog\/wp-content\/uploads\/2019\/07\/hochzeitsfotograf_sauerland_fotograf_luedenscheid_033-300x200.jpg 300w, https:\/\/stefanierothfotografie.de\/blog\/wp-content\/uploads\/2019\/07\/hochzeitsfotograf_sauerland_fotograf_luedenscheid_033-768x513.jpg 768w\" sizes=\"auto, (max-width: 1024px) 100vw, 1024px\" \/><\/a> <a class=\"img\" href=\"https:\/\/stefanierothfotografie.de\/blog\/wp-content\/uploads\/2019\/07\/hochzeitsfotograf_sauerland_fotograf_luedenscheid_034.jpg\"><img loading=\"lazy\" decoding=\"async\" class=\"aligncenter size-full wp-image-3123\" src=\"https:\/\/stefanierothfotografie.de\/blog\/wp-content\/uploads\/2019\/07\/hochzeitsfotograf_sauerland_fotograf_luedenscheid_034.jpg\" alt=\"\" width=\"1024\" height=\"684\" srcset=\"https:\/\/stefanierothfotografie.de\/blog\/wp-content\/uploads\/2019\/07\/hochzeitsfotograf_sauerland_fotograf_luedenscheid_034.jpg 1024w, https:\/\/stefanierothfotografie.de\/blog\/wp-content\/uploads\/2019\/07\/hochzeitsfotograf_sauerland_fotograf_luedenscheid_034-300x200.jpg 300w, https:\/\/stefanierothfotografie.de\/blog\/wp-content\/uploads\/2019\/07\/hochzeitsfotograf_sauerland_fotograf_luedenscheid_034-768x513.jpg 768w\" sizes=\"auto, (max-width: 1024px) 100vw, 1024px\" \/><\/a> <a class=\"img\" href=\"https:\/\/stefanierothfotografie.de\/blog\/wp-content\/uploads\/2019\/07\/hochzeitsfotograf_sauerland_fotograf_luedenscheid_035.jpg\"><img loading=\"lazy\" decoding=\"async\" class=\"aligncenter size-full wp-image-3124\" src=\"https:\/\/stefanierothfotografie.de\/blog\/wp-content\/uploads\/2019\/07\/hochzeitsfotograf_sauerland_fotograf_luedenscheid_035.jpg\" alt=\"\" width=\"1024\" height=\"767\" srcset=\"https:\/\/stefanierothfotografie.de\/blog\/wp-content\/uploads\/2019\/07\/hochzeitsfotograf_sauerland_fotograf_luedenscheid_035.jpg 1024w, https:\/\/stefanierothfotografie.de\/blog\/wp-content\/uploads\/2019\/07\/hochzeitsfotograf_sauerland_fotograf_luedenscheid_035-300x225.jpg 300w, https:\/\/stefanierothfotografie.de\/blog\/wp-content\/uploads\/2019\/07\/hochzeitsfotograf_sauerland_fotograf_luedenscheid_035-768x575.jpg 768w\" sizes=\"auto, (max-width: 1024px) 100vw, 1024px\" \/><\/a><\/p>\n<h4>Aus der Erfahrung der Br\u00e4ute lernen \u2013 als Hochzeitsfotograf Sauerland gebe ich diesen Tipp immer mit.<\/h4>\n<p><strong>Planung ist das A und O. Hast Du einen Tipp f\u00fcr zuk\u00fcnftige Stefanie Roth Br\u00e4ute?<\/strong><\/p>\n<p>Allen zuk\u00fcnftigen Br\u00e4uten w\u00fcrde ich raten, dass es wichtig ist, sich seine W\u00fcnsche zu erf\u00fcllen. Durch die ganzen Inspirationen aus dem Internet und den sozialen Medien ist es oft schwer, genau das herauszufinden, was f\u00fcr einen pers\u00f6nlich das Richtige ist. Man sieht so viele sch\u00f6ne Dinge und muss dann aussortieren, was einem wichtig ist und wof\u00fcr es sich lohnt das Geld auszugeben. Niemand wird euch mit einem Styleshoot von Instagram vergleichen, aber die Leute merken, wenn ihr nicht ihr selbst seid. Auch nicht vergessen, dass nicht immer alles funktionieren kann und, dass man deswegen nicht ausflippen muss. Genie\u00dft die Zeit der Vorbereitung, es ist eine wunderbare, einmalige Zeit f\u00fcr beide von euch und lasst euch von niemanden stressen. Wenn ihr im Vorhinein alles gut plant, auch gerne mit Hilfe eurer Familie, Freunde und Dienstleistern, dann kann an eurem Hochzeitstag nichts schief gehen. Das wichtigste an diesem Tag ist die Tatsache, dass du deinen Liebsten heiratest und nicht, ob die Tischdekoration perfekt drapiert ist.<\/p>\n<p><a class=\"img\" href=\"https:\/\/stefanierothfotografie.de\/blog\/wp-content\/uploads\/2019\/07\/hochzeitsfotograf_sauerland_fotograf_luedenscheid_036.jpg\"><img loading=\"lazy\" decoding=\"async\" class=\"aligncenter size-full wp-image-3125\" src=\"https:\/\/stefanierothfotografie.de\/blog\/wp-content\/uploads\/2019\/07\/hochzeitsfotograf_sauerland_fotograf_luedenscheid_036.jpg\" alt=\"\" width=\"1024\" height=\"684\" srcset=\"https:\/\/stefanierothfotografie.de\/blog\/wp-content\/uploads\/2019\/07\/hochzeitsfotograf_sauerland_fotograf_luedenscheid_036.jpg 1024w, https:\/\/stefanierothfotografie.de\/blog\/wp-content\/uploads\/2019\/07\/hochzeitsfotograf_sauerland_fotograf_luedenscheid_036-300x200.jpg 300w, https:\/\/stefanierothfotografie.de\/blog\/wp-content\/uploads\/2019\/07\/hochzeitsfotograf_sauerland_fotograf_luedenscheid_036-768x513.jpg 768w\" sizes=\"auto, (max-width: 1024px) 100vw, 1024px\" \/><\/a> <a class=\"img\" href=\"https:\/\/stefanierothfotografie.de\/blog\/wp-content\/uploads\/2019\/07\/hochzeitsfotograf_sauerland_fotograf_luedenscheid_037.jpg\"><img loading=\"lazy\" decoding=\"async\" class=\"aligncenter size-full wp-image-3126\" src=\"https:\/\/stefanierothfotografie.de\/blog\/wp-content\/uploads\/2019\/07\/hochzeitsfotograf_sauerland_fotograf_luedenscheid_037.jpg\" alt=\"\" width=\"1024\" height=\"684\" srcset=\"https:\/\/stefanierothfotografie.de\/blog\/wp-content\/uploads\/2019\/07\/hochzeitsfotograf_sauerland_fotograf_luedenscheid_037.jpg 1024w, https:\/\/stefanierothfotografie.de\/blog\/wp-content\/uploads\/2019\/07\/hochzeitsfotograf_sauerland_fotograf_luedenscheid_037-300x200.jpg 300w, https:\/\/stefanierothfotografie.de\/blog\/wp-content\/uploads\/2019\/07\/hochzeitsfotograf_sauerland_fotograf_luedenscheid_037-768x513.jpg 768w\" sizes=\"auto, (max-width: 1024px) 100vw, 1024px\" \/><\/a> <a class=\"img\" href=\"https:\/\/stefanierothfotografie.de\/blog\/wp-content\/uploads\/2019\/07\/hochzeitsfotograf_sauerland_fotograf_luedenscheid_038.jpg\"><img loading=\"lazy\" decoding=\"async\" class=\"aligncenter size-full wp-image-3127\" src=\"https:\/\/stefanierothfotografie.de\/blog\/wp-content\/uploads\/2019\/07\/hochzeitsfotograf_sauerland_fotograf_luedenscheid_038.jpg\" alt=\"\" width=\"1024\" height=\"684\" srcset=\"https:\/\/stefanierothfotografie.de\/blog\/wp-content\/uploads\/2019\/07\/hochzeitsfotograf_sauerland_fotograf_luedenscheid_038.jpg 1024w, https:\/\/stefanierothfotografie.de\/blog\/wp-content\/uploads\/2019\/07\/hochzeitsfotograf_sauerland_fotograf_luedenscheid_038-300x200.jpg 300w, https:\/\/stefanierothfotografie.de\/blog\/wp-content\/uploads\/2019\/07\/hochzeitsfotograf_sauerland_fotograf_luedenscheid_038-768x513.jpg 768w\" sizes=\"auto, (max-width: 1024px) 100vw, 1024px\" \/><\/a> <a class=\"img\" href=\"https:\/\/stefanierothfotografie.de\/blog\/wp-content\/uploads\/2019\/07\/hochzeitsfotograf_sauerland_fotograf_luedenscheid_039.jpg\"><img loading=\"lazy\" decoding=\"async\" class=\"aligncenter size-full wp-image-3128\" src=\"https:\/\/stefanierothfotografie.de\/blog\/wp-content\/uploads\/2019\/07\/hochzeitsfotograf_sauerland_fotograf_luedenscheid_039.jpg\" alt=\"\" width=\"1024\" height=\"684\" srcset=\"https:\/\/stefanierothfotografie.de\/blog\/wp-content\/uploads\/2019\/07\/hochzeitsfotograf_sauerland_fotograf_luedenscheid_039.jpg 1024w, https:\/\/stefanierothfotografie.de\/blog\/wp-content\/uploads\/2019\/07\/hochzeitsfotograf_sauerland_fotograf_luedenscheid_039-300x200.jpg 300w, https:\/\/stefanierothfotografie.de\/blog\/wp-content\/uploads\/2019\/07\/hochzeitsfotograf_sauerland_fotograf_luedenscheid_039-768x513.jpg 768w\" sizes=\"auto, (max-width: 1024px) 100vw, 1024px\" \/><\/a> <a class=\"img\" href=\"https:\/\/stefanierothfotografie.de\/blog\/wp-content\/uploads\/2019\/07\/hochzeitsfotograf_sauerland_fotograf_luedenscheid_040.jpg\"><img loading=\"lazy\" decoding=\"async\" class=\"aligncenter size-full wp-image-3129\" src=\"https:\/\/stefanierothfotografie.de\/blog\/wp-content\/uploads\/2019\/07\/hochzeitsfotograf_sauerland_fotograf_luedenscheid_040.jpg\" alt=\"\" width=\"1024\" height=\"767\" srcset=\"https:\/\/stefanierothfotografie.de\/blog\/wp-content\/uploads\/2019\/07\/hochzeitsfotograf_sauerland_fotograf_luedenscheid_040.jpg 1024w, https:\/\/stefanierothfotografie.de\/blog\/wp-content\/uploads\/2019\/07\/hochzeitsfotograf_sauerland_fotograf_luedenscheid_040-300x225.jpg 300w, https:\/\/stefanierothfotografie.de\/blog\/wp-content\/uploads\/2019\/07\/hochzeitsfotograf_sauerland_fotograf_luedenscheid_040-768x575.jpg 768w\" sizes=\"auto, (max-width: 1024px) 100vw, 1024px\" \/><\/a> <a class=\"img\" href=\"https:\/\/stefanierothfotografie.de\/blog\/wp-content\/uploads\/2019\/07\/hochzeitsfotograf_sauerland_fotograf_luedenscheid_041.jpg\"><img loading=\"lazy\" decoding=\"async\" class=\"aligncenter size-full wp-image-3130\" src=\"https:\/\/stefanierothfotografie.de\/blog\/wp-content\/uploads\/2019\/07\/hochzeitsfotograf_sauerland_fotograf_luedenscheid_041.jpg\" alt=\"\" width=\"1024\" height=\"684\" srcset=\"https:\/\/stefanierothfotografie.de\/blog\/wp-content\/uploads\/2019\/07\/hochzeitsfotograf_sauerland_fotograf_luedenscheid_041.jpg 1024w, https:\/\/stefanierothfotografie.de\/blog\/wp-content\/uploads\/2019\/07\/hochzeitsfotograf_sauerland_fotograf_luedenscheid_041-300x200.jpg 300w, https:\/\/stefanierothfotografie.de\/blog\/wp-content\/uploads\/2019\/07\/hochzeitsfotograf_sauerland_fotograf_luedenscheid_041-768x513.jpg 768w\" sizes=\"auto, (max-width: 1024px) 100vw, 1024px\" \/><\/a> <a class=\"img\" href=\"https:\/\/stefanierothfotografie.de\/blog\/wp-content\/uploads\/2019\/07\/hochzeitsfotograf_sauerland_fotograf_luedenscheid_042.jpg\" title=\"Hochzeitsfotograf Sauerland\"><img loading=\"lazy\" decoding=\"async\" class=\"aligncenter wp-image-3131 size-full\" src=\"https:\/\/stefanierothfotografie.de\/blog\/wp-content\/uploads\/2019\/07\/hochzeitsfotograf_sauerland_fotograf_luedenscheid_042.jpg\" title=\"Hochzeitsfotograf Sauerland\" alt=\"hochzeitsfotograf sauerland\" width=\"1024\" height=\"684\" srcset=\"https:\/\/stefanierothfotografie.de\/blog\/wp-content\/uploads\/2019\/07\/hochzeitsfotograf_sauerland_fotograf_luedenscheid_042.jpg 1024w, https:\/\/stefanierothfotografie.de\/blog\/wp-content\/uploads\/2019\/07\/hochzeitsfotograf_sauerland_fotograf_luedenscheid_042-300x200.jpg 300w, https:\/\/stefanierothfotografie.de\/blog\/wp-content\/uploads\/2019\/07\/hochzeitsfotograf_sauerland_fotograf_luedenscheid_042-768x513.jpg 768w\" sizes=\"auto, (max-width: 1024px) 100vw, 1024px\" \/><\/a> <a class=\"img\" href=\"https:\/\/stefanierothfotografie.de\/blog\/wp-content\/uploads\/2019\/07\/hochzeitsfotograf_sauerland_fotograf_luedenscheid_043.jpg\"><img loading=\"lazy\" decoding=\"async\" class=\"aligncenter size-full wp-image-3132\" src=\"https:\/\/stefanierothfotografie.de\/blog\/wp-content\/uploads\/2019\/07\/hochzeitsfotograf_sauerland_fotograf_luedenscheid_043.jpg\" alt=\"\" width=\"1024\" height=\"684\" srcset=\"https:\/\/stefanierothfotografie.de\/blog\/wp-content\/uploads\/2019\/07\/hochzeitsfotograf_sauerland_fotograf_luedenscheid_043.jpg 1024w, https:\/\/stefanierothfotografie.de\/blog\/wp-content\/uploads\/2019\/07\/hochzeitsfotograf_sauerland_fotograf_luedenscheid_043-300x200.jpg 300w, https:\/\/stefanierothfotografie.de\/blog\/wp-content\/uploads\/2019\/07\/hochzeitsfotograf_sauerland_fotograf_luedenscheid_043-768x513.jpg 768w\" sizes=\"auto, (max-width: 1024px) 100vw, 1024px\" \/><\/a><strong>Beschreibe doch mal Eure Hochzeitslocation?<\/strong><\/p>\n<p>F\u00fcr die standesamtliche Hochzeit haben wir uns f\u00fcr eine sch\u00f6ne Halle im Nachbardorf entschieden. Hier stand eher im Vordergrund, dass wir eine gro\u00dfe Party, mit vielen Leuten und einer Band haben wollten. Da die Sch\u00fctzenhallen im Sauerland ja eher rustikal sind, haben wir die Deko eher dezent gehalten. Wobei ich mir meinen Traum erf\u00fcllt habe, unter Regenschirmen zu feiern.<\/p>\n<h3>Party zur standesamtlichen Trauung &#8211; eine Winterhochzeit im Sauerland bei Schnee im M\u00e4rz<\/h3>\n<p>Unsere Suche nach der perfekten Location f\u00fcr unsere kirchliche Trauung haben wir ein Jahr vor der Trauung begonnen. Da wir wussten, dass dies die intimere und aufwendigere Feier werden w\u00fcrde, war es uns wichtig, dass wir einen Ort finden, der m\u00f6glichst einen sch\u00f6nen Garten und einen gem\u00fctlichen Saal hat. Es Lag uns auch am Herzen, dass wir und bei dieser Feier nicht selber um Essen und Personal k\u00fcmmern m\u00fcssen. Meine Arbeitskollegin hatte kurz nach unserer Verlobung ihre Hochzeit im <a href=\"https:\/\/www.hotel-am-wallgraben.de\/\" title=\"Hotel Am Wallgraben\">Hotel am Wallgraben<\/a> in Brilon gefeiert und daher hatte ich die Deele schon im Hinterkopf behalten. Im Nachhinein wirklich die perfekte Location: die evangelische Stadtkirche Brilon war fu\u00dfl\u00e4ufig zu erreichen, ausw\u00e4rtige G\u00e4ste konnten im Hotel \u00fcbernachten und der hervorragende und liebevolle Rundumservice der Familie Wiegelmann, alles passte perfekt.<\/p>\n<p>Aufgrund des gro\u00dfartigen Wetters haben dann wirklich alle G\u00e4ste den Nachmittag dann im sonnigen Biergarten verbringen k\u00f6nnen. Beim abendlichen Essen konnten wir in Ruhe im Saal das k\u00f6stliche Essen genie\u00dfen und gefeiert wurde dann in der gem\u00fctlichen Kneipe.<\/p>\n<p><a class=\"img\" href=\"https:\/\/stefanierothfotografie.de\/blog\/wp-content\/uploads\/2019\/07\/hochzeitsfotograf_sauerland_fotograf_luedenscheid_044.jpg\"><img loading=\"lazy\" decoding=\"async\" class=\"aligncenter size-full wp-image-3133\" src=\"https:\/\/stefanierothfotografie.de\/blog\/wp-content\/uploads\/2019\/07\/hochzeitsfotograf_sauerland_fotograf_luedenscheid_044.jpg\" alt=\"\" width=\"1024\" height=\"767\" srcset=\"https:\/\/stefanierothfotografie.de\/blog\/wp-content\/uploads\/2019\/07\/hochzeitsfotograf_sauerland_fotograf_luedenscheid_044.jpg 1024w, https:\/\/stefanierothfotografie.de\/blog\/wp-content\/uploads\/2019\/07\/hochzeitsfotograf_sauerland_fotograf_luedenscheid_044-300x225.jpg 300w, https:\/\/stefanierothfotografie.de\/blog\/wp-content\/uploads\/2019\/07\/hochzeitsfotograf_sauerland_fotograf_luedenscheid_044-768x575.jpg 768w\" sizes=\"auto, (max-width: 1024px) 100vw, 1024px\" \/><\/a> <a class=\"img\" href=\"https:\/\/stefanierothfotografie.de\/blog\/wp-content\/uploads\/2019\/07\/hochzeitsfotograf_sauerland_fotograf_luedenscheid_045.jpg\"><img loading=\"lazy\" decoding=\"async\" class=\"aligncenter size-full wp-image-3134\" src=\"https:\/\/stefanierothfotografie.de\/blog\/wp-content\/uploads\/2019\/07\/hochzeitsfotograf_sauerland_fotograf_luedenscheid_045.jpg\" alt=\"\" width=\"1024\" height=\"684\" srcset=\"https:\/\/stefanierothfotografie.de\/blog\/wp-content\/uploads\/2019\/07\/hochzeitsfotograf_sauerland_fotograf_luedenscheid_045.jpg 1024w, https:\/\/stefanierothfotografie.de\/blog\/wp-content\/uploads\/2019\/07\/hochzeitsfotograf_sauerland_fotograf_luedenscheid_045-300x200.jpg 300w, https:\/\/stefanierothfotografie.de\/blog\/wp-content\/uploads\/2019\/07\/hochzeitsfotograf_sauerland_fotograf_luedenscheid_045-768x513.jpg 768w\" sizes=\"auto, (max-width: 1024px) 100vw, 1024px\" \/><\/a> <a class=\"img\" href=\"https:\/\/stefanierothfotografie.de\/blog\/wp-content\/uploads\/2019\/07\/hochzeitsfotograf_sauerland_fotograf_luedenscheid_046.jpg\"><img loading=\"lazy\" decoding=\"async\" class=\"aligncenter size-full wp-image-3135\" src=\"https:\/\/stefanierothfotografie.de\/blog\/wp-content\/uploads\/2019\/07\/hochzeitsfotograf_sauerland_fotograf_luedenscheid_046.jpg\" alt=\"\" width=\"1024\" height=\"767\" srcset=\"https:\/\/stefanierothfotografie.de\/blog\/wp-content\/uploads\/2019\/07\/hochzeitsfotograf_sauerland_fotograf_luedenscheid_046.jpg 1024w, https:\/\/stefanierothfotografie.de\/blog\/wp-content\/uploads\/2019\/07\/hochzeitsfotograf_sauerland_fotograf_luedenscheid_046-300x225.jpg 300w, https:\/\/stefanierothfotografie.de\/blog\/wp-content\/uploads\/2019\/07\/hochzeitsfotograf_sauerland_fotograf_luedenscheid_046-768x575.jpg 768w\" sizes=\"auto, (max-width: 1024px) 100vw, 1024px\" \/><\/a> <a class=\"img\" href=\"https:\/\/stefanierothfotografie.de\/blog\/wp-content\/uploads\/2019\/07\/hochzeitsfotograf_sauerland_fotograf_luedenscheid_047.jpg\"><img loading=\"lazy\" decoding=\"async\" class=\"aligncenter size-full wp-image-3136\" src=\"https:\/\/stefanierothfotografie.de\/blog\/wp-content\/uploads\/2019\/07\/hochzeitsfotograf_sauerland_fotograf_luedenscheid_047.jpg\" alt=\"\" width=\"1024\" height=\"684\" srcset=\"https:\/\/stefanierothfotografie.de\/blog\/wp-content\/uploads\/2019\/07\/hochzeitsfotograf_sauerland_fotograf_luedenscheid_047.jpg 1024w, https:\/\/stefanierothfotografie.de\/blog\/wp-content\/uploads\/2019\/07\/hochzeitsfotograf_sauerland_fotograf_luedenscheid_047-300x200.jpg 300w, https:\/\/stefanierothfotografie.de\/blog\/wp-content\/uploads\/2019\/07\/hochzeitsfotograf_sauerland_fotograf_luedenscheid_047-768x513.jpg 768w\" sizes=\"auto, (max-width: 1024px) 100vw, 1024px\" \/><\/a> <a class=\"img\" href=\"https:\/\/stefanierothfotografie.de\/blog\/wp-content\/uploads\/2019\/07\/hochzeitsfotograf_sauerland_fotograf_luedenscheid_048.jpg\"><img loading=\"lazy\" decoding=\"async\" class=\"aligncenter size-full wp-image-3137\" src=\"https:\/\/stefanierothfotografie.de\/blog\/wp-content\/uploads\/2019\/07\/hochzeitsfotograf_sauerland_fotograf_luedenscheid_048.jpg\" alt=\"\" width=\"1024\" height=\"684\" srcset=\"https:\/\/stefanierothfotografie.de\/blog\/wp-content\/uploads\/2019\/07\/hochzeitsfotograf_sauerland_fotograf_luedenscheid_048.jpg 1024w, https:\/\/stefanierothfotografie.de\/blog\/wp-content\/uploads\/2019\/07\/hochzeitsfotograf_sauerland_fotograf_luedenscheid_048-300x200.jpg 300w, https:\/\/stefanierothfotografie.de\/blog\/wp-content\/uploads\/2019\/07\/hochzeitsfotograf_sauerland_fotograf_luedenscheid_048-768x513.jpg 768w\" sizes=\"auto, (max-width: 1024px) 100vw, 1024px\" \/><\/a> <a class=\"img\" href=\"https:\/\/stefanierothfotografie.de\/blog\/wp-content\/uploads\/2019\/07\/hochzeitsfotograf_sauerland_fotograf_luedenscheid_049.jpg\"><img loading=\"lazy\" decoding=\"async\" class=\"aligncenter size-full wp-image-3138\" src=\"https:\/\/stefanierothfotografie.de\/blog\/wp-content\/uploads\/2019\/07\/hochzeitsfotograf_sauerland_fotograf_luedenscheid_049.jpg\" alt=\"\" width=\"1024\" height=\"684\" srcset=\"https:\/\/stefanierothfotografie.de\/blog\/wp-content\/uploads\/2019\/07\/hochzeitsfotograf_sauerland_fotograf_luedenscheid_049.jpg 1024w, https:\/\/stefanierothfotografie.de\/blog\/wp-content\/uploads\/2019\/07\/hochzeitsfotograf_sauerland_fotograf_luedenscheid_049-300x200.jpg 300w, https:\/\/stefanierothfotografie.de\/blog\/wp-content\/uploads\/2019\/07\/hochzeitsfotograf_sauerland_fotograf_luedenscheid_049-768x513.jpg 768w\" sizes=\"auto, (max-width: 1024px) 100vw, 1024px\" \/><\/a> <a class=\"img\" href=\"https:\/\/stefanierothfotografie.de\/blog\/wp-content\/uploads\/2019\/07\/hochzeitsfotograf_sauerland_fotograf_luedenscheid_050.jpg\"><img loading=\"lazy\" decoding=\"async\" class=\"aligncenter size-full wp-image-3139\" src=\"https:\/\/stefanierothfotografie.de\/blog\/wp-content\/uploads\/2019\/07\/hochzeitsfotograf_sauerland_fotograf_luedenscheid_050.jpg\" alt=\"\" width=\"1024\" height=\"767\" srcset=\"https:\/\/stefanierothfotografie.de\/blog\/wp-content\/uploads\/2019\/07\/hochzeitsfotograf_sauerland_fotograf_luedenscheid_050.jpg 1024w, https:\/\/stefanierothfotografie.de\/blog\/wp-content\/uploads\/2019\/07\/hochzeitsfotograf_sauerland_fotograf_luedenscheid_050-300x225.jpg 300w, https:\/\/stefanierothfotografie.de\/blog\/wp-content\/uploads\/2019\/07\/hochzeitsfotograf_sauerland_fotograf_luedenscheid_050-768x575.jpg 768w\" sizes=\"auto, (max-width: 1024px) 100vw, 1024px\" \/><\/a> <a class=\"img\" href=\"https:\/\/stefanierothfotografie.de\/blog\/wp-content\/uploads\/2019\/07\/hochzeitsfotograf_sauerland_fotograf_luedenscheid_051.jpg\"><img loading=\"lazy\" decoding=\"async\" class=\"aligncenter size-full wp-image-3140\" src=\"https:\/\/stefanierothfotografie.de\/blog\/wp-content\/uploads\/2019\/07\/hochzeitsfotograf_sauerland_fotograf_luedenscheid_051.jpg\" alt=\"\" width=\"1024\" height=\"684\" srcset=\"https:\/\/stefanierothfotografie.de\/blog\/wp-content\/uploads\/2019\/07\/hochzeitsfotograf_sauerland_fotograf_luedenscheid_051.jpg 1024w, https:\/\/stefanierothfotografie.de\/blog\/wp-content\/uploads\/2019\/07\/hochzeitsfotograf_sauerland_fotograf_luedenscheid_051-300x200.jpg 300w, https:\/\/stefanierothfotografie.de\/blog\/wp-content\/uploads\/2019\/07\/hochzeitsfotograf_sauerland_fotograf_luedenscheid_051-768x513.jpg 768w\" sizes=\"auto, (max-width: 1024px) 100vw, 1024px\" \/><\/a> <a class=\"img\" href=\"https:\/\/stefanierothfotografie.de\/blog\/wp-content\/uploads\/2019\/07\/hochzeitsfotograf_sauerland_fotograf_luedenscheid_052.jpg\"><img loading=\"lazy\" decoding=\"async\" class=\"aligncenter size-full wp-image-3141\" src=\"https:\/\/stefanierothfotografie.de\/blog\/wp-content\/uploads\/2019\/07\/hochzeitsfotograf_sauerland_fotograf_luedenscheid_052.jpg\" alt=\"\" width=\"1024\" height=\"684\" srcset=\"https:\/\/stefanierothfotografie.de\/blog\/wp-content\/uploads\/2019\/07\/hochzeitsfotograf_sauerland_fotograf_luedenscheid_052.jpg 1024w, https:\/\/stefanierothfotografie.de\/blog\/wp-content\/uploads\/2019\/07\/hochzeitsfotograf_sauerland_fotograf_luedenscheid_052-300x200.jpg 300w, https:\/\/stefanierothfotografie.de\/blog\/wp-content\/uploads\/2019\/07\/hochzeitsfotograf_sauerland_fotograf_luedenscheid_052-768x513.jpg 768w\" sizes=\"auto, (max-width: 1024px) 100vw, 1024px\" \/><\/a> <a class=\"img\" href=\"https:\/\/stefanierothfotografie.de\/blog\/wp-content\/uploads\/2019\/07\/hochzeitsfotograf_sauerland_fotograf_luedenscheid_053.jpg\"><img loading=\"lazy\" decoding=\"async\" class=\"aligncenter size-full wp-image-3142\" src=\"https:\/\/stefanierothfotografie.de\/blog\/wp-content\/uploads\/2019\/07\/hochzeitsfotograf_sauerland_fotograf_luedenscheid_053.jpg\" alt=\"\" width=\"1024\" height=\"767\" srcset=\"https:\/\/stefanierothfotografie.de\/blog\/wp-content\/uploads\/2019\/07\/hochzeitsfotograf_sauerland_fotograf_luedenscheid_053.jpg 1024w, https:\/\/stefanierothfotografie.de\/blog\/wp-content\/uploads\/2019\/07\/hochzeitsfotograf_sauerland_fotograf_luedenscheid_053-300x225.jpg 300w, https:\/\/stefanierothfotografie.de\/blog\/wp-content\/uploads\/2019\/07\/hochzeitsfotograf_sauerland_fotograf_luedenscheid_053-768x575.jpg 768w\" sizes=\"auto, (max-width: 1024px) 100vw, 1024px\" \/><\/a> <a class=\"img\" href=\"https:\/\/stefanierothfotografie.de\/blog\/wp-content\/uploads\/2019\/07\/hochzeitsfotograf_sauerland_fotograf_luedenscheid_054.jpg\"><img loading=\"lazy\" decoding=\"async\" class=\"aligncenter size-full wp-image-3143\" src=\"https:\/\/stefanierothfotografie.de\/blog\/wp-content\/uploads\/2019\/07\/hochzeitsfotograf_sauerland_fotograf_luedenscheid_054.jpg\" alt=\"\" width=\"1024\" height=\"684\" srcset=\"https:\/\/stefanierothfotografie.de\/blog\/wp-content\/uploads\/2019\/07\/hochzeitsfotograf_sauerland_fotograf_luedenscheid_054.jpg 1024w, https:\/\/stefanierothfotografie.de\/blog\/wp-content\/uploads\/2019\/07\/hochzeitsfotograf_sauerland_fotograf_luedenscheid_054-300x200.jpg 300w, https:\/\/stefanierothfotografie.de\/blog\/wp-content\/uploads\/2019\/07\/hochzeitsfotograf_sauerland_fotograf_luedenscheid_054-768x513.jpg 768w\" sizes=\"auto, (max-width: 1024px) 100vw, 1024px\" \/><\/a> <a class=\"img\" href=\"https:\/\/stefanierothfotografie.de\/blog\/wp-content\/uploads\/2019\/07\/hochzeitsfotograf_sauerland_fotograf_luedenscheid_055.jpg\"><img loading=\"lazy\" decoding=\"async\" class=\"aligncenter size-full wp-image-3144\" src=\"https:\/\/stefanierothfotografie.de\/blog\/wp-content\/uploads\/2019\/07\/hochzeitsfotograf_sauerland_fotograf_luedenscheid_055.jpg\" alt=\"\" width=\"1024\" height=\"684\" srcset=\"https:\/\/stefanierothfotografie.de\/blog\/wp-content\/uploads\/2019\/07\/hochzeitsfotograf_sauerland_fotograf_luedenscheid_055.jpg 1024w, https:\/\/stefanierothfotografie.de\/blog\/wp-content\/uploads\/2019\/07\/hochzeitsfotograf_sauerland_fotograf_luedenscheid_055-300x200.jpg 300w, https:\/\/stefanierothfotografie.de\/blog\/wp-content\/uploads\/2019\/07\/hochzeitsfotograf_sauerland_fotograf_luedenscheid_055-768x513.jpg 768w\" sizes=\"auto, (max-width: 1024px) 100vw, 1024px\" \/><\/a> <strong>Wie empfandet ihr den Tag mit mir als Eure Fotograf, Sauerland?<\/strong><\/p>\n<p>Du, liebe Steffi, warst wirklich ganz wunderbar. Im Vorhinein hast du uns, gerade beim Thema Zeitmanagement, sehr geholfen. Deine herzliche Art hat man sowohl in deiner Arbeit als auch in deinem Umgang mit uns und unseren G\u00e4sten gesp\u00fcrt. Alle waren begeistert, dass du die Bilder sehr unaufdringlich geschossen hast, man hat dich kaum bemerkt. Dadurch sind so nat\u00fcrliche und unbemerkte Situationen festgehalten worden. Zu guter Letzt sind die Endresultate dann noch ein wahrer Traum! Vielen lieben Dank daf\u00fcr! <em>#hochzeitsfotograf sauerland<\/em><\/p>\n<p><strong>Habt ihr ein Lieblingsfoto?<\/strong><\/p>\n<p>Wir haben einen ganzen Stapel an Lieblingsbildern, einen klaren Favoriten haben wir nicht. Die Bilder, bei denen man am nat\u00fcrlichsten l\u00e4chelt, sind aber definitiv die Sch\u00f6nsten.<\/p>\n<p><a class=\"img\" href=\"https:\/\/stefanierothfotografie.de\/blog\/wp-content\/uploads\/2019\/07\/hochzeitsfotograf_sauerland_fotograf_luedenscheid_056.jpg\"><img loading=\"lazy\" decoding=\"async\" class=\"aligncenter size-full wp-image-3145\" src=\"https:\/\/stefanierothfotografie.de\/blog\/wp-content\/uploads\/2019\/07\/hochzeitsfotograf_sauerland_fotograf_luedenscheid_056.jpg\" alt=\"\" width=\"1024\" height=\"684\" srcset=\"https:\/\/stefanierothfotografie.de\/blog\/wp-content\/uploads\/2019\/07\/hochzeitsfotograf_sauerland_fotograf_luedenscheid_056.jpg 1024w, https:\/\/stefanierothfotografie.de\/blog\/wp-content\/uploads\/2019\/07\/hochzeitsfotograf_sauerland_fotograf_luedenscheid_056-300x200.jpg 300w, https:\/\/stefanierothfotografie.de\/blog\/wp-content\/uploads\/2019\/07\/hochzeitsfotograf_sauerland_fotograf_luedenscheid_056-768x513.jpg 768w\" sizes=\"auto, (max-width: 1024px) 100vw, 1024px\" \/><\/a> <a class=\"img\" href=\"https:\/\/stefanierothfotografie.de\/blog\/wp-content\/uploads\/2019\/07\/hochzeitsfotograf_sauerland_fotograf_luedenscheid_057.jpg\"><img loading=\"lazy\" decoding=\"async\" class=\"aligncenter size-full wp-image-3146\" src=\"https:\/\/stefanierothfotografie.de\/blog\/wp-content\/uploads\/2019\/07\/hochzeitsfotograf_sauerland_fotograf_luedenscheid_057.jpg\" alt=\"\" width=\"1024\" height=\"684\" srcset=\"https:\/\/stefanierothfotografie.de\/blog\/wp-content\/uploads\/2019\/07\/hochzeitsfotograf_sauerland_fotograf_luedenscheid_057.jpg 1024w, https:\/\/stefanierothfotografie.de\/blog\/wp-content\/uploads\/2019\/07\/hochzeitsfotograf_sauerland_fotograf_luedenscheid_057-300x200.jpg 300w, https:\/\/stefanierothfotografie.de\/blog\/wp-content\/uploads\/2019\/07\/hochzeitsfotograf_sauerland_fotograf_luedenscheid_057-768x513.jpg 768w\" sizes=\"auto, (max-width: 1024px) 100vw, 1024px\" \/><\/a> <a class=\"img\" href=\"https:\/\/stefanierothfotografie.de\/blog\/wp-content\/uploads\/2019\/07\/hochzeitsfotograf_sauerland_fotograf_luedenscheid_058.jpg\"><img loading=\"lazy\" decoding=\"async\" class=\"aligncenter size-full wp-image-3147\" src=\"https:\/\/stefanierothfotografie.de\/blog\/wp-content\/uploads\/2019\/07\/hochzeitsfotograf_sauerland_fotograf_luedenscheid_058.jpg\" alt=\"\" width=\"1024\" height=\"684\" srcset=\"https:\/\/stefanierothfotografie.de\/blog\/wp-content\/uploads\/2019\/07\/hochzeitsfotograf_sauerland_fotograf_luedenscheid_058.jpg 1024w, https:\/\/stefanierothfotografie.de\/blog\/wp-content\/uploads\/2019\/07\/hochzeitsfotograf_sauerland_fotograf_luedenscheid_058-300x200.jpg 300w, https:\/\/stefanierothfotografie.de\/blog\/wp-content\/uploads\/2019\/07\/hochzeitsfotograf_sauerland_fotograf_luedenscheid_058-768x513.jpg 768w\" sizes=\"auto, (max-width: 1024px) 100vw, 1024px\" \/><\/a> <a class=\"img\" href=\"https:\/\/stefanierothfotografie.de\/blog\/wp-content\/uploads\/2019\/07\/hochzeitsfotograf_sauerland_fotograf_luedenscheid_059.jpg\"><img loading=\"lazy\" decoding=\"async\" class=\"aligncenter size-full wp-image-3148\" src=\"https:\/\/stefanierothfotografie.de\/blog\/wp-content\/uploads\/2019\/07\/hochzeitsfotograf_sauerland_fotograf_luedenscheid_059.jpg\" alt=\"\" width=\"1024\" height=\"684\" srcset=\"https:\/\/stefanierothfotografie.de\/blog\/wp-content\/uploads\/2019\/07\/hochzeitsfotograf_sauerland_fotograf_luedenscheid_059.jpg 1024w, https:\/\/stefanierothfotografie.de\/blog\/wp-content\/uploads\/2019\/07\/hochzeitsfotograf_sauerland_fotograf_luedenscheid_059-300x200.jpg 300w, https:\/\/stefanierothfotografie.de\/blog\/wp-content\/uploads\/2019\/07\/hochzeitsfotograf_sauerland_fotograf_luedenscheid_059-768x513.jpg 768w\" sizes=\"auto, (max-width: 1024px) 100vw, 1024px\" \/><\/a> <a class=\"img\" href=\"https:\/\/stefanierothfotografie.de\/blog\/wp-content\/uploads\/2019\/07\/hochzeitsfotograf_sauerland_fotograf_luedenscheid_060.jpg\"><img loading=\"lazy\" decoding=\"async\" class=\"aligncenter size-full wp-image-3149\" src=\"https:\/\/stefanierothfotografie.de\/blog\/wp-content\/uploads\/2019\/07\/hochzeitsfotograf_sauerland_fotograf_luedenscheid_060.jpg\" alt=\"\" width=\"1024\" height=\"684\" srcset=\"https:\/\/stefanierothfotografie.de\/blog\/wp-content\/uploads\/2019\/07\/hochzeitsfotograf_sauerland_fotograf_luedenscheid_060.jpg 1024w, https:\/\/stefanierothfotografie.de\/blog\/wp-content\/uploads\/2019\/07\/hochzeitsfotograf_sauerland_fotograf_luedenscheid_060-300x200.jpg 300w, https:\/\/stefanierothfotografie.de\/blog\/wp-content\/uploads\/2019\/07\/hochzeitsfotograf_sauerland_fotograf_luedenscheid_060-768x513.jpg 768w\" sizes=\"auto, (max-width: 1024px) 100vw, 1024px\" \/><\/a><strong>Eure Hochzeit in einem Satz?<\/strong><\/p>\n<p>Die Liebe deines Lebens zu heiraten macht den Tag schon perfekt, alles andere macht ihn vollkommen.<\/p>\n<p>&nbsp;<\/p>\n<p><em>Liebe Linda, lieber Marcel, <\/em><br \/>\n<em>zwei besondere Tage Eures Leben, zwei spannende Kapitel &#8230; wenn Zeit auch f\u00fcr mich fliegt, wie ein Fingerschnips. Ich danke Euch f\u00fcr diese so gro\u00dfartige gemeinsame Zeit.<\/em><\/p>\n<p>&nbsp;<\/p>\n<p><em>Brautkleid:<\/em> Phil Collins Bridal, gekauft im Modehaus Starp in Kaunitz<br \/>\n<em>Haare &amp; Make-up:<\/em> Salon Brockmann, in Alme<br \/>\n<em>Anzug:<\/em> Vockeroth in Melsungen<\/p>\n<p><em>Location:<\/em><br \/>\nSch\u00fctzenhalle in Nehden (Standesamt)<br \/>\nDeele im Hotel am Wallgraben in Brilon (Kirche)<br \/>\nPapeterie: selbst designend &amp; gedruckt<\/p>\n<p><em>Floristik:<\/em><br \/>\nAlmer Blumendeele, in Alme (Standesamt)<br \/>\nBeatrix Brandenburg Eventdesign, in Brilon (Kirche)<\/p>\n<p><em>Dekoration:<\/em> selbst gemacht<\/p>\n<p><em>Musik:<\/em><br \/>\nLoud Neighbours aus Bad W\u00fcnnenberg (Standesamt)<br \/>\nLothar Grunwald (S\u00e4nger Kirche)<br \/>\nBenno Morawitzky (DJ)<\/p>\n<p><em>Hochzeitsfotograf Sauerland<\/em>: Stefanie Roth, Fotograf L\u00fcdenscheid<\/p>\n","protected":false},"excerpt":{"rendered":"<p>Wenn Du nicht selbst aus dem Sauerland kommst und jemand fragt Dich &#8222;Wie stellst Du Dir eigentlich das Sauerland vor?&#8220;, dann w\u00fcrdest Du vermutlich den kleinen Ort Alme bei Brilon beschreiben. Ein Schloss, viel Wasser, viel Gr\u00fcn, W\u00e4lder, kleine gem\u00fctliche H\u00e4user mit sch\u00f6nen Vorg\u00e4rten und jeder kennt wohl jeden. In diesem Ort Alme, der zu&hellip; <a class=\"more-link\" href=\"https:\/\/stefanierothfotografie.de\/blog\/hochzeitsfotograf-sauerland-brilon\/\"><span class=\"screen-reader-text\">Landhochzeit in Brilon<\/span> weiterlesen<\/a><\/p>\n","protected":false},"author":1,"featured_media":3116,"comment_status":"closed","ping_status":"open","sticky":false,"template":"","format":"standard","meta":{"footnotes":""},"categories":[45],"tags":[165,170,168,166,163,136,67,150,167,113,171,164,169],"class_list":["post-3089","post","type-post","status-publish","format-standard","has-post-thumbnail","hentry","category-real-wedding","tag-alme-brilon-hochzeit","tag-boho-brautkleid-sauerland","tag-evangelische-stadtkirche-brilon-hochzeit","tag-first-look-alme-quellen","tag-hochzeitsfotograf-brilon","tag-hochzeitsfotograf-luedenscheid","tag-hochzeitsfotograf-sauerland","tag-hochzeitsreportage-sauerland","tag-hotel-am-wallgraben-brilon-hochzeit","tag-natuerliche-hochzeitsfotos","tag-unaufdringliche-hochzeitsfotografie","tag-wedding-photographer-sauerland","tag-winterhochzeit-sauerland","entry"],"_links":{"self":[{"href":"https:\/\/stefanierothfotografie.de\/blog\/wp-json\/wp\/v2\/posts\/3089","targetHints":{"allow":["GET"]}}],"collection":[{"href":"https:\/\/stefanierothfotografie.de\/blog\/wp-json\/wp\/v2\/posts"}],"about":[{"href":"https:\/\/stefanierothfotografie.de\/blog\/wp-json\/wp\/v2\/types\/post"}],"author":[{"embeddable":true,"href":"https:\/\/stefanierothfotografie.de\/blog\/wp-json\/wp\/v2\/users\/1"}],"replies":[{"embeddable":true,"href":"https:\/\/stefanierothfotografie.de\/blog\/wp-json\/wp\/v2\/comments?post=3089"}],"version-history":[{"count":4,"href":"https:\/\/stefanierothfotografie.de\/blog\/wp-json\/wp\/v2\/posts\/3089\/revisions"}],"predecessor-version":[{"id":3193,"href":"https:\/\/stefanierothfotografie.de\/blog\/wp-json\/wp\/v2\/posts\/3089\/revisions\/3193"}],"wp:featuredmedia":[{"embeddable":true,"href":"https:\/\/stefanierothfotografie.de\/blog\/wp-json\/wp\/v2\/media\/3116"}],"wp:attachment":[{"href":"https:\/\/stefanierothfotografie.de\/blog\/wp-json\/wp\/v2\/media?parent=3089"}],"wp:term":[{"taxonomy":"category","embeddable":true,"href":"https:\/\/stefanierothfotografie.de\/blog\/wp-json\/wp\/v2\/categories?post=3089"},{"taxonomy":"post_tag","embeddable":true,"href":"https:\/\/stefanierothfotografie.de\/blog\/wp-json\/wp\/v2\/tags?post=3089"}],"curies":[{"name":"wp","href":"https:\/\/api.w.org\/{rel}","templated":true}]}}