{"id":2504,"date":"2018-02-26T13:20:31","date_gmt":"2018-02-26T12:20:31","guid":{"rendered":"https:\/\/stefanierothfotografie.de\/blog\/?p=2504"},"modified":"2025-08-08T16:05:45","modified_gmt":"2025-08-08T14:05:45","slug":"verlobungsshooting-winterlichen-sauerland","status":"publish","type":"post","link":"https:\/\/stefanierothfotografie.de\/blog\/verlobungsshooting-winterlichen-sauerland\/","title":{"rendered":"Verlobungsshooting im winterlichen Sauerland"},"content":{"rendered":"<p><img loading=\"lazy\" decoding=\"async\" class=\"aligncenter size-full wp-image-2505\" src=\"https:\/\/stefanierothfotografie.de\/blog\/wp-content\/uploads\/2018\/02\/hochzeitsfotograf_luedenscheid_verlobung_sauerland_01.jpg\" alt=\"\" width=\"1024\" height=\"684\" srcset=\"https:\/\/stefanierothfotografie.de\/blog\/wp-content\/uploads\/2018\/02\/hochzeitsfotograf_luedenscheid_verlobung_sauerland_01.jpg 1024w, https:\/\/stefanierothfotografie.de\/blog\/wp-content\/uploads\/2018\/02\/hochzeitsfotograf_luedenscheid_verlobung_sauerland_01-300x200.jpg 300w, https:\/\/stefanierothfotografie.de\/blog\/wp-content\/uploads\/2018\/02\/hochzeitsfotograf_luedenscheid_verlobung_sauerland_01-768x513.jpg 768w\" sizes=\"auto, (max-width: 1024px) 100vw, 1024px\" \/>Kennst Du es, wenn Du Menschen triffst und direkt ein echtes authentisches Gef\u00fchl in der Luft liegt? Diese Leichtigkeit, die man sp\u00fcrt, wenn man sich ansieht, die allerersten Worte spricht?<\/p>\n<p>Wenn man als Hochzeitsfotografin das Gef\u00fchl hat, dass man einfach unentwegt auf den Ausl\u00f6ser dr\u00fccken m\u00f6chte, weil die Momente allesamt so intensiv sind und man dann wieder inneh\u00e4lt, um diesen seelenber\u00fchrenden Augenblick nicht zu st\u00f6ren, dann ist wohl so etwas wie Gl\u00fcckseligkeit in einem.<\/p>\n<p>Ein Verlobungsshooting mitten im Winter, im Sauerland. Schneeflocken legen sich sacht auf das Haar und glitzern, als sie sich in Wassertropfen verwandeln. Von K\u00e4lte sp\u00fcrt man Nichts. Das Lachen der Beiden gibt dem frostigen Wetter keine Chance und l\u00e4sst auch meine Augen leuchten: Im Sommer werde ich als Hochzeitsfotografin einen intensiven Tag von Nicole und Michael begleiten &#8211; den Hochzeitstag.<\/p>\n<p>Schon jetzt f\u00fchle ich die Dankbarkeit daf\u00fcr, diese Liebe f\u00fcr die Beiden dokumentieren zu d\u00fcrfen. Und schon bald werden wir uns wiedersehen &#8211; ich freue mich.<\/p>\n<p><a class=\"img\" href=\"https:\/\/stefanierothfotografie.de\/blog\/wp-content\/uploads\/2018\/02\/hochzeitsfotograf_luedenscheid_verlobung_sauerland_02.jpg\"><img loading=\"lazy\" decoding=\"async\" class=\"aligncenter size-full wp-image-2506\" src=\"https:\/\/stefanierothfotografie.de\/blog\/wp-content\/uploads\/2018\/02\/hochzeitsfotograf_luedenscheid_verlobung_sauerland_02.jpg\" alt=\"\" width=\"1024\" height=\"684\" srcset=\"https:\/\/stefanierothfotografie.de\/blog\/wp-content\/uploads\/2018\/02\/hochzeitsfotograf_luedenscheid_verlobung_sauerland_02.jpg 1024w, https:\/\/stefanierothfotografie.de\/blog\/wp-content\/uploads\/2018\/02\/hochzeitsfotograf_luedenscheid_verlobung_sauerland_02-300x200.jpg 300w, https:\/\/stefanierothfotografie.de\/blog\/wp-content\/uploads\/2018\/02\/hochzeitsfotograf_luedenscheid_verlobung_sauerland_02-768x513.jpg 768w\" sizes=\"auto, (max-width: 1024px) 100vw, 1024px\" \/><\/a> <a class=\"img\" href=\"https:\/\/stefanierothfotografie.de\/blog\/wp-content\/uploads\/2018\/02\/hochzeitsfotograf_luedenscheid_verlobung_sauerland_03.jpg\"><img loading=\"lazy\" decoding=\"async\" class=\"aligncenter size-full wp-image-2507\" src=\"https:\/\/stefanierothfotografie.de\/blog\/wp-content\/uploads\/2018\/02\/hochzeitsfotograf_luedenscheid_verlobung_sauerland_03.jpg\" alt=\"\" width=\"1024\" height=\"1535\" srcset=\"https:\/\/stefanierothfotografie.de\/blog\/wp-content\/uploads\/2018\/02\/hochzeitsfotograf_luedenscheid_verlobung_sauerland_03.jpg 1024w, https:\/\/stefanierothfotografie.de\/blog\/wp-content\/uploads\/2018\/02\/hochzeitsfotograf_luedenscheid_verlobung_sauerland_03-200x300.jpg 200w, https:\/\/stefanierothfotografie.de\/blog\/wp-content\/uploads\/2018\/02\/hochzeitsfotograf_luedenscheid_verlobung_sauerland_03-768x1151.jpg 768w, https:\/\/stefanierothfotografie.de\/blog\/wp-content\/uploads\/2018\/02\/hochzeitsfotograf_luedenscheid_verlobung_sauerland_03-683x1024.jpg 683w\" sizes=\"auto, (max-width: 1024px) 100vw, 1024px\" \/><\/a> <a class=\"img\" href=\"https:\/\/stefanierothfotografie.de\/blog\/wp-content\/uploads\/2018\/02\/hochzeitsfotograf_luedenscheid_verlobung_sauerland_04.jpg\"><img loading=\"lazy\" decoding=\"async\" class=\"aligncenter size-full wp-image-2508\" src=\"https:\/\/stefanierothfotografie.de\/blog\/wp-content\/uploads\/2018\/02\/hochzeitsfotograf_luedenscheid_verlobung_sauerland_04.jpg\" alt=\"\" width=\"1024\" height=\"684\" srcset=\"https:\/\/stefanierothfotografie.de\/blog\/wp-content\/uploads\/2018\/02\/hochzeitsfotograf_luedenscheid_verlobung_sauerland_04.jpg 1024w, https:\/\/stefanierothfotografie.de\/blog\/wp-content\/uploads\/2018\/02\/hochzeitsfotograf_luedenscheid_verlobung_sauerland_04-300x200.jpg 300w, https:\/\/stefanierothfotografie.de\/blog\/wp-content\/uploads\/2018\/02\/hochzeitsfotograf_luedenscheid_verlobung_sauerland_04-768x513.jpg 768w\" sizes=\"auto, (max-width: 1024px) 100vw, 1024px\" \/><\/a> <a class=\"img\" href=\"https:\/\/stefanierothfotografie.de\/blog\/wp-content\/uploads\/2018\/02\/hochzeitsfotograf_luedenscheid_verlobung_sauerland_05.jpg\"><img loading=\"lazy\" decoding=\"async\" class=\"aligncenter size-full wp-image-2509\" src=\"https:\/\/stefanierothfotografie.de\/blog\/wp-content\/uploads\/2018\/02\/hochzeitsfotograf_luedenscheid_verlobung_sauerland_05.jpg\" alt=\"\" width=\"1024\" height=\"684\" srcset=\"https:\/\/stefanierothfotografie.de\/blog\/wp-content\/uploads\/2018\/02\/hochzeitsfotograf_luedenscheid_verlobung_sauerland_05.jpg 1024w, https:\/\/stefanierothfotografie.de\/blog\/wp-content\/uploads\/2018\/02\/hochzeitsfotograf_luedenscheid_verlobung_sauerland_05-300x200.jpg 300w, https:\/\/stefanierothfotografie.de\/blog\/wp-content\/uploads\/2018\/02\/hochzeitsfotograf_luedenscheid_verlobung_sauerland_05-768x513.jpg 768w\" sizes=\"auto, (max-width: 1024px) 100vw, 1024px\" \/><\/a> <a class=\"img\" href=\"https:\/\/stefanierothfotografie.de\/blog\/wp-content\/uploads\/2018\/02\/hochzeitsfotograf_luedenscheid_verlobung_sauerland_06.jpg\"><img loading=\"lazy\" decoding=\"async\" class=\"aligncenter size-full wp-image-2510\" src=\"https:\/\/stefanierothfotografie.de\/blog\/wp-content\/uploads\/2018\/02\/hochzeitsfotograf_luedenscheid_verlobung_sauerland_06.jpg\" alt=\"\" width=\"1024\" height=\"684\" srcset=\"https:\/\/stefanierothfotografie.de\/blog\/wp-content\/uploads\/2018\/02\/hochzeitsfotograf_luedenscheid_verlobung_sauerland_06.jpg 1024w, https:\/\/stefanierothfotografie.de\/blog\/wp-content\/uploads\/2018\/02\/hochzeitsfotograf_luedenscheid_verlobung_sauerland_06-300x200.jpg 300w, https:\/\/stefanierothfotografie.de\/blog\/wp-content\/uploads\/2018\/02\/hochzeitsfotograf_luedenscheid_verlobung_sauerland_06-768x513.jpg 768w\" sizes=\"auto, (max-width: 1024px) 100vw, 1024px\" \/><\/a> <a class=\"img\" href=\"https:\/\/stefanierothfotografie.de\/blog\/wp-content\/uploads\/2018\/02\/hochzeitsfotograf_luedenscheid_verlobung_sauerland_07.jpg\"><img loading=\"lazy\" decoding=\"async\" class=\"aligncenter size-full wp-image-2511\" src=\"https:\/\/stefanierothfotografie.de\/blog\/wp-content\/uploads\/2018\/02\/hochzeitsfotograf_luedenscheid_verlobung_sauerland_07.jpg\" alt=\"\" width=\"1024\" height=\"684\" srcset=\"https:\/\/stefanierothfotografie.de\/blog\/wp-content\/uploads\/2018\/02\/hochzeitsfotograf_luedenscheid_verlobung_sauerland_07.jpg 1024w, https:\/\/stefanierothfotografie.de\/blog\/wp-content\/uploads\/2018\/02\/hochzeitsfotograf_luedenscheid_verlobung_sauerland_07-300x200.jpg 300w, https:\/\/stefanierothfotografie.de\/blog\/wp-content\/uploads\/2018\/02\/hochzeitsfotograf_luedenscheid_verlobung_sauerland_07-768x513.jpg 768w\" sizes=\"auto, (max-width: 1024px) 100vw, 1024px\" \/><\/a> <a class=\"img\" href=\"https:\/\/stefanierothfotografie.de\/blog\/wp-content\/uploads\/2018\/02\/hochzeitsfotograf_luedenscheid_verlobung_sauerland_08.jpg\"><img loading=\"lazy\" decoding=\"async\" class=\"aligncenter size-full wp-image-2512\" src=\"https:\/\/stefanierothfotografie.de\/blog\/wp-content\/uploads\/2018\/02\/hochzeitsfotograf_luedenscheid_verlobung_sauerland_08.jpg\" alt=\"\" width=\"1024\" height=\"684\" srcset=\"https:\/\/stefanierothfotografie.de\/blog\/wp-content\/uploads\/2018\/02\/hochzeitsfotograf_luedenscheid_verlobung_sauerland_08.jpg 1024w, https:\/\/stefanierothfotografie.de\/blog\/wp-content\/uploads\/2018\/02\/hochzeitsfotograf_luedenscheid_verlobung_sauerland_08-300x200.jpg 300w, https:\/\/stefanierothfotografie.de\/blog\/wp-content\/uploads\/2018\/02\/hochzeitsfotograf_luedenscheid_verlobung_sauerland_08-768x513.jpg 768w\" sizes=\"auto, (max-width: 1024px) 100vw, 1024px\" \/><\/a> <a class=\"img\" href=\"https:\/\/stefanierothfotografie.de\/blog\/wp-content\/uploads\/2018\/02\/hochzeitsfotograf_luedenscheid_verlobung_sauerland_09.jpg\"><img loading=\"lazy\" decoding=\"async\" class=\"aligncenter size-full wp-image-2513\" src=\"https:\/\/stefanierothfotografie.de\/blog\/wp-content\/uploads\/2018\/02\/hochzeitsfotograf_luedenscheid_verlobung_sauerland_09.jpg\" alt=\"\" width=\"1024\" height=\"767\" srcset=\"https:\/\/stefanierothfotografie.de\/blog\/wp-content\/uploads\/2018\/02\/hochzeitsfotograf_luedenscheid_verlobung_sauerland_09.jpg 1024w, https:\/\/stefanierothfotografie.de\/blog\/wp-content\/uploads\/2018\/02\/hochzeitsfotograf_luedenscheid_verlobung_sauerland_09-300x225.jpg 300w, https:\/\/stefanierothfotografie.de\/blog\/wp-content\/uploads\/2018\/02\/hochzeitsfotograf_luedenscheid_verlobung_sauerland_09-768x575.jpg 768w\" sizes=\"auto, (max-width: 1024px) 100vw, 1024px\" \/><\/a> <a class=\"img\" href=\"https:\/\/stefanierothfotografie.de\/blog\/wp-content\/uploads\/2018\/02\/hochzeitsfotograf_luedenscheid_verlobung_sauerland_10.jpg\"><img loading=\"lazy\" decoding=\"async\" class=\"aligncenter size-full wp-image-2514\" src=\"https:\/\/stefanierothfotografie.de\/blog\/wp-content\/uploads\/2018\/02\/hochzeitsfotograf_luedenscheid_verlobung_sauerland_10.jpg\" alt=\"\" width=\"1024\" height=\"684\" srcset=\"https:\/\/stefanierothfotografie.de\/blog\/wp-content\/uploads\/2018\/02\/hochzeitsfotograf_luedenscheid_verlobung_sauerland_10.jpg 1024w, https:\/\/stefanierothfotografie.de\/blog\/wp-content\/uploads\/2018\/02\/hochzeitsfotograf_luedenscheid_verlobung_sauerland_10-300x200.jpg 300w, https:\/\/stefanierothfotografie.de\/blog\/wp-content\/uploads\/2018\/02\/hochzeitsfotograf_luedenscheid_verlobung_sauerland_10-768x513.jpg 768w\" sizes=\"auto, (max-width: 1024px) 100vw, 1024px\" \/><\/a> <a class=\"img\" href=\"https:\/\/stefanierothfotografie.de\/blog\/wp-content\/uploads\/2018\/02\/hochzeitsfotograf_luedenscheid_verlobung_sauerland_11.jpg\"><img loading=\"lazy\" decoding=\"async\" class=\"aligncenter size-full wp-image-2515\" src=\"https:\/\/stefanierothfotografie.de\/blog\/wp-content\/uploads\/2018\/02\/hochzeitsfotograf_luedenscheid_verlobung_sauerland_11.jpg\" alt=\"\" width=\"1024\" height=\"684\" srcset=\"https:\/\/stefanierothfotografie.de\/blog\/wp-content\/uploads\/2018\/02\/hochzeitsfotograf_luedenscheid_verlobung_sauerland_11.jpg 1024w, https:\/\/stefanierothfotografie.de\/blog\/wp-content\/uploads\/2018\/02\/hochzeitsfotograf_luedenscheid_verlobung_sauerland_11-300x200.jpg 300w, https:\/\/stefanierothfotografie.de\/blog\/wp-content\/uploads\/2018\/02\/hochzeitsfotograf_luedenscheid_verlobung_sauerland_11-768x513.jpg 768w\" sizes=\"auto, (max-width: 1024px) 100vw, 1024px\" \/><\/a> <a class=\"img\" href=\"https:\/\/stefanierothfotografie.de\/blog\/wp-content\/uploads\/2018\/02\/hochzeitsfotograf_luedenscheid_verlobung_sauerland_12.jpg\"><img loading=\"lazy\" decoding=\"async\" class=\"aligncenter size-full wp-image-2516\" src=\"https:\/\/stefanierothfotografie.de\/blog\/wp-content\/uploads\/2018\/02\/hochzeitsfotograf_luedenscheid_verlobung_sauerland_12.jpg\" alt=\"\" width=\"1024\" height=\"684\" srcset=\"https:\/\/stefanierothfotografie.de\/blog\/wp-content\/uploads\/2018\/02\/hochzeitsfotograf_luedenscheid_verlobung_sauerland_12.jpg 1024w, https:\/\/stefanierothfotografie.de\/blog\/wp-content\/uploads\/2018\/02\/hochzeitsfotograf_luedenscheid_verlobung_sauerland_12-300x200.jpg 300w, https:\/\/stefanierothfotografie.de\/blog\/wp-content\/uploads\/2018\/02\/hochzeitsfotograf_luedenscheid_verlobung_sauerland_12-768x513.jpg 768w\" sizes=\"auto, (max-width: 1024px) 100vw, 1024px\" \/><\/a> <a class=\"img\" href=\"https:\/\/stefanierothfotografie.de\/blog\/wp-content\/uploads\/2018\/02\/hochzeitsfotograf_luedenscheid_verlobung_sauerland_13.jpg\"><img loading=\"lazy\" decoding=\"async\" class=\"aligncenter size-full wp-image-2517\" src=\"https:\/\/stefanierothfotografie.de\/blog\/wp-content\/uploads\/2018\/02\/hochzeitsfotograf_luedenscheid_verlobung_sauerland_13.jpg\" alt=\"\" width=\"1024\" height=\"684\" srcset=\"https:\/\/stefanierothfotografie.de\/blog\/wp-content\/uploads\/2018\/02\/hochzeitsfotograf_luedenscheid_verlobung_sauerland_13.jpg 1024w, https:\/\/stefanierothfotografie.de\/blog\/wp-content\/uploads\/2018\/02\/hochzeitsfotograf_luedenscheid_verlobung_sauerland_13-300x200.jpg 300w, https:\/\/stefanierothfotografie.de\/blog\/wp-content\/uploads\/2018\/02\/hochzeitsfotograf_luedenscheid_verlobung_sauerland_13-768x513.jpg 768w\" sizes=\"auto, (max-width: 1024px) 100vw, 1024px\" \/><\/a> <a class=\"img\" href=\"https:\/\/stefanierothfotografie.de\/blog\/wp-content\/uploads\/2018\/02\/hochzeitsfotograf_luedenscheid_verlobung_sauerland_14.jpg\"><img loading=\"lazy\" decoding=\"async\" class=\"aligncenter size-full wp-image-2518\" src=\"https:\/\/stefanierothfotografie.de\/blog\/wp-content\/uploads\/2018\/02\/hochzeitsfotograf_luedenscheid_verlobung_sauerland_14.jpg\" alt=\"\" width=\"1024\" height=\"684\" srcset=\"https:\/\/stefanierothfotografie.de\/blog\/wp-content\/uploads\/2018\/02\/hochzeitsfotograf_luedenscheid_verlobung_sauerland_14.jpg 1024w, https:\/\/stefanierothfotografie.de\/blog\/wp-content\/uploads\/2018\/02\/hochzeitsfotograf_luedenscheid_verlobung_sauerland_14-300x200.jpg 300w, https:\/\/stefanierothfotografie.de\/blog\/wp-content\/uploads\/2018\/02\/hochzeitsfotograf_luedenscheid_verlobung_sauerland_14-768x513.jpg 768w\" sizes=\"auto, (max-width: 1024px) 100vw, 1024px\" \/><\/a> <a class=\"img\" href=\"https:\/\/stefanierothfotografie.de\/blog\/wp-content\/uploads\/2018\/02\/hochzeitsfotograf_luedenscheid_verlobung_sauerland_15.jpg\"><img loading=\"lazy\" decoding=\"async\" class=\"aligncenter size-full wp-image-2519\" src=\"https:\/\/stefanierothfotografie.de\/blog\/wp-content\/uploads\/2018\/02\/hochzeitsfotograf_luedenscheid_verlobung_sauerland_15.jpg\" alt=\"\" width=\"1024\" height=\"684\" srcset=\"https:\/\/stefanierothfotografie.de\/blog\/wp-content\/uploads\/2018\/02\/hochzeitsfotograf_luedenscheid_verlobung_sauerland_15.jpg 1024w, https:\/\/stefanierothfotografie.de\/blog\/wp-content\/uploads\/2018\/02\/hochzeitsfotograf_luedenscheid_verlobung_sauerland_15-300x200.jpg 300w, https:\/\/stefanierothfotografie.de\/blog\/wp-content\/uploads\/2018\/02\/hochzeitsfotograf_luedenscheid_verlobung_sauerland_15-768x513.jpg 768w\" sizes=\"auto, (max-width: 1024px) 100vw, 1024px\" \/><\/a> <a class=\"img\" href=\"https:\/\/stefanierothfotografie.de\/blog\/wp-content\/uploads\/2018\/02\/hochzeitsfotograf_luedenscheid_verlobung_sauerland_16.jpg\"><img loading=\"lazy\" decoding=\"async\" class=\"aligncenter size-full wp-image-2520\" src=\"https:\/\/stefanierothfotografie.de\/blog\/wp-content\/uploads\/2018\/02\/hochzeitsfotograf_luedenscheid_verlobung_sauerland_16.jpg\" alt=\"\" width=\"1024\" height=\"684\" srcset=\"https:\/\/stefanierothfotografie.de\/blog\/wp-content\/uploads\/2018\/02\/hochzeitsfotograf_luedenscheid_verlobung_sauerland_16.jpg 1024w, https:\/\/stefanierothfotografie.de\/blog\/wp-content\/uploads\/2018\/02\/hochzeitsfotograf_luedenscheid_verlobung_sauerland_16-300x200.jpg 300w, https:\/\/stefanierothfotografie.de\/blog\/wp-content\/uploads\/2018\/02\/hochzeitsfotograf_luedenscheid_verlobung_sauerland_16-768x513.jpg 768w\" sizes=\"auto, (max-width: 1024px) 100vw, 1024px\" \/><\/a> <a class=\"img\" href=\"https:\/\/stefanierothfotografie.de\/blog\/wp-content\/uploads\/2018\/02\/hochzeitsfotograf_luedenscheid_verlobung_sauerland_17.jpg\"><img loading=\"lazy\" decoding=\"async\" class=\"aligncenter size-full wp-image-2521\" src=\"https:\/\/stefanierothfotografie.de\/blog\/wp-content\/uploads\/2018\/02\/hochzeitsfotograf_luedenscheid_verlobung_sauerland_17.jpg\" alt=\"\" width=\"1024\" height=\"684\" srcset=\"https:\/\/stefanierothfotografie.de\/blog\/wp-content\/uploads\/2018\/02\/hochzeitsfotograf_luedenscheid_verlobung_sauerland_17.jpg 1024w, https:\/\/stefanierothfotografie.de\/blog\/wp-content\/uploads\/2018\/02\/hochzeitsfotograf_luedenscheid_verlobung_sauerland_17-300x200.jpg 300w, https:\/\/stefanierothfotografie.de\/blog\/wp-content\/uploads\/2018\/02\/hochzeitsfotograf_luedenscheid_verlobung_sauerland_17-768x513.jpg 768w\" sizes=\"auto, (max-width: 1024px) 100vw, 1024px\" \/><\/a> <a class=\"img\" href=\"https:\/\/stefanierothfotografie.de\/blog\/wp-content\/uploads\/2018\/02\/hochzeitsfotograf_luedenscheid_verlobung_sauerland_18.jpg\"><img loading=\"lazy\" decoding=\"async\" class=\"aligncenter size-full wp-image-2522\" src=\"https:\/\/stefanierothfotografie.de\/blog\/wp-content\/uploads\/2018\/02\/hochzeitsfotograf_luedenscheid_verlobung_sauerland_18.jpg\" alt=\"\" width=\"1024\" height=\"1535\" srcset=\"https:\/\/stefanierothfotografie.de\/blog\/wp-content\/uploads\/2018\/02\/hochzeitsfotograf_luedenscheid_verlobung_sauerland_18.jpg 1024w, https:\/\/stefanierothfotografie.de\/blog\/wp-content\/uploads\/2018\/02\/hochzeitsfotograf_luedenscheid_verlobung_sauerland_18-200x300.jpg 200w, https:\/\/stefanierothfotografie.de\/blog\/wp-content\/uploads\/2018\/02\/hochzeitsfotograf_luedenscheid_verlobung_sauerland_18-768x1151.jpg 768w, https:\/\/stefanierothfotografie.de\/blog\/wp-content\/uploads\/2018\/02\/hochzeitsfotograf_luedenscheid_verlobung_sauerland_18-683x1024.jpg 683w\" sizes=\"auto, (max-width: 1024px) 100vw, 1024px\" \/><\/a><\/p>\n","protected":false},"excerpt":{"rendered":"<p>Kennst Du es, wenn Du Menschen triffst und direkt ein echtes authentisches Gef\u00fchl in der Luft liegt? Diese Leichtigkeit, die man sp\u00fcrt, wenn man sich ansieht, die allerersten Worte spricht? Wenn man als Hochzeitsfotografin das Gef\u00fchl hat, dass man einfach unentwegt auf den Ausl\u00f6ser dr\u00fccken m\u00f6chte, weil die Momente allesamt so intensiv sind und man&hellip; <a class=\"more-link\" href=\"https:\/\/stefanierothfotografie.de\/blog\/verlobungsshooting-winterlichen-sauerland\/\"><span class=\"screen-reader-text\">Verlobungsshooting im winterlichen Sauerland<\/span> weiterlesen<\/a><\/p>\n","protected":false},"author":1,"featured_media":2505,"comment_status":"closed","ping_status":"open","sticky":false,"template":"","format":"standard","meta":{"footnotes":""},"categories":[54],"tags":[211,226,102,67,222,150,113,227,225,224,153,223],"class_list":["post-2504","post","type-post","status-publish","format-standard","has-post-thumbnail","hentry","category-loveshoot","tag-authentische-hochzeitsfotografie","tag-engagement-shooting-sauerland","tag-hochzeit-sauerland","tag-hochzeitsfotograf-sauerland","tag-hochzeitsfotografin-sauerland","tag-hochzeitsreportage-sauerland","tag-natuerliche-hochzeitsfotos","tag-nicole-und-michael-hochzeit","tag-paarfotos-winter","tag-paarshooting-schnee","tag-verlobungsshooting-sauerland","tag-winter-verlobungsshooting","entry"],"_links":{"self":[{"href":"https:\/\/stefanierothfotografie.de\/blog\/wp-json\/wp\/v2\/posts\/2504","targetHints":{"allow":["GET"]}}],"collection":[{"href":"https:\/\/stefanierothfotografie.de\/blog\/wp-json\/wp\/v2\/posts"}],"about":[{"href":"https:\/\/stefanierothfotografie.de\/blog\/wp-json\/wp\/v2\/types\/post"}],"author":[{"embeddable":true,"href":"https:\/\/stefanierothfotografie.de\/blog\/wp-json\/wp\/v2\/users\/1"}],"replies":[{"embeddable":true,"href":"https:\/\/stefanierothfotografie.de\/blog\/wp-json\/wp\/v2\/comments?post=2504"}],"version-history":[{"count":3,"href":"https:\/\/stefanierothfotografie.de\/blog\/wp-json\/wp\/v2\/posts\/2504\/revisions"}],"predecessor-version":[{"id":2527,"href":"https:\/\/stefanierothfotografie.de\/blog\/wp-json\/wp\/v2\/posts\/2504\/revisions\/2527"}],"wp:featuredmedia":[{"embeddable":true,"href":"https:\/\/stefanierothfotografie.de\/blog\/wp-json\/wp\/v2\/media\/2505"}],"wp:attachment":[{"href":"https:\/\/stefanierothfotografie.de\/blog\/wp-json\/wp\/v2\/media?parent=2504"}],"wp:term":[{"taxonomy":"category","embeddable":true,"href":"https:\/\/stefanierothfotografie.de\/blog\/wp-json\/wp\/v2\/categories?post=2504"},{"taxonomy":"post_tag","embeddable":true,"href":"https:\/\/stefanierothfotografie.de\/blog\/wp-json\/wp\/v2\/tags?post=2504"}],"curies":[{"name":"wp","href":"https:\/\/api.w.org\/{rel}","templated":true}]}}