{"id":2409,"date":"2018-02-18T17:29:51","date_gmt":"2018-02-18T16:29:51","guid":{"rendered":"https:\/\/stefanierothfotografie.de\/blog\/?p=2409"},"modified":"2025-08-08T16:07:56","modified_gmt":"2025-08-08T14:07:56","slug":"freie-trauung-sauerland-hochzeitsfotograf","status":"publish","type":"post","link":"https:\/\/stefanierothfotografie.de\/blog\/freie-trauung-sauerland-hochzeitsfotograf\/","title":{"rendered":"Freie Trauung in Attendorn \u2013 Als Hochzeitsfotografin im Sauerland"},"content":{"rendered":"<p><img loading=\"lazy\" decoding=\"async\" class=\"aligncenter wp-image-2410 size-full\" src=\"https:\/\/stefanierothfotografie.de\/blog\/wp-content\/uploads\/2018\/02\/hochzeitsfotograf_platte_repetal_attendorn_01.jpg\" alt=\"Hochzeitsfotograf Sauerland\" width=\"1024\" height=\"684\" srcset=\"https:\/\/stefanierothfotografie.de\/blog\/wp-content\/uploads\/2018\/02\/hochzeitsfotograf_platte_repetal_attendorn_01.jpg 1024w, https:\/\/stefanierothfotografie.de\/blog\/wp-content\/uploads\/2018\/02\/hochzeitsfotograf_platte_repetal_attendorn_01-300x200.jpg 300w, https:\/\/stefanierothfotografie.de\/blog\/wp-content\/uploads\/2018\/02\/hochzeitsfotograf_platte_repetal_attendorn_01-768x513.jpg 768w\" sizes=\"auto, (max-width: 1024px) 100vw, 1024px\" \/>Suchend blicke ich mich um &#8230; Hausnummer 67 &#8230; da ist es. Eigentlich treffe ich die Paare meist in einem meiner Lieblingcaf\u00e9s im Sauerland, doch heute erwarten mich hier nicht nur Carina und Lars zu unserem Kennenlernen. &#8222;Unser Nachwuchs h\u00e4lt uns ganz sch\u00f6n auf Trapp.&#8220; hatte Carina am Telefon berichtet. Schon h\u00f6rte man es im Hintergrund wieder quicken und unser Telefonat war schnell wieder beendet.<\/p>\n<p>Jetzt klingele ich also an der T\u00fcr und bin gespannt, was mich erwartet. Als die T\u00fcr sich \u00f6ffnet, entdeckte ich neben dem baldigen Brautpaar auch noch die schwarze Nase von Amy zwischen den Beinen der Beiden hervorlugen. Der h\u00fcbsche Golden Retriever hatte vor einigen Wochen sieben Welpen geboren, die jetzt wild im Wohnzimmergehege umhertollen. Das ganze Gespr\u00e4ch \u00fcber bin ich beeindruckt, wie <a href=\"https:\/\/www.ground-game-hunters.de\" title=\"Carina Und Lars\">Carina und Lars<\/a> das meistern &#8211; ihre Aufmerksamkeit ist \u00fcberall &#8211; bei mir und bei jedem einzelnen Welpen. Gerade deshalb f\u00fchle ich mich wohl so komplett integriert und direkt wie bei Freunden.<\/p>\n<h1 style=\"text-align: center;\">&#8222;Als Hochzeitsfotografin im Sauerland geht es in die n\u00e4chste Runde.&#8220;<\/h1>\n<p>Als ich nach unserem Gespr\u00e4ch ins Auto steige, l\u00e4chle ich.\u00a0Als <strong>Hochzeitsfotografin im Sauerland<\/strong> geht in die n\u00e4chste Runde.<br \/>\n<a class=\"img\" href=\"https:\/\/stefanierothfotografie.de\/blog\/wp-content\/uploads\/2018\/02\/hochzeitsfotograf_platte_repetal_attendorn_02.jpg\" title=\"\n\"><br \/>\n<\/a><a class=\"img\" href=\"https:\/\/stefanierothfotografie.de\/blog\/wp-content\/uploads\/2018\/02\/hochzeitsfotograf_platte_repetal_attendorn_02.jpg\" title=\"\n\"><img loading=\"lazy\" decoding=\"async\" class=\"aligncenter wp-image-2411 size-full\" src=\"https:\/\/stefanierothfotografie.de\/blog\/wp-content\/uploads\/2018\/02\/hochzeitsfotograf_platte_repetal_attendorn_02.jpg\" title=\"\n\" alt=\"Hochzeitsfotograf Sauerland \u2013 Stefanie Roth\" width=\"1024\" height=\"767\" srcset=\"https:\/\/stefanierothfotografie.de\/blog\/wp-content\/uploads\/2018\/02\/hochzeitsfotograf_platte_repetal_attendorn_02.jpg 1024w, https:\/\/stefanierothfotografie.de\/blog\/wp-content\/uploads\/2018\/02\/hochzeitsfotograf_platte_repetal_attendorn_02-300x225.jpg 300w, https:\/\/stefanierothfotografie.de\/blog\/wp-content\/uploads\/2018\/02\/hochzeitsfotograf_platte_repetal_attendorn_02-768x575.jpg 768w\" sizes=\"auto, (max-width: 1024px) 100vw, 1024px\" \/><\/a> <a class=\"img\" href=\"https:\/\/stefanierothfotografie.de\/blog\/wp-content\/uploads\/2018\/02\/hochzeitsfotograf_platte_repetal_attendorn_03.jpg\"><img loading=\"lazy\" decoding=\"async\" class=\"aligncenter size-full wp-image-2412\" src=\"https:\/\/stefanierothfotografie.de\/blog\/wp-content\/uploads\/2018\/02\/hochzeitsfotograf_platte_repetal_attendorn_03.jpg\" alt=\"\" width=\"1024\" height=\"684\" srcset=\"https:\/\/stefanierothfotografie.de\/blog\/wp-content\/uploads\/2018\/02\/hochzeitsfotograf_platte_repetal_attendorn_03.jpg 1024w, https:\/\/stefanierothfotografie.de\/blog\/wp-content\/uploads\/2018\/02\/hochzeitsfotograf_platte_repetal_attendorn_03-300x200.jpg 300w, https:\/\/stefanierothfotografie.de\/blog\/wp-content\/uploads\/2018\/02\/hochzeitsfotograf_platte_repetal_attendorn_03-768x513.jpg 768w\" sizes=\"auto, (max-width: 1024px) 100vw, 1024px\" \/><\/a><\/p>\n<h3>Liebe Carina, erz\u00e4hle etwas von. Wer bist du? Was macht dich aus?<\/h3>\n<p>Ich bin Carina, 28 Jahre alt und eine waschechte Ruhrpottlerin. Ich bin ein Mensch, der auch ruhige Momente genie\u00dfen kann, aber meistens zieht es mich unter Leute! Ich liebe unsere Freunde und meine M\u00e4dels. Ich habe immer ein offenes Ohr und rede gerne und viel! Ich bin gerne unterwegs, probiere Neues aus und mein Terminkalender ist eigentlich immer voll.\u00a0Ich mag es Pl\u00e4ne zu schmieden und organisiere gerne, ich mag Details und bin recht kreativ. Ordnung ist nicht so mein Ding, ich neige eher zum Chaos \u2013 wei\u00df aber immer wo ich etwas finde, wenn ich es suche. Ich bin zielstrebig und ehrgeizig. Sowohl beruflich als auch privat ich bin zufrieden und auch klein wenig stolz darauf, was ich bisher erreicht und aus meinem Leben gemacht habe.<\/p>\n<h3>Wie und wo hast Du deinen Ehemann kennengelernt?<\/h3>\n<p>Man mag es kaum glauben, aber wir haben uns tats\u00e4chlich in einer Disco in Dortmund kennengelernt. Ziemlich genau vor 10 Jahren \u2013 kurz vor Weihnachten im Jahr 2007 \u2013 haben wir uns dort das erste Mal gek\u00fcsst, nachdem wir lange zusammen getanzt hatten und uns schon mehrere Male zuvor dort getroffen hatten.<\/p>\n<p>Wir mochten uns von Anfang an, doch ich war skeptisch ob aus einer Disco-Bekanntschaft wirklich mehr werden konnte?! Ich ging noch zur Schule, Lars war gerade dabei seinen Wehrdienst in Siegburg abzuleisten \u2013 es blieben uns also nur die Wochenenden um es auf einen Versuch ankommen zu lassen. Und siehe da: Es hat super funktioniert! Ich werde es nie vergessen, wie Lars mich das erste Mal zuhause bei meinen Eltern besuchte, eine rote Rose f\u00fcr mich mitgebracht hatte und sich ganz f\u00f6rmlich bei meinen Eltern vorstellte.<\/p>\n<p><a class=\"img\" href=\"https:\/\/stefanierothfotografie.de\/blog\/wp-content\/uploads\/2018\/02\/hochzeitsfotograf_platte_repetal_attendorn_04.jpg\"><img loading=\"lazy\" decoding=\"async\" class=\"aligncenter wp-image-2413 size-full\" src=\"https:\/\/stefanierothfotografie.de\/blog\/wp-content\/uploads\/2018\/02\/hochzeitsfotograf_platte_repetal_attendorn_04.jpg\" alt=\"Hochzeitsfotograf Sauerland \u2013 Stefanie Roth\" width=\"1024\" height=\"684\" srcset=\"https:\/\/stefanierothfotografie.de\/blog\/wp-content\/uploads\/2018\/02\/hochzeitsfotograf_platte_repetal_attendorn_04.jpg 1024w, https:\/\/stefanierothfotografie.de\/blog\/wp-content\/uploads\/2018\/02\/hochzeitsfotograf_platte_repetal_attendorn_04-300x200.jpg 300w, https:\/\/stefanierothfotografie.de\/blog\/wp-content\/uploads\/2018\/02\/hochzeitsfotograf_platte_repetal_attendorn_04-768x513.jpg 768w\" sizes=\"auto, (max-width: 1024px) 100vw, 1024px\" \/><\/a> <a class=\"img\" href=\"https:\/\/stefanierothfotografie.de\/blog\/wp-content\/uploads\/2018\/02\/hochzeitsfotograf_platte_repetal_attendorn_05.jpg\"><img loading=\"lazy\" decoding=\"async\" class=\"aligncenter size-full wp-image-2414\" src=\"https:\/\/stefanierothfotografie.de\/blog\/wp-content\/uploads\/2018\/02\/hochzeitsfotograf_platte_repetal_attendorn_05.jpg\" alt=\"\" width=\"1024\" height=\"767\" srcset=\"https:\/\/stefanierothfotografie.de\/blog\/wp-content\/uploads\/2018\/02\/hochzeitsfotograf_platte_repetal_attendorn_05.jpg 1024w, https:\/\/stefanierothfotografie.de\/blog\/wp-content\/uploads\/2018\/02\/hochzeitsfotograf_platte_repetal_attendorn_05-300x225.jpg 300w, https:\/\/stefanierothfotografie.de\/blog\/wp-content\/uploads\/2018\/02\/hochzeitsfotograf_platte_repetal_attendorn_05-768x575.jpg 768w\" sizes=\"auto, (max-width: 1024px) 100vw, 1024px\" \/><\/a> <a class=\"img\" href=\"https:\/\/stefanierothfotografie.de\/blog\/wp-content\/uploads\/2018\/02\/hochzeitsfotograf_platte_repetal_attendorn_06.jpg\"><img loading=\"lazy\" decoding=\"async\" class=\"aligncenter size-full wp-image-2415\" src=\"https:\/\/stefanierothfotografie.de\/blog\/wp-content\/uploads\/2018\/02\/hochzeitsfotograf_platte_repetal_attendorn_06.jpg\" alt=\"\" width=\"1024\" height=\"684\" srcset=\"https:\/\/stefanierothfotografie.de\/blog\/wp-content\/uploads\/2018\/02\/hochzeitsfotograf_platte_repetal_attendorn_06.jpg 1024w, https:\/\/stefanierothfotografie.de\/blog\/wp-content\/uploads\/2018\/02\/hochzeitsfotograf_platte_repetal_attendorn_06-300x200.jpg 300w, https:\/\/stefanierothfotografie.de\/blog\/wp-content\/uploads\/2018\/02\/hochzeitsfotograf_platte_repetal_attendorn_06-768x513.jpg 768w\" sizes=\"auto, (max-width: 1024px) 100vw, 1024px\" \/><\/a> <a class=\"img\" href=\"https:\/\/stefanierothfotografie.de\/blog\/wp-content\/uploads\/2018\/02\/hochzeitsfotograf_platte_repetal_attendorn_07.jpg\"><img loading=\"lazy\" decoding=\"async\" class=\"aligncenter size-full wp-image-2416\" src=\"https:\/\/stefanierothfotografie.de\/blog\/wp-content\/uploads\/2018\/02\/hochzeitsfotograf_platte_repetal_attendorn_07.jpg\" alt=\"\" width=\"1024\" height=\"684\" srcset=\"https:\/\/stefanierothfotografie.de\/blog\/wp-content\/uploads\/2018\/02\/hochzeitsfotograf_platte_repetal_attendorn_07.jpg 1024w, https:\/\/stefanierothfotografie.de\/blog\/wp-content\/uploads\/2018\/02\/hochzeitsfotograf_platte_repetal_attendorn_07-300x200.jpg 300w, https:\/\/stefanierothfotografie.de\/blog\/wp-content\/uploads\/2018\/02\/hochzeitsfotograf_platte_repetal_attendorn_07-768x513.jpg 768w\" sizes=\"auto, (max-width: 1024px) 100vw, 1024px\" \/><\/a> <a class=\"img\" href=\"https:\/\/stefanierothfotografie.de\/blog\/wp-content\/uploads\/2018\/02\/hochzeitsfotograf_platte_repetal_attendorn_08.jpg\"><img loading=\"lazy\" decoding=\"async\" class=\"aligncenter size-full wp-image-2417\" src=\"https:\/\/stefanierothfotografie.de\/blog\/wp-content\/uploads\/2018\/02\/hochzeitsfotograf_platte_repetal_attendorn_08.jpg\" alt=\"\" width=\"1024\" height=\"767\" srcset=\"https:\/\/stefanierothfotografie.de\/blog\/wp-content\/uploads\/2018\/02\/hochzeitsfotograf_platte_repetal_attendorn_08.jpg 1024w, https:\/\/stefanierothfotografie.de\/blog\/wp-content\/uploads\/2018\/02\/hochzeitsfotograf_platte_repetal_attendorn_08-300x225.jpg 300w, https:\/\/stefanierothfotografie.de\/blog\/wp-content\/uploads\/2018\/02\/hochzeitsfotograf_platte_repetal_attendorn_08-768x575.jpg 768w\" sizes=\"auto, (max-width: 1024px) 100vw, 1024px\" \/><\/a><\/p>\n<h3>Magst Du etwas zum Anzug von Lars erz\u00e4hlen? Wo kommt er her? Hat Dein Ehemann ihn alleine gekauft oder hatte er Unterst\u00fctzung?<\/h3>\n<p>Lars trug an unserer Hochzeit einen schwarzen Smoking, mit apfelgr\u00fcnem Kummerbund und dazu passender Fliege. Ich war tief ger\u00fchrt ihn an unserem Hochzeitstag zu sehen und festzustellen, dass auch er \u201eunsere Farbe\u201c in sein Outfit integriert hatte. Etwas ganz Besonderes!<\/p>\n<p>Den Smoking und das Hemd hat er gemeinsam mit seinem Vater, seinen beiden Trauzeugen und einer meiner Trauzeuginnen in einem Wilvorst Outlet bei Northeim gekauft. Die Lackschuhe hat er im Internet bestellt und die Fliege und der Kummerbund in apfelgr\u00fcn waren eine Sonderanfertigung aus Berlin.<\/p>\n<h3>Wie w\u00fcrdest du deinen Ehemann beschreiben? Was macht ihn zu dem, was du auf ewig lieben wirst?<\/h3>\n<p>Lars hat mir in den vergangenen zehn Jahren in unserer Beziehung nie das Gef\u00fchl gegeben, dass ich an seiner Liebe zu mir zweifeln muss. Er gibt mir ein gro\u00dfes Gef\u00fchl an Sicherheit und steht bedingungslos hinter. Er ist liebevoll, absolut ehrlich und unheimlich fantasievoll.<\/p>\n<p>Er war zehn Jahre mein \u201efester Freund\u201c und ist jetzt mein Ehemann (\u2026irgendwie klingt das immer noch ein wenig ungewohnt \ud83d\ude0a) und er ist gleichzeitig mein bester Freund. Ich kann mit ihm \u00fcber alles reden, \u00fcber alles lachen und auch eine Tr\u00e4ne verdr\u00fccken. Wir haben einfach dieselben Vorstellungen und Ziele von unserer Beziehung\/Ehe \u2026 f\u00fcr all das liebe ich ihn!<\/p>\n<p><a class=\"img\" href=\"https:\/\/stefanierothfotografie.de\/blog\/wp-content\/uploads\/2018\/02\/hochzeitsfotograf_platte_repetal_attendorn_09.jpg\"><img loading=\"lazy\" decoding=\"async\" class=\"aligncenter size-full wp-image-2418\" src=\"https:\/\/stefanierothfotografie.de\/blog\/wp-content\/uploads\/2018\/02\/hochzeitsfotograf_platte_repetal_attendorn_09.jpg\" alt=\"\" width=\"1024\" height=\"684\" srcset=\"https:\/\/stefanierothfotografie.de\/blog\/wp-content\/uploads\/2018\/02\/hochzeitsfotograf_platte_repetal_attendorn_09.jpg 1024w, https:\/\/stefanierothfotografie.de\/blog\/wp-content\/uploads\/2018\/02\/hochzeitsfotograf_platte_repetal_attendorn_09-300x200.jpg 300w, https:\/\/stefanierothfotografie.de\/blog\/wp-content\/uploads\/2018\/02\/hochzeitsfotograf_platte_repetal_attendorn_09-768x513.jpg 768w\" sizes=\"auto, (max-width: 1024px) 100vw, 1024px\" \/><\/a> <a class=\"img\" href=\"https:\/\/stefanierothfotografie.de\/blog\/wp-content\/uploads\/2018\/02\/hochzeitsfotograf_platte_repetal_attendorn_10.jpg\"><img loading=\"lazy\" decoding=\"async\" class=\"aligncenter wp-image-2419 size-full\" src=\"https:\/\/stefanierothfotografie.de\/blog\/wp-content\/uploads\/2018\/02\/hochzeitsfotograf_platte_repetal_attendorn_10.jpg\" alt=\"Hochzeitsfotograf Sauerland \u2013 Stefanie Roth\" width=\"1024\" height=\"684\" srcset=\"https:\/\/stefanierothfotografie.de\/blog\/wp-content\/uploads\/2018\/02\/hochzeitsfotograf_platte_repetal_attendorn_10.jpg 1024w, https:\/\/stefanierothfotografie.de\/blog\/wp-content\/uploads\/2018\/02\/hochzeitsfotograf_platte_repetal_attendorn_10-300x200.jpg 300w, https:\/\/stefanierothfotografie.de\/blog\/wp-content\/uploads\/2018\/02\/hochzeitsfotograf_platte_repetal_attendorn_10-768x513.jpg 768w\" sizes=\"auto, (max-width: 1024px) 100vw, 1024px\" \/><\/a> <a class=\"img\" href=\"https:\/\/stefanierothfotografie.de\/blog\/wp-content\/uploads\/2018\/02\/hochzeitsfotograf_platte_repetal_attendorn_11.jpg\"><img loading=\"lazy\" decoding=\"async\" class=\"aligncenter size-full wp-image-2420\" src=\"https:\/\/stefanierothfotografie.de\/blog\/wp-content\/uploads\/2018\/02\/hochzeitsfotograf_platte_repetal_attendorn_11.jpg\" alt=\"\" width=\"1024\" height=\"684\" srcset=\"https:\/\/stefanierothfotografie.de\/blog\/wp-content\/uploads\/2018\/02\/hochzeitsfotograf_platte_repetal_attendorn_11.jpg 1024w, https:\/\/stefanierothfotografie.de\/blog\/wp-content\/uploads\/2018\/02\/hochzeitsfotograf_platte_repetal_attendorn_11-300x200.jpg 300w, https:\/\/stefanierothfotografie.de\/blog\/wp-content\/uploads\/2018\/02\/hochzeitsfotograf_platte_repetal_attendorn_11-768x513.jpg 768w\" sizes=\"auto, (max-width: 1024px) 100vw, 1024px\" \/><\/a> <a class=\"img\" href=\"https:\/\/stefanierothfotografie.de\/blog\/wp-content\/uploads\/2018\/02\/hochzeitsfotograf_platte_repetal_attendorn_12.jpg\"><img loading=\"lazy\" decoding=\"async\" class=\"aligncenter size-full wp-image-2421\" src=\"https:\/\/stefanierothfotografie.de\/blog\/wp-content\/uploads\/2018\/02\/hochzeitsfotograf_platte_repetal_attendorn_12.jpg\" alt=\"\" width=\"1024\" height=\"684\" srcset=\"https:\/\/stefanierothfotografie.de\/blog\/wp-content\/uploads\/2018\/02\/hochzeitsfotograf_platte_repetal_attendorn_12.jpg 1024w, https:\/\/stefanierothfotografie.de\/blog\/wp-content\/uploads\/2018\/02\/hochzeitsfotograf_platte_repetal_attendorn_12-300x200.jpg 300w, https:\/\/stefanierothfotografie.de\/blog\/wp-content\/uploads\/2018\/02\/hochzeitsfotograf_platte_repetal_attendorn_12-768x513.jpg 768w\" sizes=\"auto, (max-width: 1024px) 100vw, 1024px\" \/><\/a> <a class=\"img\" href=\"https:\/\/stefanierothfotografie.de\/blog\/wp-content\/uploads\/2018\/02\/hochzeitsfotograf_platte_repetal_attendorn_13.jpg\"><img loading=\"lazy\" decoding=\"async\" class=\"aligncenter wp-image-2422 size-full\" src=\"https:\/\/stefanierothfotografie.de\/blog\/wp-content\/uploads\/2018\/02\/hochzeitsfotograf_platte_repetal_attendorn_13.jpg\" alt=\"Hochzeitsfotograf Sauerland \u2013 Stefanie Roth\" width=\"1024\" height=\"684\" srcset=\"https:\/\/stefanierothfotografie.de\/blog\/wp-content\/uploads\/2018\/02\/hochzeitsfotograf_platte_repetal_attendorn_13.jpg 1024w, https:\/\/stefanierothfotografie.de\/blog\/wp-content\/uploads\/2018\/02\/hochzeitsfotograf_platte_repetal_attendorn_13-300x200.jpg 300w, https:\/\/stefanierothfotografie.de\/blog\/wp-content\/uploads\/2018\/02\/hochzeitsfotograf_platte_repetal_attendorn_13-768x513.jpg 768w\" sizes=\"auto, (max-width: 1024px) 100vw, 1024px\" \/><\/a><\/p>\n<h3>Ein Brautkleid ist ein Statement. Wie und wo hast Du es entdeckt und was gef\u00e4llt die besonders an dem Kleid?<\/h3>\n<p>Es war ein absoluter Spontankauf. Eigentlich wollten wir \u2013 ich, meine Mutter und meine beiden Trauzeuginnen \u2013 uns auf der Hochzeitsmesse in Dortmund nur ein paar Ideen holen. Doch dann hing <em>dieses<\/em> Kleid dort! Es war genauso, wie ich es mir vorgestellt hatte und dann auch noch genau in meiner Gr\u00f6\u00dfe.\u00a0Es ist eine klassische A-Linie in Ivory, mit geschn\u00fcrrter Korsage am R\u00fccken, Herzausschnitt, einer dezenten aufgen\u00e4hten Spitze bis zur H\u00fcfte und einem ganz schlichten ausgestellten Rock. Dazu ein ganz schlichter Schleier. Ich bin etwas kurviger und das Kleid unterstrich perfekt meine Vorz\u00fcge und kaschierte meine Problemzonen \u2013 genauso wie sein sollte!\u00a0Sp\u00e4ter entschied ich mich noch f\u00fcr ein paar Brautschuhe von Rainbow, die ich apfelgr\u00fcn \u2013 farblich passend zu unserem Motto \u2013 einf\u00e4rben lie\u00df. Die gr\u00fcnen Schuhe zu dem wei\u00dfen Kleid waren ein absoluter Blickfang!<\/p>\n<p><a class=\"img\" href=\"https:\/\/stefanierothfotografie.de\/blog\/wp-content\/uploads\/2018\/02\/hochzeitsfotograf_platte_repetal_attendorn_14.jpg\"><img loading=\"lazy\" decoding=\"async\" class=\"aligncenter size-full wp-image-2423\" src=\"https:\/\/stefanierothfotografie.de\/blog\/wp-content\/uploads\/2018\/02\/hochzeitsfotograf_platte_repetal_attendorn_14.jpg\" alt=\"\" width=\"1024\" height=\"684\" srcset=\"https:\/\/stefanierothfotografie.de\/blog\/wp-content\/uploads\/2018\/02\/hochzeitsfotograf_platte_repetal_attendorn_14.jpg 1024w, https:\/\/stefanierothfotografie.de\/blog\/wp-content\/uploads\/2018\/02\/hochzeitsfotograf_platte_repetal_attendorn_14-300x200.jpg 300w, https:\/\/stefanierothfotografie.de\/blog\/wp-content\/uploads\/2018\/02\/hochzeitsfotograf_platte_repetal_attendorn_14-768x513.jpg 768w\" sizes=\"auto, (max-width: 1024px) 100vw, 1024px\" \/><\/a> <a class=\"img\" href=\"https:\/\/stefanierothfotografie.de\/blog\/wp-content\/uploads\/2018\/02\/hochzeitsfotograf_platte_repetal_attendorn_15.jpg\"><img loading=\"lazy\" decoding=\"async\" class=\"aligncenter size-full wp-image-2424\" src=\"https:\/\/stefanierothfotografie.de\/blog\/wp-content\/uploads\/2018\/02\/hochzeitsfotograf_platte_repetal_attendorn_15.jpg\" alt=\"\" width=\"1024\" height=\"767\" srcset=\"https:\/\/stefanierothfotografie.de\/blog\/wp-content\/uploads\/2018\/02\/hochzeitsfotograf_platte_repetal_attendorn_15.jpg 1024w, https:\/\/stefanierothfotografie.de\/blog\/wp-content\/uploads\/2018\/02\/hochzeitsfotograf_platte_repetal_attendorn_15-300x225.jpg 300w, https:\/\/stefanierothfotografie.de\/blog\/wp-content\/uploads\/2018\/02\/hochzeitsfotograf_platte_repetal_attendorn_15-768x575.jpg 768w\" sizes=\"auto, (max-width: 1024px) 100vw, 1024px\" \/><\/a> <a class=\"img\" href=\"https:\/\/stefanierothfotografie.de\/blog\/wp-content\/uploads\/2018\/02\/hochzeitsfotograf_platte_repetal_attendorn_16.jpg\"><img loading=\"lazy\" decoding=\"async\" class=\"aligncenter size-full wp-image-2425\" src=\"https:\/\/stefanierothfotografie.de\/blog\/wp-content\/uploads\/2018\/02\/hochzeitsfotograf_platte_repetal_attendorn_16.jpg\" alt=\"\" width=\"1024\" height=\"684\" srcset=\"https:\/\/stefanierothfotografie.de\/blog\/wp-content\/uploads\/2018\/02\/hochzeitsfotograf_platte_repetal_attendorn_16.jpg 1024w, https:\/\/stefanierothfotografie.de\/blog\/wp-content\/uploads\/2018\/02\/hochzeitsfotograf_platte_repetal_attendorn_16-300x200.jpg 300w, https:\/\/stefanierothfotografie.de\/blog\/wp-content\/uploads\/2018\/02\/hochzeitsfotograf_platte_repetal_attendorn_16-768x513.jpg 768w\" sizes=\"auto, (max-width: 1024px) 100vw, 1024px\" \/><\/a> <a class=\"img\" href=\"https:\/\/stefanierothfotografie.de\/blog\/wp-content\/uploads\/2018\/02\/hochzeitsfotograf_platte_repetal_attendorn_17.jpg\"><img loading=\"lazy\" decoding=\"async\" class=\"aligncenter size-full wp-image-2426\" src=\"https:\/\/stefanierothfotografie.de\/blog\/wp-content\/uploads\/2018\/02\/hochzeitsfotograf_platte_repetal_attendorn_17.jpg\" alt=\"\" width=\"1024\" height=\"684\" srcset=\"https:\/\/stefanierothfotografie.de\/blog\/wp-content\/uploads\/2018\/02\/hochzeitsfotograf_platte_repetal_attendorn_17.jpg 1024w, https:\/\/stefanierothfotografie.de\/blog\/wp-content\/uploads\/2018\/02\/hochzeitsfotograf_platte_repetal_attendorn_17-300x200.jpg 300w, https:\/\/stefanierothfotografie.de\/blog\/wp-content\/uploads\/2018\/02\/hochzeitsfotograf_platte_repetal_attendorn_17-768x513.jpg 768w\" sizes=\"auto, (max-width: 1024px) 100vw, 1024px\" \/><\/a> <a class=\"img\" href=\"https:\/\/stefanierothfotografie.de\/blog\/wp-content\/uploads\/2018\/02\/hochzeitsfotograf_platte_repetal_attendorn_18.jpg\"><img loading=\"lazy\" decoding=\"async\" class=\"aligncenter size-full wp-image-2427\" src=\"https:\/\/stefanierothfotografie.de\/blog\/wp-content\/uploads\/2018\/02\/hochzeitsfotograf_platte_repetal_attendorn_18.jpg\" alt=\"\" width=\"1024\" height=\"684\" srcset=\"https:\/\/stefanierothfotografie.de\/blog\/wp-content\/uploads\/2018\/02\/hochzeitsfotograf_platte_repetal_attendorn_18.jpg 1024w, https:\/\/stefanierothfotografie.de\/blog\/wp-content\/uploads\/2018\/02\/hochzeitsfotograf_platte_repetal_attendorn_18-300x200.jpg 300w, https:\/\/stefanierothfotografie.de\/blog\/wp-content\/uploads\/2018\/02\/hochzeitsfotograf_platte_repetal_attendorn_18-768x513.jpg 768w\" sizes=\"auto, (max-width: 1024px) 100vw, 1024px\" \/><\/a> <a class=\"img\" href=\"https:\/\/stefanierothfotografie.de\/blog\/wp-content\/uploads\/2018\/02\/hochzeitsfotograf_platte_repetal_attendorn_19.jpg\"><img loading=\"lazy\" decoding=\"async\" class=\"aligncenter wp-image-2428 size-full\" src=\"https:\/\/stefanierothfotografie.de\/blog\/wp-content\/uploads\/2018\/02\/hochzeitsfotograf_platte_repetal_attendorn_19.jpg\" alt=\"Hochzeitsfotograf Sauerland \u2013 Stefanie Roth\" width=\"1024\" height=\"684\" srcset=\"https:\/\/stefanierothfotografie.de\/blog\/wp-content\/uploads\/2018\/02\/hochzeitsfotograf_platte_repetal_attendorn_19.jpg 1024w, https:\/\/stefanierothfotografie.de\/blog\/wp-content\/uploads\/2018\/02\/hochzeitsfotograf_platte_repetal_attendorn_19-300x200.jpg 300w, https:\/\/stefanierothfotografie.de\/blog\/wp-content\/uploads\/2018\/02\/hochzeitsfotograf_platte_repetal_attendorn_19-768x513.jpg 768w\" sizes=\"auto, (max-width: 1024px) 100vw, 1024px\" \/><\/a> <a class=\"img\" href=\"https:\/\/stefanierothfotografie.de\/blog\/wp-content\/uploads\/2018\/02\/hochzeitsfotograf_platte_repetal_attendorn_20.jpg\"><img loading=\"lazy\" decoding=\"async\" class=\"aligncenter size-full wp-image-2429\" src=\"https:\/\/stefanierothfotografie.de\/blog\/wp-content\/uploads\/2018\/02\/hochzeitsfotograf_platte_repetal_attendorn_20.jpg\" alt=\"\" width=\"1024\" height=\"767\" srcset=\"https:\/\/stefanierothfotografie.de\/blog\/wp-content\/uploads\/2018\/02\/hochzeitsfotograf_platte_repetal_attendorn_20.jpg 1024w, https:\/\/stefanierothfotografie.de\/blog\/wp-content\/uploads\/2018\/02\/hochzeitsfotograf_platte_repetal_attendorn_20-300x225.jpg 300w, https:\/\/stefanierothfotografie.de\/blog\/wp-content\/uploads\/2018\/02\/hochzeitsfotograf_platte_repetal_attendorn_20-768x575.jpg 768w\" sizes=\"auto, (max-width: 1024px) 100vw, 1024px\" \/><\/a> <a class=\"img\" href=\"https:\/\/stefanierothfotografie.de\/blog\/wp-content\/uploads\/2018\/02\/hochzeitsfotograf_platte_repetal_attendorn_21.jpg\"><img loading=\"lazy\" decoding=\"async\" class=\"aligncenter size-full wp-image-2430\" src=\"https:\/\/stefanierothfotografie.de\/blog\/wp-content\/uploads\/2018\/02\/hochzeitsfotograf_platte_repetal_attendorn_21.jpg\" alt=\"\" width=\"1024\" height=\"1535\" srcset=\"https:\/\/stefanierothfotografie.de\/blog\/wp-content\/uploads\/2018\/02\/hochzeitsfotograf_platte_repetal_attendorn_21.jpg 1024w, https:\/\/stefanierothfotografie.de\/blog\/wp-content\/uploads\/2018\/02\/hochzeitsfotograf_platte_repetal_attendorn_21-200x300.jpg 200w, https:\/\/stefanierothfotografie.de\/blog\/wp-content\/uploads\/2018\/02\/hochzeitsfotograf_platte_repetal_attendorn_21-768x1151.jpg 768w, https:\/\/stefanierothfotografie.de\/blog\/wp-content\/uploads\/2018\/02\/hochzeitsfotograf_platte_repetal_attendorn_21-683x1024.jpg 683w\" sizes=\"auto, (max-width: 1024px) 100vw, 1024px\" \/><\/a><\/p>\n<h3>Welches war f\u00fcr Dich der sch\u00f6nste Hochzeitsmoment?<\/h3>\n<p>Es ist schwer sich zu entscheiden, weil alles unbeschreiblich toll war!<\/p>\n<p>Wenn ich l\u00e4nger \u00fcber diesen Tag nachdenke, gibt es zwei besondere f\u00fcr mich Highlights:<\/p>\n<p>W\u00e4hrend ich mich mit meinen M\u00e4dels und meiner Stylistin in unserem Hotelzimmer auf die Trauung vorbereitete, lie\u00df mir mein zuk\u00fcnftiger Ehemann ein Geschenk zukommen mit einer Karte, auf der Bilder aus den vergangen Jahren von uns beiden drauf waren. In der Schmuckschachtel war ein zierliches Armband mit einem Herz. Die Worte auf der Karte haben mich sehr ber\u00fchrt. Er war in diesem Moment nicht bei mir und doch ganz nah!<\/p>\n<p>Als ich meine Freundin Sandra die ersten Zeilen von Bette Middler\u00b4s \u201eThe Rose\u201c singen h\u00f6rte, mein Vater mich zum Traualtar f\u00fchrte und Lars und ich uns zum ersten Mal an diesem Tag sahen \u2013 das war atemberaubend! Ich zitterte, mein Papa zitterte, ich sah Lars gl\u00e4nzende Augen, sein L\u00e4cheln und mir stiegen die Freudentr\u00e4nen in die Augen. Alles war perfekt. Alle waren hierhergekommen f\u00fcr uns, hatten sich von den B\u00e4nken erhoben und ein paar weibliche G\u00e4ste zogen verlegen ihre Taschent\u00fccher. Emotion und Freude pur!<\/p>\n<h3>Habt ihr ein gemeinsames Lied \u2013 was ber\u00fchrt es in Dir?<\/h3>\n<p>\u201eYear Of Summer\u201c von Wildstylez Feat. Niels Geusebroek<\/p>\n<p>Wir verbinden es mit Sommer, Sonne, Liebe und unserer gemeinsamen Leidenschaft f\u00fcr elektronische Musik und Open Air Festivals!<\/p>\n<p>Das Lied war 2012 die Hymne eines Festivals auf dem wir waren. Seitdem begleitet es uns. Unsere Hochzeitss\u00e4ngerin hat es auf unserer Trauung in einer wundersch\u00f6nen Akkustik-Version gesungen w\u00e4hrend wir die Ringe getauscht haben.<\/p>\n<p>Die Liedzeile des Refrains \u201eKeep your heart strong \u2026 &#8218;cause it&#8217;s all that&#8217;s here!\u201c ist je zur H\u00e4lfte in unsere Eheringe eingraviert.<\/p>\n<p>Es bedeutet soviel wie: Bewahre dein starkes Herz, denn das hier ist alles was z\u00e4hlt!<\/p>\n<p>Es passt einfach \ud83d\ude0a<\/p>\n<p><a class=\"img\" href=\"https:\/\/stefanierothfotografie.de\/blog\/wp-content\/uploads\/2018\/02\/hochzeitsfotograf_platte_repetal_attendorn_22.jpg\"><img loading=\"lazy\" decoding=\"async\" class=\"aligncenter size-full wp-image-2431\" src=\"https:\/\/stefanierothfotografie.de\/blog\/wp-content\/uploads\/2018\/02\/hochzeitsfotograf_platte_repetal_attendorn_22.jpg\" alt=\"\" width=\"1024\" height=\"767\" srcset=\"https:\/\/stefanierothfotografie.de\/blog\/wp-content\/uploads\/2018\/02\/hochzeitsfotograf_platte_repetal_attendorn_22.jpg 1024w, https:\/\/stefanierothfotografie.de\/blog\/wp-content\/uploads\/2018\/02\/hochzeitsfotograf_platte_repetal_attendorn_22-300x225.jpg 300w, https:\/\/stefanierothfotografie.de\/blog\/wp-content\/uploads\/2018\/02\/hochzeitsfotograf_platte_repetal_attendorn_22-768x575.jpg 768w\" sizes=\"auto, (max-width: 1024px) 100vw, 1024px\" \/><\/a> <a class=\"img\" href=\"https:\/\/stefanierothfotografie.de\/blog\/wp-content\/uploads\/2018\/02\/hochzeitsfotograf_platte_repetal_attendorn_23.jpg\"><img loading=\"lazy\" decoding=\"async\" class=\"aligncenter size-full wp-image-2432\" src=\"https:\/\/stefanierothfotografie.de\/blog\/wp-content\/uploads\/2018\/02\/hochzeitsfotograf_platte_repetal_attendorn_23.jpg\" alt=\"\" width=\"1024\" height=\"684\" srcset=\"https:\/\/stefanierothfotografie.de\/blog\/wp-content\/uploads\/2018\/02\/hochzeitsfotograf_platte_repetal_attendorn_23.jpg 1024w, https:\/\/stefanierothfotografie.de\/blog\/wp-content\/uploads\/2018\/02\/hochzeitsfotograf_platte_repetal_attendorn_23-300x200.jpg 300w, https:\/\/stefanierothfotografie.de\/blog\/wp-content\/uploads\/2018\/02\/hochzeitsfotograf_platte_repetal_attendorn_23-768x513.jpg 768w\" sizes=\"auto, (max-width: 1024px) 100vw, 1024px\" \/><\/a> <a class=\"img\" href=\"https:\/\/stefanierothfotografie.de\/blog\/wp-content\/uploads\/2018\/02\/hochzeitsfotograf_platte_repetal_attendorn_24.jpg\"><img loading=\"lazy\" decoding=\"async\" class=\"aligncenter size-full wp-image-2433\" src=\"https:\/\/stefanierothfotografie.de\/blog\/wp-content\/uploads\/2018\/02\/hochzeitsfotograf_platte_repetal_attendorn_24.jpg\" alt=\"\" width=\"1024\" height=\"684\" srcset=\"https:\/\/stefanierothfotografie.de\/blog\/wp-content\/uploads\/2018\/02\/hochzeitsfotograf_platte_repetal_attendorn_24.jpg 1024w, https:\/\/stefanierothfotografie.de\/blog\/wp-content\/uploads\/2018\/02\/hochzeitsfotograf_platte_repetal_attendorn_24-300x200.jpg 300w, https:\/\/stefanierothfotografie.de\/blog\/wp-content\/uploads\/2018\/02\/hochzeitsfotograf_platte_repetal_attendorn_24-768x513.jpg 768w\" sizes=\"auto, (max-width: 1024px) 100vw, 1024px\" \/><\/a> <a class=\"img\" href=\"https:\/\/stefanierothfotografie.de\/blog\/wp-content\/uploads\/2018\/02\/hochzeitsfotograf_platte_repetal_attendorn_25.jpg\" title=\"Hochzeitsfotograf Sauerland ? Stefanie Roth\"><img loading=\"lazy\" decoding=\"async\" class=\"aligncenter wp-image-2434 size-full\" src=\"https:\/\/stefanierothfotografie.de\/blog\/wp-content\/uploads\/2018\/02\/hochzeitsfotograf_platte_repetal_attendorn_25.jpg\" title=\"Hochzeitsfotograf Sauerland ? Stefanie Roth\" alt=\"Hochzeitsfotograf Sauerland \u2013 Stefanie Roth\" width=\"1024\" height=\"684\" srcset=\"https:\/\/stefanierothfotografie.de\/blog\/wp-content\/uploads\/2018\/02\/hochzeitsfotograf_platte_repetal_attendorn_25.jpg 1024w, https:\/\/stefanierothfotografie.de\/blog\/wp-content\/uploads\/2018\/02\/hochzeitsfotograf_platte_repetal_attendorn_25-300x200.jpg 300w, https:\/\/stefanierothfotografie.de\/blog\/wp-content\/uploads\/2018\/02\/hochzeitsfotograf_platte_repetal_attendorn_25-768x513.jpg 768w\" sizes=\"auto, (max-width: 1024px) 100vw, 1024px\" \/><\/a> <a class=\"img\" href=\"https:\/\/stefanierothfotografie.de\/blog\/wp-content\/uploads\/2018\/02\/hochzeitsfotograf_platte_repetal_attendorn_26.jpg\"><img loading=\"lazy\" decoding=\"async\" class=\"aligncenter size-full wp-image-2435\" src=\"https:\/\/stefanierothfotografie.de\/blog\/wp-content\/uploads\/2018\/02\/hochzeitsfotograf_platte_repetal_attendorn_26.jpg\" alt=\"\" width=\"1024\" height=\"1535\" srcset=\"https:\/\/stefanierothfotografie.de\/blog\/wp-content\/uploads\/2018\/02\/hochzeitsfotograf_platte_repetal_attendorn_26.jpg 1024w, https:\/\/stefanierothfotografie.de\/blog\/wp-content\/uploads\/2018\/02\/hochzeitsfotograf_platte_repetal_attendorn_26-200x300.jpg 200w, https:\/\/stefanierothfotografie.de\/blog\/wp-content\/uploads\/2018\/02\/hochzeitsfotograf_platte_repetal_attendorn_26-768x1151.jpg 768w, https:\/\/stefanierothfotografie.de\/blog\/wp-content\/uploads\/2018\/02\/hochzeitsfotograf_platte_repetal_attendorn_26-683x1024.jpg 683w\" sizes=\"auto, (max-width: 1024px) 100vw, 1024px\" \/><\/a> <a class=\"img\" href=\"https:\/\/stefanierothfotografie.de\/blog\/wp-content\/uploads\/2018\/02\/hochzeitsfotograf_platte_repetal_attendorn_27.jpg\"><img loading=\"lazy\" decoding=\"async\" class=\"aligncenter size-full wp-image-2436\" src=\"https:\/\/stefanierothfotografie.de\/blog\/wp-content\/uploads\/2018\/02\/hochzeitsfotograf_platte_repetal_attendorn_27.jpg\" alt=\"\" width=\"1024\" height=\"684\" srcset=\"https:\/\/stefanierothfotografie.de\/blog\/wp-content\/uploads\/2018\/02\/hochzeitsfotograf_platte_repetal_attendorn_27.jpg 1024w, https:\/\/stefanierothfotografie.de\/blog\/wp-content\/uploads\/2018\/02\/hochzeitsfotograf_platte_repetal_attendorn_27-300x200.jpg 300w, https:\/\/stefanierothfotografie.de\/blog\/wp-content\/uploads\/2018\/02\/hochzeitsfotograf_platte_repetal_attendorn_27-768x513.jpg 768w\" sizes=\"auto, (max-width: 1024px) 100vw, 1024px\" \/><\/a><\/p>\n<h3>\u00a0Wie stellst Du Dir eure gemeinsame Zukunft vor?<\/h3>\n<p>Lars und ich haben bereits vieles zusammen auf die Beine gestellt. Wir haben uns vor zwei Jahren den Traum vom Eigenheim erf\u00fcllt und wir haben zwei wunderbare Hunde, die unsere \u201ekleine Familie\u201c bereichern. Wir kommen nun gerade von unseren herrlichen Flitterwochen wieder. Die vier Wochen Auszeit und das Reisen durch die USA und die Karibik hat uns beiden unglaublich gut getan.<\/p>\n<p>Wir schmieden bereits Pl\u00e4ne f\u00fcr unsere n\u00e4chsten Reisen \ud83d\ude0a Das ist genau, was ich mir f\u00fcr uns beide W\u00fcnsche: Ich will mit Lars zusammen die Welt entdecken. Das Leben mit ihm genie\u00dfen und mit unseren Hobbys und unseren Freunden wird nie langweilig werden. Ich w\u00fcnsche mir, dass wir gemeinsam alt werden und gesund bleiben!<\/p>\n<p><a class=\"img\" href=\"https:\/\/stefanierothfotografie.de\/blog\/wp-content\/uploads\/2018\/02\/hochzeitsfotograf_platte_repetal_attendorn_28.jpg\"><img loading=\"lazy\" decoding=\"async\" class=\"aligncenter size-full wp-image-2437\" src=\"https:\/\/stefanierothfotografie.de\/blog\/wp-content\/uploads\/2018\/02\/hochzeitsfotograf_platte_repetal_attendorn_28.jpg\" alt=\"\" width=\"1024\" height=\"684\" srcset=\"https:\/\/stefanierothfotografie.de\/blog\/wp-content\/uploads\/2018\/02\/hochzeitsfotograf_platte_repetal_attendorn_28.jpg 1024w, https:\/\/stefanierothfotografie.de\/blog\/wp-content\/uploads\/2018\/02\/hochzeitsfotograf_platte_repetal_attendorn_28-300x200.jpg 300w, https:\/\/stefanierothfotografie.de\/blog\/wp-content\/uploads\/2018\/02\/hochzeitsfotograf_platte_repetal_attendorn_28-768x513.jpg 768w\" sizes=\"auto, (max-width: 1024px) 100vw, 1024px\" \/><\/a> <a class=\"img\" href=\"https:\/\/stefanierothfotografie.de\/blog\/wp-content\/uploads\/2018\/02\/hochzeitsfotograf_platte_repetal_attendorn_29.jpg\"><img loading=\"lazy\" decoding=\"async\" class=\"aligncenter size-full wp-image-2438\" src=\"https:\/\/stefanierothfotografie.de\/blog\/wp-content\/uploads\/2018\/02\/hochzeitsfotograf_platte_repetal_attendorn_29.jpg\" alt=\"\" width=\"1024\" height=\"767\" srcset=\"https:\/\/stefanierothfotografie.de\/blog\/wp-content\/uploads\/2018\/02\/hochzeitsfotograf_platte_repetal_attendorn_29.jpg 1024w, https:\/\/stefanierothfotografie.de\/blog\/wp-content\/uploads\/2018\/02\/hochzeitsfotograf_platte_repetal_attendorn_29-300x225.jpg 300w, https:\/\/stefanierothfotografie.de\/blog\/wp-content\/uploads\/2018\/02\/hochzeitsfotograf_platte_repetal_attendorn_29-768x575.jpg 768w\" sizes=\"auto, (max-width: 1024px) 100vw, 1024px\" \/><\/a> <a class=\"img\" href=\"https:\/\/stefanierothfotografie.de\/blog\/wp-content\/uploads\/2018\/02\/hochzeitsfotograf_platte_repetal_attendorn_30.jpg\"><img loading=\"lazy\" decoding=\"async\" class=\"aligncenter size-full wp-image-2439\" src=\"https:\/\/stefanierothfotografie.de\/blog\/wp-content\/uploads\/2018\/02\/hochzeitsfotograf_platte_repetal_attendorn_30.jpg\" alt=\"\" width=\"1024\" height=\"684\" srcset=\"https:\/\/stefanierothfotografie.de\/blog\/wp-content\/uploads\/2018\/02\/hochzeitsfotograf_platte_repetal_attendorn_30.jpg 1024w, https:\/\/stefanierothfotografie.de\/blog\/wp-content\/uploads\/2018\/02\/hochzeitsfotograf_platte_repetal_attendorn_30-300x200.jpg 300w, https:\/\/stefanierothfotografie.de\/blog\/wp-content\/uploads\/2018\/02\/hochzeitsfotograf_platte_repetal_attendorn_30-768x513.jpg 768w\" sizes=\"auto, (max-width: 1024px) 100vw, 1024px\" \/><\/a> <a class=\"img\" href=\"https:\/\/stefanierothfotografie.de\/blog\/wp-content\/uploads\/2018\/02\/hochzeitsfotograf_platte_repetal_attendorn_31.jpg\"><img loading=\"lazy\" decoding=\"async\" class=\"aligncenter size-full wp-image-2440\" src=\"https:\/\/stefanierothfotografie.de\/blog\/wp-content\/uploads\/2018\/02\/hochzeitsfotograf_platte_repetal_attendorn_31.jpg\" alt=\"\" width=\"1024\" height=\"684\" srcset=\"https:\/\/stefanierothfotografie.de\/blog\/wp-content\/uploads\/2018\/02\/hochzeitsfotograf_platte_repetal_attendorn_31.jpg 1024w, https:\/\/stefanierothfotografie.de\/blog\/wp-content\/uploads\/2018\/02\/hochzeitsfotograf_platte_repetal_attendorn_31-300x200.jpg 300w, https:\/\/stefanierothfotografie.de\/blog\/wp-content\/uploads\/2018\/02\/hochzeitsfotograf_platte_repetal_attendorn_31-768x513.jpg 768w\" sizes=\"auto, (max-width: 1024px) 100vw, 1024px\" \/><\/a> <a class=\"img\" href=\"https:\/\/stefanierothfotografie.de\/blog\/wp-content\/uploads\/2018\/02\/hochzeitsfotograf_platte_repetal_attendorn_32.jpg\"><img loading=\"lazy\" decoding=\"async\" class=\"aligncenter size-full wp-image-2441\" src=\"https:\/\/stefanierothfotografie.de\/blog\/wp-content\/uploads\/2018\/02\/hochzeitsfotograf_platte_repetal_attendorn_32.jpg\" alt=\"\" width=\"1024\" height=\"767\" srcset=\"https:\/\/stefanierothfotografie.de\/blog\/wp-content\/uploads\/2018\/02\/hochzeitsfotograf_platte_repetal_attendorn_32.jpg 1024w, https:\/\/stefanierothfotografie.de\/blog\/wp-content\/uploads\/2018\/02\/hochzeitsfotograf_platte_repetal_attendorn_32-300x225.jpg 300w, https:\/\/stefanierothfotografie.de\/blog\/wp-content\/uploads\/2018\/02\/hochzeitsfotograf_platte_repetal_attendorn_32-768x575.jpg 768w\" sizes=\"auto, (max-width: 1024px) 100vw, 1024px\" \/><\/a> <a class=\"img\" href=\"https:\/\/stefanierothfotografie.de\/blog\/wp-content\/uploads\/2018\/02\/hochzeitsfotograf_platte_repetal_attendorn_33.jpg\"><img loading=\"lazy\" decoding=\"async\" class=\"aligncenter size-full wp-image-2442\" src=\"https:\/\/stefanierothfotografie.de\/blog\/wp-content\/uploads\/2018\/02\/hochzeitsfotograf_platte_repetal_attendorn_33.jpg\" alt=\"\" width=\"1024\" height=\"684\" srcset=\"https:\/\/stefanierothfotografie.de\/blog\/wp-content\/uploads\/2018\/02\/hochzeitsfotograf_platte_repetal_attendorn_33.jpg 1024w, https:\/\/stefanierothfotografie.de\/blog\/wp-content\/uploads\/2018\/02\/hochzeitsfotograf_platte_repetal_attendorn_33-300x200.jpg 300w, https:\/\/stefanierothfotografie.de\/blog\/wp-content\/uploads\/2018\/02\/hochzeitsfotograf_platte_repetal_attendorn_33-768x513.jpg 768w\" sizes=\"auto, (max-width: 1024px) 100vw, 1024px\" \/><\/a> <a class=\"img\" href=\"https:\/\/stefanierothfotografie.de\/blog\/wp-content\/uploads\/2018\/02\/hochzeitsfotograf_platte_repetal_attendorn_34.jpg\"><img loading=\"lazy\" decoding=\"async\" class=\"aligncenter size-full wp-image-2443\" src=\"https:\/\/stefanierothfotografie.de\/blog\/wp-content\/uploads\/2018\/02\/hochzeitsfotograf_platte_repetal_attendorn_34.jpg\" alt=\"\" width=\"1024\" height=\"767\" srcset=\"https:\/\/stefanierothfotografie.de\/blog\/wp-content\/uploads\/2018\/02\/hochzeitsfotograf_platte_repetal_attendorn_34.jpg 1024w, https:\/\/stefanierothfotografie.de\/blog\/wp-content\/uploads\/2018\/02\/hochzeitsfotograf_platte_repetal_attendorn_34-300x225.jpg 300w, https:\/\/stefanierothfotografie.de\/blog\/wp-content\/uploads\/2018\/02\/hochzeitsfotograf_platte_repetal_attendorn_34-768x575.jpg 768w\" sizes=\"auto, (max-width: 1024px) 100vw, 1024px\" \/><\/a> <a class=\"img\" href=\"https:\/\/stefanierothfotografie.de\/blog\/wp-content\/uploads\/2018\/02\/hochzeitsfotograf_platte_repetal_attendorn_35.jpg\"><img loading=\"lazy\" decoding=\"async\" class=\"aligncenter size-full wp-image-2444\" src=\"https:\/\/stefanierothfotografie.de\/blog\/wp-content\/uploads\/2018\/02\/hochzeitsfotograf_platte_repetal_attendorn_35.jpg\" alt=\"\" width=\"1024\" height=\"684\" srcset=\"https:\/\/stefanierothfotografie.de\/blog\/wp-content\/uploads\/2018\/02\/hochzeitsfotograf_platte_repetal_attendorn_35.jpg 1024w, https:\/\/stefanierothfotografie.de\/blog\/wp-content\/uploads\/2018\/02\/hochzeitsfotograf_platte_repetal_attendorn_35-300x200.jpg 300w, https:\/\/stefanierothfotografie.de\/blog\/wp-content\/uploads\/2018\/02\/hochzeitsfotograf_platte_repetal_attendorn_35-768x513.jpg 768w\" sizes=\"auto, (max-width: 1024px) 100vw, 1024px\" \/><\/a> <a class=\"img\" href=\"https:\/\/stefanierothfotografie.de\/blog\/wp-content\/uploads\/2018\/02\/hochzeitsfotograf_platte_repetal_attendorn_36.jpg\"><img loading=\"lazy\" decoding=\"async\" class=\"aligncenter size-full wp-image-2445\" src=\"https:\/\/stefanierothfotografie.de\/blog\/wp-content\/uploads\/2018\/02\/hochzeitsfotograf_platte_repetal_attendorn_36.jpg\" alt=\"\" width=\"1024\" height=\"684\" srcset=\"https:\/\/stefanierothfotografie.de\/blog\/wp-content\/uploads\/2018\/02\/hochzeitsfotograf_platte_repetal_attendorn_36.jpg 1024w, https:\/\/stefanierothfotografie.de\/blog\/wp-content\/uploads\/2018\/02\/hochzeitsfotograf_platte_repetal_attendorn_36-300x200.jpg 300w, https:\/\/stefanierothfotografie.de\/blog\/wp-content\/uploads\/2018\/02\/hochzeitsfotograf_platte_repetal_attendorn_36-768x513.jpg 768w\" sizes=\"auto, (max-width: 1024px) 100vw, 1024px\" \/><\/a> <a class=\"img\" href=\"https:\/\/stefanierothfotografie.de\/blog\/wp-content\/uploads\/2018\/02\/hochzeitsfotograf_platte_repetal_attendorn_37.jpg\"><img loading=\"lazy\" decoding=\"async\" class=\"aligncenter size-full wp-image-2446\" src=\"https:\/\/stefanierothfotografie.de\/blog\/wp-content\/uploads\/2018\/02\/hochzeitsfotograf_platte_repetal_attendorn_37.jpg\" alt=\"\" width=\"1024\" height=\"684\" srcset=\"https:\/\/stefanierothfotografie.de\/blog\/wp-content\/uploads\/2018\/02\/hochzeitsfotograf_platte_repetal_attendorn_37.jpg 1024w, https:\/\/stefanierothfotografie.de\/blog\/wp-content\/uploads\/2018\/02\/hochzeitsfotograf_platte_repetal_attendorn_37-300x200.jpg 300w, https:\/\/stefanierothfotografie.de\/blog\/wp-content\/uploads\/2018\/02\/hochzeitsfotograf_platte_repetal_attendorn_37-768x513.jpg 768w\" sizes=\"auto, (max-width: 1024px) 100vw, 1024px\" \/><\/a><\/p>\n<h2><strong>Heiraten im Sauerland &#8211; eine freie Trauung in Attendorn<\/strong><\/h2>\n<h3>Beschreibe Eure Hochzeitslocation.<\/h3>\n<p>L\u00e4ndlich, etwas abgeschieden und dennoch wirklich schick mit vielen M\u00f6glichkeiten zum Feiern sowohl drinnen als auch drau\u00dfen.<\/p>\n<p>Wir hatten nach einer Location gesucht, die uns die M\u00f6glichkeit bot drau\u00dfen in einer freien Trauung zu heiraten. Die aber auch einen \u201ePlan B\u201c f\u00fcr schlechtes Wetter bot. Eine Location, bei dir wir alles unter einem Dach hatten und die genug \u00dcbernachtungsm\u00f6glichkeiten f\u00fcr unsere G\u00e4ste bot. Einige G\u00e4ste waren schon freitags angereist. Am Morgen nach der Hochzeit fr\u00fchst\u00fcckten wir noch Mal gemeinsam mit rund 50 G\u00e4sten und konnten unser Hochzeitswochenende perfekt ausklingen lassen.<\/p>\n<p>Der Service und das Essen waren w\u00e4hrend des gesamten Wochenendes super!<\/p>\n<p><a class=\"img\" href=\"https:\/\/stefanierothfotografie.de\/blog\/wp-content\/uploads\/2018\/02\/hochzeitsfotograf_platte_repetal_attendorn_38.jpg\"><img loading=\"lazy\" decoding=\"async\" class=\"aligncenter size-full wp-image-2447\" src=\"https:\/\/stefanierothfotografie.de\/blog\/wp-content\/uploads\/2018\/02\/hochzeitsfotograf_platte_repetal_attendorn_38.jpg\" alt=\"\" width=\"1024\" height=\"767\" srcset=\"https:\/\/stefanierothfotografie.de\/blog\/wp-content\/uploads\/2018\/02\/hochzeitsfotograf_platte_repetal_attendorn_38.jpg 1024w, https:\/\/stefanierothfotografie.de\/blog\/wp-content\/uploads\/2018\/02\/hochzeitsfotograf_platte_repetal_attendorn_38-300x225.jpg 300w, https:\/\/stefanierothfotografie.de\/blog\/wp-content\/uploads\/2018\/02\/hochzeitsfotograf_platte_repetal_attendorn_38-768x575.jpg 768w\" sizes=\"auto, (max-width: 1024px) 100vw, 1024px\" \/><\/a> <a class=\"img\" href=\"https:\/\/stefanierothfotografie.de\/blog\/wp-content\/uploads\/2018\/02\/hochzeitsfotograf_platte_repetal_attendorn_39.jpg\"><img loading=\"lazy\" decoding=\"async\" class=\"aligncenter size-full wp-image-2448\" src=\"https:\/\/stefanierothfotografie.de\/blog\/wp-content\/uploads\/2018\/02\/hochzeitsfotograf_platte_repetal_attendorn_39.jpg\" alt=\"\" width=\"1024\" height=\"684\" srcset=\"https:\/\/stefanierothfotografie.de\/blog\/wp-content\/uploads\/2018\/02\/hochzeitsfotograf_platte_repetal_attendorn_39.jpg 1024w, https:\/\/stefanierothfotografie.de\/blog\/wp-content\/uploads\/2018\/02\/hochzeitsfotograf_platte_repetal_attendorn_39-300x200.jpg 300w, https:\/\/stefanierothfotografie.de\/blog\/wp-content\/uploads\/2018\/02\/hochzeitsfotograf_platte_repetal_attendorn_39-768x513.jpg 768w\" sizes=\"auto, (max-width: 1024px) 100vw, 1024px\" \/><\/a> <a class=\"img\" href=\"https:\/\/stefanierothfotografie.de\/blog\/wp-content\/uploads\/2018\/02\/hochzeitsfotograf_platte_repetal_attendorn_40.jpg\"><img loading=\"lazy\" decoding=\"async\" class=\"aligncenter size-full wp-image-2449\" src=\"https:\/\/stefanierothfotografie.de\/blog\/wp-content\/uploads\/2018\/02\/hochzeitsfotograf_platte_repetal_attendorn_40.jpg\" alt=\"\" width=\"1024\" height=\"684\" srcset=\"https:\/\/stefanierothfotografie.de\/blog\/wp-content\/uploads\/2018\/02\/hochzeitsfotograf_platte_repetal_attendorn_40.jpg 1024w, https:\/\/stefanierothfotografie.de\/blog\/wp-content\/uploads\/2018\/02\/hochzeitsfotograf_platte_repetal_attendorn_40-300x200.jpg 300w, https:\/\/stefanierothfotografie.de\/blog\/wp-content\/uploads\/2018\/02\/hochzeitsfotograf_platte_repetal_attendorn_40-768x513.jpg 768w\" sizes=\"auto, (max-width: 1024px) 100vw, 1024px\" \/><\/a> <a class=\"img\" href=\"https:\/\/stefanierothfotografie.de\/blog\/wp-content\/uploads\/2018\/02\/hochzeitsfotograf_platte_repetal_attendorn_41.jpg\"><img loading=\"lazy\" decoding=\"async\" class=\"aligncenter size-full wp-image-2450\" src=\"https:\/\/stefanierothfotografie.de\/blog\/wp-content\/uploads\/2018\/02\/hochzeitsfotograf_platte_repetal_attendorn_41.jpg\" alt=\"\" width=\"1024\" height=\"767\" srcset=\"https:\/\/stefanierothfotografie.de\/blog\/wp-content\/uploads\/2018\/02\/hochzeitsfotograf_platte_repetal_attendorn_41.jpg 1024w, https:\/\/stefanierothfotografie.de\/blog\/wp-content\/uploads\/2018\/02\/hochzeitsfotograf_platte_repetal_attendorn_41-300x225.jpg 300w, https:\/\/stefanierothfotografie.de\/blog\/wp-content\/uploads\/2018\/02\/hochzeitsfotograf_platte_repetal_attendorn_41-768x575.jpg 768w\" sizes=\"auto, (max-width: 1024px) 100vw, 1024px\" \/><\/a> <a class=\"img\" href=\"https:\/\/stefanierothfotografie.de\/blog\/wp-content\/uploads\/2018\/02\/hochzeitsfotograf_platte_repetal_attendorn_42.jpg\"><img loading=\"lazy\" decoding=\"async\" class=\"aligncenter size-full wp-image-2451\" src=\"https:\/\/stefanierothfotografie.de\/blog\/wp-content\/uploads\/2018\/02\/hochzeitsfotograf_platte_repetal_attendorn_42.jpg\" alt=\"\" width=\"1024\" height=\"684\" srcset=\"https:\/\/stefanierothfotografie.de\/blog\/wp-content\/uploads\/2018\/02\/hochzeitsfotograf_platte_repetal_attendorn_42.jpg 1024w, https:\/\/stefanierothfotografie.de\/blog\/wp-content\/uploads\/2018\/02\/hochzeitsfotograf_platte_repetal_attendorn_42-300x200.jpg 300w, https:\/\/stefanierothfotografie.de\/blog\/wp-content\/uploads\/2018\/02\/hochzeitsfotograf_platte_repetal_attendorn_42-768x513.jpg 768w\" sizes=\"auto, (max-width: 1024px) 100vw, 1024px\" \/><\/a> <a class=\"img\" href=\"https:\/\/stefanierothfotografie.de\/blog\/wp-content\/uploads\/2018\/02\/hochzeitsfotograf_platte_repetal_attendorn_43.jpg\"><img loading=\"lazy\" decoding=\"async\" class=\"aligncenter size-full wp-image-2452\" src=\"https:\/\/stefanierothfotografie.de\/blog\/wp-content\/uploads\/2018\/02\/hochzeitsfotograf_platte_repetal_attendorn_43.jpg\" alt=\"\" width=\"1024\" height=\"684\" srcset=\"https:\/\/stefanierothfotografie.de\/blog\/wp-content\/uploads\/2018\/02\/hochzeitsfotograf_platte_repetal_attendorn_43.jpg 1024w, https:\/\/stefanierothfotografie.de\/blog\/wp-content\/uploads\/2018\/02\/hochzeitsfotograf_platte_repetal_attendorn_43-300x200.jpg 300w, https:\/\/stefanierothfotografie.de\/blog\/wp-content\/uploads\/2018\/02\/hochzeitsfotograf_platte_repetal_attendorn_43-768x513.jpg 768w\" sizes=\"auto, (max-width: 1024px) 100vw, 1024px\" \/><\/a> <a class=\"img\" href=\"https:\/\/stefanierothfotografie.de\/blog\/wp-content\/uploads\/2018\/02\/hochzeitsfotograf_platte_repetal_attendorn_44.jpg\"><img loading=\"lazy\" decoding=\"async\" class=\"aligncenter size-full wp-image-2453\" src=\"https:\/\/stefanierothfotografie.de\/blog\/wp-content\/uploads\/2018\/02\/hochzeitsfotograf_platte_repetal_attendorn_44.jpg\" alt=\"\" width=\"1024\" height=\"684\" srcset=\"https:\/\/stefanierothfotografie.de\/blog\/wp-content\/uploads\/2018\/02\/hochzeitsfotograf_platte_repetal_attendorn_44.jpg 1024w, https:\/\/stefanierothfotografie.de\/blog\/wp-content\/uploads\/2018\/02\/hochzeitsfotograf_platte_repetal_attendorn_44-300x200.jpg 300w, https:\/\/stefanierothfotografie.de\/blog\/wp-content\/uploads\/2018\/02\/hochzeitsfotograf_platte_repetal_attendorn_44-768x513.jpg 768w\" sizes=\"auto, (max-width: 1024px) 100vw, 1024px\" \/><\/a> <a class=\"img\" href=\"https:\/\/stefanierothfotografie.de\/blog\/wp-content\/uploads\/2018\/02\/hochzeitsfotograf_platte_repetal_attendorn_46.jpg\"><img loading=\"lazy\" decoding=\"async\" class=\"aligncenter size-full wp-image-2455\" src=\"https:\/\/stefanierothfotografie.de\/blog\/wp-content\/uploads\/2018\/02\/hochzeitsfotograf_platte_repetal_attendorn_46.jpg\" alt=\"\" width=\"1024\" height=\"684\" srcset=\"https:\/\/stefanierothfotografie.de\/blog\/wp-content\/uploads\/2018\/02\/hochzeitsfotograf_platte_repetal_attendorn_46.jpg 1024w, https:\/\/stefanierothfotografie.de\/blog\/wp-content\/uploads\/2018\/02\/hochzeitsfotograf_platte_repetal_attendorn_46-300x200.jpg 300w, https:\/\/stefanierothfotografie.de\/blog\/wp-content\/uploads\/2018\/02\/hochzeitsfotograf_platte_repetal_attendorn_46-768x513.jpg 768w\" sizes=\"auto, (max-width: 1024px) 100vw, 1024px\" \/><\/a> <a class=\"img\" href=\"https:\/\/stefanierothfotografie.de\/blog\/wp-content\/uploads\/2018\/02\/hochzeitsfotograf_platte_repetal_attendorn_47.jpg\"><img loading=\"lazy\" decoding=\"async\" class=\"aligncenter size-full wp-image-2456\" src=\"https:\/\/stefanierothfotografie.de\/blog\/wp-content\/uploads\/2018\/02\/hochzeitsfotograf_platte_repetal_attendorn_47.jpg\" alt=\"\" width=\"1024\" height=\"684\" srcset=\"https:\/\/stefanierothfotografie.de\/blog\/wp-content\/uploads\/2018\/02\/hochzeitsfotograf_platte_repetal_attendorn_47.jpg 1024w, https:\/\/stefanierothfotografie.de\/blog\/wp-content\/uploads\/2018\/02\/hochzeitsfotograf_platte_repetal_attendorn_47-300x200.jpg 300w, https:\/\/stefanierothfotografie.de\/blog\/wp-content\/uploads\/2018\/02\/hochzeitsfotograf_platte_repetal_attendorn_47-768x513.jpg 768w\" sizes=\"auto, (max-width: 1024px) 100vw, 1024px\" \/><\/a><\/p>\n<h3>Eure Hochzeit war wundervoll. Was hat Eure Hochzeit f\u00fcr Dich zu einer echten Traumhochzeit gemacht?<\/h3>\n<p>Eine der besten Entscheidungen war es, bereits freitags mit den Feierlichkeiten zu beginnen und sie erst sonntags mit einem gemeinsamen Fr\u00fchst\u00fcck zu beenden. Der gro\u00dfe Tag geht sowieso viel zu schnell vorbei und so hatten wir einfach \u201emehr\u201c davon \u2013 mehr Zeit f\u00fcr uns und unsere G\u00e4ste!<\/p>\n<p>Unser Traum war es drau\u00dfen zu heiraten und unsere beiden Hunde dabei zu haben, auch wenn die Trauung letztendlich wegen des regnerischen Wetters die Tage zuvor <em>neben<\/em> statt <em>unter<\/em> dem Apfelbaum gehalten wurde. \ud83d\ude09<\/p>\n<p>Es hat mich sehr gl\u00fccklich gemacht, dass alle so gute Laune hatten. Auf den Fotos wird so viel und vor allem auch herzlich gelacht!<\/p>\n<p>Mich hat es sehr ber\u00fchrt, wie Freunde und Familie insbesondere die letzten Tage und Wochen vor der Hochzeit mit uns mit gefiebert, gebastelt und organisiert haben. Das hat die Vorfreude \u2013 die wie ich finde genauso dazu geh\u00f6rt wie die Hochzeit selbst \u2013 immens gesteigert.<\/p>\n<h3>Planung ist das A und O. Hast du einen Tipp f\u00fcr zuk\u00fcnftige Stefanie Roth Br\u00e4ute?<\/h3>\n<p>Ich habe von Anfang meine beiden Trauzeuginnen und meine Mutter mit in die Organisation einbezogen. Meine beiden M\u00e4dels wussten von Anfang an wie wir uns unseren Hochzeitstag vorstellen. Sie haben mich unterst\u00fctzt, wo immer es ging ohne in meine Vorstellungen einzugreifen! Tausend Dank daf\u00fcr!<\/p>\n<p>Daher mein erster Tipp: Wer Details liebt, gro\u00df feiern und viel selber machen m\u00f6chte braucht Hilfe!<\/p>\n<p>Geld spielt bei der Hochzeit eine gro\u00dfe Rolle. Gebt das Geld an dem Tag f\u00fcr das aus, was euch wirklich wichtig ist! Bei uns waren es unsere Outfits, die Musik und die Fotos.<\/p>\n<p>Spart nicht an ein paar Euros, wenn eine Dienstleistung oder ein Accessoir genau so ist wie ihr euch das vorgestellt. Greift auf gute Dienstleister zur\u00fcck, die ihr Handwerk verstehen und euch am Hochzeitstag nicht entt\u00e4uschen.<\/p>\n<p><a class=\"img\" href=\"https:\/\/stefanierothfotografie.de\/blog\/wp-content\/uploads\/2018\/02\/hochzeitsfotograf_platte_repetal_attendorn_48.jpg\"><img loading=\"lazy\" decoding=\"async\" class=\"aligncenter size-full wp-image-2457\" src=\"https:\/\/stefanierothfotografie.de\/blog\/wp-content\/uploads\/2018\/02\/hochzeitsfotograf_platte_repetal_attendorn_48.jpg\" alt=\"\" width=\"1024\" height=\"684\" srcset=\"https:\/\/stefanierothfotografie.de\/blog\/wp-content\/uploads\/2018\/02\/hochzeitsfotograf_platte_repetal_attendorn_48.jpg 1024w, https:\/\/stefanierothfotografie.de\/blog\/wp-content\/uploads\/2018\/02\/hochzeitsfotograf_platte_repetal_attendorn_48-300x200.jpg 300w, https:\/\/stefanierothfotografie.de\/blog\/wp-content\/uploads\/2018\/02\/hochzeitsfotograf_platte_repetal_attendorn_48-768x513.jpg 768w\" sizes=\"auto, (max-width: 1024px) 100vw, 1024px\" \/><\/a><a class=\"img\" href=\"https:\/\/stefanierothfotografie.de\/blog\/wp-content\/uploads\/2018\/02\/hochzeitsfotograf_platte_repetal_attendorn_60.jpg\"><img loading=\"lazy\" decoding=\"async\" class=\"aligncenter size-full wp-image-2496\" src=\"https:\/\/stefanierothfotografie.de\/blog\/wp-content\/uploads\/2018\/02\/hochzeitsfotograf_platte_repetal_attendorn_60.jpg\" alt=\"\" width=\"1024\" height=\"684\" srcset=\"https:\/\/stefanierothfotografie.de\/blog\/wp-content\/uploads\/2018\/02\/hochzeitsfotograf_platte_repetal_attendorn_60.jpg 1024w, https:\/\/stefanierothfotografie.de\/blog\/wp-content\/uploads\/2018\/02\/hochzeitsfotograf_platte_repetal_attendorn_60-300x200.jpg 300w, https:\/\/stefanierothfotografie.de\/blog\/wp-content\/uploads\/2018\/02\/hochzeitsfotograf_platte_repetal_attendorn_60-768x513.jpg 768w\" sizes=\"auto, (max-width: 1024px) 100vw, 1024px\" \/><\/a> <a class=\"img\" href=\"https:\/\/stefanierothfotografie.de\/blog\/wp-content\/uploads\/2018\/02\/hochzeitsfotograf_platte_repetal_attendorn_49.jpg\"><img loading=\"lazy\" decoding=\"async\" class=\"aligncenter size-full wp-image-2458\" src=\"https:\/\/stefanierothfotografie.de\/blog\/wp-content\/uploads\/2018\/02\/hochzeitsfotograf_platte_repetal_attendorn_49.jpg\" alt=\"\" width=\"1024\" height=\"684\" srcset=\"https:\/\/stefanierothfotografie.de\/blog\/wp-content\/uploads\/2018\/02\/hochzeitsfotograf_platte_repetal_attendorn_49.jpg 1024w, https:\/\/stefanierothfotografie.de\/blog\/wp-content\/uploads\/2018\/02\/hochzeitsfotograf_platte_repetal_attendorn_49-300x200.jpg 300w, https:\/\/stefanierothfotografie.de\/blog\/wp-content\/uploads\/2018\/02\/hochzeitsfotograf_platte_repetal_attendorn_49-768x513.jpg 768w\" sizes=\"auto, (max-width: 1024px) 100vw, 1024px\" \/><\/a> <a class=\"img\" href=\"https:\/\/stefanierothfotografie.de\/blog\/wp-content\/uploads\/2018\/02\/hochzeitsfotograf_platte_repetal_attendorn_50.jpg\"><img loading=\"lazy\" decoding=\"async\" class=\"aligncenter size-full wp-image-2459\" src=\"https:\/\/stefanierothfotografie.de\/blog\/wp-content\/uploads\/2018\/02\/hochzeitsfotograf_platte_repetal_attendorn_50.jpg\" alt=\"\" width=\"1024\" height=\"767\" srcset=\"https:\/\/stefanierothfotografie.de\/blog\/wp-content\/uploads\/2018\/02\/hochzeitsfotograf_platte_repetal_attendorn_50.jpg 1024w, https:\/\/stefanierothfotografie.de\/blog\/wp-content\/uploads\/2018\/02\/hochzeitsfotograf_platte_repetal_attendorn_50-300x225.jpg 300w, https:\/\/stefanierothfotografie.de\/blog\/wp-content\/uploads\/2018\/02\/hochzeitsfotograf_platte_repetal_attendorn_50-768x575.jpg 768w\" sizes=\"auto, (max-width: 1024px) 100vw, 1024px\" \/><\/a> <a class=\"img\" href=\"https:\/\/stefanierothfotografie.de\/blog\/wp-content\/uploads\/2018\/02\/hochzeitsfotograf_platte_repetal_attendorn_51.jpg\"><img loading=\"lazy\" decoding=\"async\" class=\"aligncenter size-full wp-image-2460\" src=\"https:\/\/stefanierothfotografie.de\/blog\/wp-content\/uploads\/2018\/02\/hochzeitsfotograf_platte_repetal_attendorn_51.jpg\" alt=\"\" width=\"1024\" height=\"684\" srcset=\"https:\/\/stefanierothfotografie.de\/blog\/wp-content\/uploads\/2018\/02\/hochzeitsfotograf_platte_repetal_attendorn_51.jpg 1024w, https:\/\/stefanierothfotografie.de\/blog\/wp-content\/uploads\/2018\/02\/hochzeitsfotograf_platte_repetal_attendorn_51-300x200.jpg 300w, https:\/\/stefanierothfotografie.de\/blog\/wp-content\/uploads\/2018\/02\/hochzeitsfotograf_platte_repetal_attendorn_51-768x513.jpg 768w\" sizes=\"auto, (max-width: 1024px) 100vw, 1024px\" \/><\/a> <a class=\"img\" href=\"https:\/\/stefanierothfotografie.de\/blog\/wp-content\/uploads\/2018\/02\/hochzeitsfotograf_platte_repetal_attendorn_52.jpg\"><img loading=\"lazy\" decoding=\"async\" class=\"aligncenter size-full wp-image-2461\" src=\"https:\/\/stefanierothfotografie.de\/blog\/wp-content\/uploads\/2018\/02\/hochzeitsfotograf_platte_repetal_attendorn_52.jpg\" alt=\"\" width=\"1024\" height=\"684\" srcset=\"https:\/\/stefanierothfotografie.de\/blog\/wp-content\/uploads\/2018\/02\/hochzeitsfotograf_platte_repetal_attendorn_52.jpg 1024w, https:\/\/stefanierothfotografie.de\/blog\/wp-content\/uploads\/2018\/02\/hochzeitsfotograf_platte_repetal_attendorn_52-300x200.jpg 300w, https:\/\/stefanierothfotografie.de\/blog\/wp-content\/uploads\/2018\/02\/hochzeitsfotograf_platte_repetal_attendorn_52-768x513.jpg 768w\" sizes=\"auto, (max-width: 1024px) 100vw, 1024px\" \/><\/a> <a class=\"img\" href=\"https:\/\/stefanierothfotografie.de\/blog\/wp-content\/uploads\/2018\/02\/hochzeitsfotograf_platte_repetal_attendorn_53.jpg\"><img loading=\"lazy\" decoding=\"async\" class=\"aligncenter size-full wp-image-2462\" src=\"https:\/\/stefanierothfotografie.de\/blog\/wp-content\/uploads\/2018\/02\/hochzeitsfotograf_platte_repetal_attendorn_53.jpg\" alt=\"\" width=\"1024\" height=\"767\" srcset=\"https:\/\/stefanierothfotografie.de\/blog\/wp-content\/uploads\/2018\/02\/hochzeitsfotograf_platte_repetal_attendorn_53.jpg 1024w, https:\/\/stefanierothfotografie.de\/blog\/wp-content\/uploads\/2018\/02\/hochzeitsfotograf_platte_repetal_attendorn_53-300x225.jpg 300w, https:\/\/stefanierothfotografie.de\/blog\/wp-content\/uploads\/2018\/02\/hochzeitsfotograf_platte_repetal_attendorn_53-768x575.jpg 768w\" sizes=\"auto, (max-width: 1024px) 100vw, 1024px\" \/><\/a> <a class=\"img\" href=\"https:\/\/stefanierothfotografie.de\/blog\/wp-content\/uploads\/2018\/02\/hochzeitsfotograf_platte_repetal_attendorn_54.jpg\"><img loading=\"lazy\" decoding=\"async\" class=\"aligncenter size-full wp-image-2463\" src=\"https:\/\/stefanierothfotografie.de\/blog\/wp-content\/uploads\/2018\/02\/hochzeitsfotograf_platte_repetal_attendorn_54.jpg\" alt=\"\" width=\"1024\" height=\"684\" srcset=\"https:\/\/stefanierothfotografie.de\/blog\/wp-content\/uploads\/2018\/02\/hochzeitsfotograf_platte_repetal_attendorn_54.jpg 1024w, https:\/\/stefanierothfotografie.de\/blog\/wp-content\/uploads\/2018\/02\/hochzeitsfotograf_platte_repetal_attendorn_54-300x200.jpg 300w, https:\/\/stefanierothfotografie.de\/blog\/wp-content\/uploads\/2018\/02\/hochzeitsfotograf_platte_repetal_attendorn_54-768x513.jpg 768w\" sizes=\"auto, (max-width: 1024px) 100vw, 1024px\" \/><\/a><\/p>\n<h3>Wie empfandet ihr den Tag mit mir als Fotografin?<\/h3>\n<p>Deine Fotos von unserer Hochzeit sprechen B\u00e4nde. Die Aufnahmen sind unglaublich nat\u00fcrlich und es sind so viele wunderbare Schnappsch\u00fcsse dabei.<\/p>\n<p>Unsere G\u00e4ste haben dich nicht bemerkt, sie haben sich nicht verstellt und einige fragten doch tats\u00e4chlich, ob du nur w\u00e4hrend der Trauung da gewesen bist.<\/p>\n<p>Unser Paarshooting war locker, du hast unsere Hunde wie von uns gew\u00fcnscht integriert und es hat nicht lange gedauert. Einige G\u00e4ste haben gar nicht bemerkt, dass wir kurz verschwunden waren. Perfekt!<\/p>\n<p>Du warst an dem Tag unsere Fotografin \u2013 aber auch irgendwie unsere Vertraute und unser Gast! Die Chemie hat gestimmt und das ist unbezahlbar.<\/p>\n<h3>Habt ihr ein Lieblingsfoto?<\/h3>\n<p>Nein, sie sind alle wunderbar. Jedes auf seine Weise!<\/p>\n<p><a class=\"img\" href=\"https:\/\/stefanierothfotografie.de\/blog\/wp-content\/uploads\/2018\/02\/hochzeitsfotograf_platte_repetal_attendorn_55.jpg\"><img loading=\"lazy\" decoding=\"async\" class=\"aligncenter size-full wp-image-2464\" src=\"https:\/\/stefanierothfotografie.de\/blog\/wp-content\/uploads\/2018\/02\/hochzeitsfotograf_platte_repetal_attendorn_55.jpg\" alt=\"\" width=\"1024\" height=\"767\" srcset=\"https:\/\/stefanierothfotografie.de\/blog\/wp-content\/uploads\/2018\/02\/hochzeitsfotograf_platte_repetal_attendorn_55.jpg 1024w, https:\/\/stefanierothfotografie.de\/blog\/wp-content\/uploads\/2018\/02\/hochzeitsfotograf_platte_repetal_attendorn_55-300x225.jpg 300w, https:\/\/stefanierothfotografie.de\/blog\/wp-content\/uploads\/2018\/02\/hochzeitsfotograf_platte_repetal_attendorn_55-768x575.jpg 768w\" sizes=\"auto, (max-width: 1024px) 100vw, 1024px\" \/><\/a> <a class=\"img\" href=\"https:\/\/stefanierothfotografie.de\/blog\/wp-content\/uploads\/2018\/02\/hochzeitsfotograf_platte_repetal_attendorn_56.jpg\"><img loading=\"lazy\" decoding=\"async\" class=\"aligncenter size-full wp-image-2465\" src=\"https:\/\/stefanierothfotografie.de\/blog\/wp-content\/uploads\/2018\/02\/hochzeitsfotograf_platte_repetal_attendorn_56.jpg\" alt=\"\" width=\"1024\" height=\"684\" srcset=\"https:\/\/stefanierothfotografie.de\/blog\/wp-content\/uploads\/2018\/02\/hochzeitsfotograf_platte_repetal_attendorn_56.jpg 1024w, https:\/\/stefanierothfotografie.de\/blog\/wp-content\/uploads\/2018\/02\/hochzeitsfotograf_platte_repetal_attendorn_56-300x200.jpg 300w, https:\/\/stefanierothfotografie.de\/blog\/wp-content\/uploads\/2018\/02\/hochzeitsfotograf_platte_repetal_attendorn_56-768x513.jpg 768w\" sizes=\"auto, (max-width: 1024px) 100vw, 1024px\" \/><\/a> <a class=\"img\" href=\"https:\/\/stefanierothfotografie.de\/blog\/wp-content\/uploads\/2018\/02\/hochzeitsfotograf_platte_repetal_attendorn_57.jpg\"><img loading=\"lazy\" decoding=\"async\" class=\"aligncenter size-full wp-image-2466\" src=\"https:\/\/stefanierothfotografie.de\/blog\/wp-content\/uploads\/2018\/02\/hochzeitsfotograf_platte_repetal_attendorn_57.jpg\" alt=\"\" width=\"1024\" height=\"684\" srcset=\"https:\/\/stefanierothfotografie.de\/blog\/wp-content\/uploads\/2018\/02\/hochzeitsfotograf_platte_repetal_attendorn_57.jpg 1024w, https:\/\/stefanierothfotografie.de\/blog\/wp-content\/uploads\/2018\/02\/hochzeitsfotograf_platte_repetal_attendorn_57-300x200.jpg 300w, https:\/\/stefanierothfotografie.de\/blog\/wp-content\/uploads\/2018\/02\/hochzeitsfotograf_platte_repetal_attendorn_57-768x513.jpg 768w\" sizes=\"auto, (max-width: 1024px) 100vw, 1024px\" \/><\/a> <a class=\"img\" href=\"https:\/\/stefanierothfotografie.de\/blog\/wp-content\/uploads\/2018\/02\/hochzeitsfotograf_platte_repetal_attendorn_58.jpg\"><img loading=\"lazy\" decoding=\"async\" class=\"aligncenter size-full wp-image-2467\" src=\"https:\/\/stefanierothfotografie.de\/blog\/wp-content\/uploads\/2018\/02\/hochzeitsfotograf_platte_repetal_attendorn_58.jpg\" alt=\"\" width=\"1024\" height=\"684\" srcset=\"https:\/\/stefanierothfotografie.de\/blog\/wp-content\/uploads\/2018\/02\/hochzeitsfotograf_platte_repetal_attendorn_58.jpg 1024w, https:\/\/stefanierothfotografie.de\/blog\/wp-content\/uploads\/2018\/02\/hochzeitsfotograf_platte_repetal_attendorn_58-300x200.jpg 300w, https:\/\/stefanierothfotografie.de\/blog\/wp-content\/uploads\/2018\/02\/hochzeitsfotograf_platte_repetal_attendorn_58-768x513.jpg 768w\" sizes=\"auto, (max-width: 1024px) 100vw, 1024px\" \/><\/a><\/p>\n<h3>Eure Hochzeit in einem Satz?<\/h3>\n<p>Es gibt Momente, die kann man nicht beschreiben \u2013 nur f\u00fchlen! Danke daf\u00fcr.<\/p>\n<p><a class=\"img\" href=\"https:\/\/stefanierothfotografie.de\/blog\/wp-content\/uploads\/2018\/02\/hochzeitsfotograf_platte_repetal_attendorn_59.jpg\"><img loading=\"lazy\" decoding=\"async\" class=\"aligncenter size-full wp-image-2468\" src=\"https:\/\/stefanierothfotografie.de\/blog\/wp-content\/uploads\/2018\/02\/hochzeitsfotograf_platte_repetal_attendorn_59.jpg\" alt=\"\" width=\"1024\" height=\"684\" srcset=\"https:\/\/stefanierothfotografie.de\/blog\/wp-content\/uploads\/2018\/02\/hochzeitsfotograf_platte_repetal_attendorn_59.jpg 1024w, https:\/\/stefanierothfotografie.de\/blog\/wp-content\/uploads\/2018\/02\/hochzeitsfotograf_platte_repetal_attendorn_59-300x200.jpg 300w, https:\/\/stefanierothfotografie.de\/blog\/wp-content\/uploads\/2018\/02\/hochzeitsfotograf_platte_repetal_attendorn_59-768x513.jpg 768w\" sizes=\"auto, (max-width: 1024px) 100vw, 1024px\" \/><\/a><\/p>\n<p><em>Location der Feier: <a href=\"http:\/\/www.platte.de\" title=\"Romantik Hotel Platte, Attendorn Im Sauerland\">Romantik Hotel Platte, Attendorn im Sauerland<\/a><br \/>\n<\/em><em>Haare &amp; MakeUp: <a href=\"http:\/\/www.janina-bartsch.com\" title=\"Janina Bartsch, Hagen\n\">Janina Bartsch, Hagen<br \/>\n<\/a><\/em><em>Papeterie: <a href=\"http:\/\/myprintcard.de\" title=\"Myprintcard.de\">myprintcard.de<\/a> und selbst gebastelt<br \/>\n<\/em><em>Floristik: Blumen Budde, Attendorn<br \/>\n<\/em><em>Torte: <a href=\"https:\/\/www.harnischmacher.com\" title=\"Konditorei Harnischmacher, Attendorn Im Sauerland\n\">Konditorei Harnischmacher, Attendorn im Sauerland<br \/>\n<\/a><\/em><em>Dekoration: selbst gemacht<br \/>\n<\/em><em>DJ\/Musiker: <a href=\"https:\/\/lets-go-acoustic.de\" title=\"Nadine Kr\u00e4mer\">Nadine Kr\u00e4mer<\/a> (Trauung) aus K\u00f6ln und <a href=\"https:\/\/www.mulico-events.de\" title=\"Mulico Events\">Mulico Events<\/a> (Feier) aus M\u00f6nchengladbach<br \/>\n<\/em><em>Brautkleid: <a href=\"http:\/\/www.senorita.de\" title=\"Seniorita Brautmoden\">Seniorita Brautmoden<\/a> (L\u00fcnen)\/ Marke: <a href=\"https:\/\/www.treschic.nl\" title=\"Tr\u00e9s Chic\n\">Tr\u00e9s Chic<br \/>\n<\/a><\/em><em>Traurednerin: <a href=\"http:\/\/trauer.lebensweichen.de\" title=\"Helene D\u00fcperthal,\">Helene D\u00fcperthal,<\/a> Lennestadt<\/em><\/p>\n<p><em>Liebe Carina, mit Freude denke ich an unsere Treffen und die zahlreichen Kontakte zur\u00fcck. Euch und Eure Hunde kennenlernen zu d\u00fcrfen, war wunderbar. Genauso wie der Tag, an dem ich Euch als Hochzeitsfotografin in Attendorn begleitet habe. Mit Eurer Zielstrebigkeit werdet ihr Euren gemeinsamen Weg mit soviel Gl\u00fcck im Herzen gehen &#8211; da bin ich sicher. Ich freue mich auf ein baldiges Wiedersehen.<\/em><\/p>\n","protected":false},"excerpt":{"rendered":"<p>Suchend blicke ich mich um &#8230; Hausnummer 67 &#8230; da ist es. Eigentlich treffe ich die Paare meist in einem meiner Lieblingcaf\u00e9s im Sauerland, doch heute erwarten mich hier nicht nur Carina und Lars zu unserem Kennenlernen. &#8222;Unser Nachwuchs h\u00e4lt uns ganz sch\u00f6n auf Trapp.&#8220; hatte Carina am Telefon berichtet. Schon h\u00f6rte man es im&hellip; <a class=\"more-link\" href=\"https:\/\/stefanierothfotografie.de\/blog\/freie-trauung-sauerland-hochzeitsfotograf\/\"><span class=\"screen-reader-text\">Freie Trauung in Attendorn \u2013 Als Hochzeitsfotografin im Sauerland<\/span> weiterlesen<\/a><\/p>\n","protected":false},"author":1,"featured_media":2425,"comment_status":"closed","ping_status":"open","sticky":false,"template":"","format":"standard","meta":{"footnotes":""},"categories":[45],"tags":[70,60,229,199,67,222,150,113,230,228],"class_list":["post-2409","post","type-post","status-publish","format-standard","has-post-thumbnail","hentry","category-real-wedding","tag-freie-trauung-sauerland","tag-hochzeitsfotograf-attendorn","tag-hochzeitsfotograf-mit-hunden","tag-hochzeitsfotograf-nrw","tag-hochzeitsfotograf-sauerland","tag-hochzeitsfotografin-sauerland","tag-hochzeitsreportage-sauerland","tag-natuerliche-hochzeitsfotos","tag-paarshooting-mit-hund","tag-romantik-hotel-platte-hochzeit","entry"],"_links":{"self":[{"href":"https:\/\/stefanierothfotografie.de\/blog\/wp-json\/wp\/v2\/posts\/2409","targetHints":{"allow":["GET"]}}],"collection":[{"href":"https:\/\/stefanierothfotografie.de\/blog\/wp-json\/wp\/v2\/posts"}],"about":[{"href":"https:\/\/stefanierothfotografie.de\/blog\/wp-json\/wp\/v2\/types\/post"}],"author":[{"embeddable":true,"href":"https:\/\/stefanierothfotografie.de\/blog\/wp-json\/wp\/v2\/users\/1"}],"replies":[{"embeddable":true,"href":"https:\/\/stefanierothfotografie.de\/blog\/wp-json\/wp\/v2\/comments?post=2409"}],"version-history":[{"count":4,"href":"https:\/\/stefanierothfotografie.de\/blog\/wp-json\/wp\/v2\/posts\/2409\/revisions"}],"predecessor-version":[{"id":2530,"href":"https:\/\/stefanierothfotografie.de\/blog\/wp-json\/wp\/v2\/posts\/2409\/revisions\/2530"}],"wp:featuredmedia":[{"embeddable":true,"href":"https:\/\/stefanierothfotografie.de\/blog\/wp-json\/wp\/v2\/media\/2425"}],"wp:attachment":[{"href":"https:\/\/stefanierothfotografie.de\/blog\/wp-json\/wp\/v2\/media?parent=2409"}],"wp:term":[{"taxonomy":"category","embeddable":true,"href":"https:\/\/stefanierothfotografie.de\/blog\/wp-json\/wp\/v2\/categories?post=2409"},{"taxonomy":"post_tag","embeddable":true,"href":"https:\/\/stefanierothfotografie.de\/blog\/wp-json\/wp\/v2\/tags?post=2409"}],"curies":[{"name":"wp","href":"https:\/\/api.w.org\/{rel}","templated":true}]}}