{"id":1974,"date":"2018-03-14T20:03:21","date_gmt":"2018-03-14T19:03:21","guid":{"rendered":"https:\/\/stefanierothfotografie.de\/blog\/?p=1974"},"modified":"2025-08-08T16:04:17","modified_gmt":"2025-08-08T14:04:17","slug":"see-feel-create-sergej-falk-bjoern-lexius","status":"publish","type":"post","link":"https:\/\/stefanierothfotografie.de\/blog\/see-feel-create-sergej-falk-bjoern-lexius\/","title":{"rendered":"See.Feel.Create &#8211; Ein Workshop mit Tiefe von Sergej Falk und Bj\u00f6rn Lexius"},"content":{"rendered":"<p><a class=\"img\" href=\"https:\/\/stefanierothfotografie.de\/blog\/wp-content\/uploads\/2017\/05\/hochzeitsfotograf_friesland_nordsee_001.jpg\"><img loading=\"lazy\" decoding=\"async\" class=\"aligncenter size-full wp-image-1975\" src=\"https:\/\/stefanierothfotografie.de\/blog\/wp-content\/uploads\/2017\/05\/hochzeitsfotograf_friesland_nordsee_001.jpg\" alt=\"\" width=\"1024\" height=\"684\" srcset=\"https:\/\/stefanierothfotografie.de\/blog\/wp-content\/uploads\/2017\/05\/hochzeitsfotograf_friesland_nordsee_001.jpg 1024w, https:\/\/stefanierothfotografie.de\/blog\/wp-content\/uploads\/2017\/05\/hochzeitsfotograf_friesland_nordsee_001-300x200.jpg 300w, https:\/\/stefanierothfotografie.de\/blog\/wp-content\/uploads\/2017\/05\/hochzeitsfotograf_friesland_nordsee_001-768x513.jpg 768w\" sizes=\"auto, (max-width: 1024px) 100vw, 1024px\" \/><\/a><\/p>\n<p>Glaubst Du an das Schicksal? Daran, dass manchmal im Leben Dinge geschehen, die eben so passieren sollen? Im\u00a0Dezember des Jahres 2016, kurz vor Weihnachten, f\u00e4llt mein Blick beim Durchscrollen durch Facebook auf ein Posting des Fotografen <a href=\"http:\/\/sergejfalk.com\" title=\"Sergej Falk\">Sergej Falk<\/a>. See.Feel.Create \u2013 Sehen. F\u00fchlen. Erschaffen. Ein Workshop. Gemeinsam mit <a href=\"https:\/\/www.hafenliebe-weddingphotography.com\" title=\"Bj\u00f6rn Lexius Von Hafenliebe\">Bj\u00f6rn Lexius von Hafenliebe<\/a>. Das, was ich dann\u00a0lese zieht mich wie magisch\u00a0an, beeindruckt mich, klingt nach etwas ganz\u00a0Besonderem. Ich will dabei sein.<\/p>\n<p>Mein Atem stockt, als dann am Abend eine eMail von Bj\u00f6rn in meinen Posteingang flattert. &#8222;Ahoi Stefanie,\u00a0der Workshop vom 13.03. &#8211; 16.03. ist leider bereits ausverkauft. Da das Ganze aber so schnell ging und wir damit \u00fcberhaupt nicht gerechnet haben, haben wir uns dazu entschlossen direkt einen zweiten Termin anzubieten.&#8220; Ich schiele auf meinen Kalender an der T\u00fcr. Verdammt.\u00a0Der\u00a0zweite Termin f\u00e4llt genau auf den Start meiner Hochzeitssaison 2017. Ich bin raus! Richtig entt\u00e4uscht schaue ich in meinen Monitor. Doch besinne ich mich schnell\u00a0und ich erinnere mich\u00a0an dieses Zitat:<\/p>\n<h3 class=\"entry-title\" style=\"text-align: center;\">Wenn du heute aufgibst, wirst du nie wissen,<br \/>\nob du es morgen geschafft h\u00e4ttest.<\/h3>\n<p>In der Facebook-Gruppe zum Workshop poste ich meinen Konflikt &#8211; vielleicht gibt es Jemanden, der tauschen w\u00fcrde? Ich traue meinen Augen nicht, die wunderbare <a href=\"http:\/\/www.annejuka.de\" title=\"Anne\">Anne<\/a> z\u00f6gert keinen Moment. Und mein Herz sagt mir, in diesem Workshop bist Du richtig. Was aber dann aber auf R\u00f8m\u00f8 passiert, das h\u00e4tte ich nicht erwartet.<\/p>\n<p>Jetzt ist dieses Erlebnis genau ein Jahr her. Dieser Blogbeitrag liegt schon lange als Entwurf in meinem Speicher, doch die Worte fehlten. Und noch immer, 365 Tage sp\u00e4ter, ist es genauso unm\u00f6glich Dir so davon zu erz\u00e4hlen, dass Du nachempfinden k\u00f6nntest, was uns alle dort bewegte.<\/p>\n<p><em>Ein Hochzeitsfotografie-Workshop, der eigentlich gar keiner war. Gespr\u00e4che mit wunderbaren Seelen, dabei der frische Wind im Haar, die Kamera in der kalten Hand. Lachen schallt durch das Haus, aber auch das Weinen h\u00f6rt man ganz leise \u2013 und den Klang der Gitarre. Jeder Ton erz\u00e4hlt Geschichten. Unsere Geschichten. Jene, die sich ganz sicher ver\u00e4ndern werden nach diesen Tagen. Nach diesen unglaublich besonderen Tagen auf\u00a0R\u00f8m\u00f8.<\/em><\/p>\n<p><a class=\"img\" href=\"https:\/\/stefanierothfotografie.de\/blog\/wp-content\/uploads\/2017\/05\/hochzeitsfotograf_friesland_nordsee_002.jpg\"><br \/>\n<img loading=\"lazy\" decoding=\"async\" class=\"aligncenter size-full wp-image-1976\" src=\"https:\/\/stefanierothfotografie.de\/blog\/wp-content\/uploads\/2017\/05\/hochzeitsfotograf_friesland_nordsee_002.jpg\" alt=\"\" width=\"1024\" height=\"684\" srcset=\"https:\/\/stefanierothfotografie.de\/blog\/wp-content\/uploads\/2017\/05\/hochzeitsfotograf_friesland_nordsee_002.jpg 1024w, https:\/\/stefanierothfotografie.de\/blog\/wp-content\/uploads\/2017\/05\/hochzeitsfotograf_friesland_nordsee_002-300x200.jpg 300w, https:\/\/stefanierothfotografie.de\/blog\/wp-content\/uploads\/2017\/05\/hochzeitsfotograf_friesland_nordsee_002-768x513.jpg 768w\" sizes=\"auto, (max-width: 1024px) 100vw, 1024px\" \/><\/a> <a class=\"img\" href=\"https:\/\/stefanierothfotografie.de\/blog\/wp-content\/uploads\/2017\/05\/hochzeitsfotograf_friesland_nordsee_003.jpg\"><img loading=\"lazy\" decoding=\"async\" class=\"aligncenter size-full wp-image-1977\" src=\"https:\/\/stefanierothfotografie.de\/blog\/wp-content\/uploads\/2017\/05\/hochzeitsfotograf_friesland_nordsee_003.jpg\" alt=\"\" width=\"1024\" height=\"767\" srcset=\"https:\/\/stefanierothfotografie.de\/blog\/wp-content\/uploads\/2017\/05\/hochzeitsfotograf_friesland_nordsee_003.jpg 1024w, https:\/\/stefanierothfotografie.de\/blog\/wp-content\/uploads\/2017\/05\/hochzeitsfotograf_friesland_nordsee_003-300x225.jpg 300w, https:\/\/stefanierothfotografie.de\/blog\/wp-content\/uploads\/2017\/05\/hochzeitsfotograf_friesland_nordsee_003-768x575.jpg 768w\" sizes=\"auto, (max-width: 1024px) 100vw, 1024px\" \/><\/a> <a class=\"img\" href=\"https:\/\/stefanierothfotografie.de\/blog\/wp-content\/uploads\/2017\/05\/hochzeitsfotograf_friesland_nordsee_004.jpg\"><img loading=\"lazy\" decoding=\"async\" class=\"aligncenter size-full wp-image-1978\" src=\"https:\/\/stefanierothfotografie.de\/blog\/wp-content\/uploads\/2017\/05\/hochzeitsfotograf_friesland_nordsee_004.jpg\" alt=\"\" width=\"1024\" height=\"684\" srcset=\"https:\/\/stefanierothfotografie.de\/blog\/wp-content\/uploads\/2017\/05\/hochzeitsfotograf_friesland_nordsee_004.jpg 1024w, https:\/\/stefanierothfotografie.de\/blog\/wp-content\/uploads\/2017\/05\/hochzeitsfotograf_friesland_nordsee_004-300x200.jpg 300w, https:\/\/stefanierothfotografie.de\/blog\/wp-content\/uploads\/2017\/05\/hochzeitsfotograf_friesland_nordsee_004-768x513.jpg 768w\" sizes=\"auto, (max-width: 1024px) 100vw, 1024px\" \/><\/a> <a class=\"img\" href=\"https:\/\/stefanierothfotografie.de\/blog\/wp-content\/uploads\/2017\/05\/hochzeitsfotograf_friesland_nordsee_005.jpg\"><img loading=\"lazy\" decoding=\"async\" class=\"aligncenter size-full wp-image-1979\" src=\"https:\/\/stefanierothfotografie.de\/blog\/wp-content\/uploads\/2017\/05\/hochzeitsfotograf_friesland_nordsee_005.jpg\" alt=\"\" width=\"1024\" height=\"684\" srcset=\"https:\/\/stefanierothfotografie.de\/blog\/wp-content\/uploads\/2017\/05\/hochzeitsfotograf_friesland_nordsee_005.jpg 1024w, https:\/\/stefanierothfotografie.de\/blog\/wp-content\/uploads\/2017\/05\/hochzeitsfotograf_friesland_nordsee_005-300x200.jpg 300w, https:\/\/stefanierothfotografie.de\/blog\/wp-content\/uploads\/2017\/05\/hochzeitsfotograf_friesland_nordsee_005-768x513.jpg 768w\" sizes=\"auto, (max-width: 1024px) 100vw, 1024px\" \/><\/a> <a class=\"img\" href=\"https:\/\/stefanierothfotografie.de\/blog\/wp-content\/uploads\/2017\/05\/hochzeitsfotograf_friesland_nordsee_006.jpg\"><img loading=\"lazy\" decoding=\"async\" class=\"aligncenter size-full wp-image-1980\" src=\"https:\/\/stefanierothfotografie.de\/blog\/wp-content\/uploads\/2017\/05\/hochzeitsfotograf_friesland_nordsee_006.jpg\" alt=\"\" width=\"1024\" height=\"684\" srcset=\"https:\/\/stefanierothfotografie.de\/blog\/wp-content\/uploads\/2017\/05\/hochzeitsfotograf_friesland_nordsee_006.jpg 1024w, https:\/\/stefanierothfotografie.de\/blog\/wp-content\/uploads\/2017\/05\/hochzeitsfotograf_friesland_nordsee_006-300x200.jpg 300w, https:\/\/stefanierothfotografie.de\/blog\/wp-content\/uploads\/2017\/05\/hochzeitsfotograf_friesland_nordsee_006-768x513.jpg 768w\" sizes=\"auto, (max-width: 1024px) 100vw, 1024px\" \/><\/a> <a class=\"img\" href=\"https:\/\/stefanierothfotografie.de\/blog\/wp-content\/uploads\/2017\/05\/hochzeitsfotograf_friesland_nordsee_007.jpg\"><img loading=\"lazy\" decoding=\"async\" class=\"aligncenter size-full wp-image-1981\" src=\"https:\/\/stefanierothfotografie.de\/blog\/wp-content\/uploads\/2017\/05\/hochzeitsfotograf_friesland_nordsee_007.jpg\" alt=\"\" width=\"1024\" height=\"684\" srcset=\"https:\/\/stefanierothfotografie.de\/blog\/wp-content\/uploads\/2017\/05\/hochzeitsfotograf_friesland_nordsee_007.jpg 1024w, https:\/\/stefanierothfotografie.de\/blog\/wp-content\/uploads\/2017\/05\/hochzeitsfotograf_friesland_nordsee_007-300x200.jpg 300w, https:\/\/stefanierothfotografie.de\/blog\/wp-content\/uploads\/2017\/05\/hochzeitsfotograf_friesland_nordsee_007-768x513.jpg 768w\" sizes=\"auto, (max-width: 1024px) 100vw, 1024px\" \/><\/a><\/p>\n<p><a class=\"img\" href=\"https:\/\/stefanierothfotografie.de\/blog\/wp-content\/uploads\/2017\/05\/hochzeitsfotograf_friesland_nordsee_008.jpg\"><img loading=\"lazy\" decoding=\"async\" class=\"aligncenter size-full wp-image-1982\" src=\"https:\/\/stefanierothfotografie.de\/blog\/wp-content\/uploads\/2017\/05\/hochzeitsfotograf_friesland_nordsee_008.jpg\" alt=\"\" width=\"1024\" height=\"684\" srcset=\"https:\/\/stefanierothfotografie.de\/blog\/wp-content\/uploads\/2017\/05\/hochzeitsfotograf_friesland_nordsee_008.jpg 1024w, https:\/\/stefanierothfotografie.de\/blog\/wp-content\/uploads\/2017\/05\/hochzeitsfotograf_friesland_nordsee_008-300x200.jpg 300w, https:\/\/stefanierothfotografie.de\/blog\/wp-content\/uploads\/2017\/05\/hochzeitsfotograf_friesland_nordsee_008-768x513.jpg 768w\" sizes=\"auto, (max-width: 1024px) 100vw, 1024px\" \/><\/a> <a class=\"img\" href=\"https:\/\/stefanierothfotografie.de\/blog\/wp-content\/uploads\/2017\/05\/hochzeitsfotograf_friesland_nordsee_009.jpg\"><img loading=\"lazy\" decoding=\"async\" class=\"aligncenter size-full wp-image-1983\" src=\"https:\/\/stefanierothfotografie.de\/blog\/wp-content\/uploads\/2017\/05\/hochzeitsfotograf_friesland_nordsee_009.jpg\" alt=\"\" width=\"1024\" height=\"767\" srcset=\"https:\/\/stefanierothfotografie.de\/blog\/wp-content\/uploads\/2017\/05\/hochzeitsfotograf_friesland_nordsee_009.jpg 1024w, https:\/\/stefanierothfotografie.de\/blog\/wp-content\/uploads\/2017\/05\/hochzeitsfotograf_friesland_nordsee_009-300x225.jpg 300w, https:\/\/stefanierothfotografie.de\/blog\/wp-content\/uploads\/2017\/05\/hochzeitsfotograf_friesland_nordsee_009-768x575.jpg 768w\" sizes=\"auto, (max-width: 1024px) 100vw, 1024px\" \/><\/a> <a class=\"img\" href=\"https:\/\/stefanierothfotografie.de\/blog\/wp-content\/uploads\/2017\/05\/hochzeitsfotograf_friesland_nordsee_010.jpg\"><img loading=\"lazy\" decoding=\"async\" class=\"aligncenter size-full wp-image-1984\" src=\"https:\/\/stefanierothfotografie.de\/blog\/wp-content\/uploads\/2017\/05\/hochzeitsfotograf_friesland_nordsee_010.jpg\" alt=\"\" width=\"1024\" height=\"684\" srcset=\"https:\/\/stefanierothfotografie.de\/blog\/wp-content\/uploads\/2017\/05\/hochzeitsfotograf_friesland_nordsee_010.jpg 1024w, https:\/\/stefanierothfotografie.de\/blog\/wp-content\/uploads\/2017\/05\/hochzeitsfotograf_friesland_nordsee_010-300x200.jpg 300w, https:\/\/stefanierothfotografie.de\/blog\/wp-content\/uploads\/2017\/05\/hochzeitsfotograf_friesland_nordsee_010-768x513.jpg 768w\" sizes=\"auto, (max-width: 1024px) 100vw, 1024px\" \/><\/a> <a class=\"img\" href=\"https:\/\/stefanierothfotografie.de\/blog\/wp-content\/uploads\/2017\/05\/hochzeitsfotograf_friesland_nordsee_011.jpg\"><img loading=\"lazy\" decoding=\"async\" class=\"aligncenter size-full wp-image-1985\" src=\"https:\/\/stefanierothfotografie.de\/blog\/wp-content\/uploads\/2017\/05\/hochzeitsfotograf_friesland_nordsee_011.jpg\" alt=\"\" width=\"1024\" height=\"684\" srcset=\"https:\/\/stefanierothfotografie.de\/blog\/wp-content\/uploads\/2017\/05\/hochzeitsfotograf_friesland_nordsee_011.jpg 1024w, https:\/\/stefanierothfotografie.de\/blog\/wp-content\/uploads\/2017\/05\/hochzeitsfotograf_friesland_nordsee_011-300x200.jpg 300w, https:\/\/stefanierothfotografie.de\/blog\/wp-content\/uploads\/2017\/05\/hochzeitsfotograf_friesland_nordsee_011-768x513.jpg 768w\" sizes=\"auto, (max-width: 1024px) 100vw, 1024px\" \/><\/a> <a class=\"img\" href=\"https:\/\/stefanierothfotografie.de\/blog\/wp-content\/uploads\/2017\/05\/hochzeitsfotograf_friesland_nordsee_012.jpg\"><img loading=\"lazy\" decoding=\"async\" class=\"aligncenter size-full wp-image-1986\" src=\"https:\/\/stefanierothfotografie.de\/blog\/wp-content\/uploads\/2017\/05\/hochzeitsfotograf_friesland_nordsee_012.jpg\" alt=\"\" width=\"1024\" height=\"684\" srcset=\"https:\/\/stefanierothfotografie.de\/blog\/wp-content\/uploads\/2017\/05\/hochzeitsfotograf_friesland_nordsee_012.jpg 1024w, https:\/\/stefanierothfotografie.de\/blog\/wp-content\/uploads\/2017\/05\/hochzeitsfotograf_friesland_nordsee_012-300x200.jpg 300w, https:\/\/stefanierothfotografie.de\/blog\/wp-content\/uploads\/2017\/05\/hochzeitsfotograf_friesland_nordsee_012-768x513.jpg 768w\" sizes=\"auto, (max-width: 1024px) 100vw, 1024px\" \/><\/a> <a class=\"img\" href=\"https:\/\/stefanierothfotografie.de\/blog\/wp-content\/uploads\/2017\/05\/hochzeitsfotograf_friesland_nordsee_013.jpg\"><img loading=\"lazy\" decoding=\"async\" class=\"aligncenter size-full wp-image-1987\" src=\"https:\/\/stefanierothfotografie.de\/blog\/wp-content\/uploads\/2017\/05\/hochzeitsfotograf_friesland_nordsee_013.jpg\" alt=\"\" width=\"1024\" height=\"684\" srcset=\"https:\/\/stefanierothfotografie.de\/blog\/wp-content\/uploads\/2017\/05\/hochzeitsfotograf_friesland_nordsee_013.jpg 1024w, https:\/\/stefanierothfotografie.de\/blog\/wp-content\/uploads\/2017\/05\/hochzeitsfotograf_friesland_nordsee_013-300x200.jpg 300w, https:\/\/stefanierothfotografie.de\/blog\/wp-content\/uploads\/2017\/05\/hochzeitsfotograf_friesland_nordsee_013-768x513.jpg 768w\" sizes=\"auto, (max-width: 1024px) 100vw, 1024px\" \/><\/a> <a class=\"img\" href=\"https:\/\/stefanierothfotografie.de\/blog\/wp-content\/uploads\/2017\/05\/hochzeitsfotograf_friesland_nordsee_014.jpg\"><img loading=\"lazy\" decoding=\"async\" class=\"aligncenter size-full wp-image-1988\" src=\"https:\/\/stefanierothfotografie.de\/blog\/wp-content\/uploads\/2017\/05\/hochzeitsfotograf_friesland_nordsee_014.jpg\" alt=\"\" width=\"1024\" height=\"684\" srcset=\"https:\/\/stefanierothfotografie.de\/blog\/wp-content\/uploads\/2017\/05\/hochzeitsfotograf_friesland_nordsee_014.jpg 1024w, https:\/\/stefanierothfotografie.de\/blog\/wp-content\/uploads\/2017\/05\/hochzeitsfotograf_friesland_nordsee_014-300x200.jpg 300w, https:\/\/stefanierothfotografie.de\/blog\/wp-content\/uploads\/2017\/05\/hochzeitsfotograf_friesland_nordsee_014-768x513.jpg 768w\" sizes=\"auto, (max-width: 1024px) 100vw, 1024px\" \/><\/a> <a class=\"img\" href=\"https:\/\/stefanierothfotografie.de\/blog\/wp-content\/uploads\/2017\/05\/hochzeitsfotograf_friesland_nordsee_015.jpg\"><img loading=\"lazy\" decoding=\"async\" class=\"aligncenter size-full wp-image-1989\" src=\"https:\/\/stefanierothfotografie.de\/blog\/wp-content\/uploads\/2017\/05\/hochzeitsfotograf_friesland_nordsee_015.jpg\" alt=\"\" width=\"1024\" height=\"684\" srcset=\"https:\/\/stefanierothfotografie.de\/blog\/wp-content\/uploads\/2017\/05\/hochzeitsfotograf_friesland_nordsee_015.jpg 1024w, https:\/\/stefanierothfotografie.de\/blog\/wp-content\/uploads\/2017\/05\/hochzeitsfotograf_friesland_nordsee_015-300x200.jpg 300w, https:\/\/stefanierothfotografie.de\/blog\/wp-content\/uploads\/2017\/05\/hochzeitsfotograf_friesland_nordsee_015-768x513.jpg 768w\" sizes=\"auto, (max-width: 1024px) 100vw, 1024px\" \/><\/a> <a class=\"img\" href=\"https:\/\/stefanierothfotografie.de\/blog\/wp-content\/uploads\/2017\/05\/hochzeitsfotograf_friesland_nordsee_016.jpg\"><img loading=\"lazy\" decoding=\"async\" class=\"aligncenter size-full wp-image-1990\" src=\"https:\/\/stefanierothfotografie.de\/blog\/wp-content\/uploads\/2017\/05\/hochzeitsfotograf_friesland_nordsee_016.jpg\" alt=\"\" width=\"1024\" height=\"684\" srcset=\"https:\/\/stefanierothfotografie.de\/blog\/wp-content\/uploads\/2017\/05\/hochzeitsfotograf_friesland_nordsee_016.jpg 1024w, https:\/\/stefanierothfotografie.de\/blog\/wp-content\/uploads\/2017\/05\/hochzeitsfotograf_friesland_nordsee_016-300x200.jpg 300w, https:\/\/stefanierothfotografie.de\/blog\/wp-content\/uploads\/2017\/05\/hochzeitsfotograf_friesland_nordsee_016-768x513.jpg 768w\" sizes=\"auto, (max-width: 1024px) 100vw, 1024px\" \/><\/a><a class=\"img\" href=\"https:\/\/stefanierothfotografie.de\/blog\/wp-content\/uploads\/2017\/05\/hochzeitsfotograf_friesland_nordsee_023.jpg\"><img loading=\"lazy\" decoding=\"async\" class=\"aligncenter size-full wp-image-1997\" src=\"https:\/\/stefanierothfotografie.de\/blog\/wp-content\/uploads\/2017\/05\/hochzeitsfotograf_friesland_nordsee_023.jpg\" alt=\"\" width=\"1024\" height=\"684\" srcset=\"https:\/\/stefanierothfotografie.de\/blog\/wp-content\/uploads\/2017\/05\/hochzeitsfotograf_friesland_nordsee_023.jpg 1024w, https:\/\/stefanierothfotografie.de\/blog\/wp-content\/uploads\/2017\/05\/hochzeitsfotograf_friesland_nordsee_023-300x200.jpg 300w, https:\/\/stefanierothfotografie.de\/blog\/wp-content\/uploads\/2017\/05\/hochzeitsfotograf_friesland_nordsee_023-768x513.jpg 768w\" sizes=\"auto, (max-width: 1024px) 100vw, 1024px\" \/><\/a> <a class=\"img\" href=\"https:\/\/stefanierothfotografie.de\/blog\/wp-content\/uploads\/2017\/05\/hochzeitsfotograf_friesland_nordsee_017.jpg\"><img loading=\"lazy\" decoding=\"async\" class=\"aligncenter size-full wp-image-1991\" src=\"https:\/\/stefanierothfotografie.de\/blog\/wp-content\/uploads\/2017\/05\/hochzeitsfotograf_friesland_nordsee_017.jpg\" alt=\"\" width=\"1024\" height=\"684\" srcset=\"https:\/\/stefanierothfotografie.de\/blog\/wp-content\/uploads\/2017\/05\/hochzeitsfotograf_friesland_nordsee_017.jpg 1024w, https:\/\/stefanierothfotografie.de\/blog\/wp-content\/uploads\/2017\/05\/hochzeitsfotograf_friesland_nordsee_017-300x200.jpg 300w, https:\/\/stefanierothfotografie.de\/blog\/wp-content\/uploads\/2017\/05\/hochzeitsfotograf_friesland_nordsee_017-768x513.jpg 768w\" sizes=\"auto, (max-width: 1024px) 100vw, 1024px\" \/><\/a> <a class=\"img\" href=\"https:\/\/stefanierothfotografie.de\/blog\/wp-content\/uploads\/2017\/05\/hochzeitsfotograf_friesland_nordsee_018.jpg\"><img loading=\"lazy\" decoding=\"async\" class=\"aligncenter size-full wp-image-1992\" src=\"https:\/\/stefanierothfotografie.de\/blog\/wp-content\/uploads\/2017\/05\/hochzeitsfotograf_friesland_nordsee_018.jpg\" alt=\"\" width=\"1024\" height=\"684\" srcset=\"https:\/\/stefanierothfotografie.de\/blog\/wp-content\/uploads\/2017\/05\/hochzeitsfotograf_friesland_nordsee_018.jpg 1024w, https:\/\/stefanierothfotografie.de\/blog\/wp-content\/uploads\/2017\/05\/hochzeitsfotograf_friesland_nordsee_018-300x200.jpg 300w, https:\/\/stefanierothfotografie.de\/blog\/wp-content\/uploads\/2017\/05\/hochzeitsfotograf_friesland_nordsee_018-768x513.jpg 768w\" sizes=\"auto, (max-width: 1024px) 100vw, 1024px\" \/><\/a> <a class=\"img\" href=\"https:\/\/stefanierothfotografie.de\/blog\/wp-content\/uploads\/2017\/05\/hochzeitsfotograf_friesland_nordsee_019.jpg\"><img loading=\"lazy\" decoding=\"async\" class=\"aligncenter size-full wp-image-1993\" src=\"https:\/\/stefanierothfotografie.de\/blog\/wp-content\/uploads\/2017\/05\/hochzeitsfotograf_friesland_nordsee_019.jpg\" alt=\"\" width=\"1024\" height=\"684\" srcset=\"https:\/\/stefanierothfotografie.de\/blog\/wp-content\/uploads\/2017\/05\/hochzeitsfotograf_friesland_nordsee_019.jpg 1024w, https:\/\/stefanierothfotografie.de\/blog\/wp-content\/uploads\/2017\/05\/hochzeitsfotograf_friesland_nordsee_019-300x200.jpg 300w, https:\/\/stefanierothfotografie.de\/blog\/wp-content\/uploads\/2017\/05\/hochzeitsfotograf_friesland_nordsee_019-768x513.jpg 768w\" sizes=\"auto, (max-width: 1024px) 100vw, 1024px\" \/><\/a> <a class=\"img\" href=\"https:\/\/stefanierothfotografie.de\/blog\/wp-content\/uploads\/2017\/05\/hochzeitsfotograf_friesland_nordsee_020.jpg\"><img loading=\"lazy\" decoding=\"async\" class=\"aligncenter size-full wp-image-1994\" src=\"https:\/\/stefanierothfotografie.de\/blog\/wp-content\/uploads\/2017\/05\/hochzeitsfotograf_friesland_nordsee_020.jpg\" alt=\"\" width=\"1024\" height=\"684\" srcset=\"https:\/\/stefanierothfotografie.de\/blog\/wp-content\/uploads\/2017\/05\/hochzeitsfotograf_friesland_nordsee_020.jpg 1024w, https:\/\/stefanierothfotografie.de\/blog\/wp-content\/uploads\/2017\/05\/hochzeitsfotograf_friesland_nordsee_020-300x200.jpg 300w, https:\/\/stefanierothfotografie.de\/blog\/wp-content\/uploads\/2017\/05\/hochzeitsfotograf_friesland_nordsee_020-768x513.jpg 768w\" sizes=\"auto, (max-width: 1024px) 100vw, 1024px\" \/><\/a> <a class=\"img\" href=\"https:\/\/stefanierothfotografie.de\/blog\/wp-content\/uploads\/2017\/05\/hochzeitsfotograf_friesland_nordsee_021.jpg\"><img loading=\"lazy\" decoding=\"async\" class=\"aligncenter size-full wp-image-1995\" src=\"https:\/\/stefanierothfotografie.de\/blog\/wp-content\/uploads\/2017\/05\/hochzeitsfotograf_friesland_nordsee_021.jpg\" alt=\"\" width=\"1024\" height=\"684\" srcset=\"https:\/\/stefanierothfotografie.de\/blog\/wp-content\/uploads\/2017\/05\/hochzeitsfotograf_friesland_nordsee_021.jpg 1024w, https:\/\/stefanierothfotografie.de\/blog\/wp-content\/uploads\/2017\/05\/hochzeitsfotograf_friesland_nordsee_021-300x200.jpg 300w, https:\/\/stefanierothfotografie.de\/blog\/wp-content\/uploads\/2017\/05\/hochzeitsfotograf_friesland_nordsee_021-768x513.jpg 768w\" sizes=\"auto, (max-width: 1024px) 100vw, 1024px\" \/><\/a> <a class=\"img\" href=\"https:\/\/stefanierothfotografie.de\/blog\/wp-content\/uploads\/2017\/05\/hochzeitsfotograf_friesland_nordsee_022.jpg\"><img loading=\"lazy\" decoding=\"async\" class=\"aligncenter size-full wp-image-1996\" src=\"https:\/\/stefanierothfotografie.de\/blog\/wp-content\/uploads\/2017\/05\/hochzeitsfotograf_friesland_nordsee_022.jpg\" alt=\"\" width=\"1024\" height=\"684\" srcset=\"https:\/\/stefanierothfotografie.de\/blog\/wp-content\/uploads\/2017\/05\/hochzeitsfotograf_friesland_nordsee_022.jpg 1024w, https:\/\/stefanierothfotografie.de\/blog\/wp-content\/uploads\/2017\/05\/hochzeitsfotograf_friesland_nordsee_022-300x200.jpg 300w, https:\/\/stefanierothfotografie.de\/blog\/wp-content\/uploads\/2017\/05\/hochzeitsfotograf_friesland_nordsee_022-768x513.jpg 768w\" sizes=\"auto, (max-width: 1024px) 100vw, 1024px\" \/><\/a> <a class=\"img\" href=\"https:\/\/stefanierothfotografie.de\/blog\/wp-content\/uploads\/2017\/05\/hochzeitsfotograf_friesland_nordsee_024.jpg\"><img loading=\"lazy\" decoding=\"async\" class=\"aligncenter size-full wp-image-1998\" src=\"https:\/\/stefanierothfotografie.de\/blog\/wp-content\/uploads\/2017\/05\/hochzeitsfotograf_friesland_nordsee_024.jpg\" alt=\"\" width=\"1024\" height=\"767\" srcset=\"https:\/\/stefanierothfotografie.de\/blog\/wp-content\/uploads\/2017\/05\/hochzeitsfotograf_friesland_nordsee_024.jpg 1024w, https:\/\/stefanierothfotografie.de\/blog\/wp-content\/uploads\/2017\/05\/hochzeitsfotograf_friesland_nordsee_024-300x225.jpg 300w, https:\/\/stefanierothfotografie.de\/blog\/wp-content\/uploads\/2017\/05\/hochzeitsfotograf_friesland_nordsee_024-768x575.jpg 768w\" sizes=\"auto, (max-width: 1024px) 100vw, 1024px\" \/><\/a> <a class=\"img\" href=\"https:\/\/stefanierothfotografie.de\/blog\/wp-content\/uploads\/2017\/05\/hochzeitsfotograf_friesland_nordsee_025.jpg\" title=\"\n\"><img loading=\"lazy\" decoding=\"async\" class=\"aligncenter size-full wp-image-1999\" src=\"https:\/\/stefanierothfotografie.de\/blog\/wp-content\/uploads\/2017\/05\/hochzeitsfotograf_friesland_nordsee_025.jpg\" title=\"\n\" alt=\"\" width=\"1024\" height=\"684\" srcset=\"https:\/\/stefanierothfotografie.de\/blog\/wp-content\/uploads\/2017\/05\/hochzeitsfotograf_friesland_nordsee_025.jpg 1024w, https:\/\/stefanierothfotografie.de\/blog\/wp-content\/uploads\/2017\/05\/hochzeitsfotograf_friesland_nordsee_025-300x200.jpg 300w, https:\/\/stefanierothfotografie.de\/blog\/wp-content\/uploads\/2017\/05\/hochzeitsfotograf_friesland_nordsee_025-768x513.jpg 768w\" sizes=\"auto, (max-width: 1024px) 100vw, 1024px\" \/><br \/>\n<\/a><\/p>\n<p>Dankbar f\u00fcr die Zeit mit Euch, Euren Mut und Eure Offenheit \u2013 es war ganz besonders und unvergesslich: Bj\u00f6rn, Sergej, Jasmin, Nicole, Jessy, Sarah, Bj\u00f6rn, Flo, Rebecca, Evelyn, Laura, Yannick, Nico, Katja, Danny, Debby, Sebastian, Sabrina\u00a0\ud83d\udda4\ud83d\udda4\ud83d\udda4<\/p>\n","protected":false},"excerpt":{"rendered":"<p>Glaubst Du an das Schicksal? Daran, dass manchmal im Leben Dinge geschehen, die eben so passieren sollen? Im\u00a0Dezember des Jahres 2016, kurz vor Weihnachten, f\u00e4llt mein Blick beim Durchscrollen durch Facebook auf ein Posting des Fotografen Sergej Falk. See.Feel.Create \u2013 Sehen. F\u00fchlen. Erschaffen. Ein Workshop. Gemeinsam mit Bj\u00f6rn Lexius von Hafenliebe. Das, was ich dann\u00a0lese&hellip; <a class=\"more-link\" href=\"https:\/\/stefanierothfotografie.de\/blog\/see-feel-create-sergej-falk-bjoern-lexius\/\"><span class=\"screen-reader-text\">See.Feel.Create &#8211; Ein Workshop mit Tiefe von Sergej Falk und Bj\u00f6rn Lexius<\/span> weiterlesen<\/a><\/p>\n","protected":false},"author":1,"featured_media":1975,"comment_status":"closed","ping_status":"open","sticky":false,"template":"","format":"standard","meta":{"footnotes":""},"categories":[1],"tags":[114,219,69,215,25,216,115,214,29,113,220,217,221,218],"class_list":["post-1974","post","type-post","status-publish","format-standard","has-post-thumbnail","hentry","category-allgemein","tag-authentische-hochzeitsreportage","tag-emotionale-hochzeitsfotos","tag-freie-trauung","tag-hochzeit-romo","tag-hochzeitsfotograf","tag-hochzeitsfotograf-deutschland","tag-hochzeitsfotograf-hamburg","tag-hochzeitsfotografie","tag-hochzeitsreportage","tag-natuerliche-hochzeitsfotos","tag-paarfotos","tag-see-feel-create","tag-wedding-photographer-germany","tag-workshop-hochzeitsfotografie","entry"],"_links":{"self":[{"href":"https:\/\/stefanierothfotografie.de\/blog\/wp-json\/wp\/v2\/posts\/1974","targetHints":{"allow":["GET"]}}],"collection":[{"href":"https:\/\/stefanierothfotografie.de\/blog\/wp-json\/wp\/v2\/posts"}],"about":[{"href":"https:\/\/stefanierothfotografie.de\/blog\/wp-json\/wp\/v2\/types\/post"}],"author":[{"embeddable":true,"href":"https:\/\/stefanierothfotografie.de\/blog\/wp-json\/wp\/v2\/users\/1"}],"replies":[{"embeddable":true,"href":"https:\/\/stefanierothfotografie.de\/blog\/wp-json\/wp\/v2\/comments?post=1974"}],"version-history":[{"count":3,"href":"https:\/\/stefanierothfotografie.de\/blog\/wp-json\/wp\/v2\/posts\/1974\/revisions"}],"predecessor-version":[{"id":2537,"href":"https:\/\/stefanierothfotografie.de\/blog\/wp-json\/wp\/v2\/posts\/1974\/revisions\/2537"}],"wp:featuredmedia":[{"embeddable":true,"href":"https:\/\/stefanierothfotografie.de\/blog\/wp-json\/wp\/v2\/media\/1975"}],"wp:attachment":[{"href":"https:\/\/stefanierothfotografie.de\/blog\/wp-json\/wp\/v2\/media?parent=1974"}],"wp:term":[{"taxonomy":"category","embeddable":true,"href":"https:\/\/stefanierothfotografie.de\/blog\/wp-json\/wp\/v2\/categories?post=1974"},{"taxonomy":"post_tag","embeddable":true,"href":"https:\/\/stefanierothfotografie.de\/blog\/wp-json\/wp\/v2\/tags?post=1974"}],"curies":[{"name":"wp","href":"https:\/\/api.w.org\/{rel}","templated":true}]}}