{"id":1736,"date":"2017-04-21T16:52:23","date_gmt":"2017-04-21T14:52:23","guid":{"rendered":"https:\/\/stefanierothfotografie.de\/blog\/?p=1736"},"modified":"2018-09-24T12:52:24","modified_gmt":"2018-09-24T10:52:24","slug":"hochzeitsfotograf-bergisch-roesrath-burscheid","status":"publish","type":"post","link":"https:\/\/stefanierothfotografie.de\/blog\/hochzeitsfotograf-bergisch-roesrath-burscheid\/","title":{"rendered":"Hochzeitsfotograf im Bergischen &#8211; in R\u00f6srath + Burscheid"},"content":{"rendered":"<p><a class=\"img\" href=\"https:\/\/stefanierothfotografie.de\/blog\/wp-content\/uploads\/2016\/12\/20.jpg\" title=\"\n\"><br \/>\n<\/a> <img loading=\"lazy\" decoding=\"async\" class=\"aligncenter wp-image-1757 size-full\" src=\"https:\/\/stefanierothfotografie.de\/blog\/wp-content\/uploads\/2016\/12\/hochzeit_burscheid_roesrath_01.jpg\" alt=\"hochzeitsfotograf_roesrath_burscheid_01\" width=\"1024\" height=\"684\" srcset=\"https:\/\/stefanierothfotografie.de\/blog\/wp-content\/uploads\/2016\/12\/hochzeit_burscheid_roesrath_01.jpg 1024w, https:\/\/stefanierothfotografie.de\/blog\/wp-content\/uploads\/2016\/12\/hochzeit_burscheid_roesrath_01-300x200.jpg 300w, https:\/\/stefanierothfotografie.de\/blog\/wp-content\/uploads\/2016\/12\/hochzeit_burscheid_roesrath_01-768x513.jpg 768w\" sizes=\"auto, (max-width: 1024px) 100vw, 1024px\" \/>Der\u00a0Duft nach Sommer\u00a0liegt in der Luft. Die Grillen zirpen. Feine Sonnenstrahlen weben sich durch die frische Luft. Es ist August, es ist der Tag von Julia und Nikolas.<\/p>\n<p>Nahe dem K\u00f6nigsfort, s\u00fcd\u00f6stlich von K\u00f6ln im Rheinisch-Bergischen Kreis erwarten mich Julia und ihre M\u00e4dels in der\u00a0hellen Wohnung. Ich freue mich \u00fcber soviel Licht &#8211; Julias Strahlen, dieser sch\u00f6ne Sommertag &#8211; was kann es Sch\u00f6neres geben. Als der Liebste seine Julia in der Christuskirche in R\u00f6srath zum ersten Mal in ihrem feinen Kleid erblickt, muss er tief durchatmen.\u00a0Nikolas ist \u00fcberw\u00e4ltigt, als seine Liebe auf ihn zul\u00e4uft.<\/p>\n<p>Die Emotionen bleiben an diesem Tag ganz nah bei diesem innigen Paar. Zarte Tr\u00e4nen, die die Wangen hinunterlaufen, fr\u00f6hliches Lachen, herzallerliebste Umarmungen. Eine ehrliche Hochzeit.<\/p>\n<p>In Zweisamkeit laufen die Beiden sp\u00e4ter Hand in Hand den Weg hinter Haus Landscheid entlang. Einen Moment Durchatmen, sp\u00fcren, ein paar Worte austauschen. Immer wieder sehen sie sich an. Julia und Nikolas f\u00fchlen sich wohl und sind gl\u00fccklich.<\/p>\n<p><a class=\"img\" href=\"https:\/\/stefanierothfotografie.de\/blog\/wp-content\/uploads\/2016\/12\/hochzeit_burscheid_roesrath_02.jpg\" title=\"Hochzeit Burscheid Roesrath 02\"><img loading=\"lazy\" decoding=\"async\" class=\"aligncenter size-full wp-image-1758\" src=\"https:\/\/stefanierothfotografie.de\/blog\/wp-content\/uploads\/2016\/12\/hochzeit_burscheid_roesrath_02.jpg\" title=\"Hochzeit Burscheid Roesrath 02\" alt=\"hochzeit_burscheid_roesrath_02\" width=\"1024\" height=\"767\" srcset=\"https:\/\/stefanierothfotografie.de\/blog\/wp-content\/uploads\/2016\/12\/hochzeit_burscheid_roesrath_02.jpg 1024w, https:\/\/stefanierothfotografie.de\/blog\/wp-content\/uploads\/2016\/12\/hochzeit_burscheid_roesrath_02-300x225.jpg 300w, https:\/\/stefanierothfotografie.de\/blog\/wp-content\/uploads\/2016\/12\/hochzeit_burscheid_roesrath_02-768x575.jpg 768w\" sizes=\"auto, (max-width: 1024px) 100vw, 1024px\" \/><\/a><\/p>\n<p><strong>Brautpaar<\/strong>\u00a0Julia &amp; Nikolas<br \/>\n<strong>Hochzeitslocation<\/strong>\u00a0<a href=\"http:\/\/www.gutlandscheid.de\" title=\"Gut Landscheid, Burscheid\" title=\"Gut Landscheid In Burscheid Im Bergischen\">Gut Landscheid in Burscheid im Bergischen<\/a><\/p>\n<p><strong>Liebe Julia, ein Brautkleid ist ein Statement. Wie und wo hast Du Dein Brautkleid entdeckt und was gef\u00e4llt Dir an dem Kleid besonders gut?<\/strong><\/p>\n<p>Ich hatte leider nicht das Gl\u00fcck mein Traumkleid auf Anhieb zu finden. Ich war mit meiner Mama im Brautmodenladen, probierte einige Kleider an und entschied mich dann f\u00fcr ein Kleid. Leider merkte ich schon am n\u00e4chsten Morgen, dass es nicht mein Kleid war! Doch\u00a0es ist ja nicht so einfach m\u00f6glich ein Brautkleid umzutauschen \u2013 im Gegenteil! Da das Brautmodengesch\u00e4ft aber kulant war, habe ich dort dann doch noch mein Traumkleid gefunden. Besonders liebe ich an dem Kleid den tiefen und mit kleinen Perlen und Steinchen verzierten R\u00fcckenausschnitt und dass es eine sch\u00f6ne Leichtigkeit ausstrahlt.<\/p>\n<p><strong>Wo kommt der Anzug her? Hat Dein Ehemann ihn alleine gekauft oder hatte er Unterst\u00fctzung?<br \/>\n<\/strong><em><br \/>\n<\/em>Den Anzug hat mein Mann in Begleitung seiner Eltern bei einem Herrenausstatter in K\u00f6ln gekauft. Ich durfte auch dabei sein! Wir haben uns f\u00fcr einen sch\u00f6nen klassischen Smoking mit schwarzer Fliege entschieden. Ich finde es war einfach das perfekte Outfit f\u00fcr meinen Mann.<\/p>\n<p><a class=\"img\" href=\"https:\/\/stefanierothfotografie.de\/blog\/wp-content\/uploads\/2016\/12\/hochzeit_burscheid_roesrath_03.jpg\" title=\"Hochzeit Burscheid Roesrath 03\"><img loading=\"lazy\" decoding=\"async\" class=\"aligncenter size-full wp-image-1759\" src=\"https:\/\/stefanierothfotografie.de\/blog\/wp-content\/uploads\/2016\/12\/hochzeit_burscheid_roesrath_03.jpg\" title=\"Hochzeit Burscheid Roesrath 03\" alt=\"hochzeit_burscheid_roesrath_03\" width=\"1024\" height=\"684\" srcset=\"https:\/\/stefanierothfotografie.de\/blog\/wp-content\/uploads\/2016\/12\/hochzeit_burscheid_roesrath_03.jpg 1024w, https:\/\/stefanierothfotografie.de\/blog\/wp-content\/uploads\/2016\/12\/hochzeit_burscheid_roesrath_03-300x200.jpg 300w, https:\/\/stefanierothfotografie.de\/blog\/wp-content\/uploads\/2016\/12\/hochzeit_burscheid_roesrath_03-768x513.jpg 768w\" sizes=\"auto, (max-width: 1024px) 100vw, 1024px\" \/><\/a> <a class=\"img\" href=\"https:\/\/stefanierothfotografie.de\/blog\/wp-content\/uploads\/2016\/12\/hochzeit_burscheid_roesrath_04.jpg\" title=\"Hochzeit Burscheid Roesrath 04\"><img loading=\"lazy\" decoding=\"async\" class=\"aligncenter size-full wp-image-1760\" src=\"https:\/\/stefanierothfotografie.de\/blog\/wp-content\/uploads\/2016\/12\/hochzeit_burscheid_roesrath_04.jpg\" title=\"Hochzeit Burscheid Roesrath 04\" alt=\"hochzeit_burscheid_roesrath_04\" width=\"1024\" height=\"1535\" srcset=\"https:\/\/stefanierothfotografie.de\/blog\/wp-content\/uploads\/2016\/12\/hochzeit_burscheid_roesrath_04.jpg 1024w, https:\/\/stefanierothfotografie.de\/blog\/wp-content\/uploads\/2016\/12\/hochzeit_burscheid_roesrath_04-200x300.jpg 200w, https:\/\/stefanierothfotografie.de\/blog\/wp-content\/uploads\/2016\/12\/hochzeit_burscheid_roesrath_04-768x1151.jpg 768w, https:\/\/stefanierothfotografie.de\/blog\/wp-content\/uploads\/2016\/12\/hochzeit_burscheid_roesrath_04-683x1024.jpg 683w\" sizes=\"auto, (max-width: 1024px) 100vw, 1024px\" \/><\/a> <a class=\"img\" href=\"https:\/\/stefanierothfotografie.de\/blog\/wp-content\/uploads\/2016\/12\/hochzeit_burscheid_roesrath_05.jpg\" title=\"Hochzeit Burscheid Roesrath 05\"><img loading=\"lazy\" decoding=\"async\" class=\"aligncenter size-full wp-image-1761\" src=\"https:\/\/stefanierothfotografie.de\/blog\/wp-content\/uploads\/2016\/12\/hochzeit_burscheid_roesrath_05.jpg\" title=\"Hochzeit Burscheid Roesrath 05\" alt=\"hochzeit_burscheid_roesrath_05\" width=\"1024\" height=\"767\" srcset=\"https:\/\/stefanierothfotografie.de\/blog\/wp-content\/uploads\/2016\/12\/hochzeit_burscheid_roesrath_05.jpg 1024w, https:\/\/stefanierothfotografie.de\/blog\/wp-content\/uploads\/2016\/12\/hochzeit_burscheid_roesrath_05-300x225.jpg 300w, https:\/\/stefanierothfotografie.de\/blog\/wp-content\/uploads\/2016\/12\/hochzeit_burscheid_roesrath_05-768x575.jpg 768w\" sizes=\"auto, (max-width: 1024px) 100vw, 1024px\" \/><\/a> <a class=\"img\" href=\"https:\/\/stefanierothfotografie.de\/blog\/wp-content\/uploads\/2016\/12\/hochzeit_burscheid_roesrath_06.jpg\" title=\"Hochzeit Burscheid Roesrath 06\"><img loading=\"lazy\" decoding=\"async\" class=\"aligncenter size-full wp-image-1762\" src=\"https:\/\/stefanierothfotografie.de\/blog\/wp-content\/uploads\/2016\/12\/hochzeit_burscheid_roesrath_06.jpg\" title=\"Hochzeit Burscheid Roesrath 06\" alt=\"hochzeit_burscheid_roesrath_06\" width=\"1024\" height=\"684\" srcset=\"https:\/\/stefanierothfotografie.de\/blog\/wp-content\/uploads\/2016\/12\/hochzeit_burscheid_roesrath_06.jpg 1024w, https:\/\/stefanierothfotografie.de\/blog\/wp-content\/uploads\/2016\/12\/hochzeit_burscheid_roesrath_06-300x200.jpg 300w, https:\/\/stefanierothfotografie.de\/blog\/wp-content\/uploads\/2016\/12\/hochzeit_burscheid_roesrath_06-768x513.jpg 768w\" sizes=\"auto, (max-width: 1024px) 100vw, 1024px\" \/><\/a> <a class=\"img\" href=\"https:\/\/stefanierothfotografie.de\/blog\/wp-content\/uploads\/2016\/12\/hochzeit_burscheid_roesrath_07.jpg\" title=\"Hochzeit Burscheid Roesrath 07\"><img loading=\"lazy\" decoding=\"async\" class=\"aligncenter size-full wp-image-1763\" src=\"https:\/\/stefanierothfotografie.de\/blog\/wp-content\/uploads\/2016\/12\/hochzeit_burscheid_roesrath_07.jpg\" title=\"Hochzeit Burscheid Roesrath 07\" alt=\"hochzeit_burscheid_roesrath_07\" width=\"1024\" height=\"767\" srcset=\"https:\/\/stefanierothfotografie.de\/blog\/wp-content\/uploads\/2016\/12\/hochzeit_burscheid_roesrath_07.jpg 1024w, https:\/\/stefanierothfotografie.de\/blog\/wp-content\/uploads\/2016\/12\/hochzeit_burscheid_roesrath_07-300x225.jpg 300w, https:\/\/stefanierothfotografie.de\/blog\/wp-content\/uploads\/2016\/12\/hochzeit_burscheid_roesrath_07-768x575.jpg 768w\" sizes=\"auto, (max-width: 1024px) 100vw, 1024px\" \/><\/a> <a class=\"img\" href=\"https:\/\/stefanierothfotografie.de\/blog\/wp-content\/uploads\/2016\/12\/hochzeit_burscheid_roesrath_08.jpg\" title=\"Hochzeit Burscheid Roesrath 08\"><img loading=\"lazy\" decoding=\"async\" class=\"aligncenter size-full wp-image-1764\" src=\"https:\/\/stefanierothfotografie.de\/blog\/wp-content\/uploads\/2016\/12\/hochzeit_burscheid_roesrath_08.jpg\" title=\"Hochzeit Burscheid Roesrath 08\" alt=\"hochzeit_burscheid_roesrath_08\" width=\"1024\" height=\"1535\" srcset=\"https:\/\/stefanierothfotografie.de\/blog\/wp-content\/uploads\/2016\/12\/hochzeit_burscheid_roesrath_08.jpg 1024w, https:\/\/stefanierothfotografie.de\/blog\/wp-content\/uploads\/2016\/12\/hochzeit_burscheid_roesrath_08-200x300.jpg 200w, https:\/\/stefanierothfotografie.de\/blog\/wp-content\/uploads\/2016\/12\/hochzeit_burscheid_roesrath_08-768x1151.jpg 768w, https:\/\/stefanierothfotografie.de\/blog\/wp-content\/uploads\/2016\/12\/hochzeit_burscheid_roesrath_08-683x1024.jpg 683w\" sizes=\"auto, (max-width: 1024px) 100vw, 1024px\" \/><\/a> <a class=\"img\" href=\"https:\/\/stefanierothfotografie.de\/blog\/wp-content\/uploads\/2016\/12\/hochzeit_burscheid_roesrath_09.jpg\" title=\"Hochzeit Burscheid Roesrath 09\"><img loading=\"lazy\" decoding=\"async\" class=\"aligncenter size-full wp-image-1765\" src=\"https:\/\/stefanierothfotografie.de\/blog\/wp-content\/uploads\/2016\/12\/hochzeit_burscheid_roesrath_09.jpg\" title=\"Hochzeit Burscheid Roesrath 09\" alt=\"hochzeit_burscheid_roesrath_09\" width=\"1024\" height=\"767\" srcset=\"https:\/\/stefanierothfotografie.de\/blog\/wp-content\/uploads\/2016\/12\/hochzeit_burscheid_roesrath_09.jpg 1024w, https:\/\/stefanierothfotografie.de\/blog\/wp-content\/uploads\/2016\/12\/hochzeit_burscheid_roesrath_09-300x225.jpg 300w, https:\/\/stefanierothfotografie.de\/blog\/wp-content\/uploads\/2016\/12\/hochzeit_burscheid_roesrath_09-768x575.jpg 768w\" sizes=\"auto, (max-width: 1024px) 100vw, 1024px\" \/><\/a> <a class=\"img\" href=\"https:\/\/stefanierothfotografie.de\/blog\/wp-content\/uploads\/2016\/12\/hochzeit_burscheid_roesrath_10.jpg\" title=\"Hochzeit Burscheid Roesrath 10\"><img loading=\"lazy\" decoding=\"async\" class=\"aligncenter size-full wp-image-1766\" src=\"https:\/\/stefanierothfotografie.de\/blog\/wp-content\/uploads\/2016\/12\/hochzeit_burscheid_roesrath_10.jpg\" title=\"Hochzeit Burscheid Roesrath 10\" alt=\"hochzeit_burscheid_roesrath_10\" width=\"1024\" height=\"1535\" srcset=\"https:\/\/stefanierothfotografie.de\/blog\/wp-content\/uploads\/2016\/12\/hochzeit_burscheid_roesrath_10.jpg 1024w, https:\/\/stefanierothfotografie.de\/blog\/wp-content\/uploads\/2016\/12\/hochzeit_burscheid_roesrath_10-200x300.jpg 200w, https:\/\/stefanierothfotografie.de\/blog\/wp-content\/uploads\/2016\/12\/hochzeit_burscheid_roesrath_10-768x1151.jpg 768w, https:\/\/stefanierothfotografie.de\/blog\/wp-content\/uploads\/2016\/12\/hochzeit_burscheid_roesrath_10-683x1024.jpg 683w\" sizes=\"auto, (max-width: 1024px) 100vw, 1024px\" \/><\/a> <a class=\"img\" href=\"https:\/\/stefanierothfotografie.de\/blog\/wp-content\/uploads\/2016\/12\/hochzeit_burscheid_roesrath_12.jpg\" title=\"Hochzeit Burscheid Roesrath 12\"><img loading=\"lazy\" decoding=\"async\" class=\"aligncenter size-full wp-image-1768\" src=\"https:\/\/stefanierothfotografie.de\/blog\/wp-content\/uploads\/2016\/12\/hochzeit_burscheid_roesrath_12.jpg\" title=\"Hochzeit Burscheid Roesrath 12\" alt=\"hochzeit_burscheid_roesrath_12\" width=\"1024\" height=\"684\" srcset=\"https:\/\/stefanierothfotografie.de\/blog\/wp-content\/uploads\/2016\/12\/hochzeit_burscheid_roesrath_12.jpg 1024w, https:\/\/stefanierothfotografie.de\/blog\/wp-content\/uploads\/2016\/12\/hochzeit_burscheid_roesrath_12-300x200.jpg 300w, https:\/\/stefanierothfotografie.de\/blog\/wp-content\/uploads\/2016\/12\/hochzeit_burscheid_roesrath_12-768x513.jpg 768w\" sizes=\"auto, (max-width: 1024px) 100vw, 1024px\" \/><\/a> <a class=\"img\" href=\"https:\/\/stefanierothfotografie.de\/blog\/wp-content\/uploads\/2016\/12\/hochzeit_burscheid_roesrath_13.jpg\" title=\"Hochzeit Burscheid Roesrath 13\"><img loading=\"lazy\" decoding=\"async\" class=\"aligncenter size-full wp-image-1769\" src=\"https:\/\/stefanierothfotografie.de\/blog\/wp-content\/uploads\/2016\/12\/hochzeit_burscheid_roesrath_13.jpg\" title=\"Hochzeit Burscheid Roesrath 13\" alt=\"hochzeit_burscheid_roesrath_13\" width=\"1024\" height=\"684\" srcset=\"https:\/\/stefanierothfotografie.de\/blog\/wp-content\/uploads\/2016\/12\/hochzeit_burscheid_roesrath_13.jpg 1024w, https:\/\/stefanierothfotografie.de\/blog\/wp-content\/uploads\/2016\/12\/hochzeit_burscheid_roesrath_13-300x200.jpg 300w, https:\/\/stefanierothfotografie.de\/blog\/wp-content\/uploads\/2016\/12\/hochzeit_burscheid_roesrath_13-768x513.jpg 768w\" sizes=\"auto, (max-width: 1024px) 100vw, 1024px\" \/><\/a><a class=\"img\" href=\"https:\/\/stefanierothfotografie.de\/blog\/wp-content\/uploads\/2016\/12\/hochzeit_burscheid_roesrath_15.jpg\" title=\"Hochzeit Burscheid Roesrath 15\"><img loading=\"lazy\" decoding=\"async\" class=\"aligncenter size-full wp-image-1771\" src=\"https:\/\/stefanierothfotografie.de\/blog\/wp-content\/uploads\/2016\/12\/hochzeit_burscheid_roesrath_15.jpg\" title=\"Hochzeit Burscheid Roesrath 15\" alt=\"hochzeit_burscheid_roesrath_15\" width=\"1024\" height=\"684\" srcset=\"https:\/\/stefanierothfotografie.de\/blog\/wp-content\/uploads\/2016\/12\/hochzeit_burscheid_roesrath_15.jpg 1024w, https:\/\/stefanierothfotografie.de\/blog\/wp-content\/uploads\/2016\/12\/hochzeit_burscheid_roesrath_15-300x200.jpg 300w, https:\/\/stefanierothfotografie.de\/blog\/wp-content\/uploads\/2016\/12\/hochzeit_burscheid_roesrath_15-768x513.jpg 768w\" sizes=\"auto, (max-width: 1024px) 100vw, 1024px\" \/><\/a> <a class=\"img\" href=\"https:\/\/stefanierothfotografie.de\/blog\/wp-content\/uploads\/2016\/12\/hochzeit_burscheid_roesrath_16.jpg\" title=\"Hochzeit Burscheid Roesrath 16\"><img loading=\"lazy\" decoding=\"async\" class=\"aligncenter size-full wp-image-1772\" src=\"https:\/\/stefanierothfotografie.de\/blog\/wp-content\/uploads\/2016\/12\/hochzeit_burscheid_roesrath_16.jpg\" title=\"Hochzeit Burscheid Roesrath 16\" alt=\"hochzeit_burscheid_roesrath_16\" width=\"1024\" height=\"684\" srcset=\"https:\/\/stefanierothfotografie.de\/blog\/wp-content\/uploads\/2016\/12\/hochzeit_burscheid_roesrath_16.jpg 1024w, https:\/\/stefanierothfotografie.de\/blog\/wp-content\/uploads\/2016\/12\/hochzeit_burscheid_roesrath_16-300x200.jpg 300w, https:\/\/stefanierothfotografie.de\/blog\/wp-content\/uploads\/2016\/12\/hochzeit_burscheid_roesrath_16-768x513.jpg 768w\" sizes=\"auto, (max-width: 1024px) 100vw, 1024px\" \/><\/a><\/p>\n<p><strong>Welches war f\u00fcr Dich der sch\u00f6nste Hochzeitsmoment?<\/strong><\/p>\n<p>Hui, dass ist schwer zu sagen. Es gab so viele tolle Momente. Mein Mann und ich habe es einfach ganz wunderbar gefunden, dass alle sich so mit uns gefreut haben und bis in die fr\u00fchen Morgenstunden ausgelassen mit uns gefeiert haben\u2026<\/p>\n<p><strong>\u00a0Wie stellst Du Dir Eure gemeinsame Zukunft vor?<\/strong><\/p>\n<h3 style=\"text-align: center;\">Liebe ist das gr\u00f6\u00dfte Abenteuer des menschlichen Herzens.<br \/>\nSie ver\u00e4ndert alles, dein Denken und dein Tun,<br \/>\ndein F\u00fchlen und dein Sprechen.<br \/>\nDein ganzes Leben.<br \/>\nPhil Bosmans<\/h3>\n<p>Ganz nach diesem sch\u00f6nen Zitat, freue ich mich auf eine ereignisreiche gemeinsame Zukunft, voller Abenteuer, die wir zusammen erleben werden!<\/p>\n<p><a class=\"img\" href=\"https:\/\/stefanierothfotografie.de\/blog\/wp-content\/uploads\/2016\/12\/hochzeit_burscheid_roesrath_17.jpg\" title=\"Hochzeit Burscheid Roesrath 17\"><img loading=\"lazy\" decoding=\"async\" class=\"aligncenter size-full wp-image-1773\" src=\"https:\/\/stefanierothfotografie.de\/blog\/wp-content\/uploads\/2016\/12\/hochzeit_burscheid_roesrath_17.jpg\" title=\"Hochzeit Burscheid Roesrath 17\" alt=\"hochzeit_burscheid_roesrath_17\" width=\"1024\" height=\"1535\" srcset=\"https:\/\/stefanierothfotografie.de\/blog\/wp-content\/uploads\/2016\/12\/hochzeit_burscheid_roesrath_17.jpg 1024w, https:\/\/stefanierothfotografie.de\/blog\/wp-content\/uploads\/2016\/12\/hochzeit_burscheid_roesrath_17-200x300.jpg 200w, https:\/\/stefanierothfotografie.de\/blog\/wp-content\/uploads\/2016\/12\/hochzeit_burscheid_roesrath_17-768x1151.jpg 768w, https:\/\/stefanierothfotografie.de\/blog\/wp-content\/uploads\/2016\/12\/hochzeit_burscheid_roesrath_17-683x1024.jpg 683w\" sizes=\"auto, (max-width: 1024px) 100vw, 1024px\" \/><\/a> <a class=\"img\" href=\"https:\/\/stefanierothfotografie.de\/blog\/wp-content\/uploads\/2016\/12\/hochzeit_burscheid_roesrath_18.jpg\" title=\"Hochzeit Burscheid Roesrath 18\"><img loading=\"lazy\" decoding=\"async\" class=\"aligncenter size-full wp-image-1774\" src=\"https:\/\/stefanierothfotografie.de\/blog\/wp-content\/uploads\/2016\/12\/hochzeit_burscheid_roesrath_18.jpg\" title=\"Hochzeit Burscheid Roesrath 18\" alt=\"hochzeit_burscheid_roesrath_18\" width=\"1024\" height=\"684\" srcset=\"https:\/\/stefanierothfotografie.de\/blog\/wp-content\/uploads\/2016\/12\/hochzeit_burscheid_roesrath_18.jpg 1024w, https:\/\/stefanierothfotografie.de\/blog\/wp-content\/uploads\/2016\/12\/hochzeit_burscheid_roesrath_18-300x200.jpg 300w, https:\/\/stefanierothfotografie.de\/blog\/wp-content\/uploads\/2016\/12\/hochzeit_burscheid_roesrath_18-768x513.jpg 768w\" sizes=\"auto, (max-width: 1024px) 100vw, 1024px\" \/><\/a> <a class=\"img\" href=\"https:\/\/stefanierothfotografie.de\/blog\/wp-content\/uploads\/2016\/12\/hochzeit_burscheid_roesrath_19.jpg\" title=\"Hochzeit Burscheid Roesrath 19\"><img loading=\"lazy\" decoding=\"async\" class=\"aligncenter size-full wp-image-1775\" src=\"https:\/\/stefanierothfotografie.de\/blog\/wp-content\/uploads\/2016\/12\/hochzeit_burscheid_roesrath_19.jpg\" title=\"Hochzeit Burscheid Roesrath 19\" alt=\"hochzeit_burscheid_roesrath_19\" width=\"1024\" height=\"684\" srcset=\"https:\/\/stefanierothfotografie.de\/blog\/wp-content\/uploads\/2016\/12\/hochzeit_burscheid_roesrath_19.jpg 1024w, https:\/\/stefanierothfotografie.de\/blog\/wp-content\/uploads\/2016\/12\/hochzeit_burscheid_roesrath_19-300x200.jpg 300w, https:\/\/stefanierothfotografie.de\/blog\/wp-content\/uploads\/2016\/12\/hochzeit_burscheid_roesrath_19-768x513.jpg 768w\" sizes=\"auto, (max-width: 1024px) 100vw, 1024px\" \/><\/a> <a class=\"img\" href=\"https:\/\/stefanierothfotografie.de\/blog\/wp-content\/uploads\/2016\/12\/hochzeit_burscheid_roesrath_20.jpg\" title=\"Hochzeit Burscheid Roesrath 20\"><img loading=\"lazy\" decoding=\"async\" class=\"aligncenter size-full wp-image-1776\" src=\"https:\/\/stefanierothfotografie.de\/blog\/wp-content\/uploads\/2016\/12\/hochzeit_burscheid_roesrath_20.jpg\" title=\"Hochzeit Burscheid Roesrath 20\" alt=\"hochzeit_burscheid_roesrath_20\" width=\"1024\" height=\"684\" srcset=\"https:\/\/stefanierothfotografie.de\/blog\/wp-content\/uploads\/2016\/12\/hochzeit_burscheid_roesrath_20.jpg 1024w, https:\/\/stefanierothfotografie.de\/blog\/wp-content\/uploads\/2016\/12\/hochzeit_burscheid_roesrath_20-300x200.jpg 300w, https:\/\/stefanierothfotografie.de\/blog\/wp-content\/uploads\/2016\/12\/hochzeit_burscheid_roesrath_20-768x513.jpg 768w\" sizes=\"auto, (max-width: 1024px) 100vw, 1024px\" \/><\/a> <a class=\"img\" href=\"https:\/\/stefanierothfotografie.de\/blog\/wp-content\/uploads\/2016\/12\/hochzeit_burscheid_roesrath_21.jpg\" title=\"Hochzeit Burscheid Roesrath 21\"><img loading=\"lazy\" decoding=\"async\" class=\"aligncenter size-full wp-image-1777\" src=\"https:\/\/stefanierothfotografie.de\/blog\/wp-content\/uploads\/2016\/12\/hochzeit_burscheid_roesrath_21.jpg\" title=\"Hochzeit Burscheid Roesrath 21\" alt=\"hochzeit_burscheid_roesrath_21\" width=\"1024\" height=\"767\" srcset=\"https:\/\/stefanierothfotografie.de\/blog\/wp-content\/uploads\/2016\/12\/hochzeit_burscheid_roesrath_21.jpg 1024w, https:\/\/stefanierothfotografie.de\/blog\/wp-content\/uploads\/2016\/12\/hochzeit_burscheid_roesrath_21-300x225.jpg 300w, https:\/\/stefanierothfotografie.de\/blog\/wp-content\/uploads\/2016\/12\/hochzeit_burscheid_roesrath_21-768x575.jpg 768w\" sizes=\"auto, (max-width: 1024px) 100vw, 1024px\" \/><\/a> <a class=\"img\" href=\"https:\/\/stefanierothfotografie.de\/blog\/wp-content\/uploads\/2016\/12\/hochzeit_burscheid_roesrath_22.jpg\" title=\"Hochzeit Burscheid Roesrath 22\"><img loading=\"lazy\" decoding=\"async\" class=\"aligncenter size-full wp-image-1778\" src=\"https:\/\/stefanierothfotografie.de\/blog\/wp-content\/uploads\/2016\/12\/hochzeit_burscheid_roesrath_22.jpg\" title=\"Hochzeit Burscheid Roesrath 22\" alt=\"hochzeit_burscheid_roesrath_22\" width=\"1024\" height=\"684\" srcset=\"https:\/\/stefanierothfotografie.de\/blog\/wp-content\/uploads\/2016\/12\/hochzeit_burscheid_roesrath_22.jpg 1024w, https:\/\/stefanierothfotografie.de\/blog\/wp-content\/uploads\/2016\/12\/hochzeit_burscheid_roesrath_22-300x200.jpg 300w, https:\/\/stefanierothfotografie.de\/blog\/wp-content\/uploads\/2016\/12\/hochzeit_burscheid_roesrath_22-768x513.jpg 768w\" sizes=\"auto, (max-width: 1024px) 100vw, 1024px\" \/><\/a> <a class=\"img\" href=\"https:\/\/stefanierothfotografie.de\/blog\/wp-content\/uploads\/2016\/12\/hochzeit_burscheid_roesrath_23.jpg\" title=\"Hochzeit Burscheid Roesrath 23\"><img loading=\"lazy\" decoding=\"async\" class=\"aligncenter size-full wp-image-1779\" src=\"https:\/\/stefanierothfotografie.de\/blog\/wp-content\/uploads\/2016\/12\/hochzeit_burscheid_roesrath_23.jpg\" title=\"Hochzeit Burscheid Roesrath 23\" alt=\"hochzeit_burscheid_roesrath_23\" width=\"1024\" height=\"684\" srcset=\"https:\/\/stefanierothfotografie.de\/blog\/wp-content\/uploads\/2016\/12\/hochzeit_burscheid_roesrath_23.jpg 1024w, https:\/\/stefanierothfotografie.de\/blog\/wp-content\/uploads\/2016\/12\/hochzeit_burscheid_roesrath_23-300x200.jpg 300w, https:\/\/stefanierothfotografie.de\/blog\/wp-content\/uploads\/2016\/12\/hochzeit_burscheid_roesrath_23-768x513.jpg 768w\" sizes=\"auto, (max-width: 1024px) 100vw, 1024px\" \/><\/a> <a class=\"img\" href=\"https:\/\/stefanierothfotografie.de\/blog\/wp-content\/uploads\/2016\/12\/hochzeit_burscheid_roesrath_24.jpg\" title=\"Hochzeit Burscheid Roesrath 24\"><img loading=\"lazy\" decoding=\"async\" class=\"aligncenter size-full wp-image-1780\" src=\"https:\/\/stefanierothfotografie.de\/blog\/wp-content\/uploads\/2016\/12\/hochzeit_burscheid_roesrath_24.jpg\" title=\"Hochzeit Burscheid Roesrath 24\" alt=\"hochzeit_burscheid_roesrath_24\" width=\"1024\" height=\"767\" srcset=\"https:\/\/stefanierothfotografie.de\/blog\/wp-content\/uploads\/2016\/12\/hochzeit_burscheid_roesrath_24.jpg 1024w, https:\/\/stefanierothfotografie.de\/blog\/wp-content\/uploads\/2016\/12\/hochzeit_burscheid_roesrath_24-300x225.jpg 300w, https:\/\/stefanierothfotografie.de\/blog\/wp-content\/uploads\/2016\/12\/hochzeit_burscheid_roesrath_24-768x575.jpg 768w\" sizes=\"auto, (max-width: 1024px) 100vw, 1024px\" \/><\/a> <a class=\"img\" href=\"https:\/\/stefanierothfotografie.de\/blog\/wp-content\/uploads\/2016\/12\/hochzeit_burscheid_roesrath_25.jpg\" title=\"Hochzeit Burscheid Roesrath 25\"><img loading=\"lazy\" decoding=\"async\" class=\"aligncenter size-full wp-image-1781\" src=\"https:\/\/stefanierothfotografie.de\/blog\/wp-content\/uploads\/2016\/12\/hochzeit_burscheid_roesrath_25.jpg\" title=\"Hochzeit Burscheid Roesrath 25\" alt=\"hochzeit_burscheid_roesrath_25\" width=\"1024\" height=\"684\" srcset=\"https:\/\/stefanierothfotografie.de\/blog\/wp-content\/uploads\/2016\/12\/hochzeit_burscheid_roesrath_25.jpg 1024w, https:\/\/stefanierothfotografie.de\/blog\/wp-content\/uploads\/2016\/12\/hochzeit_burscheid_roesrath_25-300x200.jpg 300w, https:\/\/stefanierothfotografie.de\/blog\/wp-content\/uploads\/2016\/12\/hochzeit_burscheid_roesrath_25-768x513.jpg 768w\" sizes=\"auto, (max-width: 1024px) 100vw, 1024px\" \/><\/a> <a class=\"img\" href=\"https:\/\/stefanierothfotografie.de\/blog\/wp-content\/uploads\/2016\/12\/hochzeit_burscheid_roesrath_26.jpg\" title=\"Hochzeit Burscheid Roesrath 27\"><img loading=\"lazy\" decoding=\"async\" class=\"aligncenter size-full wp-image-1783\" src=\"https:\/\/stefanierothfotografie.de\/blog\/wp-content\/uploads\/2016\/12\/hochzeit_burscheid_roesrath_27.jpg\" alt=\"hochzeit_burscheid_roesrath_27\" width=\"1024\" height=\"767\" srcset=\"https:\/\/stefanierothfotografie.de\/blog\/wp-content\/uploads\/2016\/12\/hochzeit_burscheid_roesrath_27.jpg 1024w, https:\/\/stefanierothfotografie.de\/blog\/wp-content\/uploads\/2016\/12\/hochzeit_burscheid_roesrath_27-300x225.jpg 300w, https:\/\/stefanierothfotografie.de\/blog\/wp-content\/uploads\/2016\/12\/hochzeit_burscheid_roesrath_27-768x575.jpg 768w\" sizes=\"auto, (max-width: 1024px) 100vw, 1024px\" \/><img loading=\"lazy\" decoding=\"async\" class=\"aligncenter size-full wp-image-1782\" src=\"https:\/\/stefanierothfotografie.de\/blog\/wp-content\/uploads\/2016\/12\/hochzeit_burscheid_roesrath_26.jpg\" title=\"Hochzeit Burscheid Roesrath 27\" alt=\"hochzeit_burscheid_roesrath_26\" width=\"1024\" height=\"1535\" srcset=\"https:\/\/stefanierothfotografie.de\/blog\/wp-content\/uploads\/2016\/12\/hochzeit_burscheid_roesrath_26.jpg 1024w, https:\/\/stefanierothfotografie.de\/blog\/wp-content\/uploads\/2016\/12\/hochzeit_burscheid_roesrath_26-200x300.jpg 200w, https:\/\/stefanierothfotografie.de\/blog\/wp-content\/uploads\/2016\/12\/hochzeit_burscheid_roesrath_26-768x1151.jpg 768w, https:\/\/stefanierothfotografie.de\/blog\/wp-content\/uploads\/2016\/12\/hochzeit_burscheid_roesrath_26-683x1024.jpg 683w\" sizes=\"auto, (max-width: 1024px) 100vw, 1024px\" \/><\/a><a class=\"img\" href=\"https:\/\/stefanierothfotografie.de\/blog\/wp-content\/uploads\/2016\/12\/hochzeit_burscheid_roesrath_29.jpg\" title=\"Hochzeit Burscheid Roesrath 29\"><img loading=\"lazy\" decoding=\"async\" class=\"aligncenter size-full wp-image-1785\" src=\"https:\/\/stefanierothfotografie.de\/blog\/wp-content\/uploads\/2016\/12\/hochzeit_burscheid_roesrath_29.jpg\" title=\"Hochzeit Burscheid Roesrath 29\" alt=\"hochzeit_burscheid_roesrath_29\" width=\"1024\" height=\"767\" srcset=\"https:\/\/stefanierothfotografie.de\/blog\/wp-content\/uploads\/2016\/12\/hochzeit_burscheid_roesrath_29.jpg 1024w, https:\/\/stefanierothfotografie.de\/blog\/wp-content\/uploads\/2016\/12\/hochzeit_burscheid_roesrath_29-300x225.jpg 300w, https:\/\/stefanierothfotografie.de\/blog\/wp-content\/uploads\/2016\/12\/hochzeit_burscheid_roesrath_29-768x575.jpg 768w\" sizes=\"auto, (max-width: 1024px) 100vw, 1024px\" \/><\/a><\/p>\n<p><strong>Beschreibe Eure Hochzeitslocation?<\/strong><\/p>\n<p>Wir haben auf Gut Landscheid gefeiert. Besonders gefallen hat uns zum einen die tolle romantische Lage mitten im Gr\u00fcnen, perfekt erg\u00e4nzt durch tolle R\u00e4umlichkeiten mit einer Mischung aus historischer und moderner Architektur. Da wir mit traumhaften Wetter begl\u00fcckt wurden, konnten wir unsere Hochzeitstorte auf der wunderbaren Terrasse servieren und mit unseren G\u00e4sten im sch\u00f6nsten Sonnenschein den Nachmittag genie\u00dfen.<\/p>\n<p>Wir haben uns sehr gefreut, so eine tolle Location, mit super nettem und zuvorkommenden Service gefunden zu haben. Auch unsere G\u00e4ste waren total begeistert. Was uns auch besonders gut gefallen hat ist, dass ein Hotelbetrieb (mit wundersch\u00f6nen Zimmern) angeschlossen ist und wir mit unseren Liebsten dort \u00fcbernachtet haben und so die Feier mit einem gemeinsamen Fr\u00fchst\u00fcck am n\u00e4chsten Morgen ausklingen lassen konnten.<\/p>\n<p><strong>Eure Hochzeit war wundervoll. Was hat Eure Hochzeit f\u00fcr Dich zu einer echten Traumhochzeit gemacht?<\/strong><\/p>\n<p>Oh, da gab es so viel! Zun\u00e4chst einmal hatten wir Riesen-Gl\u00fcck mit dem Wetter. Nachdem es die Tage zuvor nur geregnet hat, waren wir umso gl\u00fccklicher, dass an unserm Tag die Sonne schien.<\/p>\n<p>Dann haben nat\u00fcrlich unsere Familie und Freunde unseren Tag durch viele kleine und gro\u00dfe \u00dcberraschungen perfekt gemacht. Besonders ber\u00fchrt hat uns, dass sich so viele unserer G\u00e4ste so sehr auf unsere Hochzeit gefreut haben und alle beste Laune hatten.<\/p>\n<p><a class=\"img\" href=\"https:\/\/stefanierothfotografie.de\/blog\/wp-content\/uploads\/2016\/12\/hochzeit_burscheid_roesrath_30.jpg\" title=\"Hochzeit Burscheid Roesrath 30\"><img loading=\"lazy\" decoding=\"async\" class=\"aligncenter size-full wp-image-1786\" src=\"https:\/\/stefanierothfotografie.de\/blog\/wp-content\/uploads\/2016\/12\/hochzeit_burscheid_roesrath_30.jpg\" title=\"Hochzeit Burscheid Roesrath 30\" alt=\"hochzeit_burscheid_roesrath_30\" width=\"1024\" height=\"1535\" srcset=\"https:\/\/stefanierothfotografie.de\/blog\/wp-content\/uploads\/2016\/12\/hochzeit_burscheid_roesrath_30.jpg 1024w, https:\/\/stefanierothfotografie.de\/blog\/wp-content\/uploads\/2016\/12\/hochzeit_burscheid_roesrath_30-200x300.jpg 200w, https:\/\/stefanierothfotografie.de\/blog\/wp-content\/uploads\/2016\/12\/hochzeit_burscheid_roesrath_30-768x1151.jpg 768w, https:\/\/stefanierothfotografie.de\/blog\/wp-content\/uploads\/2016\/12\/hochzeit_burscheid_roesrath_30-683x1024.jpg 683w\" sizes=\"auto, (max-width: 1024px) 100vw, 1024px\" \/><\/a> <a class=\"img\" href=\"https:\/\/stefanierothfotografie.de\/blog\/wp-content\/uploads\/2016\/12\/hochzeit_burscheid_roesrath_31.jpg\" title=\"Hochzeit Burscheid Roesrath 31\"><img loading=\"lazy\" decoding=\"async\" class=\"aligncenter size-full wp-image-1787\" src=\"https:\/\/stefanierothfotografie.de\/blog\/wp-content\/uploads\/2016\/12\/hochzeit_burscheid_roesrath_31.jpg\" title=\"Hochzeit Burscheid Roesrath 31\" alt=\"hochzeit_burscheid_roesrath_31\" width=\"1024\" height=\"767\" srcset=\"https:\/\/stefanierothfotografie.de\/blog\/wp-content\/uploads\/2016\/12\/hochzeit_burscheid_roesrath_31.jpg 1024w, https:\/\/stefanierothfotografie.de\/blog\/wp-content\/uploads\/2016\/12\/hochzeit_burscheid_roesrath_31-300x225.jpg 300w, https:\/\/stefanierothfotografie.de\/blog\/wp-content\/uploads\/2016\/12\/hochzeit_burscheid_roesrath_31-768x575.jpg 768w\" sizes=\"auto, (max-width: 1024px) 100vw, 1024px\" \/><\/a> <a class=\"img\" href=\"https:\/\/stefanierothfotografie.de\/blog\/wp-content\/uploads\/2016\/12\/hochzeit_burscheid_roesrath_32.jpg\" title=\"Hochzeit Burscheid Roesrath 32\"><img loading=\"lazy\" decoding=\"async\" class=\"aligncenter size-full wp-image-1788\" src=\"https:\/\/stefanierothfotografie.de\/blog\/wp-content\/uploads\/2016\/12\/hochzeit_burscheid_roesrath_32.jpg\" title=\"Hochzeit Burscheid Roesrath 32\" alt=\"hochzeit_burscheid_roesrath_32\" width=\"1024\" height=\"1535\" srcset=\"https:\/\/stefanierothfotografie.de\/blog\/wp-content\/uploads\/2016\/12\/hochzeit_burscheid_roesrath_32.jpg 1024w, https:\/\/stefanierothfotografie.de\/blog\/wp-content\/uploads\/2016\/12\/hochzeit_burscheid_roesrath_32-200x300.jpg 200w, https:\/\/stefanierothfotografie.de\/blog\/wp-content\/uploads\/2016\/12\/hochzeit_burscheid_roesrath_32-768x1151.jpg 768w, https:\/\/stefanierothfotografie.de\/blog\/wp-content\/uploads\/2016\/12\/hochzeit_burscheid_roesrath_32-683x1024.jpg 683w\" sizes=\"auto, (max-width: 1024px) 100vw, 1024px\" \/><\/a> <a class=\"img\" href=\"https:\/\/stefanierothfotografie.de\/blog\/wp-content\/uploads\/2016\/12\/hochzeit_burscheid_roesrath_33.jpg\" title=\"Hochzeit Burscheid Roesrath 33\"><img loading=\"lazy\" decoding=\"async\" class=\"aligncenter size-full wp-image-1789\" src=\"https:\/\/stefanierothfotografie.de\/blog\/wp-content\/uploads\/2016\/12\/hochzeit_burscheid_roesrath_33.jpg\" title=\"Hochzeit Burscheid Roesrath 33\" alt=\"hochzeit_burscheid_roesrath_33\" width=\"1024\" height=\"767\" srcset=\"https:\/\/stefanierothfotografie.de\/blog\/wp-content\/uploads\/2016\/12\/hochzeit_burscheid_roesrath_33.jpg 1024w, https:\/\/stefanierothfotografie.de\/blog\/wp-content\/uploads\/2016\/12\/hochzeit_burscheid_roesrath_33-300x225.jpg 300w, https:\/\/stefanierothfotografie.de\/blog\/wp-content\/uploads\/2016\/12\/hochzeit_burscheid_roesrath_33-768x575.jpg 768w\" sizes=\"auto, (max-width: 1024px) 100vw, 1024px\" \/><\/a> <a class=\"img\" href=\"https:\/\/stefanierothfotografie.de\/blog\/wp-content\/uploads\/2016\/12\/hochzeit_burscheid_roesrath_34.jpg\" title=\"Hochzeit Burscheid Roesrath 34\"><img loading=\"lazy\" decoding=\"async\" class=\"aligncenter size-full wp-image-1790\" src=\"https:\/\/stefanierothfotografie.de\/blog\/wp-content\/uploads\/2016\/12\/hochzeit_burscheid_roesrath_34.jpg\" title=\"Hochzeit Burscheid Roesrath 34\" alt=\"hochzeit_burscheid_roesrath_34\" width=\"1024\" height=\"684\" srcset=\"https:\/\/stefanierothfotografie.de\/blog\/wp-content\/uploads\/2016\/12\/hochzeit_burscheid_roesrath_34.jpg 1024w, https:\/\/stefanierothfotografie.de\/blog\/wp-content\/uploads\/2016\/12\/hochzeit_burscheid_roesrath_34-300x200.jpg 300w, https:\/\/stefanierothfotografie.de\/blog\/wp-content\/uploads\/2016\/12\/hochzeit_burscheid_roesrath_34-768x513.jpg 768w\" sizes=\"auto, (max-width: 1024px) 100vw, 1024px\" \/><\/a> <a class=\"img\" href=\"https:\/\/stefanierothfotografie.de\/blog\/wp-content\/uploads\/2016\/12\/hochzeit_burscheid_roesrath_35.jpg\" title=\"Hochzeit Burscheid Roesrath 35\"><img loading=\"lazy\" decoding=\"async\" class=\"aligncenter size-full wp-image-1791\" src=\"https:\/\/stefanierothfotografie.de\/blog\/wp-content\/uploads\/2016\/12\/hochzeit_burscheid_roesrath_35.jpg\" title=\"Hochzeit Burscheid Roesrath 35\" alt=\"hochzeit_burscheid_roesrath_35\" width=\"1024\" height=\"767\" srcset=\"https:\/\/stefanierothfotografie.de\/blog\/wp-content\/uploads\/2016\/12\/hochzeit_burscheid_roesrath_35.jpg 1024w, https:\/\/stefanierothfotografie.de\/blog\/wp-content\/uploads\/2016\/12\/hochzeit_burscheid_roesrath_35-300x225.jpg 300w, https:\/\/stefanierothfotografie.de\/blog\/wp-content\/uploads\/2016\/12\/hochzeit_burscheid_roesrath_35-768x575.jpg 768w\" sizes=\"auto, (max-width: 1024px) 100vw, 1024px\" \/><\/a> <a class=\"img\" href=\"https:\/\/stefanierothfotografie.de\/blog\/wp-content\/uploads\/2016\/12\/hochzeit_burscheid_roesrath_36.jpg\" title=\"Hochzeit Burscheid Roesrath 36\"><img loading=\"lazy\" decoding=\"async\" class=\"aligncenter size-full wp-image-1792\" src=\"https:\/\/stefanierothfotografie.de\/blog\/wp-content\/uploads\/2016\/12\/hochzeit_burscheid_roesrath_36.jpg\" title=\"Hochzeit Burscheid Roesrath 36\" alt=\"hochzeit_burscheid_roesrath_36\" width=\"1024\" height=\"684\" srcset=\"https:\/\/stefanierothfotografie.de\/blog\/wp-content\/uploads\/2016\/12\/hochzeit_burscheid_roesrath_36.jpg 1024w, https:\/\/stefanierothfotografie.de\/blog\/wp-content\/uploads\/2016\/12\/hochzeit_burscheid_roesrath_36-300x200.jpg 300w, https:\/\/stefanierothfotografie.de\/blog\/wp-content\/uploads\/2016\/12\/hochzeit_burscheid_roesrath_36-768x513.jpg 768w\" sizes=\"auto, (max-width: 1024px) 100vw, 1024px\" \/><\/a> <a class=\"img\" href=\"https:\/\/stefanierothfotografie.de\/blog\/wp-content\/uploads\/2016\/12\/hochzeit_burscheid_roesrath_37.jpg\" title=\"Hochzeit Burscheid Roesrath 37\"><img loading=\"lazy\" decoding=\"async\" class=\"aligncenter size-full wp-image-1793\" src=\"https:\/\/stefanierothfotografie.de\/blog\/wp-content\/uploads\/2016\/12\/hochzeit_burscheid_roesrath_37.jpg\" title=\"Hochzeit Burscheid Roesrath 37\" alt=\"hochzeit_burscheid_roesrath_37\" width=\"1024\" height=\"767\" srcset=\"https:\/\/stefanierothfotografie.de\/blog\/wp-content\/uploads\/2016\/12\/hochzeit_burscheid_roesrath_37.jpg 1024w, https:\/\/stefanierothfotografie.de\/blog\/wp-content\/uploads\/2016\/12\/hochzeit_burscheid_roesrath_37-300x225.jpg 300w, https:\/\/stefanierothfotografie.de\/blog\/wp-content\/uploads\/2016\/12\/hochzeit_burscheid_roesrath_37-768x575.jpg 768w\" sizes=\"auto, (max-width: 1024px) 100vw, 1024px\" \/><\/a> <a class=\"img\" href=\"https:\/\/stefanierothfotografie.de\/blog\/wp-content\/uploads\/2016\/12\/hochzeit_burscheid_roesrath_38.jpg\" title=\"Hochzeit Burscheid Roesrath 38\"><img loading=\"lazy\" decoding=\"async\" class=\"aligncenter size-full wp-image-1794\" src=\"https:\/\/stefanierothfotografie.de\/blog\/wp-content\/uploads\/2016\/12\/hochzeit_burscheid_roesrath_38.jpg\" title=\"Hochzeit Burscheid Roesrath 38\" alt=\"hochzeit_burscheid_roesrath_38\" width=\"1024\" height=\"684\" srcset=\"https:\/\/stefanierothfotografie.de\/blog\/wp-content\/uploads\/2016\/12\/hochzeit_burscheid_roesrath_38.jpg 1024w, https:\/\/stefanierothfotografie.de\/blog\/wp-content\/uploads\/2016\/12\/hochzeit_burscheid_roesrath_38-300x200.jpg 300w, https:\/\/stefanierothfotografie.de\/blog\/wp-content\/uploads\/2016\/12\/hochzeit_burscheid_roesrath_38-768x513.jpg 768w\" sizes=\"auto, (max-width: 1024px) 100vw, 1024px\" \/><\/a> <a class=\"img\" href=\"https:\/\/stefanierothfotografie.de\/blog\/wp-content\/uploads\/2016\/12\/hochzeit_burscheid_roesrath_39.jpg\" title=\"Hochzeit Burscheid Roesrath 39\" title=\"Hochzeit Burscheid Roesrath 40\"><img loading=\"lazy\" decoding=\"async\" class=\"aligncenter size-full wp-image-1796\" src=\"https:\/\/stefanierothfotografie.de\/blog\/wp-content\/uploads\/2016\/12\/hochzeit_burscheid_roesrath_40.jpg\" alt=\"hochzeit_burscheid_roesrath_40\" width=\"1024\" height=\"684\" srcset=\"https:\/\/stefanierothfotografie.de\/blog\/wp-content\/uploads\/2016\/12\/hochzeit_burscheid_roesrath_40.jpg 1024w, https:\/\/stefanierothfotografie.de\/blog\/wp-content\/uploads\/2016\/12\/hochzeit_burscheid_roesrath_40-300x200.jpg 300w, https:\/\/stefanierothfotografie.de\/blog\/wp-content\/uploads\/2016\/12\/hochzeit_burscheid_roesrath_40-768x513.jpg 768w\" sizes=\"auto, (max-width: 1024px) 100vw, 1024px\" \/><\/a><\/p>\n<p><strong>Habt ihr ein Lieblingsfoto?<\/strong><\/p>\n<p>Da gibt es so viele. Zwei gefallen uns ganz besonders: Nr. 23 und Nr. 332 (Anmerkung; das folgende Bild und das Bild von Julia beim Anziehen der Brautschuhe)<\/p>\n<p><strong>Eure Hochzeit in einem Satz?<\/strong><\/p>\n<p>Es war traumhaft.<\/p>\n<p><a class=\"img\" href=\"https:\/\/stefanierothfotografie.de\/blog\/wp-content\/uploads\/2016\/12\/hochzeit_burscheid_roesrath_39.jpg\" title=\"Hochzeit Burscheid Roesrath 39\" title=\"Hochzeit Burscheid Roesrath 40\"><img loading=\"lazy\" decoding=\"async\" class=\"aligncenter size-full wp-image-1795\" src=\"https:\/\/stefanierothfotografie.de\/blog\/wp-content\/uploads\/2016\/12\/hochzeit_burscheid_roesrath_39.jpg\" title=\"Hochzeit Burscheid Roesrath 39\" title=\"Hochzeit Burscheid Roesrath 40\" alt=\"hochzeit_burscheid_roesrath_39\" width=\"1024\" height=\"684\" srcset=\"https:\/\/stefanierothfotografie.de\/blog\/wp-content\/uploads\/2016\/12\/hochzeit_burscheid_roesrath_39.jpg 1024w, https:\/\/stefanierothfotografie.de\/blog\/wp-content\/uploads\/2016\/12\/hochzeit_burscheid_roesrath_39-300x200.jpg 300w, https:\/\/stefanierothfotografie.de\/blog\/wp-content\/uploads\/2016\/12\/hochzeit_burscheid_roesrath_39-768x513.jpg 768w\" sizes=\"auto, (max-width: 1024px) 100vw, 1024px\" \/><\/a><a class=\"img\" href=\"https:\/\/stefanierothfotografie.de\/blog\/wp-content\/uploads\/2016\/12\/hochzeit_burscheid_roesrath_41.jpg\" title=\"Hochzeit Burscheid Roesrath 41\"><img loading=\"lazy\" decoding=\"async\" class=\"aligncenter size-full wp-image-1797\" src=\"https:\/\/stefanierothfotografie.de\/blog\/wp-content\/uploads\/2016\/12\/hochzeit_burscheid_roesrath_41.jpg\" title=\"Hochzeit Burscheid Roesrath 41\" alt=\"hochzeit_burscheid_roesrath_41\" width=\"1024\" height=\"1535\" srcset=\"https:\/\/stefanierothfotografie.de\/blog\/wp-content\/uploads\/2016\/12\/hochzeit_burscheid_roesrath_41.jpg 1024w, https:\/\/stefanierothfotografie.de\/blog\/wp-content\/uploads\/2016\/12\/hochzeit_burscheid_roesrath_41-200x300.jpg 200w, https:\/\/stefanierothfotografie.de\/blog\/wp-content\/uploads\/2016\/12\/hochzeit_burscheid_roesrath_41-768x1151.jpg 768w, https:\/\/stefanierothfotografie.de\/blog\/wp-content\/uploads\/2016\/12\/hochzeit_burscheid_roesrath_41-683x1024.jpg 683w\" sizes=\"auto, (max-width: 1024px) 100vw, 1024px\" \/><\/a><\/p>\n<p><strong>Planung ist das A und O. Hast Du einen Tipp f\u00fcr zuk\u00fcnftige Stefanie Roth Br\u00e4ute?<\/strong><\/p>\n<p>Klar, um Stress m\u00f6glichst zu vermeiden, sollte man fr\u00fchzeitig mit der Planung beginnen.<\/p>\n<p>Was ich besonders aus den Hochzeitsvorbereitungen gelernt habe ist, dass man versuchen sollte, m\u00f6glichst locker an die Dinge heran zu gehen. Man kann nicht alles planen und es kann auch vielleicht mal etwas schief laufen! Und trotzdem wird die Hochzeit dann ein ganz wunderbarer Tag und jeglicher Stress im Vorfeld ist vergessen.<\/p>\n<p>Wichtig finde ich auch, dass man bei der Auswahl der Dienstleister unbedingt auf sein Bauchgef\u00fchl h\u00f6ren und nur die Menschen ausw\u00e4hlen sollte, denen man vertraut! Nichts ist nerviger, als in der eh schon stressigen Vorbereitungszeit das Gef\u00fchl zu haben, sich nicht auf die wichtigen Leute verlassen zu k\u00f6nnen.<\/p>\n<p>Und zu guter Letzt: Versucht die Vorbereitungszeit zu genie\u00dfen &#8211; auch wenn es manchmal stressig wird! Wenn alles vorbei ist, sehnt man sich nach dieser Zeit zur\u00fcck.<\/p>\n<p><strong>Wie empfandet ihr den Tag mit mir als Eure Fotografin? <\/strong><\/p>\n<p>Bereits bei unserer ersten Kontaktaufnahme und unserem ersten Treffen stimmte einfach die Chemie. Durch deine offene und freundschaftliche Art und den lieben Austausch im Vorhinein, warst du am Hochzeitstag f\u00fcr mich wie eine vertraute Freundin. Nachdem ich die ersten Fotos auf deiner Kamera sehen durfte, war es endg\u00fcltig um mich geschehen und ich war so beruhigt und gl\u00fccklich, dass du uns durch den sch\u00f6nsten Tag im Leben begleitet hast! Kurzum: der Tag mit dir als Fotografin war perfekt!<\/p>\n<p><strong>M\u00f6chtest Du mir noch etwas mit auf den Weg geben?<\/strong><\/p>\n<p>Bleib genau so wie du bist!<\/p>\n<p><a class=\"img\" href=\"https:\/\/stefanierothfotografie.de\/blog\/wp-content\/uploads\/2016\/12\/hochzeit_burscheid_roesrath_42.jpg\" title=\"Hochzeit Burscheid Roesrath 42\"><img loading=\"lazy\" decoding=\"async\" class=\"aligncenter size-full wp-image-1798\" src=\"https:\/\/stefanierothfotografie.de\/blog\/wp-content\/uploads\/2016\/12\/hochzeit_burscheid_roesrath_42.jpg\" title=\"Hochzeit Burscheid Roesrath 42\" alt=\"hochzeit_burscheid_roesrath_42\" width=\"1024\" height=\"684\" srcset=\"https:\/\/stefanierothfotografie.de\/blog\/wp-content\/uploads\/2016\/12\/hochzeit_burscheid_roesrath_42.jpg 1024w, https:\/\/stefanierothfotografie.de\/blog\/wp-content\/uploads\/2016\/12\/hochzeit_burscheid_roesrath_42-300x200.jpg 300w, https:\/\/stefanierothfotografie.de\/blog\/wp-content\/uploads\/2016\/12\/hochzeit_burscheid_roesrath_42-768x513.jpg 768w\" sizes=\"auto, (max-width: 1024px) 100vw, 1024px\" \/><\/a> <a class=\"img\" href=\"https:\/\/stefanierothfotografie.de\/blog\/wp-content\/uploads\/2016\/12\/hochzeit_burscheid_roesrath_43.jpg\" title=\"Hochzeit Burscheid Roesrath 43\"><img loading=\"lazy\" decoding=\"async\" class=\"aligncenter size-full wp-image-1799\" src=\"https:\/\/stefanierothfotografie.de\/blog\/wp-content\/uploads\/2016\/12\/hochzeit_burscheid_roesrath_43.jpg\" title=\"Hochzeit Burscheid Roesrath 43\" alt=\"hochzeit_burscheid_roesrath_43\" width=\"1024\" height=\"684\" srcset=\"https:\/\/stefanierothfotografie.de\/blog\/wp-content\/uploads\/2016\/12\/hochzeit_burscheid_roesrath_43.jpg 1024w, https:\/\/stefanierothfotografie.de\/blog\/wp-content\/uploads\/2016\/12\/hochzeit_burscheid_roesrath_43-300x200.jpg 300w, https:\/\/stefanierothfotografie.de\/blog\/wp-content\/uploads\/2016\/12\/hochzeit_burscheid_roesrath_43-768x513.jpg 768w\" sizes=\"auto, (max-width: 1024px) 100vw, 1024px\" \/><\/a> <a class=\"img\" href=\"https:\/\/stefanierothfotografie.de\/blog\/wp-content\/uploads\/2016\/12\/hochzeit_burscheid_roesrath_44.jpg\" title=\"Hochzeit Burscheid Roesrath 44\"><img loading=\"lazy\" decoding=\"async\" class=\"aligncenter size-full wp-image-1800\" src=\"https:\/\/stefanierothfotografie.de\/blog\/wp-content\/uploads\/2016\/12\/hochzeit_burscheid_roesrath_44.jpg\" title=\"Hochzeit Burscheid Roesrath 44\" alt=\"hochzeit_burscheid_roesrath_44\" width=\"1024\" height=\"767\" srcset=\"https:\/\/stefanierothfotografie.de\/blog\/wp-content\/uploads\/2016\/12\/hochzeit_burscheid_roesrath_44.jpg 1024w, https:\/\/stefanierothfotografie.de\/blog\/wp-content\/uploads\/2016\/12\/hochzeit_burscheid_roesrath_44-300x225.jpg 300w, https:\/\/stefanierothfotografie.de\/blog\/wp-content\/uploads\/2016\/12\/hochzeit_burscheid_roesrath_44-768x575.jpg 768w\" sizes=\"auto, (max-width: 1024px) 100vw, 1024px\" \/><\/a><\/p>\n<p><em><br \/>\nLocation der Feier: <a href=\"http:\/\/www.gutlandscheid.de\" title=\"Gut Landscheid, Burscheid\" title=\"Gut Landscheid In Burscheid Im Bergischen\">Gut Landscheid, Burscheid<\/a><\/em><br \/>\n<em> Haare &amp; Make-up: <a href=\"http:\/\/www.wildangel.de\" title=\"Wildangel, Lindlar\">Wildangel, Lindlar<\/a><\/em><br \/>\n<em> Papeterie: selbst gestaltet, Stefanie Roth<\/em><br \/>\n<em> Floristik: <a href=\"http:\/\/www.glanzundgloria-deko.de\" title=\"Glanz & Gloria, Bergisch Gladbach (Moitzfeld\">Glanz &amp; Gloria, Bergisch Gladbach (Moitzfeld<\/a>)<\/em><br \/>\n<em> Dekoration: Glanz &amp; Gloria, Moitzfeld, selbst gestaltet<\/em><br \/>\n<em> Brautkleid (Marke\/Designer): <a href=\"http:\/\/www.pronovias.com\/de\/\" title=\"Pronovias\">Pronovias<\/a><\/em><br \/>\n<em> DJ\/Musiker: <a href=\"http:\/\/brilliant-event.de\" title=\"Sven Hepting, Brillinant Event\">Sven Hepting, Brillinant Event<\/a><\/em><br \/>\n<em> Hochzeitstransport (Oltimer, Kutsche, &#8230;): Innocenti mini von Privat<\/em><\/p>\n<p><em>Es war mir eine Freude, liebe Julia, lieber Nikolas. Eure Liebe zu dokumentieren, Eure Familien und Freunde kennenzulernen &#8211; ich danke Euch, dass ich diese Momente erleben und f\u00fcr Euch festhalten konnte.<\/em><\/p>\n<p><span style=\"border-top-left-radius: 2px; border-top-right-radius: 2px; border-bottom-right-radius: 2px; border-bottom-left-radius: 2px; text-indent: 20px; width: auto; padding: 0px 4px 0px 0px; text-align: center; font-style: normal; font-variant-caps: normal; font-weight: bold; font-size: 11px; line-height: 20px; font-family: 'Helvetica Neue', Helvetica, sans-serif; color: #ffffff; background-image: url(data:image\/svg+xml; base64,phn2zyb4bwxucz0iahr0cdovl3d3dy53my5vcmcvmjawmc9zdmciighlawdodd0imzbwecigd2lkdgg9ijmwchgiihzpzxdcb3g9ii0xic0xidmxidmxij48zz48cgf0acbkpsjnmjkundq5lde0ljy2mibdmjkundq5ldiyljcymiaymi44njgsmjkumju2ide0ljc1ldi5lji1nibdni42mzismjkumju2idaumduxldiyljcymiawlja1mswxnc42njigqzaumduxldyunjaxidyunjmyldaumdy3ide0ljc1ldaumdy3iemymi44njgsmc4wnjcgmjkundq5ldyunjaxidi5ljq0oswxnc42njiiigzpbgw9iinmzmyiihn0cm9rzt0ii2zmziigc3ryb2tllxdpzhropsixij48l3bhdgg+phbhdgggzd0itte0ljczmywxljy4nibdny41mtysms42odygms42njusny40otugms42njusmtqunjyyiemxljy2nswymc4xntkgns4xmdksmjquodu0idkuotcsmjyunzq0iem5ljg1niwyns43mtggos43ntmsmjqumtqzidewljaxniwymy4wmjigqzewlji1mywymi4wmsaxms41ndgsmtyuntcyidexlju0ocwxni41nzigqzexlju0ocwxni41nzigmteumtu3lde1ljc5nsaxms4xntcsmtqunjq2iemxms4xntcsmtiuodqyideyljixmswxms40otugmtmuntiyldexljq5nsbdmtqunjm3ldexljq5nsaxns4xnzusmtiumzi2ide1lje3nswxmy4zmjmgqze1lje3nswxnc40mzygmtqundyylde2ljegmtqumdkzlde3ljy0mybdmtmunzg1lde4ljkznsaxnc43ndusmtkuotg4ide2ljayocwxos45odggqze4ljm1mswxos45odggmjaumtm2lde3lju1niaymc4xmzysmtqumdq2iemymc4xmzysmtauotm5ide3ljg4ocw4ljc2nyaxnc42nzgsoc43njcgqzewljk1osw4ljc2nya4ljc3nywxms41mzygoc43nzcsmtqumzk4iem4ljc3nywxns41mtmgos4ymswxni43mdkgos43ndksmtcumzu5iem5ljg1niwxny40odggos44nzismtcunia5ljg0lde3ljczmsbdos43ndesmtgumtqxidkuntismtkumdizidkundc3lde5ljiwmybdos40miwxos40nca5lji4ocwxos40otegos4wncwxos4znzygqzcunda4lde4ljyymia2ljm4nywxni4yntigni4zodcsmtqumzq5iem2ljm4nywxmc4yntygos4zodmsni40otcgmtuumdiyldyundk3iemxos41ntusni40otcgmjmumdc4ldkunza1idizlja3ocwxmy45otegqzizlja3ocwxoc40njmgmjaumjm5ldiylja2miaxni4yotcsmjiumdyyiemxnc45nzmsmjiumdyyidezljcyocwyms4znzkgmtmumzayldiwlju3mibdmtmumzayldiwlju3miaxmi42ndcsmjmumdugmtiundg4ldizljy1nybdmtiumtkzldi0ljc4ncaxms4zotysmjyumtk2idewljg2mywyny4wntggqzeylja4niwyny40mzqgmtmumzg2ldi3ljyznyaxnc43mzmsmjcunjm3iemyms45nswyny42mzcgmjcuodaxldixljgyocayny44mdesmtqunjyyiemyny44mdesny40otugmjeuotusms42odygmtqunzmzldeunjg2iibmawxspsijymqwodfjij48l3bhdgg+pc9npjwvc3znpg==); background-size: 14px 14px; background-color: #bd081c; position: absolute; opacity: 1; z-index: 8675309; display: none; cursor: pointer; border: none; -webkit-font-smoothing: antialiased; background-position: 3px 50%; background-repeat: no-repeat no-repeat;\">Merken<\/span><span style=\"border-top-left-radius: 2px; border-top-right-radius: 2px; border-bottom-right-radius: 2px; border-bottom-left-radius: 2px; text-indent: 20px; width: auto; padding: 0px 4px 0px 0px; text-align: center; font-style: normal; font-variant-caps: normal; font-weight: bold; font-size: 11px; line-height: 20px; font-family: 'Helvetica Neue', Helvetica, sans-serif; color: #ffffff; background-image: url(data:image\/svg+xml; base64,phn2zyb4bwxucz0iahr0cdovl3d3dy53my5vcmcvmjawmc9zdmciighlawdodd0imzbwecigd2lkdgg9ijmwchgiihzpzxdcb3g9ii0xic0xidmxidmxij48zz48cgf0acbkpsjnmjkundq5lde0ljy2mibdmjkundq5ldiyljcymiaymi44njgsmjkumju2ide0ljc1ldi5lji1nibdni42mzismjkumju2idaumduxldiyljcymiawlja1mswxnc42njigqzaumduxldyunjaxidyunjmyldaumdy3ide0ljc1ldaumdy3iemymi44njgsmc4wnjcgmjkundq5ldyunjaxidi5ljq0oswxnc42njiiigzpbgw9iinmzmyiihn0cm9rzt0ii2zmziigc3ryb2tllxdpzhropsixij48l3bhdgg+phbhdgggzd0itte0ljczmywxljy4nibdny41mtysms42odygms42njusny40otugms42njusmtqunjyyiemxljy2nswymc4xntkgns4xmdksmjquodu0idkuotcsmjyunzq0iem5ljg1niwyns43mtggos43ntmsmjqumtqzidewljaxniwymy4wmjigqzewlji1mywymi4wmsaxms41ndgsmtyuntcyidexlju0ocwxni41nzigqzexlju0ocwxni41nzigmteumtu3lde1ljc5nsaxms4xntcsmtqunjq2iemxms4xntcsmtiuodqyideyljixmswxms40otugmtmuntiyldexljq5nsbdmtqunjm3ldexljq5nsaxns4xnzusmtiumzi2ide1lje3nswxmy4zmjmgqze1lje3nswxnc40mzygmtqundyylde2ljegmtqumdkzlde3ljy0mybdmtmunzg1lde4ljkznsaxnc43ndusmtkuotg4ide2ljayocwxos45odggqze4ljm1mswxos45odggmjaumtm2lde3lju1niaymc4xmzysmtqumdq2iemymc4xmzysmtauotm5ide3ljg4ocw4ljc2nyaxnc42nzgsoc43njcgqzewljk1osw4ljc2nya4ljc3nywxms41mzygoc43nzcsmtqumzk4iem4ljc3nywxns41mtmgos4ymswxni43mdkgos43ndksmtcumzu5iem5ljg1niwxny40odggos44nzismtcunia5ljg0lde3ljczmsbdos43ndesmtgumtqxidkuntismtkumdizidkundc3lde5ljiwmybdos40miwxos40nca5lji4ocwxos40otegos4wncwxos4znzygqzcunda4lde4ljyymia2ljm4nywxni4yntigni4zodcsmtqumzq5iem2ljm4nywxmc4yntygos4zodmsni40otcgmtuumdiyldyundk3iemxos41ntusni40otcgmjmumdc4ldkunza1idizlja3ocwxmy45otegqzizlja3ocwxoc40njmgmjaumjm5ldiylja2miaxni4yotcsmjiumdyyiemxnc45nzmsmjiumdyyidezljcyocwyms4znzkgmtmumzayldiwlju3mibdmtmumzayldiwlju3miaxmi42ndcsmjmumdugmtiundg4ldizljy1nybdmtiumtkzldi0ljc4ncaxms4zotysmjyumtk2idewljg2mywyny4wntggqzeylja4niwyny40mzqgmtmumzg2ldi3ljyznyaxnc43mzmsmjcunjm3iemyms45nswyny42mzcgmjcuodaxldixljgyocayny44mdesmtqunjyyiemyny44mdesny40otugmjeuotusms42odygmtqunzmzldeunjg2iibmawxspsijymqwodfjij48l3bhdgg+pc9npjwvc3znpg==); background-size: 14px 14px; background-color: #bd081c; position: absolute; opacity: 1; z-index: 8675309; display: none; cursor: pointer; border: none; -webkit-font-smoothing: antialiased; background-position: 3px 50%; background-repeat: no-repeat no-repeat;\">Merken<\/span><\/p>\n","protected":false},"excerpt":{"rendered":"<p>Der\u00a0Duft nach Sommer\u00a0liegt in der Luft. Die Grillen zirpen. Feine Sonnenstrahlen weben sich durch die frische Luft. Es ist August, es ist der Tag von Julia und Nikolas. Nahe dem K\u00f6nigsfort, s\u00fcd\u00f6stlich von K\u00f6ln im Rheinisch-Bergischen Kreis erwarten mich Julia und ihre M\u00e4dels in der\u00a0hellen Wohnung. Ich freue mich \u00fcber soviel Licht &#8211; Julias Strahlen,&hellip; <a class=\"more-link\" href=\"https:\/\/stefanierothfotografie.de\/blog\/hochzeitsfotograf-bergisch-roesrath-burscheid\/\"><span class=\"screen-reader-text\">Hochzeitsfotograf im Bergischen &#8211; in R\u00f6srath + Burscheid<\/span> weiterlesen<\/a><\/p>\n","protected":false},"author":1,"featured_media":1794,"comment_status":"closed","ping_status":"open","sticky":false,"template":"","format":"standard","meta":{"footnotes":""},"categories":[45],"tags":[],"class_list":["post-1736","post","type-post","status-publish","format-standard","has-post-thumbnail","hentry","category-real-wedding","entry"],"_links":{"self":[{"href":"https:\/\/stefanierothfotografie.de\/blog\/wp-json\/wp\/v2\/posts\/1736","targetHints":{"allow":["GET"]}}],"collection":[{"href":"https:\/\/stefanierothfotografie.de\/blog\/wp-json\/wp\/v2\/posts"}],"about":[{"href":"https:\/\/stefanierothfotografie.de\/blog\/wp-json\/wp\/v2\/types\/post"}],"author":[{"embeddable":true,"href":"https:\/\/stefanierothfotografie.de\/blog\/wp-json\/wp\/v2\/users\/1"}],"replies":[{"embeddable":true,"href":"https:\/\/stefanierothfotografie.de\/blog\/wp-json\/wp\/v2\/comments?post=1736"}],"version-history":[{"count":3,"href":"https:\/\/stefanierothfotografie.de\/blog\/wp-json\/wp\/v2\/posts\/1736\/revisions"}],"predecessor-version":[{"id":2089,"href":"https:\/\/stefanierothfotografie.de\/blog\/wp-json\/wp\/v2\/posts\/1736\/revisions\/2089"}],"wp:featuredmedia":[{"embeddable":true,"href":"https:\/\/stefanierothfotografie.de\/blog\/wp-json\/wp\/v2\/media\/1794"}],"wp:attachment":[{"href":"https:\/\/stefanierothfotografie.de\/blog\/wp-json\/wp\/v2\/media?parent=1736"}],"wp:term":[{"taxonomy":"category","embeddable":true,"href":"https:\/\/stefanierothfotografie.de\/blog\/wp-json\/wp\/v2\/categories?post=1736"},{"taxonomy":"post_tag","embeddable":true,"href":"https:\/\/stefanierothfotografie.de\/blog\/wp-json\/wp\/v2\/tags?post=1736"}],"curies":[{"name":"wp","href":"https:\/\/api.w.org\/{rel}","templated":true}]}}