{"id":1699,"date":"2016-11-18T12:41:26","date_gmt":"2016-11-18T11:41:26","guid":{"rendered":"https:\/\/stefanierothfotografie.de\/blog\/?p=1699"},"modified":"2018-09-24T12:50:17","modified_gmt":"2018-09-24T10:50:17","slug":"verlobungsshooting-sauerland","status":"publish","type":"post","link":"https:\/\/stefanierothfotografie.de\/blog\/verlobungsshooting-sauerland\/","title":{"rendered":"Verlobungsshooting im Sauerland"},"content":{"rendered":"<p><a class=\"img\" href=\"https:\/\/stefanierothfotografie.de\/blog\/wp-content\/uploads\/2016\/11\/hochzeitfotograf_luedenscheid_sauerland_01.jpg\" title=\"Hochzeitfotograf Luedenscheid Sauerland 01\"><img loading=\"lazy\" decoding=\"async\" class=\"aligncenter size-full wp-image-1700\" src=\"https:\/\/stefanierothfotografie.de\/blog\/wp-content\/uploads\/2016\/11\/hochzeitfotograf_luedenscheid_sauerland_01.jpg\" title=\"Hochzeitfotograf Luedenscheid Sauerland 01\" alt=\"hochzeitfotograf_luedenscheid_sauerland_01\" width=\"1024\" height=\"684\" srcset=\"https:\/\/stefanierothfotografie.de\/blog\/wp-content\/uploads\/2016\/11\/hochzeitfotograf_luedenscheid_sauerland_01.jpg 1024w, https:\/\/stefanierothfotografie.de\/blog\/wp-content\/uploads\/2016\/11\/hochzeitfotograf_luedenscheid_sauerland_01-300x200.jpg 300w, https:\/\/stefanierothfotografie.de\/blog\/wp-content\/uploads\/2016\/11\/hochzeitfotograf_luedenscheid_sauerland_01-768x513.jpg 768w\" sizes=\"auto, (max-width: 1024px) 100vw, 1024px\" \/><\/a><\/p>\n<p>Wenn man Lisa fragt, was sie an ihrem Liebsten so sehr\u00a0sch\u00e4tzt, dann wird sie ganz sicher mit einem L\u00e4cheln antworten, in dem man erkennen kann; dies ist die gro\u00dfe Liebe. F\u00fcr sie ist Maik ihr Fels in der Brandung und ihr Ruhepol, der einen k\u00fchlen Kopf bewahrt, wenn es drauf ankommt. Wenn sie seine Hand nimmt, ihn anschaut, dann ist dort etwas in der Luft zu sp\u00fcren, was sich nicht so einfach beschreiben l\u00e4sst &#8211; sicher ist, es ist etwas ganz Besonderes!<\/p>\n<h3 style=\"text-align: center;\">&#8222;Bei dir f\u00fchle ich mich aufgehoben, verstanden,<br \/>\nbesch\u00fctzt und geliebt, kann lachen, weinen, sinnlich sein.&#8220;<\/h3>\n<p><a class=\"img\" href=\"https:\/\/stefanierothfotografie.de\/blog\/wp-content\/uploads\/2016\/11\/hochzeitfotograf_luedenscheid_sauerland_02.jpg\" title=\"Hochzeitfotograf Luedenscheid Sauerland 02\"><img loading=\"lazy\" decoding=\"async\" class=\"aligncenter size-full wp-image-1701\" src=\"https:\/\/stefanierothfotografie.de\/blog\/wp-content\/uploads\/2016\/11\/hochzeitfotograf_luedenscheid_sauerland_02.jpg\" title=\"Hochzeitfotograf Luedenscheid Sauerland 02\" alt=\"hochzeitfotograf_luedenscheid_sauerland_02\" width=\"1024\" height=\"684\" srcset=\"https:\/\/stefanierothfotografie.de\/blog\/wp-content\/uploads\/2016\/11\/hochzeitfotograf_luedenscheid_sauerland_02.jpg 1024w, https:\/\/stefanierothfotografie.de\/blog\/wp-content\/uploads\/2016\/11\/hochzeitfotograf_luedenscheid_sauerland_02-300x200.jpg 300w, https:\/\/stefanierothfotografie.de\/blog\/wp-content\/uploads\/2016\/11\/hochzeitfotograf_luedenscheid_sauerland_02-768x513.jpg 768w\" sizes=\"auto, (max-width: 1024px) 100vw, 1024px\" \/><\/a> <a class=\"img\" href=\"https:\/\/stefanierothfotografie.de\/blog\/wp-content\/uploads\/2016\/11\/hochzeitfotograf_luedenscheid_sauerland_03.jpg\" title=\"Hochzeitfotograf Luedenscheid Sauerland 03\"><img loading=\"lazy\" decoding=\"async\" class=\"aligncenter size-full wp-image-1702\" src=\"https:\/\/stefanierothfotografie.de\/blog\/wp-content\/uploads\/2016\/11\/hochzeitfotograf_luedenscheid_sauerland_03.jpg\" title=\"Hochzeitfotograf Luedenscheid Sauerland 03\" alt=\"hochzeitfotograf_luedenscheid_sauerland_03\" width=\"1024\" height=\"767\" srcset=\"https:\/\/stefanierothfotografie.de\/blog\/wp-content\/uploads\/2016\/11\/hochzeitfotograf_luedenscheid_sauerland_03.jpg 1024w, https:\/\/stefanierothfotografie.de\/blog\/wp-content\/uploads\/2016\/11\/hochzeitfotograf_luedenscheid_sauerland_03-300x225.jpg 300w, https:\/\/stefanierothfotografie.de\/blog\/wp-content\/uploads\/2016\/11\/hochzeitfotograf_luedenscheid_sauerland_03-768x575.jpg 768w\" sizes=\"auto, (max-width: 1024px) 100vw, 1024px\" \/><\/a> <a class=\"img\" href=\"https:\/\/stefanierothfotografie.de\/blog\/wp-content\/uploads\/2016\/11\/hochzeitfotograf_luedenscheid_sauerland_04.jpg\" title=\"Hochzeitfotograf Luedenscheid Sauerland 04\"><img loading=\"lazy\" decoding=\"async\" class=\"aligncenter size-full wp-image-1703\" src=\"https:\/\/stefanierothfotografie.de\/blog\/wp-content\/uploads\/2016\/11\/hochzeitfotograf_luedenscheid_sauerland_04.jpg\" title=\"Hochzeitfotograf Luedenscheid Sauerland 04\" alt=\"hochzeitfotograf_luedenscheid_sauerland_04\" width=\"1024\" height=\"684\" srcset=\"https:\/\/stefanierothfotografie.de\/blog\/wp-content\/uploads\/2016\/11\/hochzeitfotograf_luedenscheid_sauerland_04.jpg 1024w, https:\/\/stefanierothfotografie.de\/blog\/wp-content\/uploads\/2016\/11\/hochzeitfotograf_luedenscheid_sauerland_04-300x200.jpg 300w, https:\/\/stefanierothfotografie.de\/blog\/wp-content\/uploads\/2016\/11\/hochzeitfotograf_luedenscheid_sauerland_04-768x513.jpg 768w\" sizes=\"auto, (max-width: 1024px) 100vw, 1024px\" \/><\/a> <a class=\"img\" href=\"https:\/\/stefanierothfotografie.de\/blog\/wp-content\/uploads\/2016\/11\/hochzeitfotograf_luedenscheid_sauerland_05.jpg\" title=\"Hochzeitfotograf Luedenscheid Sauerland 05\"><img loading=\"lazy\" decoding=\"async\" class=\"aligncenter size-full wp-image-1704\" src=\"https:\/\/stefanierothfotografie.de\/blog\/wp-content\/uploads\/2016\/11\/hochzeitfotograf_luedenscheid_sauerland_05.jpg\" title=\"Hochzeitfotograf Luedenscheid Sauerland 05\" alt=\"hochzeitfotograf_luedenscheid_sauerland_05\" width=\"1024\" height=\"684\" srcset=\"https:\/\/stefanierothfotografie.de\/blog\/wp-content\/uploads\/2016\/11\/hochzeitfotograf_luedenscheid_sauerland_05.jpg 1024w, https:\/\/stefanierothfotografie.de\/blog\/wp-content\/uploads\/2016\/11\/hochzeitfotograf_luedenscheid_sauerland_05-300x200.jpg 300w, https:\/\/stefanierothfotografie.de\/blog\/wp-content\/uploads\/2016\/11\/hochzeitfotograf_luedenscheid_sauerland_05-768x513.jpg 768w\" sizes=\"auto, (max-width: 1024px) 100vw, 1024px\" \/><\/a> <a class=\"img\" href=\"https:\/\/stefanierothfotografie.de\/blog\/wp-content\/uploads\/2016\/11\/hochzeitfotograf_luedenscheid_sauerland_06.jpg\" title=\"Hochzeitfotograf Luedenscheid Sauerland 06\"><img loading=\"lazy\" decoding=\"async\" class=\"aligncenter size-full wp-image-1705\" src=\"https:\/\/stefanierothfotografie.de\/blog\/wp-content\/uploads\/2016\/11\/hochzeitfotograf_luedenscheid_sauerland_06.jpg\" title=\"Hochzeitfotograf Luedenscheid Sauerland 06\" alt=\"hochzeitfotograf_luedenscheid_sauerland_06\" width=\"1024\" height=\"684\" srcset=\"https:\/\/stefanierothfotografie.de\/blog\/wp-content\/uploads\/2016\/11\/hochzeitfotograf_luedenscheid_sauerland_06.jpg 1024w, https:\/\/stefanierothfotografie.de\/blog\/wp-content\/uploads\/2016\/11\/hochzeitfotograf_luedenscheid_sauerland_06-300x200.jpg 300w, https:\/\/stefanierothfotografie.de\/blog\/wp-content\/uploads\/2016\/11\/hochzeitfotograf_luedenscheid_sauerland_06-768x513.jpg 768w\" sizes=\"auto, (max-width: 1024px) 100vw, 1024px\" \/><\/a> <a class=\"img\" href=\"https:\/\/stefanierothfotografie.de\/blog\/wp-content\/uploads\/2016\/11\/hochzeitfotograf_luedenscheid_sauerland_07.jpg\" title=\"Hochzeitfotograf Luedenscheid Sauerland 07\"><img loading=\"lazy\" decoding=\"async\" class=\"aligncenter size-full wp-image-1706\" src=\"https:\/\/stefanierothfotografie.de\/blog\/wp-content\/uploads\/2016\/11\/hochzeitfotograf_luedenscheid_sauerland_07.jpg\" title=\"Hochzeitfotograf Luedenscheid Sauerland 07\" alt=\"hochzeitfotograf_luedenscheid_sauerland_07\" width=\"1024\" height=\"1535\" srcset=\"https:\/\/stefanierothfotografie.de\/blog\/wp-content\/uploads\/2016\/11\/hochzeitfotograf_luedenscheid_sauerland_07.jpg 1024w, https:\/\/stefanierothfotografie.de\/blog\/wp-content\/uploads\/2016\/11\/hochzeitfotograf_luedenscheid_sauerland_07-200x300.jpg 200w, https:\/\/stefanierothfotografie.de\/blog\/wp-content\/uploads\/2016\/11\/hochzeitfotograf_luedenscheid_sauerland_07-768x1151.jpg 768w, https:\/\/stefanierothfotografie.de\/blog\/wp-content\/uploads\/2016\/11\/hochzeitfotograf_luedenscheid_sauerland_07-683x1024.jpg 683w\" sizes=\"auto, (max-width: 1024px) 100vw, 1024px\" \/><\/a> <a class=\"img\" href=\"https:\/\/stefanierothfotografie.de\/blog\/wp-content\/uploads\/2016\/11\/hochzeitfotograf_luedenscheid_sauerland_08.jpg\" title=\"Hochzeitfotograf Luedenscheid Sauerland 08\"><img loading=\"lazy\" decoding=\"async\" class=\"aligncenter size-full wp-image-1707\" src=\"https:\/\/stefanierothfotografie.de\/blog\/wp-content\/uploads\/2016\/11\/hochzeitfotograf_luedenscheid_sauerland_08.jpg\" title=\"Hochzeitfotograf Luedenscheid Sauerland 08\" alt=\"hochzeitfotograf_luedenscheid_sauerland_08\" width=\"1024\" height=\"684\" srcset=\"https:\/\/stefanierothfotografie.de\/blog\/wp-content\/uploads\/2016\/11\/hochzeitfotograf_luedenscheid_sauerland_08.jpg 1024w, https:\/\/stefanierothfotografie.de\/blog\/wp-content\/uploads\/2016\/11\/hochzeitfotograf_luedenscheid_sauerland_08-300x200.jpg 300w, https:\/\/stefanierothfotografie.de\/blog\/wp-content\/uploads\/2016\/11\/hochzeitfotograf_luedenscheid_sauerland_08-768x513.jpg 768w\" sizes=\"auto, (max-width: 1024px) 100vw, 1024px\" \/><\/a> <a class=\"img\" href=\"https:\/\/stefanierothfotografie.de\/blog\/wp-content\/uploads\/2016\/11\/hochzeitfotograf_luedenscheid_sauerland_09.jpg\" title=\"Hochzeitfotograf Luedenscheid Sauerland 09\"><img loading=\"lazy\" decoding=\"async\" class=\"aligncenter size-full wp-image-1708\" src=\"https:\/\/stefanierothfotografie.de\/blog\/wp-content\/uploads\/2016\/11\/hochzeitfotograf_luedenscheid_sauerland_09.jpg\" title=\"Hochzeitfotograf Luedenscheid Sauerland 09\" alt=\"hochzeitfotograf_luedenscheid_sauerland_09\" width=\"1024\" height=\"684\" srcset=\"https:\/\/stefanierothfotografie.de\/blog\/wp-content\/uploads\/2016\/11\/hochzeitfotograf_luedenscheid_sauerland_09.jpg 1024w, https:\/\/stefanierothfotografie.de\/blog\/wp-content\/uploads\/2016\/11\/hochzeitfotograf_luedenscheid_sauerland_09-300x200.jpg 300w, https:\/\/stefanierothfotografie.de\/blog\/wp-content\/uploads\/2016\/11\/hochzeitfotograf_luedenscheid_sauerland_09-768x513.jpg 768w\" sizes=\"auto, (max-width: 1024px) 100vw, 1024px\" \/><\/a> <a class=\"img\" href=\"https:\/\/stefanierothfotografie.de\/blog\/wp-content\/uploads\/2016\/11\/hochzeitfotograf_luedenscheid_sauerland_10.jpg\" title=\"Hochzeitfotograf Luedenscheid Sauerland 10\"><img loading=\"lazy\" decoding=\"async\" class=\"aligncenter size-full wp-image-1709\" src=\"https:\/\/stefanierothfotografie.de\/blog\/wp-content\/uploads\/2016\/11\/hochzeitfotograf_luedenscheid_sauerland_10.jpg\" title=\"Hochzeitfotograf Luedenscheid Sauerland 10\" alt=\"hochzeitfotograf_luedenscheid_sauerland_10\" width=\"1024\" height=\"684\" srcset=\"https:\/\/stefanierothfotografie.de\/blog\/wp-content\/uploads\/2016\/11\/hochzeitfotograf_luedenscheid_sauerland_10.jpg 1024w, https:\/\/stefanierothfotografie.de\/blog\/wp-content\/uploads\/2016\/11\/hochzeitfotograf_luedenscheid_sauerland_10-300x200.jpg 300w, https:\/\/stefanierothfotografie.de\/blog\/wp-content\/uploads\/2016\/11\/hochzeitfotograf_luedenscheid_sauerland_10-768x513.jpg 768w\" sizes=\"auto, (max-width: 1024px) 100vw, 1024px\" \/><\/a><\/p>\n<h2>Als Hochzeitsfotografin im Sauerland<\/h2>\n<p>Wenn ich in den Sommermonaten als Hochzeitsfotografin im Sauerland unterwegs bin, oder auch dar\u00fcber hinaus, dann liebe ich es, wenn die Paare entspannt und voller Nat\u00fcrlichkeit vor\u00a0mir und meiner Kamera stehen. Es ist ein gutes Gef\u00fchl, wenn sie mir vertrauen, wenn sie die Stille genie\u00dfen, das Zwitschern der V\u00f6gel, den Wind in den B\u00e4umen,\u00a0 die Zweisamkeit &#8211; und mich in kleinen Momenten sogar mal\u00a0einfach\u00a0vergessen.<\/p>\n<p>Lisa und Maik treffe ich an diesem Abend im warmen Herbst zu einem Verlobungsshooting. Auf ihre Hochzeit in Iserlohn im kommenden Sommer freue ich mich schon jetzt und finde es einfach gro\u00dfartig, dass sie schon heute\u00a0das Gef\u00fchl kennenlernen wollen, vor meiner\u00a0Kamera zu stehen. Die Zeit verfliegt rasend schnell und obwohl sich die Sonne hinter Wolken versteckt, schickt sie doch einen gl\u00e4nzend sch\u00f6nen Schein gen diesem liebevollen Paar. Und die Zwei genie\u00dfen einen jeden Augenblick dieses, mit Zuneigung erf\u00fcllten, Abends.<\/p>\n<h3>&#8222;D<span title=\"Bearbeitet\">u bist mein bester Freund, der mit dem ich \u00fcber alles reden kann. Bist f\u00fcr mich da, erkundest mit mir die Welt, l\u00e4sst mir Freiheit und alberst mit mir herum. Du bist es jetzt und warst es immer. Ich schaue dir in die Augen, sehe diesen einen Ausdruck, der nur f\u00fcr mich bestimmt ist, dein L\u00e4cheln und wei\u00df, es wird auch immer so bleiben.&#8220;<\/span><\/h3>\n<p><a class=\"img\" href=\"https:\/\/stefanierothfotografie.de\/blog\/wp-content\/uploads\/2016\/11\/hochzeitfotograf_luedenscheid_sauerland_11.jpg\" title=\"Hochzeitfotograf Luedenscheid Sauerland 11\"><img loading=\"lazy\" decoding=\"async\" class=\"aligncenter size-full wp-image-1710\" src=\"https:\/\/stefanierothfotografie.de\/blog\/wp-content\/uploads\/2016\/11\/hochzeitfotograf_luedenscheid_sauerland_11.jpg\" title=\"Hochzeitfotograf Luedenscheid Sauerland 11\" alt=\"hochzeitfotograf_luedenscheid_sauerland_11\" width=\"1024\" height=\"767\" srcset=\"https:\/\/stefanierothfotografie.de\/blog\/wp-content\/uploads\/2016\/11\/hochzeitfotograf_luedenscheid_sauerland_11.jpg 1024w, https:\/\/stefanierothfotografie.de\/blog\/wp-content\/uploads\/2016\/11\/hochzeitfotograf_luedenscheid_sauerland_11-300x225.jpg 300w, https:\/\/stefanierothfotografie.de\/blog\/wp-content\/uploads\/2016\/11\/hochzeitfotograf_luedenscheid_sauerland_11-768x575.jpg 768w\" sizes=\"auto, (max-width: 1024px) 100vw, 1024px\" \/><\/a> <a class=\"img\" href=\"https:\/\/stefanierothfotografie.de\/blog\/wp-content\/uploads\/2016\/11\/hochzeitfotograf_luedenscheid_sauerland_12.jpg\" title=\"Hochzeitfotograf Luedenscheid Sauerland 12\"><img loading=\"lazy\" decoding=\"async\" class=\"aligncenter size-full wp-image-1711\" src=\"https:\/\/stefanierothfotografie.de\/blog\/wp-content\/uploads\/2016\/11\/hochzeitfotograf_luedenscheid_sauerland_12.jpg\" title=\"Hochzeitfotograf Luedenscheid Sauerland 12\" alt=\"hochzeitfotograf_luedenscheid_sauerland_12\" width=\"1024\" height=\"1535\" srcset=\"https:\/\/stefanierothfotografie.de\/blog\/wp-content\/uploads\/2016\/11\/hochzeitfotograf_luedenscheid_sauerland_12.jpg 1024w, https:\/\/stefanierothfotografie.de\/blog\/wp-content\/uploads\/2016\/11\/hochzeitfotograf_luedenscheid_sauerland_12-200x300.jpg 200w, https:\/\/stefanierothfotografie.de\/blog\/wp-content\/uploads\/2016\/11\/hochzeitfotograf_luedenscheid_sauerland_12-768x1151.jpg 768w, https:\/\/stefanierothfotografie.de\/blog\/wp-content\/uploads\/2016\/11\/hochzeitfotograf_luedenscheid_sauerland_12-683x1024.jpg 683w\" sizes=\"auto, (max-width: 1024px) 100vw, 1024px\" \/><\/a> <a class=\"img\" href=\"https:\/\/stefanierothfotografie.de\/blog\/wp-content\/uploads\/2016\/11\/hochzeitfotograf_luedenscheid_sauerland_13.jpg\" title=\"Hochzeitfotograf Luedenscheid Sauerland 13\"><img loading=\"lazy\" decoding=\"async\" class=\"aligncenter size-full wp-image-1712\" src=\"https:\/\/stefanierothfotografie.de\/blog\/wp-content\/uploads\/2016\/11\/hochzeitfotograf_luedenscheid_sauerland_13.jpg\" title=\"Hochzeitfotograf Luedenscheid Sauerland 13\" alt=\"hochzeitfotograf_luedenscheid_sauerland_13\" width=\"1024\" height=\"684\" srcset=\"https:\/\/stefanierothfotografie.de\/blog\/wp-content\/uploads\/2016\/11\/hochzeitfotograf_luedenscheid_sauerland_13.jpg 1024w, https:\/\/stefanierothfotografie.de\/blog\/wp-content\/uploads\/2016\/11\/hochzeitfotograf_luedenscheid_sauerland_13-300x200.jpg 300w, https:\/\/stefanierothfotografie.de\/blog\/wp-content\/uploads\/2016\/11\/hochzeitfotograf_luedenscheid_sauerland_13-768x513.jpg 768w\" sizes=\"auto, (max-width: 1024px) 100vw, 1024px\" \/><\/a> <a class=\"img\" href=\"https:\/\/stefanierothfotografie.de\/blog\/wp-content\/uploads\/2016\/11\/hochzeitfotograf_luedenscheid_sauerland_14.jpg\" title=\"Hochzeitfotograf Luedenscheid Sauerland 14\"><img loading=\"lazy\" decoding=\"async\" class=\"aligncenter size-full wp-image-1713\" src=\"https:\/\/stefanierothfotografie.de\/blog\/wp-content\/uploads\/2016\/11\/hochzeitfotograf_luedenscheid_sauerland_14.jpg\" title=\"Hochzeitfotograf Luedenscheid Sauerland 14\" alt=\"hochzeitfotograf_luedenscheid_sauerland_14\" width=\"1024\" height=\"684\" srcset=\"https:\/\/stefanierothfotografie.de\/blog\/wp-content\/uploads\/2016\/11\/hochzeitfotograf_luedenscheid_sauerland_14.jpg 1024w, https:\/\/stefanierothfotografie.de\/blog\/wp-content\/uploads\/2016\/11\/hochzeitfotograf_luedenscheid_sauerland_14-300x200.jpg 300w, https:\/\/stefanierothfotografie.de\/blog\/wp-content\/uploads\/2016\/11\/hochzeitfotograf_luedenscheid_sauerland_14-768x513.jpg 768w\" sizes=\"auto, (max-width: 1024px) 100vw, 1024px\" \/><\/a> <a class=\"img\" href=\"https:\/\/stefanierothfotografie.de\/blog\/wp-content\/uploads\/2016\/11\/hochzeitfotograf_luedenscheid_sauerland_15.jpg\" title=\"Hochzeitfotograf Luedenscheid Sauerland 15\"><img loading=\"lazy\" decoding=\"async\" class=\"aligncenter size-full wp-image-1714\" src=\"https:\/\/stefanierothfotografie.de\/blog\/wp-content\/uploads\/2016\/11\/hochzeitfotograf_luedenscheid_sauerland_15.jpg\" title=\"Hochzeitfotograf Luedenscheid Sauerland 15\" alt=\"hochzeitfotograf_luedenscheid_sauerland_15\" width=\"1024\" height=\"684\" srcset=\"https:\/\/stefanierothfotografie.de\/blog\/wp-content\/uploads\/2016\/11\/hochzeitfotograf_luedenscheid_sauerland_15.jpg 1024w, https:\/\/stefanierothfotografie.de\/blog\/wp-content\/uploads\/2016\/11\/hochzeitfotograf_luedenscheid_sauerland_15-300x200.jpg 300w, https:\/\/stefanierothfotografie.de\/blog\/wp-content\/uploads\/2016\/11\/hochzeitfotograf_luedenscheid_sauerland_15-768x513.jpg 768w\" sizes=\"auto, (max-width: 1024px) 100vw, 1024px\" \/><\/a> <a class=\"img\" href=\"https:\/\/stefanierothfotografie.de\/blog\/wp-content\/uploads\/2016\/11\/hochzeitfotograf_luedenscheid_sauerland_16.jpg\" title=\"Hochzeitfotograf Luedenscheid Sauerland 16\"><img loading=\"lazy\" decoding=\"async\" class=\"aligncenter size-full wp-image-1715\" src=\"https:\/\/stefanierothfotografie.de\/blog\/wp-content\/uploads\/2016\/11\/hochzeitfotograf_luedenscheid_sauerland_16.jpg\" title=\"Hochzeitfotograf Luedenscheid Sauerland 16\" alt=\"hochzeitfotograf_luedenscheid_sauerland_16\" width=\"1024\" height=\"684\" srcset=\"https:\/\/stefanierothfotografie.de\/blog\/wp-content\/uploads\/2016\/11\/hochzeitfotograf_luedenscheid_sauerland_16.jpg 1024w, https:\/\/stefanierothfotografie.de\/blog\/wp-content\/uploads\/2016\/11\/hochzeitfotograf_luedenscheid_sauerland_16-300x200.jpg 300w, https:\/\/stefanierothfotografie.de\/blog\/wp-content\/uploads\/2016\/11\/hochzeitfotograf_luedenscheid_sauerland_16-768x513.jpg 768w\" sizes=\"auto, (max-width: 1024px) 100vw, 1024px\" \/><\/a> <a class=\"img\" href=\"https:\/\/stefanierothfotografie.de\/blog\/wp-content\/uploads\/2016\/11\/hochzeitfotograf_luedenscheid_sauerland_17.jpg\" title=\"Hochzeitfotograf Luedenscheid Sauerland 17\"><img loading=\"lazy\" decoding=\"async\" class=\"aligncenter size-full wp-image-1716\" src=\"https:\/\/stefanierothfotografie.de\/blog\/wp-content\/uploads\/2016\/11\/hochzeitfotograf_luedenscheid_sauerland_17.jpg\" title=\"Hochzeitfotograf Luedenscheid Sauerland 17\" alt=\"hochzeitfotograf_luedenscheid_sauerland_17\" width=\"1024\" height=\"684\" srcset=\"https:\/\/stefanierothfotografie.de\/blog\/wp-content\/uploads\/2016\/11\/hochzeitfotograf_luedenscheid_sauerland_17.jpg 1024w, https:\/\/stefanierothfotografie.de\/blog\/wp-content\/uploads\/2016\/11\/hochzeitfotograf_luedenscheid_sauerland_17-300x200.jpg 300w, https:\/\/stefanierothfotografie.de\/blog\/wp-content\/uploads\/2016\/11\/hochzeitfotograf_luedenscheid_sauerland_17-768x513.jpg 768w\" sizes=\"auto, (max-width: 1024px) 100vw, 1024px\" \/><\/a> <a class=\"img\" href=\"https:\/\/stefanierothfotografie.de\/blog\/wp-content\/uploads\/2016\/11\/hochzeitfotograf_luedenscheid_sauerland_18.jpg\" title=\"Hochzeitfotograf Luedenscheid Sauerland 18\"><img loading=\"lazy\" decoding=\"async\" class=\"aligncenter size-full wp-image-1717\" src=\"https:\/\/stefanierothfotografie.de\/blog\/wp-content\/uploads\/2016\/11\/hochzeitfotograf_luedenscheid_sauerland_18.jpg\" title=\"Hochzeitfotograf Luedenscheid Sauerland 18\" alt=\"hochzeitfotograf_luedenscheid_sauerland_18\" width=\"1024\" height=\"767\" srcset=\"https:\/\/stefanierothfotografie.de\/blog\/wp-content\/uploads\/2016\/11\/hochzeitfotograf_luedenscheid_sauerland_18.jpg 1024w, https:\/\/stefanierothfotografie.de\/blog\/wp-content\/uploads\/2016\/11\/hochzeitfotograf_luedenscheid_sauerland_18-300x225.jpg 300w, https:\/\/stefanierothfotografie.de\/blog\/wp-content\/uploads\/2016\/11\/hochzeitfotograf_luedenscheid_sauerland_18-768x575.jpg 768w\" sizes=\"auto, (max-width: 1024px) 100vw, 1024px\" \/><\/a> <a class=\"img\" href=\"https:\/\/stefanierothfotografie.de\/blog\/wp-content\/uploads\/2016\/11\/hochzeitfotograf_luedenscheid_sauerland_19.jpg\" title=\"Hochzeitfotograf Luedenscheid Sauerland 19\"><img loading=\"lazy\" decoding=\"async\" class=\"aligncenter size-full wp-image-1718\" src=\"https:\/\/stefanierothfotografie.de\/blog\/wp-content\/uploads\/2016\/11\/hochzeitfotograf_luedenscheid_sauerland_19.jpg\" title=\"Hochzeitfotograf Luedenscheid Sauerland 19\" alt=\"hochzeitfotograf_luedenscheid_sauerland_19\" width=\"1024\" height=\"1535\" srcset=\"https:\/\/stefanierothfotografie.de\/blog\/wp-content\/uploads\/2016\/11\/hochzeitfotograf_luedenscheid_sauerland_19.jpg 1024w, https:\/\/stefanierothfotografie.de\/blog\/wp-content\/uploads\/2016\/11\/hochzeitfotograf_luedenscheid_sauerland_19-200x300.jpg 200w, https:\/\/stefanierothfotografie.de\/blog\/wp-content\/uploads\/2016\/11\/hochzeitfotograf_luedenscheid_sauerland_19-768x1151.jpg 768w, https:\/\/stefanierothfotografie.de\/blog\/wp-content\/uploads\/2016\/11\/hochzeitfotograf_luedenscheid_sauerland_19-683x1024.jpg 683w\" sizes=\"auto, (max-width: 1024px) 100vw, 1024px\" \/><\/a><\/p>\n","protected":false},"excerpt":{"rendered":"<p>Wenn man Lisa fragt, was sie an ihrem Liebsten so sehr\u00a0sch\u00e4tzt, dann wird sie ganz sicher mit einem L\u00e4cheln antworten, in dem man erkennen kann; dies ist die gro\u00dfe Liebe. F\u00fcr sie ist Maik ihr Fels in der Brandung und ihr Ruhepol, der einen k\u00fchlen Kopf bewahrt, wenn es drauf ankommt. Wenn sie seine Hand&hellip; <a class=\"more-link\" href=\"https:\/\/stefanierothfotografie.de\/blog\/verlobungsshooting-sauerland\/\"><span class=\"screen-reader-text\">Verlobungsshooting im Sauerland<\/span> weiterlesen<\/a><\/p>\n","protected":false},"author":1,"featured_media":1714,"comment_status":"closed","ping_status":"open","sticky":false,"template":"","format":"standard","meta":{"footnotes":""},"categories":[54],"tags":[],"class_list":["post-1699","post","type-post","status-publish","format-standard","has-post-thumbnail","hentry","category-loveshoot","entry"],"_links":{"self":[{"href":"https:\/\/stefanierothfotografie.de\/blog\/wp-json\/wp\/v2\/posts\/1699","targetHints":{"allow":["GET"]}}],"collection":[{"href":"https:\/\/stefanierothfotografie.de\/blog\/wp-json\/wp\/v2\/posts"}],"about":[{"href":"https:\/\/stefanierothfotografie.de\/blog\/wp-json\/wp\/v2\/types\/post"}],"author":[{"embeddable":true,"href":"https:\/\/stefanierothfotografie.de\/blog\/wp-json\/wp\/v2\/users\/1"}],"replies":[{"embeddable":true,"href":"https:\/\/stefanierothfotografie.de\/blog\/wp-json\/wp\/v2\/comments?post=1699"}],"version-history":[{"count":3,"href":"https:\/\/stefanierothfotografie.de\/blog\/wp-json\/wp\/v2\/posts\/1699\/revisions"}],"predecessor-version":[{"id":1734,"href":"https:\/\/stefanierothfotografie.de\/blog\/wp-json\/wp\/v2\/posts\/1699\/revisions\/1734"}],"wp:featuredmedia":[{"embeddable":true,"href":"https:\/\/stefanierothfotografie.de\/blog\/wp-json\/wp\/v2\/media\/1714"}],"wp:attachment":[{"href":"https:\/\/stefanierothfotografie.de\/blog\/wp-json\/wp\/v2\/media?parent=1699"}],"wp:term":[{"taxonomy":"category","embeddable":true,"href":"https:\/\/stefanierothfotografie.de\/blog\/wp-json\/wp\/v2\/categories?post=1699"},{"taxonomy":"post_tag","embeddable":true,"href":"https:\/\/stefanierothfotografie.de\/blog\/wp-json\/wp\/v2\/tags?post=1699"}],"curies":[{"name":"wp","href":"https:\/\/api.w.org\/{rel}","templated":true}]}}