{"id":1492,"date":"2016-11-07T15:48:42","date_gmt":"2016-11-07T14:48:42","guid":{"rendered":"https:\/\/stefanierothfotografie.de\/blog\/?p=1492"},"modified":"2018-09-24T12:54:07","modified_gmt":"2018-09-24T10:54:07","slug":"hochzeitsfotograf-hueckeswagen","status":"publish","type":"post","link":"https:\/\/stefanierothfotografie.de\/blog\/hochzeitsfotograf-hueckeswagen\/","title":{"rendered":"Als Hochzeitsfotograf in H\u00fcckeswagen"},"content":{"rendered":"<p><a class=\"img\" href=\"https:\/\/stefanierothfotografie.de\/blog\/wp-content\/uploads\/2016\/11\/hochzeitsfotograf_hueckeswagen_01.jpg\" title=\"Hochzeitsfotograf Hueckeswagen 01\"><img loading=\"lazy\" decoding=\"async\" class=\"aligncenter size-full wp-image-1493\" src=\"https:\/\/stefanierothfotografie.de\/blog\/wp-content\/uploads\/2016\/11\/hochzeitsfotograf_hueckeswagen_01.jpg\" title=\"Hochzeitsfotograf Hueckeswagen 01\" alt=\"hochzeitsfotograf_hueckeswagen_01\" width=\"1024\" height=\"684\" srcset=\"https:\/\/stefanierothfotografie.de\/blog\/wp-content\/uploads\/2016\/11\/hochzeitsfotograf_hueckeswagen_01.jpg 1024w, https:\/\/stefanierothfotografie.de\/blog\/wp-content\/uploads\/2016\/11\/hochzeitsfotograf_hueckeswagen_01-300x200.jpg 300w, https:\/\/stefanierothfotografie.de\/blog\/wp-content\/uploads\/2016\/11\/hochzeitsfotograf_hueckeswagen_01-768x513.jpg 768w\" sizes=\"auto, (max-width: 1024px) 100vw, 1024px\" \/><\/a><\/p>\n<p>Es kommt mir ein wenig so vor, als w\u00fcrde Sascha nerv\u00f6s zittern, als er die allerliebste\u00a0Holzschachtel in der Hand h\u00e4lt, die seine Zuk\u00fcnftige in gro\u00dfer Detailverliebtheit f\u00fcr ihn gezaubert hat. Sascha sitzt auf der Couch der hellen Wohnung und schaut auf die mit Spitzenborte verzierte Box. Langsam \u00f6ffnet er sie und entfaltet Marens Worte, die er zu allererst darin findet. Seine Augen fliegen sachte \u00fcber den Text &#8211; sicher\u00a0hat er Marens Stimme jetzt genau dazu im Ohr. Ein verschmitztes Grinsen huscht\u00a0\u00fcber sein Gesicht, bevor er den Inhalt der Schachtel weiter ansieht.<\/p>\n<p>Als Hochzeitsfotograf in H\u00fcckeswagen liebe ich sie, diese kleinen Pr\u00e4sente beim Getting Ready. Der Br\u00e4utigam oder die Braut nehmen sich einen Moment der Ruhe, setzten sich, atmen durch. Wenn sie dann einen geschriebenen Liebesbrief entfalten d\u00fcrfen, ein kleines Geschenk auspacken k\u00f6nnen, dann ist es eine einmalig sch\u00f6ne Einstimmung auf den Tag\u00a0und ganz wichtig: Ein kleiner feiner intimer Moment der beiden Verliebten\u00a0&#8211; ohne sich dabei zu sehen. Aufregend! Wie unermesslich nun die Vorfreude auf den anderen w\u00e4chst.<\/p>\n<p>Als ich in Marens Hotelzimmer trete ist es ganz still, die Luft voller Spannung. Die Stimmung beim Getting Ready direkt an der Wuppertalsperre ist gespickt von \u00dcberschw\u00e4nglichkeit, Vorfreude, Anspannung und Nervosit\u00e4t. Genau das macht es aus. Wunderbare\u00a0Detailaufnahmen entstehen, letzte Handgriffe an den Haaren und dem Make-up, bevor Maren\u00a0dann endlich in ihr Brautkleid schl\u00fcpfen kann. Wie sehr sie Monate darauf gewartet hat, sich immer wieder in Gedanken diesen Tag vorgestellt hat, w\u00e4hrend sie in\u00a0m\u00fchevoller Hingabe ihre Dekorationen bastelte. Jetzt darf alles gel\u00fcftet werden &#8211; sie ist nerv\u00f6s, als das Kleid und die Schuhe angezogen sind &#8211; doch das macht Nichts. Es kann nun losgehen! Ihr Sascha wartet.<\/p>\n<p><a class=\"img\" href=\"https:\/\/stefanierothfotografie.de\/blog\/wp-content\/uploads\/2016\/11\/hochzeitsfotograf_hueckeswagen_02.jpg\" title=\"Hochzeitsfotograf Hueckeswagen 02\"><img loading=\"lazy\" decoding=\"async\" class=\"aligncenter size-full wp-image-1494\" src=\"https:\/\/stefanierothfotografie.de\/blog\/wp-content\/uploads\/2016\/11\/hochzeitsfotograf_hueckeswagen_02.jpg\" title=\"Hochzeitsfotograf Hueckeswagen 02\" alt=\"hochzeitsfotograf_hueckeswagen_02\" width=\"1024\" height=\"684\" srcset=\"https:\/\/stefanierothfotografie.de\/blog\/wp-content\/uploads\/2016\/11\/hochzeitsfotograf_hueckeswagen_02.jpg 1024w, https:\/\/stefanierothfotografie.de\/blog\/wp-content\/uploads\/2016\/11\/hochzeitsfotograf_hueckeswagen_02-300x200.jpg 300w, https:\/\/stefanierothfotografie.de\/blog\/wp-content\/uploads\/2016\/11\/hochzeitsfotograf_hueckeswagen_02-768x513.jpg 768w\" sizes=\"auto, (max-width: 1024px) 100vw, 1024px\" \/><\/a><\/p>\n<p><strong>Brautpaar<\/strong>\u00a0Maren &amp; Sascha<br \/>\n<strong>Hochzeitslocation<\/strong>\u00a0<a href=\"http:\/\/lebenshilfe-nrw.de\/de\/dienstleistungen_einrichtungen\/bildungs_erholungsstaetten\/haus_hammerstein.php\" title=\"Haus Hammerstein \/ Seehaus\" title=\"Haus Hammerstein\">Haus Hammerstein<\/a>\u00a0in H\u00fcckeswagen<\/p>\n<p><strong>Liebe Maren, erz\u00e4hle etwas von Dir. Wer bist Du? Was macht Dich aus? Meine zuk\u00fcnftigen Br\u00e4ute m\u00f6chten Dich besser kennenlernen.<\/strong><\/p>\n<p>Ich bin Maren und 27 Jahre alt. Sich selbst zu beschreiben f\u00e4llt mir recht schwer aber ich denke ich bin eine sehr zuverl\u00e4ssige und spontane Person mit tausend Ideen im Kopf. Unsere Hochzeit zu planen, die Vorbereitungen zu treffen und allerlei Deko zusammenzusammeln hat mir eine riesen Freude gemacht. F\u00fcr diesen Anlass hatten wir mit so vielen netten Menschen zu tun, ganz besonders nat\u00fcrlich mit Dir, liebe Stefanie.<\/p>\n<p><strong>Wie und wo hast Du Deinen Ehemann kennengelernt?\u00a0\u2013 Erz\u00e4hle uns Eure Liebesgeschichte<\/strong><\/p>\n<p>Vor vier Jahren traf ich Sascha das erste Mal im Au\u00dfenbereich eines Kaffees, nachdem ich mit Freunden den Abend zuvor auf einem Stadtfest war. An dem Abend waren sie ganz wild darauf mich einen Mann namens Sascha vorzustellen. Ich h\u00e4tte damals nie gedacht, dass sie damit meinen zuk\u00fcnftigen Mann meinen k\u00f6nnten. Eine typische Verkupplungsaktion, aber wer will schon ernsthaft verkuppelt werden!? Da sa\u00dfen wir also mit gro\u00dfen Kaffeetassen, Sonnenbrillen und einem noch gr\u00f6\u00dferen Kater vom Vorabend. Und da kam Sascha auf Kr\u00fccken humpelnd daher, gerade frisch das Bein eingegipst und strahlte uns an.<\/p>\n<p>Danach haben wir uns dann aber ein Jahr wieder aus den Augen verloren. Auf dem Geburtstag eines gemeinsamen Freundes trafen wir uns wieder, als er sich mit seinem Teller voll W\u00fcrstchen und Kartoffelsalat direkt neben mich setzte und mich schneller in ein Gespr\u00e4ch verwickelt hatte als ich schauen konnte. Nach einigen Dates war klar, den Mann m\u00f6chte ich nie wieder missen.<\/p>\n<p>Eigentlich waren wir beide auf der Suche nach einer Wohnung, als wir unser Freunde Miri und Tim im Krankenhaus nach der Geburt ihrer kleinen Lotta (unserem Patenkind) besuchten. Unabh\u00e4ngig voneinander erz\u00e4hlten wir von unseren Wohnungsbesichtigungen und Miri sa\u00df nur da und sch\u00fcttelte mit dem Kopf. Sie kam ziemlich schnell zu der Erkenntnis, dass es keinen Sinn machte nach zwei\u00a0Wohnungen zu suchen, sondern wir doch gleich zusammenziehen k\u00f6nnten. Ein kurzer Blick und die Sache war klar. Somit zogen wir nach 3 Monaten Beziehung in unsere erste gemeinsame Wohnung. Die beste Entscheidung meines Lebens! Wenn es passt, f\u00fchlen sich solche Entscheidungen erstaunlich einfach an.<\/p>\n<p><a class=\"img\" href=\"https:\/\/stefanierothfotografie.de\/blog\/wp-content\/uploads\/2016\/11\/hochzeitsfotograf_hueckeswagen_03.jpg\" title=\"Hochzeitsfotograf Hueckeswagen 03\"><img loading=\"lazy\" decoding=\"async\" class=\"aligncenter size-full wp-image-1495\" src=\"https:\/\/stefanierothfotografie.de\/blog\/wp-content\/uploads\/2016\/11\/hochzeitsfotograf_hueckeswagen_03.jpg\" title=\"Hochzeitsfotograf Hueckeswagen 03\" alt=\"hochzeitsfotograf_hueckeswagen_03\" width=\"1024\" height=\"684\" srcset=\"https:\/\/stefanierothfotografie.de\/blog\/wp-content\/uploads\/2016\/11\/hochzeitsfotograf_hueckeswagen_03.jpg 1024w, https:\/\/stefanierothfotografie.de\/blog\/wp-content\/uploads\/2016\/11\/hochzeitsfotograf_hueckeswagen_03-300x200.jpg 300w, https:\/\/stefanierothfotografie.de\/blog\/wp-content\/uploads\/2016\/11\/hochzeitsfotograf_hueckeswagen_03-768x513.jpg 768w\" sizes=\"auto, (max-width: 1024px) 100vw, 1024px\" \/><\/a> <a class=\"img\" href=\"https:\/\/stefanierothfotografie.de\/blog\/wp-content\/uploads\/2016\/11\/hochzeitsfotograf_hueckeswagen_04.jpg\" title=\"Hochzeitsfotograf Hueckeswagen 04\"><img loading=\"lazy\" decoding=\"async\" class=\"aligncenter size-full wp-image-1496\" src=\"https:\/\/stefanierothfotografie.de\/blog\/wp-content\/uploads\/2016\/11\/hochzeitsfotograf_hueckeswagen_04.jpg\" title=\"Hochzeitsfotograf Hueckeswagen 04\" alt=\"hochzeitsfotograf_hueckeswagen_04\" width=\"1024\" height=\"767\" srcset=\"https:\/\/stefanierothfotografie.de\/blog\/wp-content\/uploads\/2016\/11\/hochzeitsfotograf_hueckeswagen_04.jpg 1024w, https:\/\/stefanierothfotografie.de\/blog\/wp-content\/uploads\/2016\/11\/hochzeitsfotograf_hueckeswagen_04-300x225.jpg 300w, https:\/\/stefanierothfotografie.de\/blog\/wp-content\/uploads\/2016\/11\/hochzeitsfotograf_hueckeswagen_04-768x575.jpg 768w\" sizes=\"auto, (max-width: 1024px) 100vw, 1024px\" \/><\/a> <a class=\"img\" href=\"https:\/\/stefanierothfotografie.de\/blog\/wp-content\/uploads\/2016\/11\/hochzeitsfotograf_hueckeswagen_05.jpg\" title=\"Hochzeitsfotograf Hueckeswagen 05\"><img loading=\"lazy\" decoding=\"async\" class=\"aligncenter size-full wp-image-1497\" src=\"https:\/\/stefanierothfotografie.de\/blog\/wp-content\/uploads\/2016\/11\/hochzeitsfotograf_hueckeswagen_05.jpg\" title=\"Hochzeitsfotograf Hueckeswagen 05\" alt=\"hochzeitsfotograf_hueckeswagen_05\" width=\"1024\" height=\"684\" srcset=\"https:\/\/stefanierothfotografie.de\/blog\/wp-content\/uploads\/2016\/11\/hochzeitsfotograf_hueckeswagen_05.jpg 1024w, https:\/\/stefanierothfotografie.de\/blog\/wp-content\/uploads\/2016\/11\/hochzeitsfotograf_hueckeswagen_05-300x200.jpg 300w, https:\/\/stefanierothfotografie.de\/blog\/wp-content\/uploads\/2016\/11\/hochzeitsfotograf_hueckeswagen_05-768x513.jpg 768w\" sizes=\"auto, (max-width: 1024px) 100vw, 1024px\" \/><\/a> <a class=\"img\" href=\"https:\/\/stefanierothfotografie.de\/blog\/wp-content\/uploads\/2016\/11\/hochzeitsfotograf_hueckeswagen_06.jpg\" title=\"Hochzeitsfotograf Hueckeswagen 06\"><img loading=\"lazy\" decoding=\"async\" class=\"aligncenter size-full wp-image-1498\" src=\"https:\/\/stefanierothfotografie.de\/blog\/wp-content\/uploads\/2016\/11\/hochzeitsfotograf_hueckeswagen_06.jpg\" title=\"Hochzeitsfotograf Hueckeswagen 06\" alt=\"hochzeitsfotograf_hueckeswagen_06\" width=\"1024\" height=\"684\" srcset=\"https:\/\/stefanierothfotografie.de\/blog\/wp-content\/uploads\/2016\/11\/hochzeitsfotograf_hueckeswagen_06.jpg 1024w, https:\/\/stefanierothfotografie.de\/blog\/wp-content\/uploads\/2016\/11\/hochzeitsfotograf_hueckeswagen_06-300x200.jpg 300w, https:\/\/stefanierothfotografie.de\/blog\/wp-content\/uploads\/2016\/11\/hochzeitsfotograf_hueckeswagen_06-768x513.jpg 768w\" sizes=\"auto, (max-width: 1024px) 100vw, 1024px\" \/><\/a> <a class=\"img\" href=\"https:\/\/stefanierothfotografie.de\/blog\/wp-content\/uploads\/2016\/11\/hochzeitsfotograf_hueckeswagen_07.jpg\" title=\"Hochzeitsfotograf Hueckeswagen 07\"><img loading=\"lazy\" decoding=\"async\" class=\"aligncenter size-full wp-image-1499\" src=\"https:\/\/stefanierothfotografie.de\/blog\/wp-content\/uploads\/2016\/11\/hochzeitsfotograf_hueckeswagen_07.jpg\" title=\"Hochzeitsfotograf Hueckeswagen 07\" alt=\"hochzeitsfotograf_hueckeswagen_07\" width=\"1024\" height=\"684\" srcset=\"https:\/\/stefanierothfotografie.de\/blog\/wp-content\/uploads\/2016\/11\/hochzeitsfotograf_hueckeswagen_07.jpg 1024w, https:\/\/stefanierothfotografie.de\/blog\/wp-content\/uploads\/2016\/11\/hochzeitsfotograf_hueckeswagen_07-300x200.jpg 300w, https:\/\/stefanierothfotografie.de\/blog\/wp-content\/uploads\/2016\/11\/hochzeitsfotograf_hueckeswagen_07-768x513.jpg 768w\" sizes=\"auto, (max-width: 1024px) 100vw, 1024px\" \/><\/a> <a class=\"img\" href=\"https:\/\/stefanierothfotografie.de\/blog\/wp-content\/uploads\/2016\/11\/hochzeitsfotograf_hueckeswagen_08.jpg\" title=\"Hochzeitsfotograf Hueckeswagen 08\"><img loading=\"lazy\" decoding=\"async\" class=\"aligncenter size-full wp-image-1500\" src=\"https:\/\/stefanierothfotografie.de\/blog\/wp-content\/uploads\/2016\/11\/hochzeitsfotograf_hueckeswagen_08.jpg\" title=\"Hochzeitsfotograf Hueckeswagen 08\" alt=\"hochzeitsfotograf_hueckeswagen_08\" width=\"1024\" height=\"767\" srcset=\"https:\/\/stefanierothfotografie.de\/blog\/wp-content\/uploads\/2016\/11\/hochzeitsfotograf_hueckeswagen_08.jpg 1024w, https:\/\/stefanierothfotografie.de\/blog\/wp-content\/uploads\/2016\/11\/hochzeitsfotograf_hueckeswagen_08-300x225.jpg 300w, https:\/\/stefanierothfotografie.de\/blog\/wp-content\/uploads\/2016\/11\/hochzeitsfotograf_hueckeswagen_08-768x575.jpg 768w\" sizes=\"auto, (max-width: 1024px) 100vw, 1024px\" \/><\/a><\/p>\n<p><strong>Wie w\u00fcrdest Du Deinen Ehemann beschreiben? Was macht ihn zu dem, was Du auf ewig lieben wirst?<\/strong><\/p>\n<p>Mein Mann ist ein grundehrlicher Mensch mit viel Empathie und Charme. Er gibt mir immer das Gef\u00fchl, dass wir ein Team sind und ich kann mir zu jeder Zeit sicher sein, dass ich nie in einer Situation alleine dastehe und er mir immer den R\u00fccken st\u00e4rkt. Meiner &#8222;B\u00fcromutti&#8220; habe ich ihn damals nach dem Kennenlernen so beschrieben: Sascha ist die richtige Mischung aus liebevollem Zuh\u00f6rer und einem Mann, der die Dinge in die Hand nimmt \u2026 und das Herz hat l\u00e4ngst entschieden. Ich denke diese Aussage beschreibt ihn nach wie vor am besten.<\/p>\n<p>Er steht grunds\u00e4tzlich zu seinem Wort und seinen Entscheidungen. Gleichzeitig steckt aber auch noch ein St\u00fcck Kind in ihm, das ihn so lustig und unbeschwert macht. Er liebt es handwerklich aktiv zu werden oder an seinen Quadrocoptern herumzubasteln. Die ein oder andere Tupperdose wurde da schon zweckentfremdet und verschwand aus der K\u00fcche, um als Geh\u00e4use f\u00fcr allerlei Verkabelungen wieder aufzutauchen. Da ich aber st\u00e4ndig neue Bastel- und Werkelideen habe, muss er oft f\u00fcr die Umsetzung herhalten. Mit einer Engelsgeduld versucht er durch meine Zeichnungen und konfusen Beschreibungen meiner Vorhaben durchzusteigen, bis der Plan steht und der Werkzeugkoffer gez\u00fcckt wird. Er hat mich zu einem solch gl\u00fccklichen und ausgeglichenen Menschen gemacht und manchmal kann ich gar nicht fassen, wie sehr ich ihn liebe.<\/p>\n<p><a class=\"img\" href=\"https:\/\/stefanierothfotografie.de\/blog\/wp-content\/uploads\/2016\/11\/hochzeitsfotograf_hueckeswagen_09.jpg\" title=\"Hochzeitsfotograf Hueckeswagen 09\"><img loading=\"lazy\" decoding=\"async\" class=\"aligncenter size-full wp-image-1501\" src=\"https:\/\/stefanierothfotografie.de\/blog\/wp-content\/uploads\/2016\/11\/hochzeitsfotograf_hueckeswagen_09.jpg\" title=\"Hochzeitsfotograf Hueckeswagen 09\" alt=\"hochzeitsfotograf_hueckeswagen_09\" width=\"1024\" height=\"684\" srcset=\"https:\/\/stefanierothfotografie.de\/blog\/wp-content\/uploads\/2016\/11\/hochzeitsfotograf_hueckeswagen_09.jpg 1024w, https:\/\/stefanierothfotografie.de\/blog\/wp-content\/uploads\/2016\/11\/hochzeitsfotograf_hueckeswagen_09-300x200.jpg 300w, https:\/\/stefanierothfotografie.de\/blog\/wp-content\/uploads\/2016\/11\/hochzeitsfotograf_hueckeswagen_09-768x513.jpg 768w\" sizes=\"auto, (max-width: 1024px) 100vw, 1024px\" \/><\/a> <a class=\"img\" href=\"https:\/\/stefanierothfotografie.de\/blog\/wp-content\/uploads\/2016\/11\/hochzeitsfotograf_hueckeswagen_10.jpg\" title=\"Hochzeitsfotograf Hueckeswagen 10\"><img loading=\"lazy\" decoding=\"async\" class=\"aligncenter size-full wp-image-1502\" src=\"https:\/\/stefanierothfotografie.de\/blog\/wp-content\/uploads\/2016\/11\/hochzeitsfotograf_hueckeswagen_10.jpg\" title=\"Hochzeitsfotograf Hueckeswagen 10\" alt=\"hochzeitsfotograf_hueckeswagen_10\" width=\"1024\" height=\"1535\" srcset=\"https:\/\/stefanierothfotografie.de\/blog\/wp-content\/uploads\/2016\/11\/hochzeitsfotograf_hueckeswagen_10.jpg 1024w, https:\/\/stefanierothfotografie.de\/blog\/wp-content\/uploads\/2016\/11\/hochzeitsfotograf_hueckeswagen_10-200x300.jpg 200w, https:\/\/stefanierothfotografie.de\/blog\/wp-content\/uploads\/2016\/11\/hochzeitsfotograf_hueckeswagen_10-768x1151.jpg 768w, https:\/\/stefanierothfotografie.de\/blog\/wp-content\/uploads\/2016\/11\/hochzeitsfotograf_hueckeswagen_10-683x1024.jpg 683w\" sizes=\"auto, (max-width: 1024px) 100vw, 1024px\" \/><\/a> <a class=\"img\" href=\"https:\/\/stefanierothfotografie.de\/blog\/wp-content\/uploads\/2016\/11\/hochzeitsfotograf_hueckeswagen_11.jpg\" title=\"Hochzeitsfotograf Hueckeswagen 11\"><img loading=\"lazy\" decoding=\"async\" class=\"aligncenter size-full wp-image-1503\" src=\"https:\/\/stefanierothfotografie.de\/blog\/wp-content\/uploads\/2016\/11\/hochzeitsfotograf_hueckeswagen_11.jpg\" title=\"Hochzeitsfotograf Hueckeswagen 11\" alt=\"hochzeitsfotograf_hueckeswagen_11\" width=\"1024\" height=\"684\" srcset=\"https:\/\/stefanierothfotografie.de\/blog\/wp-content\/uploads\/2016\/11\/hochzeitsfotograf_hueckeswagen_11.jpg 1024w, https:\/\/stefanierothfotografie.de\/blog\/wp-content\/uploads\/2016\/11\/hochzeitsfotograf_hueckeswagen_11-300x200.jpg 300w, https:\/\/stefanierothfotografie.de\/blog\/wp-content\/uploads\/2016\/11\/hochzeitsfotograf_hueckeswagen_11-768x513.jpg 768w\" sizes=\"auto, (max-width: 1024px) 100vw, 1024px\" \/><\/a> <a class=\"img\" href=\"https:\/\/stefanierothfotografie.de\/blog\/wp-content\/uploads\/2016\/11\/hochzeitsfotograf_hueckeswagen_12.jpg\" title=\"Hochzeitsfotograf Hueckeswagen 12\"><img loading=\"lazy\" decoding=\"async\" class=\"aligncenter size-full wp-image-1504\" src=\"https:\/\/stefanierothfotografie.de\/blog\/wp-content\/uploads\/2016\/11\/hochzeitsfotograf_hueckeswagen_12.jpg\" title=\"Hochzeitsfotograf Hueckeswagen 12\" alt=\"hochzeitsfotograf_hueckeswagen_12\" width=\"1024\" height=\"767\" srcset=\"https:\/\/stefanierothfotografie.de\/blog\/wp-content\/uploads\/2016\/11\/hochzeitsfotograf_hueckeswagen_12.jpg 1024w, https:\/\/stefanierothfotografie.de\/blog\/wp-content\/uploads\/2016\/11\/hochzeitsfotograf_hueckeswagen_12-300x225.jpg 300w, https:\/\/stefanierothfotografie.de\/blog\/wp-content\/uploads\/2016\/11\/hochzeitsfotograf_hueckeswagen_12-768x575.jpg 768w\" sizes=\"auto, (max-width: 1024px) 100vw, 1024px\" \/><\/a> <a class=\"img\" href=\"https:\/\/stefanierothfotografie.de\/blog\/wp-content\/uploads\/2016\/11\/hochzeitsfotograf_hueckeswagen_13.jpg\" title=\"Hochzeitsfotograf Hueckeswagen 13\"><img loading=\"lazy\" decoding=\"async\" class=\"aligncenter size-full wp-image-1505\" src=\"https:\/\/stefanierothfotografie.de\/blog\/wp-content\/uploads\/2016\/11\/hochzeitsfotograf_hueckeswagen_13.jpg\" title=\"Hochzeitsfotograf Hueckeswagen 13\" alt=\"hochzeitsfotograf_hueckeswagen_13\" width=\"1024\" height=\"1535\" srcset=\"https:\/\/stefanierothfotografie.de\/blog\/wp-content\/uploads\/2016\/11\/hochzeitsfotograf_hueckeswagen_13.jpg 1024w, https:\/\/stefanierothfotografie.de\/blog\/wp-content\/uploads\/2016\/11\/hochzeitsfotograf_hueckeswagen_13-200x300.jpg 200w, https:\/\/stefanierothfotografie.de\/blog\/wp-content\/uploads\/2016\/11\/hochzeitsfotograf_hueckeswagen_13-768x1151.jpg 768w, https:\/\/stefanierothfotografie.de\/blog\/wp-content\/uploads\/2016\/11\/hochzeitsfotograf_hueckeswagen_13-683x1024.jpg 683w\" sizes=\"auto, (max-width: 1024px) 100vw, 1024px\" \/><\/a> <a class=\"img\" href=\"https:\/\/stefanierothfotografie.de\/blog\/wp-content\/uploads\/2016\/11\/hochzeitsfotograf_hueckeswagen_14.jpg\" title=\"Hochzeitsfotograf Hueckeswagen 14\"><img loading=\"lazy\" decoding=\"async\" class=\"aligncenter size-full wp-image-1506\" src=\"https:\/\/stefanierothfotografie.de\/blog\/wp-content\/uploads\/2016\/11\/hochzeitsfotograf_hueckeswagen_14.jpg\" title=\"Hochzeitsfotograf Hueckeswagen 14\" alt=\"hochzeitsfotograf_hueckeswagen_14\" width=\"1024\" height=\"684\" srcset=\"https:\/\/stefanierothfotografie.de\/blog\/wp-content\/uploads\/2016\/11\/hochzeitsfotograf_hueckeswagen_14.jpg 1024w, https:\/\/stefanierothfotografie.de\/blog\/wp-content\/uploads\/2016\/11\/hochzeitsfotograf_hueckeswagen_14-300x200.jpg 300w, https:\/\/stefanierothfotografie.de\/blog\/wp-content\/uploads\/2016\/11\/hochzeitsfotograf_hueckeswagen_14-768x513.jpg 768w\" sizes=\"auto, (max-width: 1024px) 100vw, 1024px\" \/><\/a> <a class=\"img\" href=\"https:\/\/stefanierothfotografie.de\/blog\/wp-content\/uploads\/2016\/11\/hochzeitsfotograf_hueckeswagen_15.jpg\" title=\"Hochzeitsfotograf Hueckeswagen 15\"><img loading=\"lazy\" decoding=\"async\" class=\"aligncenter size-full wp-image-1507\" src=\"https:\/\/stefanierothfotografie.de\/blog\/wp-content\/uploads\/2016\/11\/hochzeitsfotograf_hueckeswagen_15.jpg\" title=\"Hochzeitsfotograf Hueckeswagen 15\" alt=\"hochzeitsfotograf_hueckeswagen_15\" width=\"1024\" height=\"684\" srcset=\"https:\/\/stefanierothfotografie.de\/blog\/wp-content\/uploads\/2016\/11\/hochzeitsfotograf_hueckeswagen_15.jpg 1024w, https:\/\/stefanierothfotografie.de\/blog\/wp-content\/uploads\/2016\/11\/hochzeitsfotograf_hueckeswagen_15-300x200.jpg 300w, https:\/\/stefanierothfotografie.de\/blog\/wp-content\/uploads\/2016\/11\/hochzeitsfotograf_hueckeswagen_15-768x513.jpg 768w\" sizes=\"auto, (max-width: 1024px) 100vw, 1024px\" \/><\/a> <a class=\"img\" href=\"https:\/\/stefanierothfotografie.de\/blog\/wp-content\/uploads\/2016\/11\/hochzeitsfotograf_hueckeswagen_16.jpg\" title=\"Hochzeitsfotograf Hueckeswagen 16\"><img loading=\"lazy\" decoding=\"async\" class=\"aligncenter size-full wp-image-1508\" src=\"https:\/\/stefanierothfotografie.de\/blog\/wp-content\/uploads\/2016\/11\/hochzeitsfotograf_hueckeswagen_16.jpg\" title=\"Hochzeitsfotograf Hueckeswagen 16\" alt=\"hochzeitsfotograf_hueckeswagen_16\" width=\"1024\" height=\"767\" srcset=\"https:\/\/stefanierothfotografie.de\/blog\/wp-content\/uploads\/2016\/11\/hochzeitsfotograf_hueckeswagen_16.jpg 1024w, https:\/\/stefanierothfotografie.de\/blog\/wp-content\/uploads\/2016\/11\/hochzeitsfotograf_hueckeswagen_16-300x225.jpg 300w, https:\/\/stefanierothfotografie.de\/blog\/wp-content\/uploads\/2016\/11\/hochzeitsfotograf_hueckeswagen_16-768x575.jpg 768w\" sizes=\"auto, (max-width: 1024px) 100vw, 1024px\" \/><\/a><\/p>\n<p><strong>Ein Brautkleid ist ein Statement. Wie und wo hast Du Dein Brautkleid entdeckt und was gef\u00e4llt Dir an dem Kleid besonders gut?<\/strong><\/p>\n<p>Meine Freundin Miri gab mir damals den Tipp zuerst bei <a href=\"http:\/\/www.brautkultur.de\" title=\"Brautkultur\" target=\"_blank\" rel=\"noopener\">Brautkultur<\/a> in Wermelskirchen nach einem Kleid zu schauen. Ein Termin wurde recht schnell gefunden an dem wir gemeinsam mit meiner Mutter und meiner Trauzeugin in Ruhe Kleider anschauen konnten. Die Zeit war nur f\u00fcr uns reserviert und die Beratung sehr pers\u00f6nlich und kompetent. So suchte jeder einige Kleider heraus und schon ging es zum Anprobieren. Wie vermutlich jede Braut hatte ich ein paar Vorstellungen wie es vielleicht aussehen k\u00f6nnte und was eher nicht meinen W\u00fcnschen entsprach. Es sollte gerne etwas verspielt mit Spitze und kleinen \u00c4rmelchen sein aber mit nicht allzu viel T\u00fcll und Glitzer. Ein tolles Gef\u00fchl solche Kleider anzuprobieren. Ich probierte sogar ein wundersch\u00f6nes Kleid an, dass sehr eng geschnitten, aber eher ausschlie\u00dflich zum Stehen geeignet war\u2026 ich wollte ich Kleid, in dem ich tanzen und mich frei bewegen konnte.<\/p>\n<p>Und da war es dann. In dem Moment, in dem die Dame den Rei\u00dfverschluss hochzog, war ich wie angekommen. Ein Kleid wirkt doch am sch\u00f6nsten, wenn sich die Braut darin wohlf\u00fchlt und es mit Stolz und dem gewissen gl\u00fccklichen Schwung tr\u00e4gt. Selbstverst\u00e4ndlich \u00e4u\u00dferten meine Begleiterinnen bei jedem Kleid zuvor Ihre Meinung dazu, bei diesem war\u00a0durch mein\u00a0L\u00e4cheln wohl schon alles klar. Ich h\u00e4tte niemals gedacht im ersten Laden und so schnell das Kleid zu finden, in dem ich meinem Mann das Ja-Wort geben w\u00fcrde.<\/p>\n<p><strong>Wo kommt der Anzug her? Hat Dein Ehemann ihn alleine gekauft oder hatte er Unterst\u00fctzung?<\/strong><\/p>\n<p>Sascha war mit seinem Trauzeugen, einem Freund und meinem Vater bei <a href=\"http:\/\/www.anzugkultur.de\" title=\"Anzugkultur\" target=\"_blank\" rel=\"noopener\">Anzugkultur<\/a> ebenfalls in Wermelskirchen. Den Anzug durfte ich nat\u00fcrlich vorher nicht sehen, ein Bild vom strahlenden Gesicht meines Mannes schickte mir sein Trauzeuge dennoch. Er war so stolz und v\u00f6llig sicher, James Bond ernsthafte Konkurrenz zu machen. Die Manschettenkn\u00f6pfe lieh ihm mein Vater. Sie stammen noch von meinem Opa. So hatte auch er etwas Blaues und etwas Geliehenes.<\/p>\n<p><a class=\"img\" href=\"https:\/\/stefanierothfotografie.de\/blog\/wp-content\/uploads\/2016\/11\/hochzeitsfotograf_hueckeswagen_17.jpg\" title=\"Hochzeitsfotograf Hueckeswagen 17\"><img loading=\"lazy\" decoding=\"async\" class=\"aligncenter size-full wp-image-1509\" src=\"https:\/\/stefanierothfotografie.de\/blog\/wp-content\/uploads\/2016\/11\/hochzeitsfotograf_hueckeswagen_17.jpg\" title=\"Hochzeitsfotograf Hueckeswagen 17\" alt=\"hochzeitsfotograf_hueckeswagen_17\" width=\"1024\" height=\"684\" srcset=\"https:\/\/stefanierothfotografie.de\/blog\/wp-content\/uploads\/2016\/11\/hochzeitsfotograf_hueckeswagen_17.jpg 1024w, https:\/\/stefanierothfotografie.de\/blog\/wp-content\/uploads\/2016\/11\/hochzeitsfotograf_hueckeswagen_17-300x200.jpg 300w, https:\/\/stefanierothfotografie.de\/blog\/wp-content\/uploads\/2016\/11\/hochzeitsfotograf_hueckeswagen_17-768x513.jpg 768w\" sizes=\"auto, (max-width: 1024px) 100vw, 1024px\" \/><\/a> <a class=\"img\" href=\"https:\/\/stefanierothfotografie.de\/blog\/wp-content\/uploads\/2016\/11\/hochzeitsfotograf_hueckeswagen_18.jpg\" title=\"Hochzeitsfotograf Hueckeswagen 19\"><img loading=\"lazy\" decoding=\"async\" class=\"aligncenter size-full wp-image-1511\" src=\"https:\/\/stefanierothfotografie.de\/blog\/wp-content\/uploads\/2016\/11\/hochzeitsfotograf_hueckeswagen_19.jpg\" title=\"Hochzeitsfotograf Hueckeswagen 18\" alt=\"hochzeitsfotograf_hueckeswagen_19\" width=\"1024\" height=\"684\" srcset=\"https:\/\/stefanierothfotografie.de\/blog\/wp-content\/uploads\/2016\/11\/hochzeitsfotograf_hueckeswagen_19.jpg 1024w, https:\/\/stefanierothfotografie.de\/blog\/wp-content\/uploads\/2016\/11\/hochzeitsfotograf_hueckeswagen_19-300x200.jpg 300w, https:\/\/stefanierothfotografie.de\/blog\/wp-content\/uploads\/2016\/11\/hochzeitsfotograf_hueckeswagen_19-768x513.jpg 768w\" sizes=\"auto, (max-width: 1024px) 100vw, 1024px\" \/><\/a><a class=\"img\" href=\"https:\/\/stefanierothfotografie.de\/blog\/wp-content\/uploads\/2016\/11\/hochzeitsfotograf_hueckeswagen_19.jpg\" title=\"Hochzeitsfotograf Hueckeswagen 18\"><img loading=\"lazy\" decoding=\"async\" class=\"aligncenter size-full wp-image-1510\" src=\"https:\/\/stefanierothfotografie.de\/blog\/wp-content\/uploads\/2016\/11\/hochzeitsfotograf_hueckeswagen_18.jpg\" title=\"Hochzeitsfotograf Hueckeswagen 19\" alt=\"hochzeitsfotograf_hueckeswagen_18\" width=\"1024\" height=\"684\" srcset=\"https:\/\/stefanierothfotografie.de\/blog\/wp-content\/uploads\/2016\/11\/hochzeitsfotograf_hueckeswagen_18.jpg 1024w, https:\/\/stefanierothfotografie.de\/blog\/wp-content\/uploads\/2016\/11\/hochzeitsfotograf_hueckeswagen_18-300x200.jpg 300w, https:\/\/stefanierothfotografie.de\/blog\/wp-content\/uploads\/2016\/11\/hochzeitsfotograf_hueckeswagen_18-768x513.jpg 768w\" sizes=\"auto, (max-width: 1024px) 100vw, 1024px\" \/><\/a> <a class=\"img\" href=\"https:\/\/stefanierothfotografie.de\/blog\/wp-content\/uploads\/2016\/11\/hochzeitsfotograf_hueckeswagen_58.jpg\" title=\"Hochzeitsfotograf Hueckeswagen 58\"><img loading=\"lazy\" decoding=\"async\" class=\"aligncenter size-full wp-image-1551\" src=\"https:\/\/stefanierothfotografie.de\/blog\/wp-content\/uploads\/2016\/11\/hochzeitsfotograf_hueckeswagen_58.jpg\" title=\"Hochzeitsfotograf Hueckeswagen 58\" alt=\"hochzeitsfotograf_hueckeswagen_58\" width=\"1024\" height=\"684\" srcset=\"https:\/\/stefanierothfotografie.de\/blog\/wp-content\/uploads\/2016\/11\/hochzeitsfotograf_hueckeswagen_58.jpg 1024w, https:\/\/stefanierothfotografie.de\/blog\/wp-content\/uploads\/2016\/11\/hochzeitsfotograf_hueckeswagen_58-300x200.jpg 300w, https:\/\/stefanierothfotografie.de\/blog\/wp-content\/uploads\/2016\/11\/hochzeitsfotograf_hueckeswagen_58-768x513.jpg 768w\" sizes=\"auto, (max-width: 1024px) 100vw, 1024px\" \/><\/a><a class=\"img\" href=\"https:\/\/stefanierothfotografie.de\/blog\/wp-content\/uploads\/2016\/11\/hochzeitsfotograf_hueckeswagen_21.jpg\" title=\"Hochzeitsfotograf Hueckeswagen 21\"><img loading=\"lazy\" decoding=\"async\" class=\"aligncenter size-full wp-image-1513\" src=\"https:\/\/stefanierothfotografie.de\/blog\/wp-content\/uploads\/2016\/11\/hochzeitsfotograf_hueckeswagen_21.jpg\" title=\"Hochzeitsfotograf Hueckeswagen 21\" alt=\"hochzeitsfotograf_hueckeswagen_21\" width=\"1024\" height=\"767\" srcset=\"https:\/\/stefanierothfotografie.de\/blog\/wp-content\/uploads\/2016\/11\/hochzeitsfotograf_hueckeswagen_21.jpg 1024w, https:\/\/stefanierothfotografie.de\/blog\/wp-content\/uploads\/2016\/11\/hochzeitsfotograf_hueckeswagen_21-300x225.jpg 300w, https:\/\/stefanierothfotografie.de\/blog\/wp-content\/uploads\/2016\/11\/hochzeitsfotograf_hueckeswagen_21-768x575.jpg 768w\" sizes=\"auto, (max-width: 1024px) 100vw, 1024px\" \/><\/a> <a class=\"img\" href=\"https:\/\/stefanierothfotografie.de\/blog\/wp-content\/uploads\/2016\/11\/hochzeitsfotograf_hueckeswagen_22.jpg\" title=\"Hochzeitsfotograf Hueckeswagen 22\"><img loading=\"lazy\" decoding=\"async\" class=\"aligncenter size-full wp-image-1514\" src=\"https:\/\/stefanierothfotografie.de\/blog\/wp-content\/uploads\/2016\/11\/hochzeitsfotograf_hueckeswagen_22.jpg\" title=\"Hochzeitsfotograf Hueckeswagen 22\" alt=\"hochzeitsfotograf_hueckeswagen_22\" width=\"1024\" height=\"684\" srcset=\"https:\/\/stefanierothfotografie.de\/blog\/wp-content\/uploads\/2016\/11\/hochzeitsfotograf_hueckeswagen_22.jpg 1024w, https:\/\/stefanierothfotografie.de\/blog\/wp-content\/uploads\/2016\/11\/hochzeitsfotograf_hueckeswagen_22-300x200.jpg 300w, https:\/\/stefanierothfotografie.de\/blog\/wp-content\/uploads\/2016\/11\/hochzeitsfotograf_hueckeswagen_22-768x513.jpg 768w\" sizes=\"auto, (max-width: 1024px) 100vw, 1024px\" \/><\/a> <a class=\"img\" href=\"https:\/\/stefanierothfotografie.de\/blog\/wp-content\/uploads\/2016\/11\/hochzeitsfotograf_hueckeswagen_23.jpg\" title=\"Hochzeitsfotograf Hueckeswagen 23\"><img loading=\"lazy\" decoding=\"async\" class=\"aligncenter size-full wp-image-1515\" src=\"https:\/\/stefanierothfotografie.de\/blog\/wp-content\/uploads\/2016\/11\/hochzeitsfotograf_hueckeswagen_23.jpg\" title=\"Hochzeitsfotograf Hueckeswagen 23\" alt=\"hochzeitsfotograf_hueckeswagen_23\" width=\"1024\" height=\"767\" srcset=\"https:\/\/stefanierothfotografie.de\/blog\/wp-content\/uploads\/2016\/11\/hochzeitsfotograf_hueckeswagen_23.jpg 1024w, https:\/\/stefanierothfotografie.de\/blog\/wp-content\/uploads\/2016\/11\/hochzeitsfotograf_hueckeswagen_23-300x225.jpg 300w, https:\/\/stefanierothfotografie.de\/blog\/wp-content\/uploads\/2016\/11\/hochzeitsfotograf_hueckeswagen_23-768x575.jpg 768w\" sizes=\"auto, (max-width: 1024px) 100vw, 1024px\" \/><\/a> <a class=\"img\" href=\"https:\/\/stefanierothfotografie.de\/blog\/wp-content\/uploads\/2016\/11\/hochzeitsfotograf_hueckeswagen_24.jpg\" title=\"Hochzeitsfotograf Hueckeswagen 24\"><img loading=\"lazy\" decoding=\"async\" class=\"aligncenter size-full wp-image-1516\" src=\"https:\/\/stefanierothfotografie.de\/blog\/wp-content\/uploads\/2016\/11\/hochzeitsfotograf_hueckeswagen_24.jpg\" title=\"Hochzeitsfotograf Hueckeswagen 24\" alt=\"hochzeitsfotograf_hueckeswagen_24\" width=\"1024\" height=\"1535\" srcset=\"https:\/\/stefanierothfotografie.de\/blog\/wp-content\/uploads\/2016\/11\/hochzeitsfotograf_hueckeswagen_24.jpg 1024w, https:\/\/stefanierothfotografie.de\/blog\/wp-content\/uploads\/2016\/11\/hochzeitsfotograf_hueckeswagen_24-200x300.jpg 200w, https:\/\/stefanierothfotografie.de\/blog\/wp-content\/uploads\/2016\/11\/hochzeitsfotograf_hueckeswagen_24-768x1151.jpg 768w, https:\/\/stefanierothfotografie.de\/blog\/wp-content\/uploads\/2016\/11\/hochzeitsfotograf_hueckeswagen_24-683x1024.jpg 683w\" sizes=\"auto, (max-width: 1024px) 100vw, 1024px\" \/><\/a> <a class=\"img\" href=\"https:\/\/stefanierothfotografie.de\/blog\/wp-content\/uploads\/2016\/11\/hochzeitsfotograf_hueckeswagen_25.jpg\" title=\"Hochzeitsfotograf Hueckeswagen 25\"><img loading=\"lazy\" decoding=\"async\" class=\"aligncenter size-full wp-image-1517\" src=\"https:\/\/stefanierothfotografie.de\/blog\/wp-content\/uploads\/2016\/11\/hochzeitsfotograf_hueckeswagen_25.jpg\" title=\"Hochzeitsfotograf Hueckeswagen 25\" alt=\"hochzeitsfotograf_hueckeswagen_25\" width=\"1024\" height=\"684\" srcset=\"https:\/\/stefanierothfotografie.de\/blog\/wp-content\/uploads\/2016\/11\/hochzeitsfotograf_hueckeswagen_25.jpg 1024w, https:\/\/stefanierothfotografie.de\/blog\/wp-content\/uploads\/2016\/11\/hochzeitsfotograf_hueckeswagen_25-300x200.jpg 300w, https:\/\/stefanierothfotografie.de\/blog\/wp-content\/uploads\/2016\/11\/hochzeitsfotograf_hueckeswagen_25-768x513.jpg 768w\" sizes=\"auto, (max-width: 1024px) 100vw, 1024px\" \/><\/a> <a class=\"img\" href=\"https:\/\/stefanierothfotografie.de\/blog\/wp-content\/uploads\/2016\/11\/hochzeitsfotograf_hueckeswagen_26.jpg\" title=\"Hochzeitsfotograf Hueckeswagen 26\"><img loading=\"lazy\" decoding=\"async\" class=\"aligncenter size-full wp-image-1518\" src=\"https:\/\/stefanierothfotografie.de\/blog\/wp-content\/uploads\/2016\/11\/hochzeitsfotograf_hueckeswagen_26.jpg\" title=\"Hochzeitsfotograf Hueckeswagen 26\" alt=\"hochzeitsfotograf_hueckeswagen_26\" width=\"1024\" height=\"684\" srcset=\"https:\/\/stefanierothfotografie.de\/blog\/wp-content\/uploads\/2016\/11\/hochzeitsfotograf_hueckeswagen_26.jpg 1024w, https:\/\/stefanierothfotografie.de\/blog\/wp-content\/uploads\/2016\/11\/hochzeitsfotograf_hueckeswagen_26-300x200.jpg 300w, https:\/\/stefanierothfotografie.de\/blog\/wp-content\/uploads\/2016\/11\/hochzeitsfotograf_hueckeswagen_26-768x513.jpg 768w\" sizes=\"auto, (max-width: 1024px) 100vw, 1024px\" \/><\/a> <a class=\"img\" href=\"https:\/\/stefanierothfotografie.de\/blog\/wp-content\/uploads\/2016\/11\/hochzeitsfotograf_hueckeswagen_27.jpg\" title=\"Hochzeitsfotograf Hueckeswagen 27\"><img loading=\"lazy\" decoding=\"async\" class=\"aligncenter size-full wp-image-1519\" src=\"https:\/\/stefanierothfotografie.de\/blog\/wp-content\/uploads\/2016\/11\/hochzeitsfotograf_hueckeswagen_27.jpg\" title=\"Hochzeitsfotograf Hueckeswagen 27\" alt=\"hochzeitsfotograf_hueckeswagen_27\" width=\"1024\" height=\"767\" srcset=\"https:\/\/stefanierothfotografie.de\/blog\/wp-content\/uploads\/2016\/11\/hochzeitsfotograf_hueckeswagen_27.jpg 1024w, https:\/\/stefanierothfotografie.de\/blog\/wp-content\/uploads\/2016\/11\/hochzeitsfotograf_hueckeswagen_27-300x225.jpg 300w, https:\/\/stefanierothfotografie.de\/blog\/wp-content\/uploads\/2016\/11\/hochzeitsfotograf_hueckeswagen_27-768x575.jpg 768w\" sizes=\"auto, (max-width: 1024px) 100vw, 1024px\" \/><\/a> <a class=\"img\" href=\"https:\/\/stefanierothfotografie.de\/blog\/wp-content\/uploads\/2016\/11\/hochzeitsfotograf_hueckeswagen_28.jpg\" title=\"Hochzeitsfotograf Hueckeswagen 28\"><img loading=\"lazy\" decoding=\"async\" class=\"aligncenter size-full wp-image-1520\" src=\"https:\/\/stefanierothfotografie.de\/blog\/wp-content\/uploads\/2016\/11\/hochzeitsfotograf_hueckeswagen_28.jpg\" title=\"Hochzeitsfotograf Hueckeswagen 28\" alt=\"hochzeitsfotograf_hueckeswagen_28\" width=\"1024\" height=\"684\" srcset=\"https:\/\/stefanierothfotografie.de\/blog\/wp-content\/uploads\/2016\/11\/hochzeitsfotograf_hueckeswagen_28.jpg 1024w, https:\/\/stefanierothfotografie.de\/blog\/wp-content\/uploads\/2016\/11\/hochzeitsfotograf_hueckeswagen_28-300x200.jpg 300w, https:\/\/stefanierothfotografie.de\/blog\/wp-content\/uploads\/2016\/11\/hochzeitsfotograf_hueckeswagen_28-768x513.jpg 768w\" sizes=\"auto, (max-width: 1024px) 100vw, 1024px\" \/><\/a><\/p>\n<p><strong>Eure Hochzeit war wundervoll. Was hat Eure Hochzeit f\u00fcr Dich zu einer echten Traumhochzeit gemacht?<\/strong><\/p>\n<ul>\n<li>Unsere Hochzeit war ein Tag, an dem all die Menschen, die wir besonders sch\u00e4tzen, mit uns gefeiert haben, was uns am wichtigsten war\u00a0und uns am meisten ber\u00fchrt hat.<\/li>\n<li>Unsere Liebe f\u00fcr einander.<\/li>\n<li>Bei wundersch\u00f6nem Wetter haben wir gemeinsam mit unseren G\u00e4sten in der Sonne gesessen, viele sch\u00f6ne und lustige Gespr\u00e4che gef\u00fchrt und wurden mit allerlei Programmpunkten \u00fcberrascht, die mit viel Liebe und Engagement vorbereitet worden waren.<\/li>\n<li>Die ganzen kleinen Eindr\u00fccke, die tolle Stimmung und unser Jawort haben diesen Tag zu unserer Traumhochzeit gemacht.<\/li>\n<\/ul>\n<p><a class=\"img\" href=\"https:\/\/stefanierothfotografie.de\/blog\/wp-content\/uploads\/2016\/11\/hochzeitsfotograf_hueckeswagen_29.jpg\" title=\"Hochzeitsfotograf Hueckeswagen 29\"><img loading=\"lazy\" decoding=\"async\" class=\"aligncenter size-full wp-image-1521\" src=\"https:\/\/stefanierothfotografie.de\/blog\/wp-content\/uploads\/2016\/11\/hochzeitsfotograf_hueckeswagen_29.jpg\" title=\"Hochzeitsfotograf Hueckeswagen 29\" alt=\"hochzeitsfotograf_hueckeswagen_29\" width=\"1024\" height=\"684\" srcset=\"https:\/\/stefanierothfotografie.de\/blog\/wp-content\/uploads\/2016\/11\/hochzeitsfotograf_hueckeswagen_29.jpg 1024w, https:\/\/stefanierothfotografie.de\/blog\/wp-content\/uploads\/2016\/11\/hochzeitsfotograf_hueckeswagen_29-300x200.jpg 300w, https:\/\/stefanierothfotografie.de\/blog\/wp-content\/uploads\/2016\/11\/hochzeitsfotograf_hueckeswagen_29-768x513.jpg 768w\" sizes=\"auto, (max-width: 1024px) 100vw, 1024px\" \/><\/a> <a class=\"img\" href=\"https:\/\/stefanierothfotografie.de\/blog\/wp-content\/uploads\/2016\/11\/hochzeitsfotograf_hueckeswagen_30.jpg\" title=\"Hochzeitsfotograf Hueckeswagen 30\"><img loading=\"lazy\" decoding=\"async\" class=\"aligncenter size-full wp-image-1522\" src=\"https:\/\/stefanierothfotografie.de\/blog\/wp-content\/uploads\/2016\/11\/hochzeitsfotograf_hueckeswagen_30.jpg\" title=\"Hochzeitsfotograf Hueckeswagen 30\" alt=\"hochzeitsfotograf_hueckeswagen_30\" width=\"1024\" height=\"684\" srcset=\"https:\/\/stefanierothfotografie.de\/blog\/wp-content\/uploads\/2016\/11\/hochzeitsfotograf_hueckeswagen_30.jpg 1024w, https:\/\/stefanierothfotografie.de\/blog\/wp-content\/uploads\/2016\/11\/hochzeitsfotograf_hueckeswagen_30-300x200.jpg 300w, https:\/\/stefanierothfotografie.de\/blog\/wp-content\/uploads\/2016\/11\/hochzeitsfotograf_hueckeswagen_30-768x513.jpg 768w\" sizes=\"auto, (max-width: 1024px) 100vw, 1024px\" \/><\/a> <a class=\"img\" href=\"https:\/\/stefanierothfotografie.de\/blog\/wp-content\/uploads\/2016\/11\/hochzeitsfotograf_hueckeswagen_31.jpg\" title=\"Hochzeitsfotograf Hueckeswagen 31\"><img loading=\"lazy\" decoding=\"async\" class=\"aligncenter size-full wp-image-1523\" src=\"https:\/\/stefanierothfotografie.de\/blog\/wp-content\/uploads\/2016\/11\/hochzeitsfotograf_hueckeswagen_31.jpg\" title=\"Hochzeitsfotograf Hueckeswagen 31\" alt=\"hochzeitsfotograf_hueckeswagen_31\" width=\"1024\" height=\"684\" srcset=\"https:\/\/stefanierothfotografie.de\/blog\/wp-content\/uploads\/2016\/11\/hochzeitsfotograf_hueckeswagen_31.jpg 1024w, https:\/\/stefanierothfotografie.de\/blog\/wp-content\/uploads\/2016\/11\/hochzeitsfotograf_hueckeswagen_31-300x200.jpg 300w, https:\/\/stefanierothfotografie.de\/blog\/wp-content\/uploads\/2016\/11\/hochzeitsfotograf_hueckeswagen_31-768x513.jpg 768w\" sizes=\"auto, (max-width: 1024px) 100vw, 1024px\" \/><\/a> <a class=\"img\" href=\"https:\/\/stefanierothfotografie.de\/blog\/wp-content\/uploads\/2016\/11\/hochzeitsfotograf_hueckeswagen_32.jpg\" title=\"Hochzeitsfotograf Hueckeswagen 32\"><img loading=\"lazy\" decoding=\"async\" class=\"aligncenter size-full wp-image-1524\" src=\"https:\/\/stefanierothfotografie.de\/blog\/wp-content\/uploads\/2016\/11\/hochzeitsfotograf_hueckeswagen_32.jpg\" title=\"Hochzeitsfotograf Hueckeswagen 32\" alt=\"hochzeitsfotograf_hueckeswagen_32\" width=\"1024\" height=\"767\" srcset=\"https:\/\/stefanierothfotografie.de\/blog\/wp-content\/uploads\/2016\/11\/hochzeitsfotograf_hueckeswagen_32.jpg 1024w, https:\/\/stefanierothfotografie.de\/blog\/wp-content\/uploads\/2016\/11\/hochzeitsfotograf_hueckeswagen_32-300x225.jpg 300w, https:\/\/stefanierothfotografie.de\/blog\/wp-content\/uploads\/2016\/11\/hochzeitsfotograf_hueckeswagen_32-768x575.jpg 768w\" sizes=\"auto, (max-width: 1024px) 100vw, 1024px\" \/><\/a> <a class=\"img\" href=\"https:\/\/stefanierothfotografie.de\/blog\/wp-content\/uploads\/2016\/11\/hochzeitsfotograf_hueckeswagen_33.jpg\" title=\"Hochzeitsfotograf Hueckeswagen 33\"><img loading=\"lazy\" decoding=\"async\" class=\"aligncenter size-full wp-image-1525\" src=\"https:\/\/stefanierothfotografie.de\/blog\/wp-content\/uploads\/2016\/11\/hochzeitsfotograf_hueckeswagen_33.jpg\" title=\"Hochzeitsfotograf Hueckeswagen 33\" alt=\"hochzeitsfotograf_hueckeswagen_33\" width=\"1024\" height=\"684\" srcset=\"https:\/\/stefanierothfotografie.de\/blog\/wp-content\/uploads\/2016\/11\/hochzeitsfotograf_hueckeswagen_33.jpg 1024w, https:\/\/stefanierothfotografie.de\/blog\/wp-content\/uploads\/2016\/11\/hochzeitsfotograf_hueckeswagen_33-300x200.jpg 300w, https:\/\/stefanierothfotografie.de\/blog\/wp-content\/uploads\/2016\/11\/hochzeitsfotograf_hueckeswagen_33-768x513.jpg 768w\" sizes=\"auto, (max-width: 1024px) 100vw, 1024px\" \/><\/a><\/p>\n<p><strong>Beschreibe Eure Hochzeitslocation?<\/strong><\/p>\n<p>Unsere Hochzeitslocation, <a href=\"http:\/\/www.haus-hammerstein.de\/\" title=\"Haus Hammerstein,\" target=\"_blank\" rel=\"noopener\">Haus Hammerstein,<\/a> befindet sich direkt an der Wuppertalsperre. Das Seehaus in dem unser Saal war, verf\u00fcgt \u00fcber eine kleine vorgelagerte Terrasse mit mehreren Tischen und zu beiden Seiten erstreckt sich der Blick \u00fcber das Wasser. Bereits vor Saschas Heiratsantrag hatte ich im Internet nach Ausflugszielen am Wasser in der N\u00e4he gesucht und war auf dieses kleine Hotel gesto\u00dfen, in dem seid einigen Jahren auch Trauungen durchgef\u00fchrt werden k\u00f6nnen. Das Haus hat einen wundersch\u00f6nen romantischen Charme und tr\u00e4gt mit seinen \u00fcber 300 Jahren viel Geschichte in sich. Gleichzeitig erm\u00f6glichte das Hotel, das einige G\u00e4ste direkt an der Location \u00fcbernachten konnten.<\/p>\n<p>Mit viel Gl\u00fcck bekamen wir einen Trautermin im <a href=\"http:\/\/www.hueckeswagen.de\/rat-verwaltung\/stadtverwaltung\/standesamt\/\" title=\"Schloss H\u00fcckeswagen\" target=\"_blank\" rel=\"noopener\">Schloss H\u00fcckeswagen<\/a> an dem einzigen noch freien Termin der Location. Die Hausleitung Anke war uns auf Anhieb sympathisch und das ganze Team strahlte schon in den Vorbereitungen und auf unserer Feier soviel Lebensfreunde und Freundlichkeit aus, wie wir es uns nie ertr\u00e4umt hatten. Unser Hochzeitszimmer hatte einen wundersch\u00f6nen riesigen Balkon, mit Blick \u00fcber die gesamte Location und die Talsperre. Den Raum konnten wir bereits einen Tag vorher schm\u00fccken und nach unseren Vorstellungen gestalten. Der gem\u00fctliche und helle Saal des Seehauses war optimal, um ihn mit Blumen, Pompoms und Girlanden zu dekorieren.<\/p>\n<p><strong>Planung ist das A und O. Hast Du einen Tipp f\u00fcr zuk\u00fcnftige Stefanie Roth Br\u00e4ute?<\/strong><\/p>\n<p>Am Anfang von Allem steht die G\u00e4steliste. An ihr orientiert sich die Suche nach einer Location, die Menge an Dekoration und das Essen\u2026 einfach fast alles. Wenn diese steht, kann es losgehen. Listen sind zwar nicht sexy, aber so hilfreich! Es kommen so viele Aufgaben auf einen zu, die lassen sich nicht gut im Kopf oder auf gelben Klebezetteln sammeln. Je klarer es ist, was noch zu organisieren ist, umso beruhigter geht man durch die Vorbereitungen.<\/p>\n<p>Ein Ordner in dem alle Unterlagen gesammelt werden kann da sehr hilfreich sein. Wahnsinn, wie schnell sich meiner gef\u00fcllt hat.<\/p>\n<p>Und an Ideen mangelt es dank Internet nat\u00fcrlich nicht. Um den \u00dcberblick \u00fcber die 1000 und 1 Idee nicht zu verlieren, ist <a href=\"https:\/\/de.pinterest.com\" title=\"Pinterest\" target=\"_blank\" rel=\"noopener\">Pinterest<\/a> ganz wunderbar und bietet tolle Beispiele. Ansonsten ist es vor allem Euer Tag. Gestaltet ihn nach Euren W\u00fcnschen, h\u00f6rt Euch Tipps von Freunden an, die vielleicht schon geheiratet haben und genie\u00dft ihn in vollen Z\u00fcgen.<\/p>\n<p><a class=\"img\" href=\"https:\/\/stefanierothfotografie.de\/blog\/wp-content\/uploads\/2016\/11\/hochzeitsfotograf_hueckeswagen_34.jpg\" title=\"Hochzeitsfotograf Hueckeswagen 34\"><img loading=\"lazy\" decoding=\"async\" class=\"aligncenter size-full wp-image-1526\" src=\"https:\/\/stefanierothfotografie.de\/blog\/wp-content\/uploads\/2016\/11\/hochzeitsfotograf_hueckeswagen_34.jpg\" title=\"Hochzeitsfotograf Hueckeswagen 34\" alt=\"hochzeitsfotograf_hueckeswagen_34\" width=\"1024\" height=\"767\" srcset=\"https:\/\/stefanierothfotografie.de\/blog\/wp-content\/uploads\/2016\/11\/hochzeitsfotograf_hueckeswagen_34.jpg 1024w, https:\/\/stefanierothfotografie.de\/blog\/wp-content\/uploads\/2016\/11\/hochzeitsfotograf_hueckeswagen_34-300x225.jpg 300w, https:\/\/stefanierothfotografie.de\/blog\/wp-content\/uploads\/2016\/11\/hochzeitsfotograf_hueckeswagen_34-768x575.jpg 768w\" sizes=\"auto, (max-width: 1024px) 100vw, 1024px\" \/><\/a><a class=\"img\" href=\"https:\/\/stefanierothfotografie.de\/blog\/wp-content\/uploads\/2016\/11\/hochzeitsfotograf_hueckeswagen_36.jpg\" title=\"Hochzeitsfotograf Hueckeswagen 36\"><img loading=\"lazy\" decoding=\"async\" class=\"aligncenter size-full wp-image-1528\" src=\"https:\/\/stefanierothfotografie.de\/blog\/wp-content\/uploads\/2016\/11\/hochzeitsfotograf_hueckeswagen_36.jpg\" title=\"Hochzeitsfotograf Hueckeswagen 36\" alt=\"hochzeitsfotograf_hueckeswagen_36\" width=\"1024\" height=\"684\" srcset=\"https:\/\/stefanierothfotografie.de\/blog\/wp-content\/uploads\/2016\/11\/hochzeitsfotograf_hueckeswagen_36.jpg 1024w, https:\/\/stefanierothfotografie.de\/blog\/wp-content\/uploads\/2016\/11\/hochzeitsfotograf_hueckeswagen_36-300x200.jpg 300w, https:\/\/stefanierothfotografie.de\/blog\/wp-content\/uploads\/2016\/11\/hochzeitsfotograf_hueckeswagen_36-768x513.jpg 768w\" sizes=\"auto, (max-width: 1024px) 100vw, 1024px\" \/><\/a> <a class=\"img\" href=\"https:\/\/stefanierothfotografie.de\/blog\/wp-content\/uploads\/2016\/11\/hochzeitsfotograf_hueckeswagen_37.jpg\" title=\"Hochzeitsfotograf Hueckeswagen 37\"><img loading=\"lazy\" decoding=\"async\" class=\"aligncenter size-full wp-image-1529\" src=\"https:\/\/stefanierothfotografie.de\/blog\/wp-content\/uploads\/2016\/11\/hochzeitsfotograf_hueckeswagen_37.jpg\" title=\"Hochzeitsfotograf Hueckeswagen 37\" alt=\"hochzeitsfotograf_hueckeswagen_37\" width=\"1024\" height=\"767\" srcset=\"https:\/\/stefanierothfotografie.de\/blog\/wp-content\/uploads\/2016\/11\/hochzeitsfotograf_hueckeswagen_37.jpg 1024w, https:\/\/stefanierothfotografie.de\/blog\/wp-content\/uploads\/2016\/11\/hochzeitsfotograf_hueckeswagen_37-300x225.jpg 300w, https:\/\/stefanierothfotografie.de\/blog\/wp-content\/uploads\/2016\/11\/hochzeitsfotograf_hueckeswagen_37-768x575.jpg 768w\" sizes=\"auto, (max-width: 1024px) 100vw, 1024px\" \/><\/a> <a class=\"img\" href=\"https:\/\/stefanierothfotografie.de\/blog\/wp-content\/uploads\/2016\/11\/hochzeitsfotograf_hueckeswagen_38.jpg\" title=\"Hochzeitsfotograf Hueckeswagen 38\"><img loading=\"lazy\" decoding=\"async\" class=\"aligncenter size-full wp-image-1530\" src=\"https:\/\/stefanierothfotografie.de\/blog\/wp-content\/uploads\/2016\/11\/hochzeitsfotograf_hueckeswagen_38.jpg\" title=\"Hochzeitsfotograf Hueckeswagen 38\" alt=\"hochzeitsfotograf_hueckeswagen_38\" width=\"1024\" height=\"684\" srcset=\"https:\/\/stefanierothfotografie.de\/blog\/wp-content\/uploads\/2016\/11\/hochzeitsfotograf_hueckeswagen_38.jpg 1024w, https:\/\/stefanierothfotografie.de\/blog\/wp-content\/uploads\/2016\/11\/hochzeitsfotograf_hueckeswagen_38-300x200.jpg 300w, https:\/\/stefanierothfotografie.de\/blog\/wp-content\/uploads\/2016\/11\/hochzeitsfotograf_hueckeswagen_38-768x513.jpg 768w\" sizes=\"auto, (max-width: 1024px) 100vw, 1024px\" \/><\/a> <a class=\"img\" href=\"https:\/\/stefanierothfotografie.de\/blog\/wp-content\/uploads\/2016\/11\/hochzeitsfotograf_hueckeswagen_39.jpg\" title=\"Hochzeitsfotograf Hueckeswagen 39\"><img loading=\"lazy\" decoding=\"async\" class=\"aligncenter size-full wp-image-1531\" src=\"https:\/\/stefanierothfotografie.de\/blog\/wp-content\/uploads\/2016\/11\/hochzeitsfotograf_hueckeswagen_39.jpg\" title=\"Hochzeitsfotograf Hueckeswagen 39\" alt=\"hochzeitsfotograf_hueckeswagen_39\" width=\"1024\" height=\"767\" srcset=\"https:\/\/stefanierothfotografie.de\/blog\/wp-content\/uploads\/2016\/11\/hochzeitsfotograf_hueckeswagen_39.jpg 1024w, https:\/\/stefanierothfotografie.de\/blog\/wp-content\/uploads\/2016\/11\/hochzeitsfotograf_hueckeswagen_39-300x225.jpg 300w, https:\/\/stefanierothfotografie.de\/blog\/wp-content\/uploads\/2016\/11\/hochzeitsfotograf_hueckeswagen_39-768x575.jpg 768w\" sizes=\"auto, (max-width: 1024px) 100vw, 1024px\" \/><\/a> <a class=\"img\" href=\"https:\/\/stefanierothfotografie.de\/blog\/wp-content\/uploads\/2016\/11\/hochzeitsfotograf_hueckeswagen_40.jpg\" title=\"Hochzeitsfotograf Hueckeswagen 40\"><img loading=\"lazy\" decoding=\"async\" class=\"aligncenter size-full wp-image-1532\" src=\"https:\/\/stefanierothfotografie.de\/blog\/wp-content\/uploads\/2016\/11\/hochzeitsfotograf_hueckeswagen_40.jpg\" title=\"Hochzeitsfotograf Hueckeswagen 40\" alt=\"hochzeitsfotograf_hueckeswagen_40\" width=\"1024\" height=\"684\" srcset=\"https:\/\/stefanierothfotografie.de\/blog\/wp-content\/uploads\/2016\/11\/hochzeitsfotograf_hueckeswagen_40.jpg 1024w, https:\/\/stefanierothfotografie.de\/blog\/wp-content\/uploads\/2016\/11\/hochzeitsfotograf_hueckeswagen_40-300x200.jpg 300w, https:\/\/stefanierothfotografie.de\/blog\/wp-content\/uploads\/2016\/11\/hochzeitsfotograf_hueckeswagen_40-768x513.jpg 768w\" sizes=\"auto, (max-width: 1024px) 100vw, 1024px\" \/><\/a> <a class=\"img\" href=\"https:\/\/stefanierothfotografie.de\/blog\/wp-content\/uploads\/2016\/11\/hochzeitsfotograf_hueckeswagen_41.jpg\" title=\"Hochzeitsfotograf Hueckeswagen 41\"><img loading=\"lazy\" decoding=\"async\" class=\"aligncenter size-full wp-image-1533\" src=\"https:\/\/stefanierothfotografie.de\/blog\/wp-content\/uploads\/2016\/11\/hochzeitsfotograf_hueckeswagen_41.jpg\" title=\"Hochzeitsfotograf Hueckeswagen 41\" alt=\"hochzeitsfotograf_hueckeswagen_41\" width=\"1024\" height=\"767\" srcset=\"https:\/\/stefanierothfotografie.de\/blog\/wp-content\/uploads\/2016\/11\/hochzeitsfotograf_hueckeswagen_41.jpg 1024w, https:\/\/stefanierothfotografie.de\/blog\/wp-content\/uploads\/2016\/11\/hochzeitsfotograf_hueckeswagen_41-300x225.jpg 300w, https:\/\/stefanierothfotografie.de\/blog\/wp-content\/uploads\/2016\/11\/hochzeitsfotograf_hueckeswagen_41-768x575.jpg 768w\" sizes=\"auto, (max-width: 1024px) 100vw, 1024px\" \/><\/a> <a class=\"img\" href=\"https:\/\/stefanierothfotografie.de\/blog\/wp-content\/uploads\/2016\/11\/hochzeitsfotograf_hueckeswagen_42.jpg\" title=\"Hochzeitsfotograf Hueckeswagen 42\"><img loading=\"lazy\" decoding=\"async\" class=\"aligncenter size-full wp-image-1534\" src=\"https:\/\/stefanierothfotografie.de\/blog\/wp-content\/uploads\/2016\/11\/hochzeitsfotograf_hueckeswagen_42.jpg\" title=\"Hochzeitsfotograf Hueckeswagen 42\" alt=\"hochzeitsfotograf_hueckeswagen_42\" width=\"1024\" height=\"1535\" srcset=\"https:\/\/stefanierothfotografie.de\/blog\/wp-content\/uploads\/2016\/11\/hochzeitsfotograf_hueckeswagen_42.jpg 1024w, https:\/\/stefanierothfotografie.de\/blog\/wp-content\/uploads\/2016\/11\/hochzeitsfotograf_hueckeswagen_42-200x300.jpg 200w, https:\/\/stefanierothfotografie.de\/blog\/wp-content\/uploads\/2016\/11\/hochzeitsfotograf_hueckeswagen_42-768x1151.jpg 768w, https:\/\/stefanierothfotografie.de\/blog\/wp-content\/uploads\/2016\/11\/hochzeitsfotograf_hueckeswagen_42-683x1024.jpg 683w\" sizes=\"auto, (max-width: 1024px) 100vw, 1024px\" \/><\/a> <a class=\"img\" href=\"https:\/\/stefanierothfotografie.de\/blog\/wp-content\/uploads\/2016\/11\/hochzeitsfotograf_hueckeswagen_43.jpg\" title=\"Hochzeitsfotograf Hueckeswagen 43\"><img loading=\"lazy\" decoding=\"async\" class=\"aligncenter size-full wp-image-1535\" src=\"https:\/\/stefanierothfotografie.de\/blog\/wp-content\/uploads\/2016\/11\/hochzeitsfotograf_hueckeswagen_43.jpg\" title=\"Hochzeitsfotograf Hueckeswagen 43\" alt=\"hochzeitsfotograf_hueckeswagen_43\" width=\"1024\" height=\"767\" srcset=\"https:\/\/stefanierothfotografie.de\/blog\/wp-content\/uploads\/2016\/11\/hochzeitsfotograf_hueckeswagen_43.jpg 1024w, https:\/\/stefanierothfotografie.de\/blog\/wp-content\/uploads\/2016\/11\/hochzeitsfotograf_hueckeswagen_43-300x225.jpg 300w, https:\/\/stefanierothfotografie.de\/blog\/wp-content\/uploads\/2016\/11\/hochzeitsfotograf_hueckeswagen_43-768x575.jpg 768w\" sizes=\"auto, (max-width: 1024px) 100vw, 1024px\" \/><\/a> <a class=\"img\" href=\"https:\/\/stefanierothfotografie.de\/blog\/wp-content\/uploads\/2016\/11\/hochzeitsfotograf_hueckeswagen_45.jpg\" title=\"Hochzeitsfotograf Hueckeswagen 45\"><img loading=\"lazy\" decoding=\"async\" class=\"aligncenter size-full wp-image-1537\" src=\"https:\/\/stefanierothfotografie.de\/blog\/wp-content\/uploads\/2016\/11\/hochzeitsfotograf_hueckeswagen_45.jpg\" title=\"Hochzeitsfotograf Hueckeswagen 45\" alt=\"hochzeitsfotograf_hueckeswagen_45\" width=\"1024\" height=\"1535\" srcset=\"https:\/\/stefanierothfotografie.de\/blog\/wp-content\/uploads\/2016\/11\/hochzeitsfotograf_hueckeswagen_45.jpg 1024w, https:\/\/stefanierothfotografie.de\/blog\/wp-content\/uploads\/2016\/11\/hochzeitsfotograf_hueckeswagen_45-200x300.jpg 200w, https:\/\/stefanierothfotografie.de\/blog\/wp-content\/uploads\/2016\/11\/hochzeitsfotograf_hueckeswagen_45-768x1151.jpg 768w, https:\/\/stefanierothfotografie.de\/blog\/wp-content\/uploads\/2016\/11\/hochzeitsfotograf_hueckeswagen_45-683x1024.jpg 683w\" sizes=\"auto, (max-width: 1024px) 100vw, 1024px\" \/><\/a><a class=\"img\" href=\"https:\/\/stefanierothfotografie.de\/blog\/wp-content\/uploads\/2016\/11\/hochzeitsfotograf_hueckeswagen_44.jpg\" title=\"Hochzeitsfotograf Hueckeswagen 44\"><img loading=\"lazy\" decoding=\"async\" class=\"aligncenter size-full wp-image-1536\" src=\"https:\/\/stefanierothfotografie.de\/blog\/wp-content\/uploads\/2016\/11\/hochzeitsfotograf_hueckeswagen_44.jpg\" title=\"Hochzeitsfotograf Hueckeswagen 44\" alt=\"hochzeitsfotograf_hueckeswagen_44\" width=\"1024\" height=\"767\" srcset=\"https:\/\/stefanierothfotografie.de\/blog\/wp-content\/uploads\/2016\/11\/hochzeitsfotograf_hueckeswagen_44.jpg 1024w, https:\/\/stefanierothfotografie.de\/blog\/wp-content\/uploads\/2016\/11\/hochzeitsfotograf_hueckeswagen_44-300x225.jpg 300w, https:\/\/stefanierothfotografie.de\/blog\/wp-content\/uploads\/2016\/11\/hochzeitsfotograf_hueckeswagen_44-768x575.jpg 768w\" sizes=\"auto, (max-width: 1024px) 100vw, 1024px\" \/><\/a><\/p>\n<p><strong>Wie stellst Du Dir Eure gemeinsame Zukunft vor?<\/strong><\/p>\n<p>Kunterbunt und voller Liebe, Vertrauen und gegenseitigem Respekt. Dass wir immer das Gef\u00fchl haben, gemeinsam Berge versetzen zu k\u00f6nnen und ein oder zwei Kinder unsere kleine Familie irgendwann komplettieren. Eines Tages in alt und grau mit einem gro\u00dfen Cappuccino auf der Bank sitzend, gemeinsam in die Ferne schauen und voller Stolz auf das Vergangene zur\u00fcck blicken und die Gegenwart genie\u00dfen, so stelle ich mir unsere Zukunft vor.<\/p>\n<h3 style=\"text-align: center;\">&#8222;Ich lass f\u00fcr dich das Licht an obwohl&#8217;s mir zu hell ist<br \/>\nIch h\u00f6r mit dir Platten, die ich nicht mag<br \/>\nIch bin f\u00fcr dich leise, wenn du zu laut bist<br \/>\nRenn&#8216; f\u00fcr dich zum Kiosk, ob Nacht oder Tag.&#8220;<br \/>\nRevolverheld<\/h3>\n<p><strong>Eure Hochzeit in einem Satz?<\/strong><\/p>\n<p>Ein emotionaler Tag mit unendlich vielen Eindr\u00fccken und Gesten die ihn zusammen und mit allen Menschen die ihn mit uns geteilt haben zum sch\u00f6nsten unseres Lebens gemacht hat.<\/p>\n<p><a class=\"img\" href=\"https:\/\/stefanierothfotografie.de\/blog\/wp-content\/uploads\/2016\/11\/hochzeitsfotograf_hueckeswagen_46.jpg\" title=\"Hochzeitsfotograf Hueckeswagen 46\"><img loading=\"lazy\" decoding=\"async\" class=\"aligncenter size-full wp-image-1538\" src=\"https:\/\/stefanierothfotografie.de\/blog\/wp-content\/uploads\/2016\/11\/hochzeitsfotograf_hueckeswagen_46.jpg\" title=\"Hochzeitsfotograf Hueckeswagen 46\" alt=\"hochzeitsfotograf_hueckeswagen_46\" width=\"1024\" height=\"684\" srcset=\"https:\/\/stefanierothfotografie.de\/blog\/wp-content\/uploads\/2016\/11\/hochzeitsfotograf_hueckeswagen_46.jpg 1024w, https:\/\/stefanierothfotografie.de\/blog\/wp-content\/uploads\/2016\/11\/hochzeitsfotograf_hueckeswagen_46-300x200.jpg 300w, https:\/\/stefanierothfotografie.de\/blog\/wp-content\/uploads\/2016\/11\/hochzeitsfotograf_hueckeswagen_46-768x513.jpg 768w\" sizes=\"auto, (max-width: 1024px) 100vw, 1024px\" \/><\/a> <a class=\"img\" href=\"https:\/\/stefanierothfotografie.de\/blog\/wp-content\/uploads\/2016\/11\/hochzeitsfotograf_hueckeswagen_47.jpg\" title=\"Hochzeitsfotograf Hueckeswagen 47\"><img loading=\"lazy\" decoding=\"async\" class=\"aligncenter size-full wp-image-1539\" src=\"https:\/\/stefanierothfotografie.de\/blog\/wp-content\/uploads\/2016\/11\/hochzeitsfotograf_hueckeswagen_47.jpg\" title=\"Hochzeitsfotograf Hueckeswagen 47\" alt=\"hochzeitsfotograf_hueckeswagen_47\" width=\"1024\" height=\"1535\" srcset=\"https:\/\/stefanierothfotografie.de\/blog\/wp-content\/uploads\/2016\/11\/hochzeitsfotograf_hueckeswagen_47.jpg 1024w, https:\/\/stefanierothfotografie.de\/blog\/wp-content\/uploads\/2016\/11\/hochzeitsfotograf_hueckeswagen_47-200x300.jpg 200w, https:\/\/stefanierothfotografie.de\/blog\/wp-content\/uploads\/2016\/11\/hochzeitsfotograf_hueckeswagen_47-768x1151.jpg 768w, https:\/\/stefanierothfotografie.de\/blog\/wp-content\/uploads\/2016\/11\/hochzeitsfotograf_hueckeswagen_47-683x1024.jpg 683w\" sizes=\"auto, (max-width: 1024px) 100vw, 1024px\" \/><\/a> <a class=\"img\" href=\"https:\/\/stefanierothfotografie.de\/blog\/wp-content\/uploads\/2016\/11\/hochzeitsfotograf_hueckeswagen_48.jpg\" title=\"Hochzeitsfotograf Hueckeswagen 48\"><img loading=\"lazy\" decoding=\"async\" class=\"aligncenter size-full wp-image-1540\" src=\"https:\/\/stefanierothfotografie.de\/blog\/wp-content\/uploads\/2016\/11\/hochzeitsfotograf_hueckeswagen_48.jpg\" title=\"Hochzeitsfotograf Hueckeswagen 48\" alt=\"hochzeitsfotograf_hueckeswagen_48\" width=\"1024\" height=\"767\" srcset=\"https:\/\/stefanierothfotografie.de\/blog\/wp-content\/uploads\/2016\/11\/hochzeitsfotograf_hueckeswagen_48.jpg 1024w, https:\/\/stefanierothfotografie.de\/blog\/wp-content\/uploads\/2016\/11\/hochzeitsfotograf_hueckeswagen_48-300x225.jpg 300w, https:\/\/stefanierothfotografie.de\/blog\/wp-content\/uploads\/2016\/11\/hochzeitsfotograf_hueckeswagen_48-768x575.jpg 768w\" sizes=\"auto, (max-width: 1024px) 100vw, 1024px\" \/><\/a> <a class=\"img\" href=\"https:\/\/stefanierothfotografie.de\/blog\/wp-content\/uploads\/2016\/11\/hochzeitsfotograf_hueckeswagen_49.jpg\" title=\"Hochzeitsfotograf Hueckeswagen 49\"><img loading=\"lazy\" decoding=\"async\" class=\"aligncenter size-full wp-image-1541\" src=\"https:\/\/stefanierothfotografie.de\/blog\/wp-content\/uploads\/2016\/11\/hochzeitsfotograf_hueckeswagen_49.jpg\" title=\"Hochzeitsfotograf Hueckeswagen 49\" alt=\"hochzeitsfotograf_hueckeswagen_49\" width=\"1024\" height=\"684\" srcset=\"https:\/\/stefanierothfotografie.de\/blog\/wp-content\/uploads\/2016\/11\/hochzeitsfotograf_hueckeswagen_49.jpg 1024w, https:\/\/stefanierothfotografie.de\/blog\/wp-content\/uploads\/2016\/11\/hochzeitsfotograf_hueckeswagen_49-300x200.jpg 300w, https:\/\/stefanierothfotografie.de\/blog\/wp-content\/uploads\/2016\/11\/hochzeitsfotograf_hueckeswagen_49-768x513.jpg 768w\" sizes=\"auto, (max-width: 1024px) 100vw, 1024px\" \/><\/a> <a class=\"img\" href=\"https:\/\/stefanierothfotografie.de\/blog\/wp-content\/uploads\/2016\/11\/hochzeitsfotograf_hueckeswagen_50.jpg\" title=\"Hochzeitsfotograf Hueckeswagen 50\"><img loading=\"lazy\" decoding=\"async\" class=\"aligncenter size-full wp-image-1542\" src=\"https:\/\/stefanierothfotografie.de\/blog\/wp-content\/uploads\/2016\/11\/hochzeitsfotograf_hueckeswagen_50.jpg\" title=\"Hochzeitsfotograf Hueckeswagen 50\" alt=\"hochzeitsfotograf_hueckeswagen_50\" width=\"1024\" height=\"767\" srcset=\"https:\/\/stefanierothfotografie.de\/blog\/wp-content\/uploads\/2016\/11\/hochzeitsfotograf_hueckeswagen_50.jpg 1024w, https:\/\/stefanierothfotografie.de\/blog\/wp-content\/uploads\/2016\/11\/hochzeitsfotograf_hueckeswagen_50-300x225.jpg 300w, https:\/\/stefanierothfotografie.de\/blog\/wp-content\/uploads\/2016\/11\/hochzeitsfotograf_hueckeswagen_50-768x575.jpg 768w\" sizes=\"auto, (max-width: 1024px) 100vw, 1024px\" \/><\/a> <a class=\"img\" href=\"https:\/\/stefanierothfotografie.de\/blog\/wp-content\/uploads\/2016\/11\/hochzeitsfotograf_hueckeswagen_51.jpg\" title=\"Hochzeitsfotograf Hueckeswagen 51\"><img loading=\"lazy\" decoding=\"async\" class=\"aligncenter size-full wp-image-1543\" src=\"https:\/\/stefanierothfotografie.de\/blog\/wp-content\/uploads\/2016\/11\/hochzeitsfotograf_hueckeswagen_51.jpg\" title=\"Hochzeitsfotograf Hueckeswagen 51\" alt=\"hochzeitsfotograf_hueckeswagen_51\" width=\"1024\" height=\"1535\" srcset=\"https:\/\/stefanierothfotografie.de\/blog\/wp-content\/uploads\/2016\/11\/hochzeitsfotograf_hueckeswagen_51.jpg 1024w, https:\/\/stefanierothfotografie.de\/blog\/wp-content\/uploads\/2016\/11\/hochzeitsfotograf_hueckeswagen_51-200x300.jpg 200w, https:\/\/stefanierothfotografie.de\/blog\/wp-content\/uploads\/2016\/11\/hochzeitsfotograf_hueckeswagen_51-768x1151.jpg 768w, https:\/\/stefanierothfotografie.de\/blog\/wp-content\/uploads\/2016\/11\/hochzeitsfotograf_hueckeswagen_51-683x1024.jpg 683w\" sizes=\"auto, (max-width: 1024px) 100vw, 1024px\" \/><\/a> <a class=\"img\" href=\"https:\/\/stefanierothfotografie.de\/blog\/wp-content\/uploads\/2016\/11\/hochzeitsfotograf_hueckeswagen_52.jpg\" title=\"Hochzeitsfotograf Hueckeswagen 52\"><img loading=\"lazy\" decoding=\"async\" class=\"aligncenter size-full wp-image-1544\" src=\"https:\/\/stefanierothfotografie.de\/blog\/wp-content\/uploads\/2016\/11\/hochzeitsfotograf_hueckeswagen_52.jpg\" title=\"Hochzeitsfotograf Hueckeswagen 52\" alt=\"hochzeitsfotograf_hueckeswagen_52\" width=\"1024\" height=\"767\" srcset=\"https:\/\/stefanierothfotografie.de\/blog\/wp-content\/uploads\/2016\/11\/hochzeitsfotograf_hueckeswagen_52.jpg 1024w, https:\/\/stefanierothfotografie.de\/blog\/wp-content\/uploads\/2016\/11\/hochzeitsfotograf_hueckeswagen_52-300x225.jpg 300w, https:\/\/stefanierothfotografie.de\/blog\/wp-content\/uploads\/2016\/11\/hochzeitsfotograf_hueckeswagen_52-768x575.jpg 768w\" sizes=\"auto, (max-width: 1024px) 100vw, 1024px\" \/><\/a><\/p>\n<p><strong>Habt ihr ein Lieblingsfoto?<\/strong><\/p>\n<p>Es ist schwierig das einzugrenzen. Aber selbst mit ganz viel M\u00fche kann ich mich zwischen zwei\u00a0Bildern nicht entscheiden. Bei einem Bild hast Du uns fotografiert ohne, dass wir es mitbekommen haben. Ganz entspannt sitze ich drau\u00dfen in der Sonne auf Saschas Scho\u00df und muss gerade herzlich lachen. Es spiegelt die gelassene Stimmung wundersch\u00f6n wieder.<\/p>\n<p>Auf dem zweiten Bild hast Du uns auf dem Weg zum Seehaus fotografiert. Sascha nahm meine Hand und ich schaue genau so, wie auch meine Gedanken in dem Moment waren. Egal wohin &#8211; wir gehen zusammen.<\/p>\n<p><strong>Habt ihr ein gemeinsames Lied \u2013 was ber\u00fchrt es in Dir?<\/strong><\/p>\n<p>Unser gemeinsames Lied war auch gleichzeitig das Lied zu unserem Hochzeitstanz. &#8222;F\u00fcr dich lass ich das Licht an&#8220; von Revolverheld. Immer wenn wir im Auto zusammen unterwegs sind, singen wir es furchtbar schief aber mit vollem Herzen mit. Es beschreibt sehr sch\u00f6n, was man alles aus Liebe bereit ist zu tun, um den Partner gl\u00fccklich zu sehen. Gleichzeitig hatten Sascha und ich nie das Gef\u00fchl uns aneinander gew\u00f6hnen oder Abstriche f\u00fcr den anderen machen zu m\u00fcssen. Noch nie konnte ich bei jemandem so sehr ich sein wie bei ihm. Mit all meinen Gedanken, Ideen oder Eigenheiten. Als das Lied anfing zu spielen war es als s\u00e4\u00dfen wir allein im Auto, nur f\u00fcr uns. Das die Tanzschritte nicht immer stimmten war totale Nebensache.<\/p>\n<p><strong>Welches war f\u00fcr Dich der sch\u00f6nste Hochzeitsmoment?<\/strong><\/p>\n<p>Als mein Mann mir zum Ende unseres Hochzeitstanzens zufl\u00fcsterte \u201eBestes Team, ich liebe Dich\u201c und vor mir auf die Knie ging. Diese Geste hat mich tief ber\u00fchrt.<\/p>\n<p><a class=\"img\" href=\"https:\/\/stefanierothfotografie.de\/blog\/wp-content\/uploads\/2016\/11\/hochzeitsfotograf_hueckeswagen_53.jpg\" title=\"Hochzeitsfotograf Hueckeswagen 53\"><img loading=\"lazy\" decoding=\"async\" class=\"aligncenter size-full wp-image-1545\" src=\"https:\/\/stefanierothfotografie.de\/blog\/wp-content\/uploads\/2016\/11\/hochzeitsfotograf_hueckeswagen_53.jpg\" title=\"Hochzeitsfotograf Hueckeswagen 53\" alt=\"hochzeitsfotograf_hueckeswagen_53\" width=\"1024\" height=\"684\" srcset=\"https:\/\/stefanierothfotografie.de\/blog\/wp-content\/uploads\/2016\/11\/hochzeitsfotograf_hueckeswagen_53.jpg 1024w, https:\/\/stefanierothfotografie.de\/blog\/wp-content\/uploads\/2016\/11\/hochzeitsfotograf_hueckeswagen_53-300x200.jpg 300w, https:\/\/stefanierothfotografie.de\/blog\/wp-content\/uploads\/2016\/11\/hochzeitsfotograf_hueckeswagen_53-768x513.jpg 768w\" sizes=\"auto, (max-width: 1024px) 100vw, 1024px\" \/><\/a> <a class=\"img\" href=\"https:\/\/stefanierothfotografie.de\/blog\/wp-content\/uploads\/2016\/11\/hochzeitsfotograf_hueckeswagen_54.jpg\" title=\"Hochzeitsfotograf Hueckeswagen 54\"><img loading=\"lazy\" decoding=\"async\" class=\"aligncenter size-full wp-image-1546\" src=\"https:\/\/stefanierothfotografie.de\/blog\/wp-content\/uploads\/2016\/11\/hochzeitsfotograf_hueckeswagen_54.jpg\" title=\"Hochzeitsfotograf Hueckeswagen 54\" alt=\"hochzeitsfotograf_hueckeswagen_54\" width=\"1024\" height=\"767\" srcset=\"https:\/\/stefanierothfotografie.de\/blog\/wp-content\/uploads\/2016\/11\/hochzeitsfotograf_hueckeswagen_54.jpg 1024w, https:\/\/stefanierothfotografie.de\/blog\/wp-content\/uploads\/2016\/11\/hochzeitsfotograf_hueckeswagen_54-300x225.jpg 300w, https:\/\/stefanierothfotografie.de\/blog\/wp-content\/uploads\/2016\/11\/hochzeitsfotograf_hueckeswagen_54-768x575.jpg 768w\" sizes=\"auto, (max-width: 1024px) 100vw, 1024px\" \/><\/a> <a class=\"img\" href=\"https:\/\/stefanierothfotografie.de\/blog\/wp-content\/uploads\/2016\/11\/hochzeitsfotograf_hueckeswagen_55.jpg\" title=\"Hochzeitsfotograf Hueckeswagen 55\"><img loading=\"lazy\" decoding=\"async\" class=\"aligncenter size-full wp-image-1547\" src=\"https:\/\/stefanierothfotografie.de\/blog\/wp-content\/uploads\/2016\/11\/hochzeitsfotograf_hueckeswagen_55.jpg\" title=\"Hochzeitsfotograf Hueckeswagen 55\" alt=\"hochzeitsfotograf_hueckeswagen_55\" width=\"1024\" height=\"684\" srcset=\"https:\/\/stefanierothfotografie.de\/blog\/wp-content\/uploads\/2016\/11\/hochzeitsfotograf_hueckeswagen_55.jpg 1024w, https:\/\/stefanierothfotografie.de\/blog\/wp-content\/uploads\/2016\/11\/hochzeitsfotograf_hueckeswagen_55-300x200.jpg 300w, https:\/\/stefanierothfotografie.de\/blog\/wp-content\/uploads\/2016\/11\/hochzeitsfotograf_hueckeswagen_55-768x513.jpg 768w\" sizes=\"auto, (max-width: 1024px) 100vw, 1024px\" \/><\/a> <a class=\"img\" href=\"https:\/\/stefanierothfotografie.de\/blog\/wp-content\/uploads\/2016\/11\/hochzeitsfotograf_hueckeswagen_56.jpg\" title=\"Hochzeitsfotograf Hueckeswagen 56\"><img loading=\"lazy\" decoding=\"async\" class=\"aligncenter size-full wp-image-1548\" src=\"https:\/\/stefanierothfotografie.de\/blog\/wp-content\/uploads\/2016\/11\/hochzeitsfotograf_hueckeswagen_56.jpg\" title=\"Hochzeitsfotograf Hueckeswagen 56\" alt=\"hochzeitsfotograf_hueckeswagen_56\" width=\"1024\" height=\"767\" srcset=\"https:\/\/stefanierothfotografie.de\/blog\/wp-content\/uploads\/2016\/11\/hochzeitsfotograf_hueckeswagen_56.jpg 1024w, https:\/\/stefanierothfotografie.de\/blog\/wp-content\/uploads\/2016\/11\/hochzeitsfotograf_hueckeswagen_56-300x225.jpg 300w, https:\/\/stefanierothfotografie.de\/blog\/wp-content\/uploads\/2016\/11\/hochzeitsfotograf_hueckeswagen_56-768x575.jpg 768w\" sizes=\"auto, (max-width: 1024px) 100vw, 1024px\" \/><\/a><\/p>\n<p><strong>Wie empfandet ihr den Tag mit mir als Eure Fotografin? <\/strong><\/p>\n<p>Wundersch\u00f6n! Du bist so herzlich und ehrlich in deinem Wesen und hast uns schon im Voraus sehr unterst\u00fctzt. Wir sind die typischen ich geh mal in die K\u00fcche etwas holen Typen, wenn es um Fotos geht aber mit deiner unkomplizierten und ruhigen Art hast du uns mit viel Freude immer in Augenblicken getroffen, in denen wir uns ganz unbeobachtet f\u00fchlten.<\/p>\n<p><strong>M\u00f6chtest Du mir noch etwas mit auf den Weg geben?<\/strong><\/p>\n<p>Deine Herzlichkeit ist ansteckend und alles ist so vollst\u00e4ndig und liebevoll von Dir durchdacht. Du bist perfekt so wie Du bist! Einen Menschen wie Dich trifft man kein zweites Mal und jede Deiner Aufnahmen zeigt Deinen Blick f\u00fcr das gewisse etwas.<\/p>\n<p><a class=\"img\" href=\"https:\/\/stefanierothfotografie.de\/blog\/wp-content\/uploads\/2016\/11\/hochzeitsfotograf_hueckeswagen_57.jpg\" title=\"Hochzeitsfotograf Hueckeswagen 57\"><img loading=\"lazy\" decoding=\"async\" class=\"aligncenter size-full wp-image-1549\" src=\"https:\/\/stefanierothfotografie.de\/blog\/wp-content\/uploads\/2016\/11\/hochzeitsfotograf_hueckeswagen_57.jpg\" title=\"Hochzeitsfotograf Hueckeswagen 57\" alt=\"hochzeitsfotograf_hueckeswagen_57\" width=\"1024\" height=\"684\" srcset=\"https:\/\/stefanierothfotografie.de\/blog\/wp-content\/uploads\/2016\/11\/hochzeitsfotograf_hueckeswagen_57.jpg 1024w, https:\/\/stefanierothfotografie.de\/blog\/wp-content\/uploads\/2016\/11\/hochzeitsfotograf_hueckeswagen_57-300x200.jpg 300w, https:\/\/stefanierothfotografie.de\/blog\/wp-content\/uploads\/2016\/11\/hochzeitsfotograf_hueckeswagen_57-768x513.jpg 768w\" sizes=\"auto, (max-width: 1024px) 100vw, 1024px\" \/><\/a><\/p>\n<p><em>Liebe Maren,\u00a0damals, als ich Euch zum Kennenlernen in einem Caf\u00e9 traf, tobte ein gewaltiger Schneesturm vor dem Fenster &#8211; sicher erinnerst Du Dich. Am Tag Eurer Hochzeit dann, wechselten sich wunderbare Sonne, charmante W\u00f6lkchen und dunkle Gewitterwolken ab.<\/em>\u00a0<em>Egal welches Wetter Euch umgibt, ob Sonne oder Sturm &#8211;\u00a0es ist Euch gleich, denn Eure Liebe ist st\u00e4rker, als all das um Euch herum. Mein Danke an Euch, f\u00fcr Euer Vertrauen &#8211; ihr seid gro\u00dfartig.<\/em><\/p>\n<p><em>Location der Feier: <a href=\"http:\/\/lebenshilfe-nrw.de\/de\/dienstleistungen_einrichtungen\/bildungs_erholungsstaetten\/haus_hammerstein.php\" title=\"Haus Hammerstein \/ Seehaus\" title=\"Haus Hammerstein\" target=\"_blank\" rel=\"noopener\">Haus Hammerstein \/ Seehaus<\/a><br \/>\nHaare &amp; Make-up: <a href=\"http:\/\/www.dominikabronner.com\" title=\"Style&Makeup Artist Dominika Bronner\" target=\"_blank\" rel=\"noopener\">Style&amp;Makeup Artist Dominika Bronner<\/a><br \/>\nFloristik: Floristik Koch<br \/>\nDekoration: selfmade<br \/>\nDJ\/Musiker: Andre\u00e8 B\u00f6ker<br \/>\n<\/em><\/p>\n","protected":false},"excerpt":{"rendered":"<p>Es kommt mir ein wenig so vor, als w\u00fcrde Sascha nerv\u00f6s zittern, als er die allerliebste\u00a0Holzschachtel in der Hand h\u00e4lt, die seine Zuk\u00fcnftige in gro\u00dfer Detailverliebtheit f\u00fcr ihn gezaubert hat. Sascha sitzt auf der Couch der hellen Wohnung und schaut auf die mit Spitzenborte verzierte Box. Langsam \u00f6ffnet er sie und entfaltet Marens Worte, die&hellip; <a class=\"more-link\" href=\"https:\/\/stefanierothfotografie.de\/blog\/hochzeitsfotograf-hueckeswagen\/\"><span class=\"screen-reader-text\">Als Hochzeitsfotograf in H\u00fcckeswagen<\/span> weiterlesen<\/a><\/p>\n","protected":false},"author":1,"featured_media":1493,"comment_status":"closed","ping_status":"open","sticky":false,"template":"","format":"standard","meta":{"footnotes":""},"categories":[45],"tags":[],"class_list":["post-1492","post","type-post","status-publish","format-standard","has-post-thumbnail","hentry","category-real-wedding","entry"],"_links":{"self":[{"href":"https:\/\/stefanierothfotografie.de\/blog\/wp-json\/wp\/v2\/posts\/1492","targetHints":{"allow":["GET"]}}],"collection":[{"href":"https:\/\/stefanierothfotografie.de\/blog\/wp-json\/wp\/v2\/posts"}],"about":[{"href":"https:\/\/stefanierothfotografie.de\/blog\/wp-json\/wp\/v2\/types\/post"}],"author":[{"embeddable":true,"href":"https:\/\/stefanierothfotografie.de\/blog\/wp-json\/wp\/v2\/users\/1"}],"replies":[{"embeddable":true,"href":"https:\/\/stefanierothfotografie.de\/blog\/wp-json\/wp\/v2\/comments?post=1492"}],"version-history":[{"count":3,"href":"https:\/\/stefanierothfotografie.de\/blog\/wp-json\/wp\/v2\/posts\/1492\/revisions"}],"predecessor-version":[{"id":2796,"href":"https:\/\/stefanierothfotografie.de\/blog\/wp-json\/wp\/v2\/posts\/1492\/revisions\/2796"}],"wp:featuredmedia":[{"embeddable":true,"href":"https:\/\/stefanierothfotografie.de\/blog\/wp-json\/wp\/v2\/media\/1493"}],"wp:attachment":[{"href":"https:\/\/stefanierothfotografie.de\/blog\/wp-json\/wp\/v2\/media?parent=1492"}],"wp:term":[{"taxonomy":"category","embeddable":true,"href":"https:\/\/stefanierothfotografie.de\/blog\/wp-json\/wp\/v2\/categories?post=1492"},{"taxonomy":"post_tag","embeddable":true,"href":"https:\/\/stefanierothfotografie.de\/blog\/wp-json\/wp\/v2\/tags?post=1492"}],"curies":[{"name":"wp","href":"https:\/\/api.w.org\/{rel}","templated":true}]}}