{"id":1407,"date":"2016-11-04T17:05:02","date_gmt":"2016-11-04T16:05:02","guid":{"rendered":"https:\/\/stefanierothfotografie.de\/blog\/?p=1407"},"modified":"2018-09-24T12:55:21","modified_gmt":"2018-09-24T10:55:21","slug":"hochzeitsfotograf-ruethen","status":"publish","type":"post","link":"https:\/\/stefanierothfotografie.de\/blog\/hochzeitsfotograf-ruethen\/","title":{"rendered":"Schlosshochzeit in R\u00fcthen im Sauerland"},"content":{"rendered":"<p><a class=\"img\" href=\"https:\/\/stefanierothfotografie.de\/blog\/wp-content\/uploads\/2016\/11\/hochzeitsfotograf_sauerland_warstein_01.jpg\" title=\"Hochzeitsfotograf Sauerland Warstein 01\"><img loading=\"lazy\" decoding=\"async\" class=\"aligncenter size-full wp-image-1408\" src=\"https:\/\/stefanierothfotografie.de\/blog\/wp-content\/uploads\/2016\/11\/hochzeitsfotograf_sauerland_warstein_01.jpg\" title=\"Hochzeitsfotograf Sauerland Warstein 01\" alt=\"hochzeitsfotograf_sauerland_warstein_01\" width=\"1024\" height=\"684\" srcset=\"https:\/\/stefanierothfotografie.de\/blog\/wp-content\/uploads\/2016\/11\/hochzeitsfotograf_sauerland_warstein_01.jpg 1024w, https:\/\/stefanierothfotografie.de\/blog\/wp-content\/uploads\/2016\/11\/hochzeitsfotograf_sauerland_warstein_01-300x200.jpg 300w, https:\/\/stefanierothfotografie.de\/blog\/wp-content\/uploads\/2016\/11\/hochzeitsfotograf_sauerland_warstein_01-768x513.jpg 768w\" sizes=\"auto, (max-width: 1024px) 100vw, 1024px\" \/><\/a><\/p>\n<p>An dem Abend als\u00a0ich mit Barbara und Christoph \u00fcber Skype zu einem Gespr\u00e4ch verabredet bin, merke\u00a0ich direkt, es f\u00fchlt sich gut an. Die beiden strahlen eine so gro\u00dfe Liebensw\u00fcrdigkeit\u00a0aus, die ich selbst \u00fcber den Bildschirm sp\u00fcren kann. So muss es sein.<\/p>\n<p>Viele\u00a0Monate sp\u00e4ter stehe ich vor diesem beeindruckenden Geb\u00e4ude. Das Schloss K\u00f6rtlinghausen,\u00a0stattlich stehend, zwischen R\u00fcthen und Warstein, im Kreis Soest. Als Hochzeitsfotograf im Sauerland liebe ich solche Orte im Land der 1.000 Berge. Mit seinem barocken Aussehen ist das Wasserschloss einfach perfekt f\u00fcr eine Schlosshochzeit.<\/p>\n<p>Heute am Tag der Hochzeit f\u00fchlt man dem Traumpaar seine Anspannung an, als Barbara langsam mit ihrem Vater den Kirchgang auf Christoph zu schreitet. Er l\u00e4chelt sie an, vielleicht ein wenig nerv\u00f6s, doch ganz sicher mit all seiner Liebe, die er f\u00fcr sie in sich tr\u00e4gt. Man sp\u00fcrt f\u00f6rmlich, wie die Hochzeitsg\u00e4ste, die liebsten Freunde, die Familie, an dieser wunderbaren Stimmung teilhaben.\u00a0Aufrichtige Herzensw\u00fcnsche \u00fcberh\u00e4ufen die Beiden, nachdem sie aus der Kirche treten. Die Sonne schafft\u00a0sich zaghaft Platz und wirft sanft-weiche Strahlen auf das gl\u00fcckliche Paar.<\/p>\n<p>Die entspannt fr\u00f6hliche Hochzeitsfeier, begonnen\u00a0im h\u00fcbschen Garten, verlagert sich am Abend in die glanzvollen R\u00e4umen im Inneren, die mit viel Liebe zum Detail so h\u00fcbsch hergerichtet sind, dass die Fotomotive nicht ausgehen. Wunderbar, wenn sich Zwei solch eine M\u00fche geben und alles mit einer Hingabe und der Liebe zum Detail planen. Als Christoph seine Barbara zum Er\u00f6ffnungstanz auffordert, genie\u00dfen die Beiden diesen intimen Moment in Unendlichkeit und voller Romantik. Als dann all\u00a0ihre G\u00e4ste die Tanzfl\u00e4che f\u00fcllen ist ganz gewiss, es wird eine lange unvergessliche Nacht.<\/p>\n<p><a class=\"img\" href=\"https:\/\/stefanierothfotografie.de\/blog\/wp-content\/uploads\/2016\/11\/hochzeitsfotograf_sauerland_warstein_02.jpg\" title=\"Hochzeitsfotograf Sauerland Warstein 02\"><img loading=\"lazy\" decoding=\"async\" class=\"aligncenter size-full wp-image-1409\" src=\"https:\/\/stefanierothfotografie.de\/blog\/wp-content\/uploads\/2016\/11\/hochzeitsfotograf_sauerland_warstein_02.jpg\" title=\"Hochzeitsfotograf Sauerland Warstein 02\" alt=\"hochzeitsfotograf_sauerland_warstein_02\" width=\"1024\" height=\"767\" srcset=\"https:\/\/stefanierothfotografie.de\/blog\/wp-content\/uploads\/2016\/11\/hochzeitsfotograf_sauerland_warstein_02.jpg 1024w, https:\/\/stefanierothfotografie.de\/blog\/wp-content\/uploads\/2016\/11\/hochzeitsfotograf_sauerland_warstein_02-300x225.jpg 300w, https:\/\/stefanierothfotografie.de\/blog\/wp-content\/uploads\/2016\/11\/hochzeitsfotograf_sauerland_warstein_02-768x575.jpg 768w\" sizes=\"auto, (max-width: 1024px) 100vw, 1024px\" \/><\/a><\/p>\n<p><strong>Brautpaar<\/strong>\u00a0Barbara &amp; Christoph<br \/>\n<strong>Hochzeitslocation<\/strong>\u00a0<a href=\"http:\/\/www.schloss-koertlinghausen.de\" title=\"Schloss K\u00f6rtlinghausen,\" title=\"Schloss K\u00f6rtlinghausen\" target=\"_blank\" rel=\"noopener\">Schloss K\u00f6rtlinghausen<\/a> in R\u00fcthen<\/p>\n<p><strong>Liebe Barbara, wie und wo hast Du Deinen Ehemann kennengelernt?<\/strong><i><br \/>\n<\/i><\/p>\n<p>Kennengelernt haben wir uns vor \u00fcber 10 Jahren durch seinen besten Freund, mit dem ich gemeinsam w\u00e4hrend des Studiums in einer Sportgruppe war. Mit diesem Freund und einigen anderen Leuten war ich dann eines sch\u00f6nen Tages in einem studentischen Cafe an der Uni verabredet. Christoph war auch mit dabei, aber zu diesem Zeitpunkt war es nicht mehr als ein freundschaftliches Zusammensein. Wir haben uns in diesem kleinen Kreis weiterhin fast t\u00e4glich an der Uni zum Kaffeetrinken getroffen. Da unser Studienort eher eine Kleinstadt war, sind wir uns nat\u00fcrlich auch so immer wieder mal \u00fcber den Weg gelaufen. Ich war zu diesem Zeitpunkt noch in einer anderen Beziehung und dann f\u00fcr ein Jahr im Ausland, den Kontakt haben wir aber auch in dieser Zeit gehalten.<\/p>\n<p>Als wir beide wieder \u201eauf dem Markt waren\u201c nahm die Anzahl der gemeinsamen Treffen stetig zu, auch wenn es immerhin noch fast zwei Jahre und unz\u00e4hlige (Hekto-)Liter Kaffee gedauert hat bis wir dann zusammen gekommen sind. Unser Freundeskreis behauptet \u00fcbrigens heute noch, dass sie das von Anfang an gewusst haben.<\/p>\n<p><strong>Eure Hochzeit in einem Satz?<\/strong><\/p>\n<p>Christoph hat es bereits beim Antrag gesagt und es trifft auch auf unsere Hochzeit zu: <strong>\u201eNoch nie hat sich etwas so richtig angef\u00fchlt.\u201c<\/strong><\/p>\n<p><a class=\"img\" href=\"https:\/\/stefanierothfotografie.de\/blog\/wp-content\/uploads\/2016\/11\/hochzeitsfotograf_sauerland_warstein_03.jpg\" title=\"Hochzeitsfotograf Sauerland Warstein 03\"><img loading=\"lazy\" decoding=\"async\" class=\"aligncenter size-full wp-image-1410\" src=\"https:\/\/stefanierothfotografie.de\/blog\/wp-content\/uploads\/2016\/11\/hochzeitsfotograf_sauerland_warstein_03.jpg\" title=\"Hochzeitsfotograf Sauerland Warstein 03\" alt=\"hochzeitsfotograf_sauerland_warstein_03\" width=\"1024\" height=\"684\" srcset=\"https:\/\/stefanierothfotografie.de\/blog\/wp-content\/uploads\/2016\/11\/hochzeitsfotograf_sauerland_warstein_03.jpg 1024w, https:\/\/stefanierothfotografie.de\/blog\/wp-content\/uploads\/2016\/11\/hochzeitsfotograf_sauerland_warstein_03-300x200.jpg 300w, https:\/\/stefanierothfotografie.de\/blog\/wp-content\/uploads\/2016\/11\/hochzeitsfotograf_sauerland_warstein_03-768x513.jpg 768w\" sizes=\"auto, (max-width: 1024px) 100vw, 1024px\" \/><\/a> <a class=\"img\" href=\"https:\/\/stefanierothfotografie.de\/blog\/wp-content\/uploads\/2016\/11\/hochzeitsfotograf_sauerland_warstein_04.jpg\" title=\"Hochzeitsfotograf Sauerland Warstein 04\"><img loading=\"lazy\" decoding=\"async\" class=\"aligncenter size-full wp-image-1411\" src=\"https:\/\/stefanierothfotografie.de\/blog\/wp-content\/uploads\/2016\/11\/hochzeitsfotograf_sauerland_warstein_04.jpg\" title=\"Hochzeitsfotograf Sauerland Warstein 04\" alt=\"hochzeitsfotograf_sauerland_warstein_04\" width=\"1024\" height=\"684\" srcset=\"https:\/\/stefanierothfotografie.de\/blog\/wp-content\/uploads\/2016\/11\/hochzeitsfotograf_sauerland_warstein_04.jpg 1024w, https:\/\/stefanierothfotografie.de\/blog\/wp-content\/uploads\/2016\/11\/hochzeitsfotograf_sauerland_warstein_04-300x200.jpg 300w, https:\/\/stefanierothfotografie.de\/blog\/wp-content\/uploads\/2016\/11\/hochzeitsfotograf_sauerland_warstein_04-768x513.jpg 768w\" sizes=\"auto, (max-width: 1024px) 100vw, 1024px\" \/><\/a> <a class=\"img\" href=\"https:\/\/stefanierothfotografie.de\/blog\/wp-content\/uploads\/2016\/11\/hochzeitsfotograf_sauerland_warstein_05.jpg\" title=\"Hochzeitsfotograf Sauerland Warstein 05\"><img loading=\"lazy\" decoding=\"async\" class=\"aligncenter size-full wp-image-1412\" src=\"https:\/\/stefanierothfotografie.de\/blog\/wp-content\/uploads\/2016\/11\/hochzeitsfotograf_sauerland_warstein_05.jpg\" title=\"Hochzeitsfotograf Sauerland Warstein 05\" alt=\"hochzeitsfotograf_sauerland_warstein_05\" width=\"1024\" height=\"767\" srcset=\"https:\/\/stefanierothfotografie.de\/blog\/wp-content\/uploads\/2016\/11\/hochzeitsfotograf_sauerland_warstein_05.jpg 1024w, https:\/\/stefanierothfotografie.de\/blog\/wp-content\/uploads\/2016\/11\/hochzeitsfotograf_sauerland_warstein_05-300x225.jpg 300w, https:\/\/stefanierothfotografie.de\/blog\/wp-content\/uploads\/2016\/11\/hochzeitsfotograf_sauerland_warstein_05-768x575.jpg 768w\" sizes=\"auto, (max-width: 1024px) 100vw, 1024px\" \/><\/a> <a class=\"img\" href=\"https:\/\/stefanierothfotografie.de\/blog\/wp-content\/uploads\/2016\/11\/hochzeitsfotograf_sauerland_warstein_06.jpg\" title=\"Hochzeitsfotograf Sauerland Warstein 06\"><img loading=\"lazy\" decoding=\"async\" class=\"aligncenter size-full wp-image-1413\" src=\"https:\/\/stefanierothfotografie.de\/blog\/wp-content\/uploads\/2016\/11\/hochzeitsfotograf_sauerland_warstein_06.jpg\" title=\"Hochzeitsfotograf Sauerland Warstein 06\" alt=\"hochzeitsfotograf_sauerland_warstein_06\" width=\"1024\" height=\"684\" srcset=\"https:\/\/stefanierothfotografie.de\/blog\/wp-content\/uploads\/2016\/11\/hochzeitsfotograf_sauerland_warstein_06.jpg 1024w, https:\/\/stefanierothfotografie.de\/blog\/wp-content\/uploads\/2016\/11\/hochzeitsfotograf_sauerland_warstein_06-300x200.jpg 300w, https:\/\/stefanierothfotografie.de\/blog\/wp-content\/uploads\/2016\/11\/hochzeitsfotograf_sauerland_warstein_06-768x513.jpg 768w\" sizes=\"auto, (max-width: 1024px) 100vw, 1024px\" \/><\/a> <a class=\"img\" href=\"https:\/\/stefanierothfotografie.de\/blog\/wp-content\/uploads\/2016\/11\/hochzeitsfotograf_sauerland_warstein_07.jpg\" title=\"Hochzeitsfotograf Sauerland Warstein 07\"><img loading=\"lazy\" decoding=\"async\" class=\"aligncenter size-full wp-image-1414\" src=\"https:\/\/stefanierothfotografie.de\/blog\/wp-content\/uploads\/2016\/11\/hochzeitsfotograf_sauerland_warstein_07.jpg\" title=\"Hochzeitsfotograf Sauerland Warstein 07\" alt=\"hochzeitsfotograf_sauerland_warstein_07\" width=\"1024\" height=\"684\" srcset=\"https:\/\/stefanierothfotografie.de\/blog\/wp-content\/uploads\/2016\/11\/hochzeitsfotograf_sauerland_warstein_07.jpg 1024w, https:\/\/stefanierothfotografie.de\/blog\/wp-content\/uploads\/2016\/11\/hochzeitsfotograf_sauerland_warstein_07-300x200.jpg 300w, https:\/\/stefanierothfotografie.de\/blog\/wp-content\/uploads\/2016\/11\/hochzeitsfotograf_sauerland_warstein_07-768x513.jpg 768w\" sizes=\"auto, (max-width: 1024px) 100vw, 1024px\" \/><\/a><\/p>\n<p><strong>Ein Brautkleid ist ein Statement. Wie und wo hast Du Dein Brautkleid entdeckt und was gef\u00e4llt Dir an dem Kleid besonders gut?<\/strong><\/p>\n<p>Das Brautmodengesch\u00e4ft war eine Empfehlung einer Freundin, die dort auch ihr Kleid gefunden hatte. Meine Eltern haben mich begleitet und sind daf\u00fcr extra f\u00fcr ein Wochenende nach Frankfurt gekommen. Ich hatte im Vorfeld nur ungef\u00e4hre Vorstellungen von meinem Traumkleid, aber auch nur um auch diese Vorstellungen sehr schnell wieder \u00fcber Board zu werfen. Das Team dort hatte jedoch das richtige H\u00e4ndchen bei der Auswahl und so war bei der Menge an Kleidern, die ich dort anprobiert habe, schlie\u00dflich auch mein Kleid dabei. Schon in dem Moment, als ich aus der Umkleidekabine gekommen bin und die Gesichter meiner Eltern gesehen habe, war klar, dass es das Richtige ist. Mit allen weiteren Kleidern wurde mir das mehr und mehr bewusst und so habe ich nach nur einem Anprobetermin mein Kleid gefunden.<\/p>\n<p><strong>Wo kommt der Anzug her? Hat Dein Ehemann ihn alleine gekauft oder hatte er Unterst\u00fctzung?<\/strong><\/p>\n<p>Der Kauf war eine spontane Angelegenheit. Wir haben w\u00e4hrend unseres Urlaubs zwischen Weihnachten und Silvester kurzfristig einen Anprobetermin in meinem Brautmodengesch\u00e4ft vereinbart, einfach nur um mal zu schauen. Der Anzug hat uns beiden so gut gefallen, dass wir ihn dann doch direkt gekauft haben.<\/p>\n<p><a class=\"img\" href=\"https:\/\/stefanierothfotografie.de\/blog\/wp-content\/uploads\/2016\/11\/hochzeitsfotograf_sauerland_warstein_08.jpg\" title=\"Hochzeitsfotograf Sauerland Warstein 08\"><img loading=\"lazy\" decoding=\"async\" class=\"aligncenter size-full wp-image-1415\" src=\"https:\/\/stefanierothfotografie.de\/blog\/wp-content\/uploads\/2016\/11\/hochzeitsfotograf_sauerland_warstein_08.jpg\" title=\"Hochzeitsfotograf Sauerland Warstein 08\" alt=\"hochzeitsfotograf_sauerland_warstein_08\" width=\"1024\" height=\"684\" srcset=\"https:\/\/stefanierothfotografie.de\/blog\/wp-content\/uploads\/2016\/11\/hochzeitsfotograf_sauerland_warstein_08.jpg 1024w, https:\/\/stefanierothfotografie.de\/blog\/wp-content\/uploads\/2016\/11\/hochzeitsfotograf_sauerland_warstein_08-300x200.jpg 300w, https:\/\/stefanierothfotografie.de\/blog\/wp-content\/uploads\/2016\/11\/hochzeitsfotograf_sauerland_warstein_08-768x513.jpg 768w\" sizes=\"auto, (max-width: 1024px) 100vw, 1024px\" \/><\/a> <a class=\"img\" href=\"https:\/\/stefanierothfotografie.de\/blog\/wp-content\/uploads\/2016\/11\/hochzeitsfotograf_sauerland_warstein_10.jpg\" title=\"Hochzeitsfotograf Sauerland Warstein 10\"><img loading=\"lazy\" decoding=\"async\" class=\"aligncenter size-full wp-image-1416\" src=\"https:\/\/stefanierothfotografie.de\/blog\/wp-content\/uploads\/2016\/11\/hochzeitsfotograf_sauerland_warstein_10.jpg\" title=\"Hochzeitsfotograf Sauerland Warstein 10\" alt=\"hochzeitsfotograf_sauerland_warstein_10\" width=\"1024\" height=\"684\" srcset=\"https:\/\/stefanierothfotografie.de\/blog\/wp-content\/uploads\/2016\/11\/hochzeitsfotograf_sauerland_warstein_10.jpg 1024w, https:\/\/stefanierothfotografie.de\/blog\/wp-content\/uploads\/2016\/11\/hochzeitsfotograf_sauerland_warstein_10-300x200.jpg 300w, https:\/\/stefanierothfotografie.de\/blog\/wp-content\/uploads\/2016\/11\/hochzeitsfotograf_sauerland_warstein_10-768x513.jpg 768w\" sizes=\"auto, (max-width: 1024px) 100vw, 1024px\" \/><\/a> <a class=\"img\" href=\"https:\/\/stefanierothfotografie.de\/blog\/wp-content\/uploads\/2016\/11\/hochzeitsfotograf_sauerland_warstein_11.jpg\" title=\"Hochzeitsfotograf Sauerland Warstein 11\"><img loading=\"lazy\" decoding=\"async\" class=\"aligncenter size-full wp-image-1417\" src=\"https:\/\/stefanierothfotografie.de\/blog\/wp-content\/uploads\/2016\/11\/hochzeitsfotograf_sauerland_warstein_11.jpg\" title=\"Hochzeitsfotograf Sauerland Warstein 11\" alt=\"hochzeitsfotograf_sauerland_warstein_11\" width=\"1024\" height=\"1535\" srcset=\"https:\/\/stefanierothfotografie.de\/blog\/wp-content\/uploads\/2016\/11\/hochzeitsfotograf_sauerland_warstein_11.jpg 1024w, https:\/\/stefanierothfotografie.de\/blog\/wp-content\/uploads\/2016\/11\/hochzeitsfotograf_sauerland_warstein_11-200x300.jpg 200w, https:\/\/stefanierothfotografie.de\/blog\/wp-content\/uploads\/2016\/11\/hochzeitsfotograf_sauerland_warstein_11-768x1151.jpg 768w, https:\/\/stefanierothfotografie.de\/blog\/wp-content\/uploads\/2016\/11\/hochzeitsfotograf_sauerland_warstein_11-683x1024.jpg 683w\" sizes=\"auto, (max-width: 1024px) 100vw, 1024px\" \/><\/a> <a class=\"img\" href=\"https:\/\/stefanierothfotografie.de\/blog\/wp-content\/uploads\/2016\/11\/hochzeitsfotograf_sauerland_warstein_12.jpg\" title=\"Hochzeitsfotograf Sauerland Warstein 12\"><img loading=\"lazy\" decoding=\"async\" class=\"aligncenter size-full wp-image-1418\" src=\"https:\/\/stefanierothfotografie.de\/blog\/wp-content\/uploads\/2016\/11\/hochzeitsfotograf_sauerland_warstein_12.jpg\" title=\"Hochzeitsfotograf Sauerland Warstein 12\" alt=\"hochzeitsfotograf_sauerland_warstein_12\" width=\"1024\" height=\"684\" srcset=\"https:\/\/stefanierothfotografie.de\/blog\/wp-content\/uploads\/2016\/11\/hochzeitsfotograf_sauerland_warstein_12.jpg 1024w, https:\/\/stefanierothfotografie.de\/blog\/wp-content\/uploads\/2016\/11\/hochzeitsfotograf_sauerland_warstein_12-300x200.jpg 300w, https:\/\/stefanierothfotografie.de\/blog\/wp-content\/uploads\/2016\/11\/hochzeitsfotograf_sauerland_warstein_12-768x513.jpg 768w\" sizes=\"auto, (max-width: 1024px) 100vw, 1024px\" \/><\/a> <a class=\"img\" href=\"https:\/\/stefanierothfotografie.de\/blog\/wp-content\/uploads\/2016\/11\/hochzeitsfotograf_sauerland_warstein_13.jpg\" title=\"Hochzeitsfotograf Sauerland Warstein 13\"><img loading=\"lazy\" decoding=\"async\" class=\"aligncenter size-full wp-image-1419\" src=\"https:\/\/stefanierothfotografie.de\/blog\/wp-content\/uploads\/2016\/11\/hochzeitsfotograf_sauerland_warstein_13.jpg\" title=\"Hochzeitsfotograf Sauerland Warstein 13\" alt=\"hochzeitsfotograf_sauerland_warstein_13\" width=\"1024\" height=\"767\" srcset=\"https:\/\/stefanierothfotografie.de\/blog\/wp-content\/uploads\/2016\/11\/hochzeitsfotograf_sauerland_warstein_13.jpg 1024w, https:\/\/stefanierothfotografie.de\/blog\/wp-content\/uploads\/2016\/11\/hochzeitsfotograf_sauerland_warstein_13-300x225.jpg 300w, https:\/\/stefanierothfotografie.de\/blog\/wp-content\/uploads\/2016\/11\/hochzeitsfotograf_sauerland_warstein_13-768x575.jpg 768w\" sizes=\"auto, (max-width: 1024px) 100vw, 1024px\" \/><\/a> <a class=\"img\" href=\"https:\/\/stefanierothfotografie.de\/blog\/wp-content\/uploads\/2016\/11\/hochzeitsfotograf_sauerland_warstein_14.jpg\" title=\"Hochzeitsfotograf Sauerland Warstein 14\"><img loading=\"lazy\" decoding=\"async\" class=\"aligncenter size-full wp-image-1420\" src=\"https:\/\/stefanierothfotografie.de\/blog\/wp-content\/uploads\/2016\/11\/hochzeitsfotograf_sauerland_warstein_14.jpg\" title=\"Hochzeitsfotograf Sauerland Warstein 14\" alt=\"hochzeitsfotograf_sauerland_warstein_14\" width=\"1024\" height=\"684\" srcset=\"https:\/\/stefanierothfotografie.de\/blog\/wp-content\/uploads\/2016\/11\/hochzeitsfotograf_sauerland_warstein_14.jpg 1024w, https:\/\/stefanierothfotografie.de\/blog\/wp-content\/uploads\/2016\/11\/hochzeitsfotograf_sauerland_warstein_14-300x200.jpg 300w, https:\/\/stefanierothfotografie.de\/blog\/wp-content\/uploads\/2016\/11\/hochzeitsfotograf_sauerland_warstein_14-768x513.jpg 768w\" sizes=\"auto, (max-width: 1024px) 100vw, 1024px\" \/><\/a> <a class=\"img\" href=\"https:\/\/stefanierothfotografie.de\/blog\/wp-content\/uploads\/2016\/11\/hochzeitsfotograf_sauerland_warstein_15.jpg\" title=\"Hochzeitsfotograf Sauerland Warstein 15\"><img loading=\"lazy\" decoding=\"async\" class=\"aligncenter size-full wp-image-1421\" src=\"https:\/\/stefanierothfotografie.de\/blog\/wp-content\/uploads\/2016\/11\/hochzeitsfotograf_sauerland_warstein_15.jpg\" title=\"Hochzeitsfotograf Sauerland Warstein 15\" alt=\"hochzeitsfotograf_sauerland_warstein_15\" width=\"1024\" height=\"767\" srcset=\"https:\/\/stefanierothfotografie.de\/blog\/wp-content\/uploads\/2016\/11\/hochzeitsfotograf_sauerland_warstein_15.jpg 1024w, https:\/\/stefanierothfotografie.de\/blog\/wp-content\/uploads\/2016\/11\/hochzeitsfotograf_sauerland_warstein_15-300x225.jpg 300w, https:\/\/stefanierothfotografie.de\/blog\/wp-content\/uploads\/2016\/11\/hochzeitsfotograf_sauerland_warstein_15-768x575.jpg 768w\" sizes=\"auto, (max-width: 1024px) 100vw, 1024px\" \/><\/a> <a class=\"img\" href=\"https:\/\/stefanierothfotografie.de\/blog\/wp-content\/uploads\/2016\/11\/hochzeitsfotograf_sauerland_warstein_16.jpg\" title=\"Hochzeitsfotograf Sauerland Warstein 16\"><img loading=\"lazy\" decoding=\"async\" class=\"aligncenter size-full wp-image-1422\" src=\"https:\/\/stefanierothfotografie.de\/blog\/wp-content\/uploads\/2016\/11\/hochzeitsfotograf_sauerland_warstein_16.jpg\" title=\"Hochzeitsfotograf Sauerland Warstein 16\" alt=\"hochzeitsfotograf_sauerland_warstein_16\" width=\"1024\" height=\"1535\" srcset=\"https:\/\/stefanierothfotografie.de\/blog\/wp-content\/uploads\/2016\/11\/hochzeitsfotograf_sauerland_warstein_16.jpg 1024w, https:\/\/stefanierothfotografie.de\/blog\/wp-content\/uploads\/2016\/11\/hochzeitsfotograf_sauerland_warstein_16-200x300.jpg 200w, https:\/\/stefanierothfotografie.de\/blog\/wp-content\/uploads\/2016\/11\/hochzeitsfotograf_sauerland_warstein_16-768x1151.jpg 768w, https:\/\/stefanierothfotografie.de\/blog\/wp-content\/uploads\/2016\/11\/hochzeitsfotograf_sauerland_warstein_16-683x1024.jpg 683w\" sizes=\"auto, (max-width: 1024px) 100vw, 1024px\" \/><\/a> <a class=\"img\" href=\"https:\/\/stefanierothfotografie.de\/blog\/wp-content\/uploads\/2016\/11\/hochzeitsfotograf_sauerland_warstein_17.jpg\" title=\"Hochzeitsfotograf Sauerland Warstein 17\"><img loading=\"lazy\" decoding=\"async\" class=\"aligncenter size-full wp-image-1423\" src=\"https:\/\/stefanierothfotografie.de\/blog\/wp-content\/uploads\/2016\/11\/hochzeitsfotograf_sauerland_warstein_17.jpg\" title=\"Hochzeitsfotograf Sauerland Warstein 17\" alt=\"hochzeitsfotograf_sauerland_warstein_17\" width=\"1024\" height=\"684\" srcset=\"https:\/\/stefanierothfotografie.de\/blog\/wp-content\/uploads\/2016\/11\/hochzeitsfotograf_sauerland_warstein_17.jpg 1024w, https:\/\/stefanierothfotografie.de\/blog\/wp-content\/uploads\/2016\/11\/hochzeitsfotograf_sauerland_warstein_17-300x200.jpg 300w, https:\/\/stefanierothfotografie.de\/blog\/wp-content\/uploads\/2016\/11\/hochzeitsfotograf_sauerland_warstein_17-768x513.jpg 768w\" sizes=\"auto, (max-width: 1024px) 100vw, 1024px\" \/><\/a><\/p>\n<p><strong>Welches war f\u00fcr Dich der sch\u00f6nste Hochzeitsmoment?<\/strong><\/p>\n<p>Schwer zu sagen, da der komplette Tag nur aus sch\u00f6nen Momenten bestand. Angefangen von der Trauung in der Propsteikirche St. Pankratius \u00fcber die Fahrt im Oldtimer bis hin zur eigentlichen Feier, den tollen Programmpunkten die unsere Freunde und Familien f\u00fcr uns vorbereitet hatten, dem Er\u00f6ffnungstanz, der Party bis in die fr\u00fchen Morgenstunden und und und&#8230;<\/p>\n<p><strong>Wie stellst Du Dir Eure gemeinsame Zukunft vor?<\/strong><\/p>\n<p>Dass wir zusammen alt werden und so gl\u00fccklich bleiben, wie wir es jetzt sind. Und dass wir unser Zusammensein\u00a0 nie als Selbstverst\u00e4ndlichkeit hinnehmen, sondern es auch weiterhin zu sch\u00e4tzen wissen.<\/p>\n<p><a class=\"img\" href=\"https:\/\/stefanierothfotografie.de\/blog\/wp-content\/uploads\/2016\/11\/hochzeitsfotograf_sauerland_warstein_18.jpg\" title=\"Hochzeitsfotograf Sauerland Warstein 18\"><img loading=\"lazy\" decoding=\"async\" class=\"aligncenter size-full wp-image-1424\" src=\"https:\/\/stefanierothfotografie.de\/blog\/wp-content\/uploads\/2016\/11\/hochzeitsfotograf_sauerland_warstein_18.jpg\" title=\"Hochzeitsfotograf Sauerland Warstein 18\" alt=\"hochzeitsfotograf_sauerland_warstein_18\" width=\"1024\" height=\"767\" srcset=\"https:\/\/stefanierothfotografie.de\/blog\/wp-content\/uploads\/2016\/11\/hochzeitsfotograf_sauerland_warstein_18.jpg 1024w, https:\/\/stefanierothfotografie.de\/blog\/wp-content\/uploads\/2016\/11\/hochzeitsfotograf_sauerland_warstein_18-300x225.jpg 300w, https:\/\/stefanierothfotografie.de\/blog\/wp-content\/uploads\/2016\/11\/hochzeitsfotograf_sauerland_warstein_18-768x575.jpg 768w\" sizes=\"auto, (max-width: 1024px) 100vw, 1024px\" \/><\/a> <a class=\"img\" href=\"https:\/\/stefanierothfotografie.de\/blog\/wp-content\/uploads\/2016\/11\/hochzeitsfotograf_sauerland_warstein_19.jpg\" title=\"Hochzeitsfotograf Sauerland Warstein 19\"><img loading=\"lazy\" decoding=\"async\" class=\"aligncenter size-full wp-image-1425\" src=\"https:\/\/stefanierothfotografie.de\/blog\/wp-content\/uploads\/2016\/11\/hochzeitsfotograf_sauerland_warstein_19.jpg\" title=\"Hochzeitsfotograf Sauerland Warstein 19\" alt=\"hochzeitsfotograf_sauerland_warstein_19\" width=\"1024\" height=\"684\" srcset=\"https:\/\/stefanierothfotografie.de\/blog\/wp-content\/uploads\/2016\/11\/hochzeitsfotograf_sauerland_warstein_19.jpg 1024w, https:\/\/stefanierothfotografie.de\/blog\/wp-content\/uploads\/2016\/11\/hochzeitsfotograf_sauerland_warstein_19-300x200.jpg 300w, https:\/\/stefanierothfotografie.de\/blog\/wp-content\/uploads\/2016\/11\/hochzeitsfotograf_sauerland_warstein_19-768x513.jpg 768w\" sizes=\"auto, (max-width: 1024px) 100vw, 1024px\" \/><\/a> <a class=\"img\" href=\"https:\/\/stefanierothfotografie.de\/blog\/wp-content\/uploads\/2016\/11\/hochzeitsfotograf_sauerland_warstein_20.jpg\" title=\"Hochzeitsfotograf Sauerland Warstein 20\"><img loading=\"lazy\" decoding=\"async\" class=\"aligncenter size-full wp-image-1426\" src=\"https:\/\/stefanierothfotografie.de\/blog\/wp-content\/uploads\/2016\/11\/hochzeitsfotograf_sauerland_warstein_20.jpg\" title=\"Hochzeitsfotograf Sauerland Warstein 20\" alt=\"hochzeitsfotograf_sauerland_warstein_20\" width=\"1024\" height=\"684\" srcset=\"https:\/\/stefanierothfotografie.de\/blog\/wp-content\/uploads\/2016\/11\/hochzeitsfotograf_sauerland_warstein_20.jpg 1024w, https:\/\/stefanierothfotografie.de\/blog\/wp-content\/uploads\/2016\/11\/hochzeitsfotograf_sauerland_warstein_20-300x200.jpg 300w, https:\/\/stefanierothfotografie.de\/blog\/wp-content\/uploads\/2016\/11\/hochzeitsfotograf_sauerland_warstein_20-768x513.jpg 768w\" sizes=\"auto, (max-width: 1024px) 100vw, 1024px\" \/><\/a> <a class=\"img\" href=\"https:\/\/stefanierothfotografie.de\/blog\/wp-content\/uploads\/2016\/11\/hochzeitsfotograf_sauerland_warstein_21.jpg\" title=\"Hochzeitsfotograf Sauerland Warstein 21\"><img loading=\"lazy\" decoding=\"async\" class=\"aligncenter size-full wp-image-1427\" src=\"https:\/\/stefanierothfotografie.de\/blog\/wp-content\/uploads\/2016\/11\/hochzeitsfotograf_sauerland_warstein_21.jpg\" title=\"Hochzeitsfotograf Sauerland Warstein 21\" alt=\"hochzeitsfotograf_sauerland_warstein_21\" width=\"1024\" height=\"684\" srcset=\"https:\/\/stefanierothfotografie.de\/blog\/wp-content\/uploads\/2016\/11\/hochzeitsfotograf_sauerland_warstein_21.jpg 1024w, https:\/\/stefanierothfotografie.de\/blog\/wp-content\/uploads\/2016\/11\/hochzeitsfotograf_sauerland_warstein_21-300x200.jpg 300w, https:\/\/stefanierothfotografie.de\/blog\/wp-content\/uploads\/2016\/11\/hochzeitsfotograf_sauerland_warstein_21-768x513.jpg 768w\" sizes=\"auto, (max-width: 1024px) 100vw, 1024px\" \/><\/a> <a class=\"img\" href=\"https:\/\/stefanierothfotografie.de\/blog\/wp-content\/uploads\/2016\/11\/hochzeitsfotograf_sauerland_warstein_22.jpg\" title=\"Hochzeitsfotograf Sauerland Warstein 22\"><img loading=\"lazy\" decoding=\"async\" class=\"aligncenter size-full wp-image-1428\" src=\"https:\/\/stefanierothfotografie.de\/blog\/wp-content\/uploads\/2016\/11\/hochzeitsfotograf_sauerland_warstein_22.jpg\" title=\"Hochzeitsfotograf Sauerland Warstein 22\" alt=\"hochzeitsfotograf_sauerland_warstein_22\" width=\"1024\" height=\"684\" srcset=\"https:\/\/stefanierothfotografie.de\/blog\/wp-content\/uploads\/2016\/11\/hochzeitsfotograf_sauerland_warstein_22.jpg 1024w, https:\/\/stefanierothfotografie.de\/blog\/wp-content\/uploads\/2016\/11\/hochzeitsfotograf_sauerland_warstein_22-300x200.jpg 300w, https:\/\/stefanierothfotografie.de\/blog\/wp-content\/uploads\/2016\/11\/hochzeitsfotograf_sauerland_warstein_22-768x513.jpg 768w\" sizes=\"auto, (max-width: 1024px) 100vw, 1024px\" \/><\/a> <a class=\"img\" href=\"https:\/\/stefanierothfotografie.de\/blog\/wp-content\/uploads\/2016\/11\/hochzeitsfotograf_sauerland_warstein_23.jpg\" title=\"Hochzeitsfotograf Sauerland Warstein 23\"><img loading=\"lazy\" decoding=\"async\" class=\"aligncenter size-full wp-image-1429\" src=\"https:\/\/stefanierothfotografie.de\/blog\/wp-content\/uploads\/2016\/11\/hochzeitsfotograf_sauerland_warstein_23.jpg\" title=\"Hochzeitsfotograf Sauerland Warstein 23\" alt=\"hochzeitsfotograf_sauerland_warstein_23\" width=\"1024\" height=\"767\" srcset=\"https:\/\/stefanierothfotografie.de\/blog\/wp-content\/uploads\/2016\/11\/hochzeitsfotograf_sauerland_warstein_23.jpg 1024w, https:\/\/stefanierothfotografie.de\/blog\/wp-content\/uploads\/2016\/11\/hochzeitsfotograf_sauerland_warstein_23-300x225.jpg 300w, https:\/\/stefanierothfotografie.de\/blog\/wp-content\/uploads\/2016\/11\/hochzeitsfotograf_sauerland_warstein_23-768x575.jpg 768w\" sizes=\"auto, (max-width: 1024px) 100vw, 1024px\" \/><\/a> <a class=\"img\" href=\"https:\/\/stefanierothfotografie.de\/blog\/wp-content\/uploads\/2016\/11\/hochzeitsfotograf_sauerland_warstein_24.jpg\" title=\"Hochzeitsfotograf Sauerland Warstein 24\"><img loading=\"lazy\" decoding=\"async\" class=\"aligncenter size-full wp-image-1430\" src=\"https:\/\/stefanierothfotografie.de\/blog\/wp-content\/uploads\/2016\/11\/hochzeitsfotograf_sauerland_warstein_24.jpg\" title=\"Hochzeitsfotograf Sauerland Warstein 24\" alt=\"hochzeitsfotograf_sauerland_warstein_24\" width=\"1024\" height=\"684\" srcset=\"https:\/\/stefanierothfotografie.de\/blog\/wp-content\/uploads\/2016\/11\/hochzeitsfotograf_sauerland_warstein_24.jpg 1024w, https:\/\/stefanierothfotografie.de\/blog\/wp-content\/uploads\/2016\/11\/hochzeitsfotograf_sauerland_warstein_24-300x200.jpg 300w, https:\/\/stefanierothfotografie.de\/blog\/wp-content\/uploads\/2016\/11\/hochzeitsfotograf_sauerland_warstein_24-768x513.jpg 768w\" sizes=\"auto, (max-width: 1024px) 100vw, 1024px\" \/><\/a> <a class=\"img\" href=\"https:\/\/stefanierothfotografie.de\/blog\/wp-content\/uploads\/2016\/11\/hochzeitsfotograf_sauerland_warstein_25.jpg\" title=\"Hochzeitsfotograf Sauerland Warstein 25\"><img loading=\"lazy\" decoding=\"async\" class=\"aligncenter size-full wp-image-1431\" src=\"https:\/\/stefanierothfotografie.de\/blog\/wp-content\/uploads\/2016\/11\/hochzeitsfotograf_sauerland_warstein_25.jpg\" title=\"Hochzeitsfotograf Sauerland Warstein 25\" alt=\"hochzeitsfotograf_sauerland_warstein_25\" width=\"1024\" height=\"684\" srcset=\"https:\/\/stefanierothfotografie.de\/blog\/wp-content\/uploads\/2016\/11\/hochzeitsfotograf_sauerland_warstein_25.jpg 1024w, https:\/\/stefanierothfotografie.de\/blog\/wp-content\/uploads\/2016\/11\/hochzeitsfotograf_sauerland_warstein_25-300x200.jpg 300w, https:\/\/stefanierothfotografie.de\/blog\/wp-content\/uploads\/2016\/11\/hochzeitsfotograf_sauerland_warstein_25-768x513.jpg 768w\" sizes=\"auto, (max-width: 1024px) 100vw, 1024px\" \/><\/a> <a class=\"img\" href=\"https:\/\/stefanierothfotografie.de\/blog\/wp-content\/uploads\/2016\/11\/hochzeitsfotograf_sauerland_warstein_26.jpg\" title=\"Hochzeitsfotograf Sauerland Warstein 26\"><img loading=\"lazy\" decoding=\"async\" class=\"aligncenter size-full wp-image-1432\" src=\"https:\/\/stefanierothfotografie.de\/blog\/wp-content\/uploads\/2016\/11\/hochzeitsfotograf_sauerland_warstein_26.jpg\" title=\"Hochzeitsfotograf Sauerland Warstein 26\" alt=\"hochzeitsfotograf_sauerland_warstein_26\" width=\"1024\" height=\"1535\" srcset=\"https:\/\/stefanierothfotografie.de\/blog\/wp-content\/uploads\/2016\/11\/hochzeitsfotograf_sauerland_warstein_26.jpg 1024w, https:\/\/stefanierothfotografie.de\/blog\/wp-content\/uploads\/2016\/11\/hochzeitsfotograf_sauerland_warstein_26-200x300.jpg 200w, https:\/\/stefanierothfotografie.de\/blog\/wp-content\/uploads\/2016\/11\/hochzeitsfotograf_sauerland_warstein_26-768x1151.jpg 768w, https:\/\/stefanierothfotografie.de\/blog\/wp-content\/uploads\/2016\/11\/hochzeitsfotograf_sauerland_warstein_26-683x1024.jpg 683w\" sizes=\"auto, (max-width: 1024px) 100vw, 1024px\" \/><\/a> <a class=\"img\" href=\"https:\/\/stefanierothfotografie.de\/blog\/wp-content\/uploads\/2016\/11\/hochzeitsfotograf_sauerland_warstein_27.jpg\" title=\"Hochzeitsfotograf Sauerland Warstein 27\"><img loading=\"lazy\" decoding=\"async\" class=\"aligncenter size-full wp-image-1433\" src=\"https:\/\/stefanierothfotografie.de\/blog\/wp-content\/uploads\/2016\/11\/hochzeitsfotograf_sauerland_warstein_27.jpg\" title=\"Hochzeitsfotograf Sauerland Warstein 27\" alt=\"hochzeitsfotograf_sauerland_warstein_27\" width=\"1024\" height=\"684\" srcset=\"https:\/\/stefanierothfotografie.de\/blog\/wp-content\/uploads\/2016\/11\/hochzeitsfotograf_sauerland_warstein_27.jpg 1024w, https:\/\/stefanierothfotografie.de\/blog\/wp-content\/uploads\/2016\/11\/hochzeitsfotograf_sauerland_warstein_27-300x200.jpg 300w, https:\/\/stefanierothfotografie.de\/blog\/wp-content\/uploads\/2016\/11\/hochzeitsfotograf_sauerland_warstein_27-768x513.jpg 768w\" sizes=\"auto, (max-width: 1024px) 100vw, 1024px\" \/><\/a> <a class=\"img\" href=\"https:\/\/stefanierothfotografie.de\/blog\/wp-content\/uploads\/2016\/11\/hochzeitsfotograf_sauerland_warstein_28.jpg\" title=\"Hochzeitsfotograf Sauerland Warstein 28\"><img loading=\"lazy\" decoding=\"async\" class=\"aligncenter size-full wp-image-1434\" src=\"https:\/\/stefanierothfotografie.de\/blog\/wp-content\/uploads\/2016\/11\/hochzeitsfotograf_sauerland_warstein_28.jpg\" title=\"Hochzeitsfotograf Sauerland Warstein 28\" alt=\"hochzeitsfotograf_sauerland_warstein_28\" width=\"1024\" height=\"684\" srcset=\"https:\/\/stefanierothfotografie.de\/blog\/wp-content\/uploads\/2016\/11\/hochzeitsfotograf_sauerland_warstein_28.jpg 1024w, https:\/\/stefanierothfotografie.de\/blog\/wp-content\/uploads\/2016\/11\/hochzeitsfotograf_sauerland_warstein_28-300x200.jpg 300w, https:\/\/stefanierothfotografie.de\/blog\/wp-content\/uploads\/2016\/11\/hochzeitsfotograf_sauerland_warstein_28-768x513.jpg 768w\" sizes=\"auto, (max-width: 1024px) 100vw, 1024px\" \/><\/a> <a class=\"img\" href=\"https:\/\/stefanierothfotografie.de\/blog\/wp-content\/uploads\/2016\/11\/hochzeitsfotograf_sauerland_warstein_29.jpg\" title=\"Hochzeitsfotograf Sauerland Warstein 29\"><img loading=\"lazy\" decoding=\"async\" class=\"aligncenter size-full wp-image-1435\" src=\"https:\/\/stefanierothfotografie.de\/blog\/wp-content\/uploads\/2016\/11\/hochzeitsfotograf_sauerland_warstein_29.jpg\" title=\"Hochzeitsfotograf Sauerland Warstein 29\" alt=\"hochzeitsfotograf_sauerland_warstein_29\" width=\"1024\" height=\"684\" srcset=\"https:\/\/stefanierothfotografie.de\/blog\/wp-content\/uploads\/2016\/11\/hochzeitsfotograf_sauerland_warstein_29.jpg 1024w, https:\/\/stefanierothfotografie.de\/blog\/wp-content\/uploads\/2016\/11\/hochzeitsfotograf_sauerland_warstein_29-300x200.jpg 300w, https:\/\/stefanierothfotografie.de\/blog\/wp-content\/uploads\/2016\/11\/hochzeitsfotograf_sauerland_warstein_29-768x513.jpg 768w\" sizes=\"auto, (max-width: 1024px) 100vw, 1024px\" \/><\/a> <a class=\"img\" href=\"https:\/\/stefanierothfotografie.de\/blog\/wp-content\/uploads\/2016\/11\/hochzeitsfotograf_sauerland_warstein_30.jpg\" title=\"Hochzeitsfotograf Sauerland Warstein 30\"><img loading=\"lazy\" decoding=\"async\" class=\"aligncenter size-full wp-image-1436\" src=\"https:\/\/stefanierothfotografie.de\/blog\/wp-content\/uploads\/2016\/11\/hochzeitsfotograf_sauerland_warstein_30.jpg\" title=\"Hochzeitsfotograf Sauerland Warstein 30\" alt=\"hochzeitsfotograf_sauerland_warstein_30\" width=\"1024\" height=\"684\" srcset=\"https:\/\/stefanierothfotografie.de\/blog\/wp-content\/uploads\/2016\/11\/hochzeitsfotograf_sauerland_warstein_30.jpg 1024w, https:\/\/stefanierothfotografie.de\/blog\/wp-content\/uploads\/2016\/11\/hochzeitsfotograf_sauerland_warstein_30-300x200.jpg 300w, https:\/\/stefanierothfotografie.de\/blog\/wp-content\/uploads\/2016\/11\/hochzeitsfotograf_sauerland_warstein_30-768x513.jpg 768w\" sizes=\"auto, (max-width: 1024px) 100vw, 1024px\" \/><\/a> <a class=\"img\" href=\"https:\/\/stefanierothfotografie.de\/blog\/wp-content\/uploads\/2016\/11\/hochzeitsfotograf_sauerland_warstein_31.jpg\" title=\"Hochzeitsfotograf Sauerland Warstein 31\"><img loading=\"lazy\" decoding=\"async\" class=\"aligncenter size-full wp-image-1437\" src=\"https:\/\/stefanierothfotografie.de\/blog\/wp-content\/uploads\/2016\/11\/hochzeitsfotograf_sauerland_warstein_31.jpg\" title=\"Hochzeitsfotograf Sauerland Warstein 31\" alt=\"hochzeitsfotograf_sauerland_warstein_31\" width=\"1024\" height=\"684\" srcset=\"https:\/\/stefanierothfotografie.de\/blog\/wp-content\/uploads\/2016\/11\/hochzeitsfotograf_sauerland_warstein_31.jpg 1024w, https:\/\/stefanierothfotografie.de\/blog\/wp-content\/uploads\/2016\/11\/hochzeitsfotograf_sauerland_warstein_31-300x200.jpg 300w, https:\/\/stefanierothfotografie.de\/blog\/wp-content\/uploads\/2016\/11\/hochzeitsfotograf_sauerland_warstein_31-768x513.jpg 768w\" sizes=\"auto, (max-width: 1024px) 100vw, 1024px\" \/><\/a> <a class=\"img\" href=\"https:\/\/stefanierothfotografie.de\/blog\/wp-content\/uploads\/2016\/11\/hochzeitsfotograf_sauerland_warstein_32.jpg\" title=\"Hochzeitsfotograf Sauerland Warstein 32\"><img loading=\"lazy\" decoding=\"async\" class=\"aligncenter size-full wp-image-1438\" src=\"https:\/\/stefanierothfotografie.de\/blog\/wp-content\/uploads\/2016\/11\/hochzeitsfotograf_sauerland_warstein_32.jpg\" title=\"Hochzeitsfotograf Sauerland Warstein 32\" alt=\"hochzeitsfotograf_sauerland_warstein_32\" width=\"1024\" height=\"767\" srcset=\"https:\/\/stefanierothfotografie.de\/blog\/wp-content\/uploads\/2016\/11\/hochzeitsfotograf_sauerland_warstein_32.jpg 1024w, https:\/\/stefanierothfotografie.de\/blog\/wp-content\/uploads\/2016\/11\/hochzeitsfotograf_sauerland_warstein_32-300x225.jpg 300w, https:\/\/stefanierothfotografie.de\/blog\/wp-content\/uploads\/2016\/11\/hochzeitsfotograf_sauerland_warstein_32-768x575.jpg 768w\" sizes=\"auto, (max-width: 1024px) 100vw, 1024px\" \/><\/a> <a class=\"img\" href=\"https:\/\/stefanierothfotografie.de\/blog\/wp-content\/uploads\/2016\/11\/hochzeitsfotograf_sauerland_warstein_33.jpg\" title=\"Hochzeitsfotograf Sauerland Warstein 33\"><img loading=\"lazy\" decoding=\"async\" class=\"aligncenter size-full wp-image-1439\" src=\"https:\/\/stefanierothfotografie.de\/blog\/wp-content\/uploads\/2016\/11\/hochzeitsfotograf_sauerland_warstein_33.jpg\" title=\"Hochzeitsfotograf Sauerland Warstein 33\" alt=\"hochzeitsfotograf_sauerland_warstein_33\" width=\"1024\" height=\"684\" srcset=\"https:\/\/stefanierothfotografie.de\/blog\/wp-content\/uploads\/2016\/11\/hochzeitsfotograf_sauerland_warstein_33.jpg 1024w, https:\/\/stefanierothfotografie.de\/blog\/wp-content\/uploads\/2016\/11\/hochzeitsfotograf_sauerland_warstein_33-300x200.jpg 300w, https:\/\/stefanierothfotografie.de\/blog\/wp-content\/uploads\/2016\/11\/hochzeitsfotograf_sauerland_warstein_33-768x513.jpg 768w\" sizes=\"auto, (max-width: 1024px) 100vw, 1024px\" \/><\/a> <a class=\"img\" href=\"https:\/\/stefanierothfotografie.de\/blog\/wp-content\/uploads\/2016\/11\/hochzeitsfotograf_sauerland_warstein_34.jpg\" title=\"Hochzeitsfotograf Sauerland Warstein 34\"><img loading=\"lazy\" decoding=\"async\" class=\"aligncenter size-full wp-image-1440\" src=\"https:\/\/stefanierothfotografie.de\/blog\/wp-content\/uploads\/2016\/11\/hochzeitsfotograf_sauerland_warstein_34.jpg\" title=\"Hochzeitsfotograf Sauerland Warstein 34\" alt=\"hochzeitsfotograf_sauerland_warstein_34\" width=\"1024\" height=\"767\" srcset=\"https:\/\/stefanierothfotografie.de\/blog\/wp-content\/uploads\/2016\/11\/hochzeitsfotograf_sauerland_warstein_34.jpg 1024w, https:\/\/stefanierothfotografie.de\/blog\/wp-content\/uploads\/2016\/11\/hochzeitsfotograf_sauerland_warstein_34-300x225.jpg 300w, https:\/\/stefanierothfotografie.de\/blog\/wp-content\/uploads\/2016\/11\/hochzeitsfotograf_sauerland_warstein_34-768x575.jpg 768w\" sizes=\"auto, (max-width: 1024px) 100vw, 1024px\" \/><\/a> <a class=\"img\" href=\"https:\/\/stefanierothfotografie.de\/blog\/wp-content\/uploads\/2016\/11\/hochzeitsfotograf_sauerland_warstein_35.jpg\" title=\"Hochzeitsfotograf Sauerland Warstein 35\"><img loading=\"lazy\" decoding=\"async\" class=\"aligncenter size-full wp-image-1441\" src=\"https:\/\/stefanierothfotografie.de\/blog\/wp-content\/uploads\/2016\/11\/hochzeitsfotograf_sauerland_warstein_35.jpg\" title=\"Hochzeitsfotograf Sauerland Warstein 35\" alt=\"hochzeitsfotograf_sauerland_warstein_35\" width=\"1024\" height=\"684\" srcset=\"https:\/\/stefanierothfotografie.de\/blog\/wp-content\/uploads\/2016\/11\/hochzeitsfotograf_sauerland_warstein_35.jpg 1024w, https:\/\/stefanierothfotografie.de\/blog\/wp-content\/uploads\/2016\/11\/hochzeitsfotograf_sauerland_warstein_35-300x200.jpg 300w, https:\/\/stefanierothfotografie.de\/blog\/wp-content\/uploads\/2016\/11\/hochzeitsfotograf_sauerland_warstein_35-768x513.jpg 768w\" sizes=\"auto, (max-width: 1024px) 100vw, 1024px\" \/><\/a><\/p>\n<p><strong>Beschreibe Eure Hochzeitslocation?<\/strong><\/p>\n<p>Wir haben auf Schloss K\u00f6rtlinghausen in Kallenhardt gefeiert. Bereits vor einigen Jahren sind wir bei einer Wanderung zuf\u00e4llig dort vorbeigekommen und waren beeindruckt von dem Anwesen. Zu diesem Zeitpunkt haben wir beide noch nicht ans Heiraten gedacht, waren aber irgendwie \u00fcberzeugt davon dass dies der perfekte Ort f\u00fcr eine Hochzeitsfeier sein m\u00fcsse.<\/p>\n<p>Nach unserer Verlobung haben wir zuallererst dort einen Besichtigungstermin vereinbart. Schloss K\u00f6rtlinghausen ist von aussen schon beeindruckend, aber als wir die R\u00e4ume innen gesehen hatten waren wir mehr als begeistert. Die R\u00e4umlichkeiten wurden mit viel Liebe zum Detail restauriert und das Ambiente dort ist einfach etwas ganz Besonderes. F\u00fcr uns stand sofort fest, dass wir dort feiern m\u00f6chten und so haben wir uns auch nichts anderes mehr angesehen.<\/p>\n<p>Das Platzangebot ist nahezu grenzenlos, so stand f\u00fcr das Abendessen die obere Etage und den Rest der Feier das Erdgeschoss zur Verf\u00fcgung. Da das Wetter an unserem Tag doch etwas zu wechselhaft war, wurden Sektempfang und Kaffee kurzfristig vom Park in den Innenbereich verlegt.<\/p>\n<p>Die Zusammenarbeit mir Frau von F\u00fcrstenberg war hervorragend. Da alle Einzelheiten wie Catering, Dekoration, Blumen etc. von uns selbst organisiert wurden, kamen bei der Vorbereitung immer wieder Fragen auf, bei denen Sie uns mit Rat und Tat zur Seite stand. F\u00fcr uns war es die perfekte Location, die wir auch im Nachhinein immer wieder ausw\u00e4hlen w\u00fcrden!<\/p>\n<p><strong>Eure Hochzeit war wundervoll. Was hat Eure Hochzeit f\u00fcr Dich zu einer echten Traumhochzeit gemacht?<\/strong><\/p>\n<p>Das Gesamtpaket hat f\u00fcr uns einfach gepasst, da ist es schwierig sich auf Einzelheiten zu konzentrieren. Nach \u00fcber einem Jahr der Vorbereitung ist alles so abgelaufen, wie wir es uns gew\u00fcnscht haben. Und nicht zuletzt haben all die Menschen, die uns bei den Vorbereitungen geholfen haben und mit denen wir diesen Tag verbringen konnten, es am Ende auch zu unserer Traumhochzeit gemacht.<\/p>\n<p><a class=\"img\" href=\"https:\/\/stefanierothfotografie.de\/blog\/wp-content\/uploads\/2016\/11\/hochzeitsfotograf_sauerland_warstein_36.jpg\" title=\"Hochzeitsfotograf Sauerland Warstein 36\"><img loading=\"lazy\" decoding=\"async\" class=\"aligncenter size-full wp-image-1442\" src=\"https:\/\/stefanierothfotografie.de\/blog\/wp-content\/uploads\/2016\/11\/hochzeitsfotograf_sauerland_warstein_36.jpg\" title=\"Hochzeitsfotograf Sauerland Warstein 36\" alt=\"hochzeitsfotograf_sauerland_warstein_36\" width=\"1024\" height=\"684\" srcset=\"https:\/\/stefanierothfotografie.de\/blog\/wp-content\/uploads\/2016\/11\/hochzeitsfotograf_sauerland_warstein_36.jpg 1024w, https:\/\/stefanierothfotografie.de\/blog\/wp-content\/uploads\/2016\/11\/hochzeitsfotograf_sauerland_warstein_36-300x200.jpg 300w, https:\/\/stefanierothfotografie.de\/blog\/wp-content\/uploads\/2016\/11\/hochzeitsfotograf_sauerland_warstein_36-768x513.jpg 768w\" sizes=\"auto, (max-width: 1024px) 100vw, 1024px\" \/><\/a> <a class=\"img\" href=\"https:\/\/stefanierothfotografie.de\/blog\/wp-content\/uploads\/2016\/11\/hochzeitsfotograf_sauerland_warstein_37.jpg\" title=\"Hochzeitsfotograf Sauerland Warstein 37\"><img loading=\"lazy\" decoding=\"async\" class=\"aligncenter size-full wp-image-1443\" src=\"https:\/\/stefanierothfotografie.de\/blog\/wp-content\/uploads\/2016\/11\/hochzeitsfotograf_sauerland_warstein_37.jpg\" title=\"Hochzeitsfotograf Sauerland Warstein 37\" alt=\"hochzeitsfotograf_sauerland_warstein_37\" width=\"1024\" height=\"767\" srcset=\"https:\/\/stefanierothfotografie.de\/blog\/wp-content\/uploads\/2016\/11\/hochzeitsfotograf_sauerland_warstein_37.jpg 1024w, https:\/\/stefanierothfotografie.de\/blog\/wp-content\/uploads\/2016\/11\/hochzeitsfotograf_sauerland_warstein_37-300x225.jpg 300w, https:\/\/stefanierothfotografie.de\/blog\/wp-content\/uploads\/2016\/11\/hochzeitsfotograf_sauerland_warstein_37-768x575.jpg 768w\" sizes=\"auto, (max-width: 1024px) 100vw, 1024px\" \/><\/a> <a class=\"img\" href=\"https:\/\/stefanierothfotografie.de\/blog\/wp-content\/uploads\/2016\/11\/hochzeitsfotograf_sauerland_warstein_38.jpg\" title=\"Hochzeitsfotograf Sauerland Warstein 38\"><img loading=\"lazy\" decoding=\"async\" class=\"aligncenter size-full wp-image-1444\" src=\"https:\/\/stefanierothfotografie.de\/blog\/wp-content\/uploads\/2016\/11\/hochzeitsfotograf_sauerland_warstein_38.jpg\" title=\"Hochzeitsfotograf Sauerland Warstein 38\" alt=\"hochzeitsfotograf_sauerland_warstein_38\" width=\"1024\" height=\"684\" srcset=\"https:\/\/stefanierothfotografie.de\/blog\/wp-content\/uploads\/2016\/11\/hochzeitsfotograf_sauerland_warstein_38.jpg 1024w, https:\/\/stefanierothfotografie.de\/blog\/wp-content\/uploads\/2016\/11\/hochzeitsfotograf_sauerland_warstein_38-300x200.jpg 300w, https:\/\/stefanierothfotografie.de\/blog\/wp-content\/uploads\/2016\/11\/hochzeitsfotograf_sauerland_warstein_38-768x513.jpg 768w\" sizes=\"auto, (max-width: 1024px) 100vw, 1024px\" \/><\/a> <a class=\"img\" href=\"https:\/\/stefanierothfotografie.de\/blog\/wp-content\/uploads\/2016\/11\/hochzeitsfotograf_sauerland_warstein_39.jpg\" title=\"Hochzeitsfotograf Sauerland Warstein 39\"><img loading=\"lazy\" decoding=\"async\" class=\"aligncenter size-full wp-image-1445\" src=\"https:\/\/stefanierothfotografie.de\/blog\/wp-content\/uploads\/2016\/11\/hochzeitsfotograf_sauerland_warstein_39.jpg\" title=\"Hochzeitsfotograf Sauerland Warstein 39\" alt=\"hochzeitsfotograf_sauerland_warstein_39\" width=\"1024\" height=\"684\" srcset=\"https:\/\/stefanierothfotografie.de\/blog\/wp-content\/uploads\/2016\/11\/hochzeitsfotograf_sauerland_warstein_39.jpg 1024w, https:\/\/stefanierothfotografie.de\/blog\/wp-content\/uploads\/2016\/11\/hochzeitsfotograf_sauerland_warstein_39-300x200.jpg 300w, https:\/\/stefanierothfotografie.de\/blog\/wp-content\/uploads\/2016\/11\/hochzeitsfotograf_sauerland_warstein_39-768x513.jpg 768w\" sizes=\"auto, (max-width: 1024px) 100vw, 1024px\" \/><\/a> <a class=\"img\" href=\"https:\/\/stefanierothfotografie.de\/blog\/wp-content\/uploads\/2016\/11\/hochzeitsfotograf_sauerland_warstein_40.jpg\" title=\"Hochzeitsfotograf Sauerland Warstein 40\"><img loading=\"lazy\" decoding=\"async\" class=\"aligncenter size-full wp-image-1446\" src=\"https:\/\/stefanierothfotografie.de\/blog\/wp-content\/uploads\/2016\/11\/hochzeitsfotograf_sauerland_warstein_40.jpg\" title=\"Hochzeitsfotograf Sauerland Warstein 40\" alt=\"hochzeitsfotograf_sauerland_warstein_40\" width=\"1024\" height=\"1535\" srcset=\"https:\/\/stefanierothfotografie.de\/blog\/wp-content\/uploads\/2016\/11\/hochzeitsfotograf_sauerland_warstein_40.jpg 1024w, https:\/\/stefanierothfotografie.de\/blog\/wp-content\/uploads\/2016\/11\/hochzeitsfotograf_sauerland_warstein_40-200x300.jpg 200w, https:\/\/stefanierothfotografie.de\/blog\/wp-content\/uploads\/2016\/11\/hochzeitsfotograf_sauerland_warstein_40-768x1151.jpg 768w, https:\/\/stefanierothfotografie.de\/blog\/wp-content\/uploads\/2016\/11\/hochzeitsfotograf_sauerland_warstein_40-683x1024.jpg 683w\" sizes=\"auto, (max-width: 1024px) 100vw, 1024px\" \/><\/a> <a class=\"img\" href=\"https:\/\/stefanierothfotografie.de\/blog\/wp-content\/uploads\/2016\/11\/hochzeitsfotograf_sauerland_warstein_41.jpg\" title=\"Hochzeitsfotograf Sauerland Warstein 41\"><img loading=\"lazy\" decoding=\"async\" class=\"aligncenter size-full wp-image-1447\" src=\"https:\/\/stefanierothfotografie.de\/blog\/wp-content\/uploads\/2016\/11\/hochzeitsfotograf_sauerland_warstein_41.jpg\" title=\"Hochzeitsfotograf Sauerland Warstein 41\" alt=\"hochzeitsfotograf_sauerland_warstein_41\" width=\"1024\" height=\"767\" srcset=\"https:\/\/stefanierothfotografie.de\/blog\/wp-content\/uploads\/2016\/11\/hochzeitsfotograf_sauerland_warstein_41.jpg 1024w, https:\/\/stefanierothfotografie.de\/blog\/wp-content\/uploads\/2016\/11\/hochzeitsfotograf_sauerland_warstein_41-300x225.jpg 300w, https:\/\/stefanierothfotografie.de\/blog\/wp-content\/uploads\/2016\/11\/hochzeitsfotograf_sauerland_warstein_41-768x575.jpg 768w\" sizes=\"auto, (max-width: 1024px) 100vw, 1024px\" \/><\/a> <a class=\"img\" href=\"https:\/\/stefanierothfotografie.de\/blog\/wp-content\/uploads\/2016\/11\/hochzeitsfotograf_sauerland_warstein_42.jpg\" title=\"Hochzeitsfotograf Sauerland Warstein 42\"><img loading=\"lazy\" decoding=\"async\" class=\"aligncenter size-full wp-image-1448\" src=\"https:\/\/stefanierothfotografie.de\/blog\/wp-content\/uploads\/2016\/11\/hochzeitsfotograf_sauerland_warstein_42.jpg\" title=\"Hochzeitsfotograf Sauerland Warstein 42\" alt=\"hochzeitsfotograf_sauerland_warstein_42\" width=\"1024\" height=\"1535\" srcset=\"https:\/\/stefanierothfotografie.de\/blog\/wp-content\/uploads\/2016\/11\/hochzeitsfotograf_sauerland_warstein_42.jpg 1024w, https:\/\/stefanierothfotografie.de\/blog\/wp-content\/uploads\/2016\/11\/hochzeitsfotograf_sauerland_warstein_42-200x300.jpg 200w, https:\/\/stefanierothfotografie.de\/blog\/wp-content\/uploads\/2016\/11\/hochzeitsfotograf_sauerland_warstein_42-768x1151.jpg 768w, https:\/\/stefanierothfotografie.de\/blog\/wp-content\/uploads\/2016\/11\/hochzeitsfotograf_sauerland_warstein_42-683x1024.jpg 683w\" sizes=\"auto, (max-width: 1024px) 100vw, 1024px\" \/><\/a> <a class=\"img\" href=\"https:\/\/stefanierothfotografie.de\/blog\/wp-content\/uploads\/2016\/11\/hochzeitsfotograf_sauerland_warstein_43.jpg\" title=\"Hochzeitsfotograf Sauerland Warstein 43\"><img loading=\"lazy\" decoding=\"async\" class=\"aligncenter size-full wp-image-1449\" src=\"https:\/\/stefanierothfotografie.de\/blog\/wp-content\/uploads\/2016\/11\/hochzeitsfotograf_sauerland_warstein_43.jpg\" title=\"Hochzeitsfotograf Sauerland Warstein 43\" alt=\"hochzeitsfotograf_sauerland_warstein_43\" width=\"1024\" height=\"684\" srcset=\"https:\/\/stefanierothfotografie.de\/blog\/wp-content\/uploads\/2016\/11\/hochzeitsfotograf_sauerland_warstein_43.jpg 1024w, https:\/\/stefanierothfotografie.de\/blog\/wp-content\/uploads\/2016\/11\/hochzeitsfotograf_sauerland_warstein_43-300x200.jpg 300w, https:\/\/stefanierothfotografie.de\/blog\/wp-content\/uploads\/2016\/11\/hochzeitsfotograf_sauerland_warstein_43-768x513.jpg 768w\" sizes=\"auto, (max-width: 1024px) 100vw, 1024px\" \/><\/a> <a class=\"img\" href=\"https:\/\/stefanierothfotografie.de\/blog\/wp-content\/uploads\/2016\/11\/hochzeitsfotograf_sauerland_warstein_44.jpg\" title=\"Hochzeitsfotograf Sauerland Warstein 44\"><img loading=\"lazy\" decoding=\"async\" class=\"aligncenter size-full wp-image-1450\" src=\"https:\/\/stefanierothfotografie.de\/blog\/wp-content\/uploads\/2016\/11\/hochzeitsfotograf_sauerland_warstein_44.jpg\" title=\"Hochzeitsfotograf Sauerland Warstein 44\" alt=\"hochzeitsfotograf_sauerland_warstein_44\" width=\"1024\" height=\"684\" srcset=\"https:\/\/stefanierothfotografie.de\/blog\/wp-content\/uploads\/2016\/11\/hochzeitsfotograf_sauerland_warstein_44.jpg 1024w, https:\/\/stefanierothfotografie.de\/blog\/wp-content\/uploads\/2016\/11\/hochzeitsfotograf_sauerland_warstein_44-300x200.jpg 300w, https:\/\/stefanierothfotografie.de\/blog\/wp-content\/uploads\/2016\/11\/hochzeitsfotograf_sauerland_warstein_44-768x513.jpg 768w\" sizes=\"auto, (max-width: 1024px) 100vw, 1024px\" \/><\/a> <a class=\"img\" href=\"https:\/\/stefanierothfotografie.de\/blog\/wp-content\/uploads\/2016\/11\/hochzeitsfotograf_sauerland_warstein_45.jpg\" title=\"Hochzeitsfotograf Sauerland Warstein 45\"><img loading=\"lazy\" decoding=\"async\" class=\"aligncenter size-full wp-image-1451\" src=\"https:\/\/stefanierothfotografie.de\/blog\/wp-content\/uploads\/2016\/11\/hochzeitsfotograf_sauerland_warstein_45.jpg\" title=\"Hochzeitsfotograf Sauerland Warstein 45\" alt=\"hochzeitsfotograf_sauerland_warstein_45\" width=\"1024\" height=\"767\" srcset=\"https:\/\/stefanierothfotografie.de\/blog\/wp-content\/uploads\/2016\/11\/hochzeitsfotograf_sauerland_warstein_45.jpg 1024w, https:\/\/stefanierothfotografie.de\/blog\/wp-content\/uploads\/2016\/11\/hochzeitsfotograf_sauerland_warstein_45-300x225.jpg 300w, https:\/\/stefanierothfotografie.de\/blog\/wp-content\/uploads\/2016\/11\/hochzeitsfotograf_sauerland_warstein_45-768x575.jpg 768w\" sizes=\"auto, (max-width: 1024px) 100vw, 1024px\" \/><\/a><\/p>\n<p><strong>Planung ist das A und O. Hast Du einen Tipp f\u00fcr zuk\u00fcnftige Stefanie Roth Br\u00e4ute?<\/strong><\/p>\n<p>Wir haben direkt nachdem der Termin und die Location feststand eine lange Liste mit all den Dingen, um die wir uns noch k\u00fcmmern m\u00fcssen, erstellt und diese nach und nach abgearbeitet. Wir hatten daher w\u00e4hrend der ca. 1 j\u00e4hrigen Vorbereitungszeit nur in einigen wenigen Momenten Angst, es alles nicht mehr rechtzeitig zu schaffen.<\/p>\n<p>Wichtig ist, dass das Resultat am Ende beiden gef\u00e4llt und jeder die Punkte, die ihm wichtig sind, mit einbringen kann. Und nicht zuletzt sollte man bei vielen Dingen auch die Bedeutung nicht \u00fcbersch\u00e4tzen und sich deswegen totalen Stress machen. Es kommt einem zwar manchmal anders vor, aber am Ende geht es doch \u201enur\u201c um das Drumherum f\u00fcr den eigentlich wichtigsten Moment im Leben: n\u00e4mlich \u201eJa\u201c zueinander sagen!<\/p>\n<p><a class=\"img\" href=\"https:\/\/stefanierothfotografie.de\/blog\/wp-content\/uploads\/2016\/11\/hochzeitsfotograf_sauerland_warstein_46.jpg\" title=\"Hochzeitsfotograf Sauerland Warstein 46\"><img loading=\"lazy\" decoding=\"async\" class=\"aligncenter size-full wp-image-1452\" src=\"https:\/\/stefanierothfotografie.de\/blog\/wp-content\/uploads\/2016\/11\/hochzeitsfotograf_sauerland_warstein_46.jpg\" title=\"Hochzeitsfotograf Sauerland Warstein 46\" alt=\"hochzeitsfotograf_sauerland_warstein_46\" width=\"1024\" height=\"1535\" srcset=\"https:\/\/stefanierothfotografie.de\/blog\/wp-content\/uploads\/2016\/11\/hochzeitsfotograf_sauerland_warstein_46.jpg 1024w, https:\/\/stefanierothfotografie.de\/blog\/wp-content\/uploads\/2016\/11\/hochzeitsfotograf_sauerland_warstein_46-200x300.jpg 200w, https:\/\/stefanierothfotografie.de\/blog\/wp-content\/uploads\/2016\/11\/hochzeitsfotograf_sauerland_warstein_46-768x1151.jpg 768w, https:\/\/stefanierothfotografie.de\/blog\/wp-content\/uploads\/2016\/11\/hochzeitsfotograf_sauerland_warstein_46-683x1024.jpg 683w\" sizes=\"auto, (max-width: 1024px) 100vw, 1024px\" \/><\/a> <a class=\"img\" href=\"https:\/\/stefanierothfotografie.de\/blog\/wp-content\/uploads\/2016\/11\/hochzeitsfotograf_sauerland_warstein_47.jpg\" title=\"Hochzeitsfotograf Sauerland Warstein 47\"><img loading=\"lazy\" decoding=\"async\" class=\"aligncenter size-full wp-image-1453\" src=\"https:\/\/stefanierothfotografie.de\/blog\/wp-content\/uploads\/2016\/11\/hochzeitsfotograf_sauerland_warstein_47.jpg\" title=\"Hochzeitsfotograf Sauerland Warstein 47\" alt=\"hochzeitsfotograf_sauerland_warstein_47\" width=\"1024\" height=\"767\" srcset=\"https:\/\/stefanierothfotografie.de\/blog\/wp-content\/uploads\/2016\/11\/hochzeitsfotograf_sauerland_warstein_47.jpg 1024w, https:\/\/stefanierothfotografie.de\/blog\/wp-content\/uploads\/2016\/11\/hochzeitsfotograf_sauerland_warstein_47-300x225.jpg 300w, https:\/\/stefanierothfotografie.de\/blog\/wp-content\/uploads\/2016\/11\/hochzeitsfotograf_sauerland_warstein_47-768x575.jpg 768w\" sizes=\"auto, (max-width: 1024px) 100vw, 1024px\" \/><\/a> <a class=\"img\" href=\"https:\/\/stefanierothfotografie.de\/blog\/wp-content\/uploads\/2016\/11\/hochzeitsfotograf_sauerland_warstein_48.jpg\" title=\"Hochzeitsfotograf Sauerland Warstein 48\"><img loading=\"lazy\" decoding=\"async\" class=\"aligncenter size-full wp-image-1454\" src=\"https:\/\/stefanierothfotografie.de\/blog\/wp-content\/uploads\/2016\/11\/hochzeitsfotograf_sauerland_warstein_48.jpg\" title=\"Hochzeitsfotograf Sauerland Warstein 48\" alt=\"hochzeitsfotograf_sauerland_warstein_48\" width=\"1024\" height=\"684\" srcset=\"https:\/\/stefanierothfotografie.de\/blog\/wp-content\/uploads\/2016\/11\/hochzeitsfotograf_sauerland_warstein_48.jpg 1024w, https:\/\/stefanierothfotografie.de\/blog\/wp-content\/uploads\/2016\/11\/hochzeitsfotograf_sauerland_warstein_48-300x200.jpg 300w, https:\/\/stefanierothfotografie.de\/blog\/wp-content\/uploads\/2016\/11\/hochzeitsfotograf_sauerland_warstein_48-768x513.jpg 768w\" sizes=\"auto, (max-width: 1024px) 100vw, 1024px\" \/><\/a> <a class=\"img\" href=\"https:\/\/stefanierothfotografie.de\/blog\/wp-content\/uploads\/2016\/11\/hochzeitsfotograf_sauerland_warstein_49.jpg\" title=\"Hochzeitsfotograf Sauerland Warstein 49\"><img loading=\"lazy\" decoding=\"async\" class=\"aligncenter size-full wp-image-1455\" src=\"https:\/\/stefanierothfotografie.de\/blog\/wp-content\/uploads\/2016\/11\/hochzeitsfotograf_sauerland_warstein_49.jpg\" title=\"Hochzeitsfotograf Sauerland Warstein 49\" alt=\"hochzeitsfotograf_sauerland_warstein_49\" width=\"1024\" height=\"767\" srcset=\"https:\/\/stefanierothfotografie.de\/blog\/wp-content\/uploads\/2016\/11\/hochzeitsfotograf_sauerland_warstein_49.jpg 1024w, https:\/\/stefanierothfotografie.de\/blog\/wp-content\/uploads\/2016\/11\/hochzeitsfotograf_sauerland_warstein_49-300x225.jpg 300w, https:\/\/stefanierothfotografie.de\/blog\/wp-content\/uploads\/2016\/11\/hochzeitsfotograf_sauerland_warstein_49-768x575.jpg 768w\" sizes=\"auto, (max-width: 1024px) 100vw, 1024px\" \/><\/a> <a class=\"img\" href=\"https:\/\/stefanierothfotografie.de\/blog\/wp-content\/uploads\/2016\/11\/hochzeitsfotograf_sauerland_warstein_50.jpg\" title=\"Hochzeitsfotograf Sauerland Warstein 50\"><img loading=\"lazy\" decoding=\"async\" class=\"aligncenter size-full wp-image-1456\" src=\"https:\/\/stefanierothfotografie.de\/blog\/wp-content\/uploads\/2016\/11\/hochzeitsfotograf_sauerland_warstein_50.jpg\" title=\"Hochzeitsfotograf Sauerland Warstein 50\" alt=\"hochzeitsfotograf_sauerland_warstein_50\" width=\"1024\" height=\"767\" srcset=\"https:\/\/stefanierothfotografie.de\/blog\/wp-content\/uploads\/2016\/11\/hochzeitsfotograf_sauerland_warstein_50.jpg 1024w, https:\/\/stefanierothfotografie.de\/blog\/wp-content\/uploads\/2016\/11\/hochzeitsfotograf_sauerland_warstein_50-300x225.jpg 300w, https:\/\/stefanierothfotografie.de\/blog\/wp-content\/uploads\/2016\/11\/hochzeitsfotograf_sauerland_warstein_50-768x575.jpg 768w\" sizes=\"auto, (max-width: 1024px) 100vw, 1024px\" \/><\/a> <a class=\"img\" href=\"https:\/\/stefanierothfotografie.de\/blog\/wp-content\/uploads\/2016\/11\/hochzeitsfotograf_sauerland_warstein_51.jpg\" title=\"Hochzeitsfotograf Sauerland Warstein 51\"><img loading=\"lazy\" decoding=\"async\" class=\"aligncenter size-full wp-image-1457\" src=\"https:\/\/stefanierothfotografie.de\/blog\/wp-content\/uploads\/2016\/11\/hochzeitsfotograf_sauerland_warstein_51.jpg\" title=\"Hochzeitsfotograf Sauerland Warstein 51\" alt=\"hochzeitsfotograf_sauerland_warstein_51\" width=\"1024\" height=\"684\" srcset=\"https:\/\/stefanierothfotografie.de\/blog\/wp-content\/uploads\/2016\/11\/hochzeitsfotograf_sauerland_warstein_51.jpg 1024w, https:\/\/stefanierothfotografie.de\/blog\/wp-content\/uploads\/2016\/11\/hochzeitsfotograf_sauerland_warstein_51-300x200.jpg 300w, https:\/\/stefanierothfotografie.de\/blog\/wp-content\/uploads\/2016\/11\/hochzeitsfotograf_sauerland_warstein_51-768x513.jpg 768w\" sizes=\"auto, (max-width: 1024px) 100vw, 1024px\" \/><\/a> <a class=\"img\" href=\"https:\/\/stefanierothfotografie.de\/blog\/wp-content\/uploads\/2016\/11\/hochzeitsfotograf_sauerland_warstein_52.jpg\" title=\"Hochzeitsfotograf Sauerland Warstein 52\"><img loading=\"lazy\" decoding=\"async\" class=\"aligncenter size-full wp-image-1458\" src=\"https:\/\/stefanierothfotografie.de\/blog\/wp-content\/uploads\/2016\/11\/hochzeitsfotograf_sauerland_warstein_52.jpg\" title=\"Hochzeitsfotograf Sauerland Warstein 52\" alt=\"hochzeitsfotograf_sauerland_warstein_52\" width=\"1024\" height=\"684\" srcset=\"https:\/\/stefanierothfotografie.de\/blog\/wp-content\/uploads\/2016\/11\/hochzeitsfotograf_sauerland_warstein_52.jpg 1024w, https:\/\/stefanierothfotografie.de\/blog\/wp-content\/uploads\/2016\/11\/hochzeitsfotograf_sauerland_warstein_52-300x200.jpg 300w, https:\/\/stefanierothfotografie.de\/blog\/wp-content\/uploads\/2016\/11\/hochzeitsfotograf_sauerland_warstein_52-768x513.jpg 768w\" sizes=\"auto, (max-width: 1024px) 100vw, 1024px\" \/><\/a> <a class=\"img\" href=\"https:\/\/stefanierothfotografie.de\/blog\/wp-content\/uploads\/2016\/11\/hochzeitsfotograf_sauerland_warstein_53.jpg\" title=\"Hochzeitsfotograf Sauerland Warstein 53\"><img loading=\"lazy\" decoding=\"async\" class=\"aligncenter size-full wp-image-1459\" src=\"https:\/\/stefanierothfotografie.de\/blog\/wp-content\/uploads\/2016\/11\/hochzeitsfotograf_sauerland_warstein_53.jpg\" title=\"Hochzeitsfotograf Sauerland Warstein 53\" alt=\"hochzeitsfotograf_sauerland_warstein_53\" width=\"1024\" height=\"684\" srcset=\"https:\/\/stefanierothfotografie.de\/blog\/wp-content\/uploads\/2016\/11\/hochzeitsfotograf_sauerland_warstein_53.jpg 1024w, https:\/\/stefanierothfotografie.de\/blog\/wp-content\/uploads\/2016\/11\/hochzeitsfotograf_sauerland_warstein_53-300x200.jpg 300w, https:\/\/stefanierothfotografie.de\/blog\/wp-content\/uploads\/2016\/11\/hochzeitsfotograf_sauerland_warstein_53-768x513.jpg 768w\" sizes=\"auto, (max-width: 1024px) 100vw, 1024px\" \/><\/a> <a class=\"img\" href=\"https:\/\/stefanierothfotografie.de\/blog\/wp-content\/uploads\/2016\/11\/hochzeitsfotograf_sauerland_warstein_54.jpg\" title=\"Hochzeitsfotograf Sauerland Warstein 54\"><img loading=\"lazy\" decoding=\"async\" class=\"aligncenter size-full wp-image-1460\" src=\"https:\/\/stefanierothfotografie.de\/blog\/wp-content\/uploads\/2016\/11\/hochzeitsfotograf_sauerland_warstein_54.jpg\" title=\"Hochzeitsfotograf Sauerland Warstein 54\" alt=\"hochzeitsfotograf_sauerland_warstein_54\" width=\"1024\" height=\"767\" srcset=\"https:\/\/stefanierothfotografie.de\/blog\/wp-content\/uploads\/2016\/11\/hochzeitsfotograf_sauerland_warstein_54.jpg 1024w, https:\/\/stefanierothfotografie.de\/blog\/wp-content\/uploads\/2016\/11\/hochzeitsfotograf_sauerland_warstein_54-300x225.jpg 300w, https:\/\/stefanierothfotografie.de\/blog\/wp-content\/uploads\/2016\/11\/hochzeitsfotograf_sauerland_warstein_54-768x575.jpg 768w\" sizes=\"auto, (max-width: 1024px) 100vw, 1024px\" \/><\/a> <a class=\"img\" href=\"https:\/\/stefanierothfotografie.de\/blog\/wp-content\/uploads\/2016\/11\/hochzeitsfotograf_sauerland_warstein_55.jpg\" title=\"Hochzeitsfotograf Sauerland Warstein 55\"><img loading=\"lazy\" decoding=\"async\" class=\"aligncenter size-full wp-image-1461\" src=\"https:\/\/stefanierothfotografie.de\/blog\/wp-content\/uploads\/2016\/11\/hochzeitsfotograf_sauerland_warstein_55.jpg\" title=\"Hochzeitsfotograf Sauerland Warstein 55\" alt=\"hochzeitsfotograf_sauerland_warstein_55\" width=\"1024\" height=\"1535\" srcset=\"https:\/\/stefanierothfotografie.de\/blog\/wp-content\/uploads\/2016\/11\/hochzeitsfotograf_sauerland_warstein_55.jpg 1024w, https:\/\/stefanierothfotografie.de\/blog\/wp-content\/uploads\/2016\/11\/hochzeitsfotograf_sauerland_warstein_55-200x300.jpg 200w, https:\/\/stefanierothfotografie.de\/blog\/wp-content\/uploads\/2016\/11\/hochzeitsfotograf_sauerland_warstein_55-768x1151.jpg 768w, https:\/\/stefanierothfotografie.de\/blog\/wp-content\/uploads\/2016\/11\/hochzeitsfotograf_sauerland_warstein_55-683x1024.jpg 683w\" sizes=\"auto, (max-width: 1024px) 100vw, 1024px\" \/><\/a> <a class=\"img\" href=\"https:\/\/stefanierothfotografie.de\/blog\/wp-content\/uploads\/2016\/11\/hochzeitsfotograf_sauerland_warstein_56.jpg\" title=\"Hochzeitsfotograf Sauerland Warstein 56\"><img loading=\"lazy\" decoding=\"async\" class=\"aligncenter size-full wp-image-1462\" src=\"https:\/\/stefanierothfotografie.de\/blog\/wp-content\/uploads\/2016\/11\/hochzeitsfotograf_sauerland_warstein_56.jpg\" title=\"Hochzeitsfotograf Sauerland Warstein 56\" alt=\"hochzeitsfotograf_sauerland_warstein_56\" width=\"1024\" height=\"767\" srcset=\"https:\/\/stefanierothfotografie.de\/blog\/wp-content\/uploads\/2016\/11\/hochzeitsfotograf_sauerland_warstein_56.jpg 1024w, https:\/\/stefanierothfotografie.de\/blog\/wp-content\/uploads\/2016\/11\/hochzeitsfotograf_sauerland_warstein_56-300x225.jpg 300w, https:\/\/stefanierothfotografie.de\/blog\/wp-content\/uploads\/2016\/11\/hochzeitsfotograf_sauerland_warstein_56-768x575.jpg 768w\" sizes=\"auto, (max-width: 1024px) 100vw, 1024px\" \/><\/a> <a class=\"img\" href=\"https:\/\/stefanierothfotografie.de\/blog\/wp-content\/uploads\/2016\/11\/hochzeitsfotograf_sauerland_warstein_57.jpg\" title=\"Hochzeitsfotograf Sauerland Warstein 57\"><img loading=\"lazy\" decoding=\"async\" class=\"aligncenter size-full wp-image-1463\" src=\"https:\/\/stefanierothfotografie.de\/blog\/wp-content\/uploads\/2016\/11\/hochzeitsfotograf_sauerland_warstein_57.jpg\" title=\"Hochzeitsfotograf Sauerland Warstein 57\" alt=\"hochzeitsfotograf_sauerland_warstein_57\" width=\"1024\" height=\"1535\" srcset=\"https:\/\/stefanierothfotografie.de\/blog\/wp-content\/uploads\/2016\/11\/hochzeitsfotograf_sauerland_warstein_57.jpg 1024w, https:\/\/stefanierothfotografie.de\/blog\/wp-content\/uploads\/2016\/11\/hochzeitsfotograf_sauerland_warstein_57-200x300.jpg 200w, https:\/\/stefanierothfotografie.de\/blog\/wp-content\/uploads\/2016\/11\/hochzeitsfotograf_sauerland_warstein_57-768x1151.jpg 768w, https:\/\/stefanierothfotografie.de\/blog\/wp-content\/uploads\/2016\/11\/hochzeitsfotograf_sauerland_warstein_57-683x1024.jpg 683w\" sizes=\"auto, (max-width: 1024px) 100vw, 1024px\" \/><\/a> <a class=\"img\" href=\"https:\/\/stefanierothfotografie.de\/blog\/wp-content\/uploads\/2016\/11\/hochzeitsfotograf_sauerland_warstein_58.jpg\" title=\"Hochzeitsfotograf Sauerland Warstein 58\"><img loading=\"lazy\" decoding=\"async\" class=\"aligncenter size-full wp-image-1464\" src=\"https:\/\/stefanierothfotografie.de\/blog\/wp-content\/uploads\/2016\/11\/hochzeitsfotograf_sauerland_warstein_58.jpg\" title=\"Hochzeitsfotograf Sauerland Warstein 58\" alt=\"hochzeitsfotograf_sauerland_warstein_58\" width=\"1024\" height=\"767\" srcset=\"https:\/\/stefanierothfotografie.de\/blog\/wp-content\/uploads\/2016\/11\/hochzeitsfotograf_sauerland_warstein_58.jpg 1024w, https:\/\/stefanierothfotografie.de\/blog\/wp-content\/uploads\/2016\/11\/hochzeitsfotograf_sauerland_warstein_58-300x225.jpg 300w, https:\/\/stefanierothfotografie.de\/blog\/wp-content\/uploads\/2016\/11\/hochzeitsfotograf_sauerland_warstein_58-768x575.jpg 768w\" sizes=\"auto, (max-width: 1024px) 100vw, 1024px\" \/><\/a> <a class=\"img\" href=\"https:\/\/stefanierothfotografie.de\/blog\/wp-content\/uploads\/2016\/11\/hochzeitsfotograf_sauerland_warstein_59.jpg\" title=\"Hochzeitsfotograf Sauerland Warstein 59\"><img loading=\"lazy\" decoding=\"async\" class=\"aligncenter size-full wp-image-1465\" src=\"https:\/\/stefanierothfotografie.de\/blog\/wp-content\/uploads\/2016\/11\/hochzeitsfotograf_sauerland_warstein_59.jpg\" title=\"Hochzeitsfotograf Sauerland Warstein 59\" alt=\"hochzeitsfotograf_sauerland_warstein_59\" width=\"1024\" height=\"684\" srcset=\"https:\/\/stefanierothfotografie.de\/blog\/wp-content\/uploads\/2016\/11\/hochzeitsfotograf_sauerland_warstein_59.jpg 1024w, https:\/\/stefanierothfotografie.de\/blog\/wp-content\/uploads\/2016\/11\/hochzeitsfotograf_sauerland_warstein_59-300x200.jpg 300w, https:\/\/stefanierothfotografie.de\/blog\/wp-content\/uploads\/2016\/11\/hochzeitsfotograf_sauerland_warstein_59-768x513.jpg 768w\" sizes=\"auto, (max-width: 1024px) 100vw, 1024px\" \/><\/a><\/p>\n<p><strong>Habt ihr ein gemeinsames Lied \u2013 was ber\u00fchrt es in Dir?<\/strong><\/p>\n<p>\u201e80 Millionen\u201c von Max Giesinger, das war unser Er\u00f6ffnungstanz. Wir haben lange gesucht, bis wir ein passendes Lied gefunden hatten, und auch erst dann den Tanz dazu ausgesucht.<\/p>\n<h3 style=\"text-align: center;\">&#8222;Ich wei\u00df es nicht, doch ich frag&#8216; es mich schon,<br \/>\nwie hast du mich gefunden?<br \/>\nEiner von 80 Millionen.&#8220;<br \/>\nMax Giesinger<\/h3>\n<p><strong>Habt ihr ein Lieblingsfoto?<\/strong><\/p>\n<p>Alle! Wenn wir uns f\u00fcr eines entscheiden m\u00fcssten, dann f\u00fcr eines der letzten Fotos von diesem Tag von uns auf der Tanzfl\u00e4che, direkt nach dem Er\u00f6ffnungstanz. Dieses Foto spiegelt vermutlich am besten all die sch\u00f6nen Erinnerungen wieder die wir von diesem Tag haben.<\/p>\n<p><a class=\"img\" href=\"https:\/\/stefanierothfotografie.de\/blog\/wp-content\/uploads\/2016\/11\/hochzeitsfotograf_sauerland_warstein_60.jpg\" title=\"Hochzeitsfotograf Sauerland Warstein 60\"><img loading=\"lazy\" decoding=\"async\" class=\"aligncenter size-full wp-image-1466\" src=\"https:\/\/stefanierothfotografie.de\/blog\/wp-content\/uploads\/2016\/11\/hochzeitsfotograf_sauerland_warstein_60.jpg\" title=\"Hochzeitsfotograf Sauerland Warstein 60\" alt=\"hochzeitsfotograf_sauerland_warstein_60\" width=\"1024\" height=\"684\" srcset=\"https:\/\/stefanierothfotografie.de\/blog\/wp-content\/uploads\/2016\/11\/hochzeitsfotograf_sauerland_warstein_60.jpg 1024w, https:\/\/stefanierothfotografie.de\/blog\/wp-content\/uploads\/2016\/11\/hochzeitsfotograf_sauerland_warstein_60-300x200.jpg 300w, https:\/\/stefanierothfotografie.de\/blog\/wp-content\/uploads\/2016\/11\/hochzeitsfotograf_sauerland_warstein_60-768x513.jpg 768w\" sizes=\"auto, (max-width: 1024px) 100vw, 1024px\" \/><\/a> <a class=\"img\" href=\"https:\/\/stefanierothfotografie.de\/blog\/wp-content\/uploads\/2016\/11\/hochzeitsfotograf_sauerland_warstein_61.jpg\" title=\"Hochzeitsfotograf Sauerland Warstein 61\"><img loading=\"lazy\" decoding=\"async\" class=\"aligncenter size-full wp-image-1467\" src=\"https:\/\/stefanierothfotografie.de\/blog\/wp-content\/uploads\/2016\/11\/hochzeitsfotograf_sauerland_warstein_61.jpg\" title=\"Hochzeitsfotograf Sauerland Warstein 61\" alt=\"hochzeitsfotograf_sauerland_warstein_61\" width=\"1024\" height=\"684\" srcset=\"https:\/\/stefanierothfotografie.de\/blog\/wp-content\/uploads\/2016\/11\/hochzeitsfotograf_sauerland_warstein_61.jpg 1024w, https:\/\/stefanierothfotografie.de\/blog\/wp-content\/uploads\/2016\/11\/hochzeitsfotograf_sauerland_warstein_61-300x200.jpg 300w, https:\/\/stefanierothfotografie.de\/blog\/wp-content\/uploads\/2016\/11\/hochzeitsfotograf_sauerland_warstein_61-768x513.jpg 768w\" sizes=\"auto, (max-width: 1024px) 100vw, 1024px\" \/><\/a><\/p>\n<p><strong>Wie empfandet ihr den Tag mit mir als Eure Fotografin?<\/strong><i>\u00a0<\/i><\/p>\n<p>Schon vor unserer Hochzeit konnten wir feststellen, dass die Chemie stimmt \u2013 und das hatte sich auch am Tag der Feier so best\u00e4tigt. Du warst st\u00e4ndig pr\u00e4sent, ohne aufdringlich zu sein. Beim \u201egetting ready\u201c hatte ich nie das Gef\u00fchl, Du w\u00fcrdest nicht dazu geh\u00f6ren. Selbst unsere G\u00e4ste lobten Dich, obwohl sie bisher die Fotos noch nicht gesehen haben. \u00dcber Deinen\u00a0Second Shooter k\u00f6nnen wir das Gleiche sagen: Ein perfektes Team, das unseren Tag auf ideale Weise dokumentierte.<\/p>\n<p><strong>M\u00f6chtest Du mir noch etwas mit auf den Weg geben?<\/strong><\/p>\n<p>Bleib, wie Du bist.<\/p>\n<p><em>Barbara,\u00a0von Herzen Danke, dass Du Dir die Zeit genommen hast und Deine Erinnerungen zu Eurer Traumhochzeit in wunderbaren Worten teilst. Dass dies nicht selbstverst\u00e4ndlich ist, wei\u00df ich. Mit vielen Erinnerungen blicke ich auf Euren einmaligen Tag zur\u00fcck und freue mich schon jetzt auf ein Wiedersehen mit Euch.<\/em><\/p>\n<p>&nbsp;<\/p>\n<p>Location der Feier: <a href=\"http:\/\/www.schloss-koertlinghausen.de\" title=\"Schloss K\u00f6rtlinghausen,\" title=\"Schloss K\u00f6rtlinghausen\" target=\"_blank\" rel=\"noopener\">Schloss K\u00f6rtlinghausen,<\/a><br \/>\nHaare &amp; Make-up: Exklusiv by Jenny<br \/>\nPapeterie: selbst gestaltet<br \/>\nFloristik: <a href=\"http:\/\/www.blumenspektakel.de\" title=\"Blumenspektakel Sonja Schuecker\" target=\"_blank\" rel=\"noopener\">Blumenspektakel Sonja Schuecker<\/a><br \/>\nDekoration: <a href=\"http:\/\/blickfang Eventdesign\" title=\"Blickfang Eventdesign\" target=\"_blank\" rel=\"noopener\">blickfang Eventdesign<\/a><br \/>\nBrautkleid: <a href=\"http:\/\/forever-brautmoden.de\" title=\"Forever Brautmoden\" target=\"_blank\" rel=\"noopener\">forever Brautmoden<\/a><br \/>\nDJ\/Musiker: <a href=\"http:\/\/kaeptn-kaese.de\" title=\"K\u00e4pt\u2019n K\u00e4se\n\" target=\"_blank\" rel=\"noopener\">K\u00e4pt&#8217;n K\u00e4se<br \/>\n<\/a>Chorgesang in der Kirche: Projektchor des Belecker M\u00e4nnerchores<br \/>\nHochzeitstransport: <a href=\"http:\/\/www.warsteiner.de\/\" title=\"Oldtimer Aus Dem Fuhrpark Der Warsteiner Brauerei\" target=\"_blank\" rel=\"noopener\">Oldtimer aus dem Fuhrpark der Warsteiner Brauerei<\/a><\/p>\n","protected":false},"excerpt":{"rendered":"<p>An dem Abend als\u00a0ich mit Barbara und Christoph \u00fcber Skype zu einem Gespr\u00e4ch verabredet bin, merke\u00a0ich direkt, es f\u00fchlt sich gut an. Die beiden strahlen eine so gro\u00dfe Liebensw\u00fcrdigkeit\u00a0aus, die ich selbst \u00fcber den Bildschirm sp\u00fcren kann. So muss es sein. Viele\u00a0Monate sp\u00e4ter stehe ich vor diesem beeindruckenden Geb\u00e4ude. Das Schloss K\u00f6rtlinghausen,\u00a0stattlich stehend, zwischen R\u00fcthen&hellip; <a class=\"more-link\" href=\"https:\/\/stefanierothfotografie.de\/blog\/hochzeitsfotograf-ruethen\/\"><span class=\"screen-reader-text\">Schlosshochzeit in R\u00fcthen im Sauerland<\/span> weiterlesen<\/a><\/p>\n","protected":false},"author":1,"featured_media":1466,"comment_status":"closed","ping_status":"open","sticky":false,"template":"","format":"standard","meta":{"footnotes":""},"categories":[45],"tags":[],"class_list":["post-1407","post","type-post","status-publish","format-standard","has-post-thumbnail","hentry","category-real-wedding","entry"],"_links":{"self":[{"href":"https:\/\/stefanierothfotografie.de\/blog\/wp-json\/wp\/v2\/posts\/1407","targetHints":{"allow":["GET"]}}],"collection":[{"href":"https:\/\/stefanierothfotografie.de\/blog\/wp-json\/wp\/v2\/posts"}],"about":[{"href":"https:\/\/stefanierothfotografie.de\/blog\/wp-json\/wp\/v2\/types\/post"}],"author":[{"embeddable":true,"href":"https:\/\/stefanierothfotografie.de\/blog\/wp-json\/wp\/v2\/users\/1"}],"replies":[{"embeddable":true,"href":"https:\/\/stefanierothfotografie.de\/blog\/wp-json\/wp\/v2\/comments?post=1407"}],"version-history":[{"count":4,"href":"https:\/\/stefanierothfotografie.de\/blog\/wp-json\/wp\/v2\/posts\/1407\/revisions"}],"predecessor-version":[{"id":2797,"href":"https:\/\/stefanierothfotografie.de\/blog\/wp-json\/wp\/v2\/posts\/1407\/revisions\/2797"}],"wp:featuredmedia":[{"embeddable":true,"href":"https:\/\/stefanierothfotografie.de\/blog\/wp-json\/wp\/v2\/media\/1466"}],"wp:attachment":[{"href":"https:\/\/stefanierothfotografie.de\/blog\/wp-json\/wp\/v2\/media?parent=1407"}],"wp:term":[{"taxonomy":"category","embeddable":true,"href":"https:\/\/stefanierothfotografie.de\/blog\/wp-json\/wp\/v2\/categories?post=1407"},{"taxonomy":"post_tag","embeddable":true,"href":"https:\/\/stefanierothfotografie.de\/blog\/wp-json\/wp\/v2\/tags?post=1407"}],"curies":[{"name":"wp","href":"https:\/\/api.w.org\/{rel}","templated":true}]}}